{"id":4991,"date":"2018-07-09T07:31:41","date_gmt":"2018-07-09T07:31:41","guid":{"rendered":"http:\/\/www.malagaweb.com\/espanol\/blog\/?p=4991"},"modified":"2022-02-02T10:29:12","modified_gmt":"2022-02-02T10:29:12","slug":"art-marbella-fair","status":"publish","type":"post","link":"https:\/\/www.malagaweb.com\/espanol\/blog\/eventos\/art-marbella-fair\/","title":{"rendered":"Art Marbella Fair &#8211; Feria del arte contempor\u00e1neo en la Costa del Sol"},"content":{"rendered":"<p>La Feria de Arte de Marbella nos muestra galer\u00edas con artistas de diferentes pa\u00edses, Espa\u00f1a adem\u00e1s de Portugal, China, Canad\u00e1, Suecia, Uruguay, Estados Unidos, Austria, Argentina, M\u00e9xico, Eslovaquia y Suiza.<\/p>\n<p>Que una galer\u00eda de arte tenga \u00e9xito en temporada de verano no es una tarea sencilla, esta feria del arte en Marbella repite de nuevo este a\u00f1o.<\/p>\n<p><img decoding=\"async\" class=\"aligncenter size-full wp-image-4993 img-responsive\" loading=\"lazy\" src=\"http:\/\/www.malagaweb.com\/espanol\/blog\/wp-content\/uploads\/art-marbella-comp.jpg\" alt=\"Composici\u00f3n Art Marbella\" width=\"600\" height=\"567\" srcset=\"https:\/\/www.malagaweb.com\/espanol\/blog\/wp-content\/uploads\/art-marbella-comp.jpg 600w, https:\/\/www.malagaweb.com\/espanol\/blog\/wp-content\/uploads\/art-marbella-comp-423x400.jpg 423w\" sizes=\"auto, (max-width: 600px) 100vw, 600px\" \/><\/p>\n<h2>\u00bfQue es Art Marbella Fair?<\/h2>\n<p>Art Marbella Fair es la mayor exposici\u00f3n de arte contempor\u00e1neo de la Costa del Sol. Este evento atrae tanto a coleccionistas como a artistas en un encuentro enriquecedor.<\/p>\n<p>Esta exposici\u00f3n anual pretende convertirse en una parada obligatoria dentro del calendario cultural internacional. Sin duda una buena oportunidad para los artistas; <a href=\"https:\/\/www.malagaweb.com\/espanol\/blog\/costa-del-sol\/visita-marbella\/\" data-wpel-link=\"internal\">Marbella<\/a> es la residencia temporal de muchos coleccionistas con un alto poder adquisitivo y un <a href=\"http:\/\/www.malagaweb.com\/espanol\/blog\/costa-del-sol\/vacaciones-133\/\" data-wpel-link=\"internal\">destino popular entre los famosos<\/a>.<\/p>\n<p><span class=\"embed-youtube\" style=\"text-align:center; display: block;\"><iframe loading=\"lazy\" class=\"youtube-player\" width=\"660\" height=\"372\" src=\"https:\/\/www.youtube.com\/embed\/mNVMcS5My8I?version=3&#038;rel=1&#038;showsearch=0&#038;showinfo=1&#038;iv_load_policy=1&#038;fs=1&#038;hl=es-ES&#038;autohide=2&#038;wmode=transparent\" allowfullscreen=\"true\" style=\"border:0;\" sandbox=\"allow-scripts allow-same-origin allow-popups allow-presentation allow-popups-to-escape-sandbox\"><\/iframe><\/span><\/p>\n<h3>\u00bfCuanto cuesta y como llegar?<\/h3>\n<p>El precio establecido de entrada es de 8 euros y el horario de 18:00 a 22:30 horas. Sin embargo si quieres asegurarte lo m\u00e1s conveniente ser\u00eda visitar la p\u00e1gina web oficial.<\/p>\n<p>Se encuentra en el <a href=\"https:\/\/goo.gl\/maps\/rhr9Gan92252\" target=\"_blank\" rel=\"noopener nofollow\" data-wpel-link=\"external\" class=\"wpel-icon-right\">Palacio de Ferias, congresos y Exposiciones de Marbella<span class=\"wpel-icon wpel-image wpel-icon-13\"><\/span><\/a><\/p>\n<h3>\u00bfQu\u00e9 podemos encontrar?<\/h3>\n<p>Encontraremos el trabajo de numerosos artistas internacionales, especialmente\u00a0de Latinoamerica, Espa\u00f1a y Portugal.<\/p>\n<p>El espacio contar\u00e1 con diferentes galer\u00edas y obras de artistas tanto nacionales como internacionales.<\/p>\n<p>Para saber m\u00e1s sobre este evento y conocer todos los artistas que se dan cita en Marbella este a\u00f1o puedes visitar la siguiente web: <a href=\"https:\/\/www.arteinformado.com\/guia\/o\/art-marbella-120029\" target=\"_blank\" rel=\"noopener nofollow\" data-wpel-link=\"external\" class=\"wpel-icon-right\">https:\/\/www.arteinformado.com\/guia\/o\/art-marbella-120029<span class=\"wpel-icon wpel-image wpel-icon-13\"><\/span><\/a><\/p>\n","protected":false},"excerpt":{"rendered":"<p>Marbella fair nos muestra galer\u00edas con artistas de diferentes pa\u00edses, Espa\u00f1a adem\u00e1s de Portugal, China, Canad\u00e1, Suecia, Uruguay, Estados Unidos, Austria, Argentina, M\u00e9xico, Eslovaquia y Suiza. Si te gusta el arte puede que te interese conocer todos los detalles de este evento anual que tiene lugar en Marbella.<\/p>\n","protected":false},"author":1,"featured_media":9796,"comment_status":"open","ping_status":"open","sticky":false,"template":"","format":"standard","meta":{"jetpack_post_was_ever_published":false,"_jetpack_newsletter_access":"","_jetpack_dont_email_post_to_subs":false,"_jetpack_newsletter_tier_id":0,"_jetpack_memberships_contains_paywalled_content":false,"_jetpack_memberships_contains_paid_content":false,"footnotes":"","jetpack_publicize_message":"","jetpack_publicize_feature_enabled":true,"jetpack_social_post_already_shared":true,"jetpack_social_options":{"image_generator_settings":{"template":"highway","default_image_id":0,"font":"","enabled":false},"version":2}},"categories":[77],"tags":[38,40],"class_list":["post-4991","post","type-post","status-publish","format-standard","has-post-thumbnail","hentry","category-eventos","tag-actividades-malaga","tag-marbella"],"yoast_head":"<!-- This site is optimized with the Yoast SEO plugin v27.5 - https:\/\/yoast.com\/product\/yoast-seo-wordpress\/ -->\n<title>Art Marbella Fair - Feria del arte contempor\u00e1neo en la Costa del Sol<\/title>\n<meta name=\"description\" content=\"Art Marbella Fair, una exposici\u00f3n de arte anual en Marbella en la que est\u00e1n presente las obras de artistas nacionales e internacionales.\" \/>\n<meta name=\"robots\" content=\"index, follow, max-snippet:-1, max-image-preview:large, max-video-preview:-1\" \/>\n<link rel=\"canonical\" href=\"https:\/\/www.malagaweb.com\/espanol\/blog\/eventos\/art-marbella-fair\/\" \/>\n<meta property=\"og:locale\" content=\"es_ES\" \/>\n<meta property=\"og:type\" content=\"article\" \/>\n<meta property=\"og:title\" content=\"Art Marbella Fair - Feria del arte contempor\u00e1neo en la Costa del Sol\" \/>\n<meta property=\"og:description\" content=\"Art Marbella Fair, una exposici\u00f3n de arte anual en Marbella en la que est\u00e1n presente las obras de artistas nacionales e internacionales.\" \/>\n<meta property=\"og:url\" content=\"https:\/\/www.malagaweb.com\/espanol\/blog\/eventos\/art-marbella-fair\/\" \/>\n<meta property=\"og:site_name\" content=\"Blog de M\u00e1laga\" \/>\n<meta property=\"article:publisher\" content=\"https:\/\/www.facebook.com\/Malaga.CostadelSol\/\" \/>\n<meta property=\"article:published_time\" content=\"2018-07-09T07:31:41+00:00\" \/>\n<meta property=\"article:modified_time\" content=\"2022-02-02T10:29:12+00:00\" \/>\n<meta property=\"og:image\" content=\"https:\/\/www.malagaweb.com\/espanol\/blog\/wp-content\/uploads\/2018\/07\/galeria-arte.jpg\" \/>\n\t<meta property=\"og:image:width\" content=\"1200\" \/>\n\t<meta property=\"og:image:height\" content=\"713\" \/>\n\t<meta property=\"og:image:type\" content=\"image\/jpeg\" \/>\n<meta name=\"author\" content=\"Raul\" \/>\n<meta name=\"twitter:card\" content=\"summary_large_image\" \/>\n<meta name=\"twitter:creator\" content=\"@malagaweb\" \/>\n<meta name=\"twitter:site\" content=\"@malagaweb\" \/>\n<meta name=\"twitter:label1\" content=\"Escrito por\" \/>\n\t<meta name=\"twitter:data1\" content=\"Raul\" \/>\n\t<meta name=\"twitter:label2\" content=\"Tiempo de lectura\" \/>\n\t<meta name=\"twitter:data2\" content=\"1 minuto\" \/>\n<script type=\"application\/ld+json\" class=\"yoast-schema-graph\">{\"@context\":\"https:\\\/\\\/schema.org\",\"@graph\":[{\"@type\":\"Article\",\"@id\":\"https:\\\/\\\/www.malagaweb.com\\\/espanol\\\/blog\\\/eventos\\\/art-marbella-fair\\\/#article\",\"isPartOf\":{\"@id\":\"https:\\\/\\\/www.malagaweb.com\\\/espanol\\\/blog\\\/eventos\\\/art-marbella-fair\\\/\"},\"author\":{\"name\":\"Raul\",\"@id\":\"https:\\\/\\\/www.malagaweb.com\\\/espanol\\\/blog\\\/#\\\/schema\\\/person\\\/e7064ff7a4ff971bc5b3a6e41075ddb4\"},\"headline\":\"Art Marbella Fair &#8211; Feria del arte contempor\u00e1neo en la Costa del Sol\",\"datePublished\":\"2018-07-09T07:31:41+00:00\",\"dateModified\":\"2022-02-02T10:29:12+00:00\",\"mainEntityOfPage\":{\"@id\":\"https:\\\/\\\/www.malagaweb.com\\\/espanol\\\/blog\\\/eventos\\\/art-marbella-fair\\\/\"},\"wordCount\":278,\"commentCount\":0,\"publisher\":{\"@id\":\"https:\\\/\\\/www.malagaweb.com\\\/espanol\\\/blog\\\/#organization\"},\"image\":{\"@id\":\"https:\\\/\\\/www.malagaweb.com\\\/espanol\\\/blog\\\/eventos\\\/art-marbella-fair\\\/#primaryimage\"},\"thumbnailUrl\":\"https:\\\/\\\/www.malagaweb.com\\\/espanol\\\/blog\\\/wp-content\\\/uploads\\\/2018\\\/07\\\/galeria-arte.jpg\",\"keywords\":[\"Actividades\",\"Marbella\"],\"articleSection\":[\"Eventos\"],\"inLanguage\":\"es\",\"potentialAction\":[{\"@type\":\"CommentAction\",\"name\":\"Comment\",\"target\":[\"https:\\\/\\\/www.malagaweb.com\\\/espanol\\\/blog\\\/eventos\\\/art-marbella-fair\\\/#respond\"]}]},{\"@type\":\"WebPage\",\"@id\":\"https:\\\/\\\/www.malagaweb.com\\\/espanol\\\/blog\\\/eventos\\\/art-marbella-fair\\\/\",\"url\":\"https:\\\/\\\/www.malagaweb.com\\\/espanol\\\/blog\\\/eventos\\\/art-marbella-fair\\\/\",\"name\":\"Art Marbella Fair - Feria del arte contempor\u00e1neo en la Costa del Sol\",\"isPartOf\":{\"@id\":\"https:\\\/\\\/www.malagaweb.com\\\/espanol\\\/blog\\\/#website\"},\"primaryImageOfPage\":{\"@id\":\"https:\\\/\\\/www.malagaweb.com\\\/espanol\\\/blog\\\/eventos\\\/art-marbella-fair\\\/#primaryimage\"},\"image\":{\"@id\":\"https:\\\/\\\/www.malagaweb.com\\\/espanol\\\/blog\\\/eventos\\\/art-marbella-fair\\\/#primaryimage\"},\"thumbnailUrl\":\"https:\\\/\\\/www.malagaweb.com\\\/espanol\\\/blog\\\/wp-content\\\/uploads\\\/2018\\\/07\\\/galeria-arte.jpg\",\"datePublished\":\"2018-07-09T07:31:41+00:00\",\"dateModified\":\"2022-02-02T10:29:12+00:00\",\"description\":\"Art Marbella Fair, una exposici\u00f3n de arte anual en Marbella en la que est\u00e1n presente las obras de artistas nacionales e internacionales.\",\"breadcrumb\":{\"@id\":\"https:\\\/\\\/www.malagaweb.com\\\/espanol\\\/blog\\\/eventos\\\/art-marbella-fair\\\/#breadcrumb\"},\"inLanguage\":\"es\",\"potentialAction\":[{\"@type\":\"ReadAction\",\"target\":[\"https:\\\/\\\/www.malagaweb.com\\\/espanol\\\/blog\\\/eventos\\\/art-marbella-fair\\\/\"]}]},{\"@type\":\"ImageObject\",\"inLanguage\":\"es\",\"@id\":\"https:\\\/\\\/www.malagaweb.com\\\/espanol\\\/blog\\\/eventos\\\/art-marbella-fair\\\/#primaryimage\",\"url\":\"https:\\\/\\\/www.malagaweb.com\\\/espanol\\\/blog\\\/wp-content\\\/uploads\\\/2018\\\/07\\\/galeria-arte.jpg\",\"contentUrl\":\"https:\\\/\\\/www.malagaweb.com\\\/espanol\\\/blog\\\/wp-content\\\/uploads\\\/2018\\\/07\\\/galeria-arte.jpg\",\"width\":1200,\"height\":713,\"caption\":\"Galer\u00e7ia de arte en Marbella\"},{\"@type\":\"BreadcrumbList\",\"@id\":\"https:\\\/\\\/www.malagaweb.com\\\/espanol\\\/blog\\\/eventos\\\/art-marbella-fair\\\/#breadcrumb\",\"itemListElement\":[{\"@type\":\"ListItem\",\"position\":1,\"name\":\"Blog\",\"item\":\"https:\\\/\\\/www.malagaweb.com\\\/espanol\\\/blog\\\/\"},{\"@type\":\"ListItem\",\"position\":2,\"name\":\"Eventos\",\"item\":\"https:\\\/\\\/www.malagaweb.com\\\/espanol\\\/blog\\\/eventos\\\/\"},{\"@type\":\"ListItem\",\"position\":3,\"name\":\"Art Marbella Fair &#8211; Feria del arte contempor\u00e1neo en la Costa del Sol\"}]},{\"@type\":\"WebSite\",\"@id\":\"https:\\\/\\\/www.malagaweb.com\\\/espanol\\\/blog\\\/#website\",\"url\":\"https:\\\/\\\/www.malagaweb.com\\\/espanol\\\/blog\\\/\",\"name\":\"Blog de M\u00e1laga\",\"description\":\"Blog de M\u00e1laga con informaci\u00f3n \u00fatil para tus vacaciones\",\"publisher\":{\"@id\":\"https:\\\/\\\/www.malagaweb.com\\\/espanol\\\/blog\\\/#organization\"},\"potentialAction\":[{\"@type\":\"SearchAction\",\"target\":{\"@type\":\"EntryPoint\",\"urlTemplate\":\"https:\\\/\\\/www.malagaweb.com\\\/espanol\\\/blog\\\/?s={search_term_string}\"},\"query-input\":{\"@type\":\"PropertyValueSpecification\",\"valueRequired\":true,\"valueName\":\"search_term_string\"}}],\"inLanguage\":\"es\"},{\"@type\":\"Organization\",\"@id\":\"https:\\\/\\\/www.malagaweb.com\\\/espanol\\\/blog\\\/#organization\",\"name\":\"Malagaweb.com\",\"url\":\"https:\\\/\\\/www.malagaweb.com\\\/espanol\\\/blog\\\/\",\"logo\":{\"@type\":\"ImageObject\",\"inLanguage\":\"es\",\"@id\":\"https:\\\/\\\/www.malagaweb.com\\\/espanol\\\/blog\\\/#\\\/schema\\\/logo\\\/image\\\/\",\"url\":\"https:\\\/\\\/www.malagaweb.com\\\/espanol\\\/blog\\\/wp-content\\\/uploads\\\/malagaweb_logo.png\",\"contentUrl\":\"https:\\\/\\\/www.malagaweb.com\\\/espanol\\\/blog\\\/wp-content\\\/uploads\\\/malagaweb_logo.png\",\"width\":190,\"height\":36,\"caption\":\"Malagaweb.com\"},\"image\":{\"@id\":\"https:\\\/\\\/www.malagaweb.com\\\/espanol\\\/blog\\\/#\\\/schema\\\/logo\\\/image\\\/\"},\"sameAs\":[\"https:\\\/\\\/www.facebook.com\\\/Malaga.CostadelSol\\\/\",\"https:\\\/\\\/x.com\\\/malagaweb\"]},{\"@type\":\"Person\",\"@id\":\"https:\\\/\\\/www.malagaweb.com\\\/espanol\\\/blog\\\/#\\\/schema\\\/person\\\/e7064ff7a4ff971bc5b3a6e41075ddb4\",\"name\":\"Raul\",\"image\":{\"@type\":\"ImageObject\",\"inLanguage\":\"es\",\"@id\":\"https:\\\/\\\/secure.gravatar.com\\\/avatar\\\/355bb21897b371342e002159d93cc5a3dcf5add74aab5d2183293cebb23ac386?s=96&r=g\",\"url\":\"https:\\\/\\\/secure.gravatar.com\\\/avatar\\\/355bb21897b371342e002159d93cc5a3dcf5add74aab5d2183293cebb23ac386?s=96&r=g\",\"contentUrl\":\"https:\\\/\\\/secure.gravatar.com\\\/avatar\\\/355bb21897b371342e002159d93cc5a3dcf5add74aab5d2183293cebb23ac386?s=96&r=g\",\"caption\":\"Raul\"},\"description\":\"Desarrollador web y editor de contenidos, autor de muchas de las gu\u00edas tur\u00edsticas que habr\u00e1s podido leer en Internet sobre Andaluc\u00eda, M\u00e1laga y Espa\u00f1a.\"}]}<\/script>\n<!-- \/ Yoast SEO plugin. -->","yoast_head_json":{"title":"Art Marbella Fair - Feria del arte contempor\u00e1neo en la Costa del Sol","description":"Art Marbella Fair, una exposici\u00f3n de arte anual en Marbella en la que est\u00e1n presente las obras de artistas nacionales e internacionales.","robots":{"index":"index","follow":"follow","max-snippet":"max-snippet:-1","max-image-preview":"max-image-preview:large","max-video-preview":"max-video-preview:-1"},"canonical":"https:\/\/www.malagaweb.com\/espanol\/blog\/eventos\/art-marbella-fair\/","og_locale":"es_ES","og_type":"article","og_title":"Art Marbella Fair - Feria del arte contempor\u00e1neo en la Costa del Sol","og_description":"Art Marbella Fair, una exposici\u00f3n de arte anual en Marbella en la que est\u00e1n presente las obras de artistas nacionales e internacionales.","og_url":"https:\/\/www.malagaweb.com\/espanol\/blog\/eventos\/art-marbella-fair\/","og_site_name":"Blog de M\u00e1laga","article_publisher":"https:\/\/www.facebook.com\/Malaga.CostadelSol\/","article_published_time":"2018-07-09T07:31:41+00:00","article_modified_time":"2022-02-02T10:29:12+00:00","og_image":[{"width":1200,"height":713,"url":"https:\/\/www.malagaweb.com\/espanol\/blog\/wp-content\/uploads\/2018\/07\/galeria-arte.jpg","type":"image\/jpeg"}],"author":"Raul","twitter_card":"summary_large_image","twitter_creator":"@malagaweb","twitter_site":"@malagaweb","twitter_misc":{"Escrito por":"Raul","Tiempo de lectura":"1 minuto"},"schema":{"@context":"https:\/\/schema.org","@graph":[{"@type":"Article","@id":"https:\/\/www.malagaweb.com\/espanol\/blog\/eventos\/art-marbella-fair\/#article","isPartOf":{"@id":"https:\/\/www.malagaweb.com\/espanol\/blog\/eventos\/art-marbella-fair\/"},"author":{"name":"Raul","@id":"https:\/\/www.malagaweb.com\/espanol\/blog\/#\/schema\/person\/e7064ff7a4ff971bc5b3a6e41075ddb4"},"headline":"Art Marbella Fair &#8211; Feria del arte contempor\u00e1neo en la Costa del Sol","datePublished":"2018-07-09T07:31:41+00:00","dateModified":"2022-02-02T10:29:12+00:00","mainEntityOfPage":{"@id":"https:\/\/www.malagaweb.com\/espanol\/blog\/eventos\/art-marbella-fair\/"},"wordCount":278,"commentCount":0,"publisher":{"@id":"https:\/\/www.malagaweb.com\/espanol\/blog\/#organization"},"image":{"@id":"https:\/\/www.malagaweb.com\/espanol\/blog\/eventos\/art-marbella-fair\/#primaryimage"},"thumbnailUrl":"https:\/\/www.malagaweb.com\/espanol\/blog\/wp-content\/uploads\/2018\/07\/galeria-arte.jpg","keywords":["Actividades","Marbella"],"articleSection":["Eventos"],"inLanguage":"es","potentialAction":[{"@type":"CommentAction","name":"Comment","target":["https:\/\/www.malagaweb.com\/espanol\/blog\/eventos\/art-marbella-fair\/#respond"]}]},{"@type":"WebPage","@id":"https:\/\/www.malagaweb.com\/espanol\/blog\/eventos\/art-marbella-fair\/","url":"https:\/\/www.malagaweb.com\/espanol\/blog\/eventos\/art-marbella-fair\/","name":"Art Marbella Fair - Feria del arte contempor\u00e1neo en la Costa del Sol","isPartOf":{"@id":"https:\/\/www.malagaweb.com\/espanol\/blog\/#website"},"primaryImageOfPage":{"@id":"https:\/\/www.malagaweb.com\/espanol\/blog\/eventos\/art-marbella-fair\/#primaryimage"},"image":{"@id":"https:\/\/www.malagaweb.com\/espanol\/blog\/eventos\/art-marbella-fair\/#primaryimage"},"thumbnailUrl":"https:\/\/www.malagaweb.com\/espanol\/blog\/wp-content\/uploads\/2018\/07\/galeria-arte.jpg","datePublished":"2018-07-09T07:31:41+00:00","dateModified":"2022-02-02T10:29:12+00:00","description":"Art Marbella Fair, una exposici\u00f3n de arte anual en Marbella en la que est\u00e1n presente las obras de artistas nacionales e internacionales.","breadcrumb":{"@id":"https:\/\/www.malagaweb.com\/espanol\/blog\/eventos\/art-marbella-fair\/#breadcrumb"},"inLanguage":"es","potentialAction":[{"@type":"ReadAction","target":["https:\/\/www.malagaweb.com\/espanol\/blog\/eventos\/art-marbella-fair\/"]}]},{"@type":"ImageObject","inLanguage":"es","@id":"https:\/\/www.malagaweb.com\/espanol\/blog\/eventos\/art-marbella-fair\/#primaryimage","url":"https:\/\/www.malagaweb.com\/espanol\/blog\/wp-content\/uploads\/2018\/07\/galeria-arte.jpg","contentUrl":"https:\/\/www.malagaweb.com\/espanol\/blog\/wp-content\/uploads\/2018\/07\/galeria-arte.jpg","width":1200,"height":713,"caption":"Galer\u00e7ia de arte en Marbella"},{"@type":"BreadcrumbList","@id":"https:\/\/www.malagaweb.com\/espanol\/blog\/eventos\/art-marbella-fair\/#breadcrumb","itemListElement":[{"@type":"ListItem","position":1,"name":"Blog","item":"https:\/\/www.malagaweb.com\/espanol\/blog\/"},{"@type":"ListItem","position":2,"name":"Eventos","item":"https:\/\/www.malagaweb.com\/espanol\/blog\/eventos\/"},{"@type":"ListItem","position":3,"name":"Art Marbella Fair &#8211; Feria del arte contempor\u00e1neo en la Costa del Sol"}]},{"@type":"WebSite","@id":"https:\/\/www.malagaweb.com\/espanol\/blog\/#website","url":"https:\/\/www.malagaweb.com\/espanol\/blog\/","name":"Blog de M\u00e1laga","description":"Blog de M\u00e1laga con informaci\u00f3n \u00fatil para tus vacaciones","publisher":{"@id":"https:\/\/www.malagaweb.com\/espanol\/blog\/#organization"},"potentialAction":[{"@type":"SearchAction","target":{"@type":"EntryPoint","urlTemplate":"https:\/\/www.malagaweb.com\/espanol\/blog\/?s={search_term_string}"},"query-input":{"@type":"PropertyValueSpecification","valueRequired":true,"valueName":"search_term_string"}}],"inLanguage":"es"},{"@type":"Organization","@id":"https:\/\/www.malagaweb.com\/espanol\/blog\/#organization","name":"Malagaweb.com","url":"https:\/\/www.malagaweb.com\/espanol\/blog\/","logo":{"@type":"ImageObject","inLanguage":"es","@id":"https:\/\/www.malagaweb.com\/espanol\/blog\/#\/schema\/logo\/image\/","url":"https:\/\/www.malagaweb.com\/espanol\/blog\/wp-content\/uploads\/malagaweb_logo.png","contentUrl":"https:\/\/www.malagaweb.com\/espanol\/blog\/wp-content\/uploads\/malagaweb_logo.png","width":190,"height":36,"caption":"Malagaweb.com"},"image":{"@id":"https:\/\/www.malagaweb.com\/espanol\/blog\/#\/schema\/logo\/image\/"},"sameAs":["https:\/\/www.facebook.com\/Malaga.CostadelSol\/","https:\/\/x.com\/malagaweb"]},{"@type":"Person","@id":"https:\/\/www.malagaweb.com\/espanol\/blog\/#\/schema\/person\/e7064ff7a4ff971bc5b3a6e41075ddb4","name":"Raul","image":{"@type":"ImageObject","inLanguage":"es","@id":"https:\/\/secure.gravatar.com\/avatar\/355bb21897b371342e002159d93cc5a3dcf5add74aab5d2183293cebb23ac386?s=96&r=g","url":"https:\/\/secure.gravatar.com\/avatar\/355bb21897b371342e002159d93cc5a3dcf5add74aab5d2183293cebb23ac386?s=96&r=g","contentUrl":"https:\/\/secure.gravatar.com\/avatar\/355bb21897b371342e002159d93cc5a3dcf5add74aab5d2183293cebb23ac386?s=96&r=g","caption":"Raul"},"description":"Desarrollador web y editor de contenidos, autor de muchas de las gu\u00edas tur\u00edsticas que habr\u00e1s podido leer en Internet sobre Andaluc\u00eda, M\u00e1laga y Espa\u00f1a."}]}},"jetpack_publicize_connections":[],"jetpack_featured_media_url":"https:\/\/www.malagaweb.com\/espanol\/blog\/wp-content\/uploads\/2018\/07\/galeria-arte.jpg","jetpack_shortlink":"https:\/\/wp.me\/p7riGP-1iv","jetpack-related-posts":[{"id":121,"url":"https:\/\/www.malagaweb.com\/espanol\/blog\/costa-del-sol\/vacaciones-133\/","url_meta":{"origin":4991,"position":0},"title":"Famosos en Marbella y la Costa del Sol","author":"Raul","date":"28 julio, 2010","format":false,"excerpt":"Andaluc\u00eda ha cautivado a lo largo de varias d\u00e9cadas a artistas, miembros de la realeza y dignatarios de todo el mundo, algunos de ellos relacionadas a la Casa Blanca como los Clinton, los ex presidentes Jimmy Carter y George Bush o la ex primera dama de los Estados Unidos, Jacqueline\u2026","rel":"","context":"En \u00abCosta del Sol\u00bb","block_context":{"text":"Costa del Sol","link":"https:\/\/www.malagaweb.com\/espanol\/blog\/costa-del-sol\/"},"img":{"alt_text":"famosos en la Costa del Sol, Malaga","src":"https:\/\/i0.wp.com\/www.malagaweb.com\/espanol\/blog\/wp-content\/uploads\/2010\/07\/famosos-costadelsol.jpg?resize=350%2C200&ssl=1","width":350,"height":200,"srcset":"https:\/\/i0.wp.com\/www.malagaweb.com\/espanol\/blog\/wp-content\/uploads\/2010\/07\/famosos-costadelsol.jpg?resize=350%2C200&ssl=1 1x, https:\/\/i0.wp.com\/www.malagaweb.com\/espanol\/blog\/wp-content\/uploads\/2010\/07\/famosos-costadelsol.jpg?resize=525%2C300&ssl=1 1.5x, https:\/\/i0.wp.com\/www.malagaweb.com\/espanol\/blog\/wp-content\/uploads\/2010\/07\/famosos-costadelsol.jpg?resize=700%2C400&ssl=1 2x, https:\/\/i0.wp.com\/www.malagaweb.com\/espanol\/blog\/wp-content\/uploads\/2010\/07\/famosos-costadelsol.jpg?resize=1050%2C600&ssl=1 3x"},"classes":[]},{"id":8306,"url":"https:\/\/www.malagaweb.com\/espanol\/blog\/costa-del-sol\/visita-marbella\/","url_meta":{"origin":4991,"position":1},"title":"Qu\u00e9 hacer en Marbella &#8211; 20 ideas para hacer cada d\u00eda y donde aparcar","author":"Raul","date":"1 febrero, 2021","format":false,"excerpt":"\u00bfTienes pensado visitar Marbella? Entonces puede que te interese esta lista con las mejores ideas para hacer en Marbella o lugares que puedes visitar. Aceptamos sugerencias que iremos a\u00f1adiendo. \u00bfTienes alg\u00fan lugar favorito que te gustar\u00eda compartir?","rel":"","context":"En \u00abCosta del Sol\u00bb","block_context":{"text":"Costa del Sol","link":"https:\/\/www.malagaweb.com\/espanol\/blog\/costa-del-sol\/"},"img":{"alt_text":"Cosas que hacer y visitar en Marbella","src":"https:\/\/i0.wp.com\/www.malagaweb.com\/espanol\/blog\/wp-content\/uploads\/2020\/02\/visitar-marbella.jpg?resize=350%2C200&ssl=1","width":350,"height":200,"srcset":"https:\/\/i0.wp.com\/www.malagaweb.com\/espanol\/blog\/wp-content\/uploads\/2020\/02\/visitar-marbella.jpg?resize=350%2C200&ssl=1 1x, https:\/\/i0.wp.com\/www.malagaweb.com\/espanol\/blog\/wp-content\/uploads\/2020\/02\/visitar-marbella.jpg?resize=525%2C300&ssl=1 1.5x, https:\/\/i0.wp.com\/www.malagaweb.com\/espanol\/blog\/wp-content\/uploads\/2020\/02\/visitar-marbella.jpg?resize=700%2C400&ssl=1 2x, https:\/\/i0.wp.com\/www.malagaweb.com\/espanol\/blog\/wp-content\/uploads\/2020\/02\/visitar-marbella.jpg?resize=1050%2C600&ssl=1 3x"},"classes":[]},{"id":116,"url":"https:\/\/www.malagaweb.com\/espanol\/blog\/costa-del-sol\/cultura-129\/","url_meta":{"origin":4991,"position":2},"title":"Festival International de Piano en Marbella &#8211; Informaci\u00f3n y horarios","author":"Raul","date":"16 julio, 2010","format":false,"excerpt":"Si te gusta el piano y la m\u00fasica cl\u00e1sica tienes una cita en el Festival Internacional de Piano en Marbella. Un evento al que acuden art\u00edstas con gran talento desde todas las partes del mundo y que ofrece actuaciones en dos categorias, adultos de hasta 35 a\u00f1os y j\u00f3venes menores\u2026","rel":"","context":"En \u00abCosta del Sol\u00bb","block_context":{"text":"Costa del Sol","link":"https:\/\/www.malagaweb.com\/espanol\/blog\/costa-del-sol\/"},"img":{"alt_text":"Festival Internacional de Piano en Marbella","src":"https:\/\/i0.wp.com\/www.malagaweb.com\/espanol\/blog\/wp-content\/uploads\/festival-piano-marbella.jpg?resize=350%2C200&ssl=1","width":350,"height":200,"srcset":"https:\/\/i0.wp.com\/www.malagaweb.com\/espanol\/blog\/wp-content\/uploads\/festival-piano-marbella.jpg?resize=350%2C200&ssl=1 1x, https:\/\/i0.wp.com\/www.malagaweb.com\/espanol\/blog\/wp-content\/uploads\/festival-piano-marbella.jpg?resize=525%2C300&ssl=1 1.5x, https:\/\/i0.wp.com\/www.malagaweb.com\/espanol\/blog\/wp-content\/uploads\/festival-piano-marbella.jpg?resize=700%2C400&ssl=1 2x, https:\/\/i0.wp.com\/www.malagaweb.com\/espanol\/blog\/wp-content\/uploads\/festival-piano-marbella.jpg?resize=1050%2C600&ssl=1 3x"},"classes":[]},{"id":447,"url":"https:\/\/www.malagaweb.com\/espanol\/blog\/eventos\/marbella-4-dias-caminando\/","url_meta":{"origin":4991,"position":3},"title":"Marbella 4 D\u00edas Caminando, en octubre 2021 &#8211; \u00a1Para todas las edades!","author":"Raul","date":"6 octubre, 2019","format":false,"excerpt":"Si te gusta el senderismo y te apetece un viaje al oto\u00f1o dorado de la Costa del Sol, todav\u00eda est\u00e1s a tiempo para inscribirte en el evento Marbella 4 Days Walking 'Marbella 4 D\u00edas Caminando' que tendr\u00e1 lugar en Marbella y sus alrededores en octubre de 2020.","rel":"","context":"En \u00abEventos\u00bb","block_context":{"text":"Eventos","link":"https:\/\/www.malagaweb.com\/espanol\/blog\/eventos\/"},"img":{"alt_text":"Marbella 4 D\u00edas Caminando","src":"https:\/\/i0.wp.com\/www.malagaweb.com\/espanol\/blog\/wp-content\/uploads\/marbella-4-dias-caminando.jpg?resize=350%2C200&ssl=1","width":350,"height":200,"srcset":"https:\/\/i0.wp.com\/www.malagaweb.com\/espanol\/blog\/wp-content\/uploads\/marbella-4-dias-caminando.jpg?resize=350%2C200&ssl=1 1x, https:\/\/i0.wp.com\/www.malagaweb.com\/espanol\/blog\/wp-content\/uploads\/marbella-4-dias-caminando.jpg?resize=525%2C300&ssl=1 1.5x, https:\/\/i0.wp.com\/www.malagaweb.com\/espanol\/blog\/wp-content\/uploads\/marbella-4-dias-caminando.jpg?resize=700%2C400&ssl=1 2x, https:\/\/i0.wp.com\/www.malagaweb.com\/espanol\/blog\/wp-content\/uploads\/marbella-4-dias-caminando.jpg?resize=1050%2C600&ssl=1 3x, https:\/\/i0.wp.com\/www.malagaweb.com\/espanol\/blog\/wp-content\/uploads\/marbella-4-dias-caminando.jpg?resize=1400%2C800&ssl=1 4x"},"classes":[]},{"id":312,"url":"https:\/\/www.malagaweb.com\/espanol\/blog\/costa-del-sol\/cultura-327\/","url_meta":{"origin":4991,"position":4},"title":"La fiesta popular del Tost\u00f3n en Marbella el 1 de Noviembre","author":"Raul","date":"28 octubre, 2011","format":false,"excerpt":"Durante el \u00faltimo fin de semana en octubre y el 1 de noviembre tiene lugar una cl\u00e1sica tradici\u00f3n en Marbella y los pueblos del Valle del Genal y la Serran\u00eda de Ronda: El Tost\u00f3n.","rel":"","context":"En \u00abCosta del Sol\u00bb","block_context":{"text":"Costa del Sol","link":"https:\/\/www.malagaweb.com\/espanol\/blog\/costa-del-sol\/"},"img":{"alt_text":"casta\u00f1as-asadas","src":"https:\/\/i0.wp.com\/www.malagaweb.com\/espanol\/blog\/wp-content\/uploads\/casta%C3%B1as-asadas.jpg?resize=350%2C200&ssl=1","width":350,"height":200,"srcset":"https:\/\/i0.wp.com\/www.malagaweb.com\/espanol\/blog\/wp-content\/uploads\/casta%C3%B1as-asadas.jpg?resize=350%2C200&ssl=1 1x, https:\/\/i0.wp.com\/www.malagaweb.com\/espanol\/blog\/wp-content\/uploads\/casta%C3%B1as-asadas.jpg?resize=525%2C300&ssl=1 1.5x, https:\/\/i0.wp.com\/www.malagaweb.com\/espanol\/blog\/wp-content\/uploads\/casta%C3%B1as-asadas.jpg?resize=700%2C400&ssl=1 2x"},"classes":[]},{"id":6699,"url":"https:\/\/www.malagaweb.com\/espanol\/blog\/eventos\/nikki-beach-marbella\/","url_meta":{"origin":4991,"position":5},"title":"Nikki Beach Marbella 2020 &#8211; White Opening Party, Red Party y eventos","author":"Raul","date":"2 julio, 2020","format":false,"excerpt":"Mucho glamour, la mejor m\u00fasica, mucha gente sexy y raudales de champ\u00e1n llenan cada a\u00f1o este exclusivo club que sigue siendo uno de los m\u00e1s populares de Marbella para quienes les guste ver y ser visto.\u00bfTe interesa? Contin\u00faa leyendo para conocer todos los eventos que tendr\u00e1n lugar a lo largo\u2026","rel":"","context":"En \u00abEventos\u00bb","block_context":{"text":"Eventos","link":"https:\/\/www.malagaweb.com\/espanol\/blog\/eventos\/"},"img":{"alt_text":"Nikki Beach Marbella","src":"https:\/\/i0.wp.com\/www.malagaweb.com\/espanol\/blog\/wp-content\/uploads\/2019\/04\/nikki-beach-marbella.jpg?resize=350%2C200&ssl=1","width":350,"height":200,"srcset":"https:\/\/i0.wp.com\/www.malagaweb.com\/espanol\/blog\/wp-content\/uploads\/2019\/04\/nikki-beach-marbella.jpg?resize=350%2C200&ssl=1 1x, https:\/\/i0.wp.com\/www.malagaweb.com\/espanol\/blog\/wp-content\/uploads\/2019\/04\/nikki-beach-marbella.jpg?resize=525%2C300&ssl=1 1.5x, https:\/\/i0.wp.com\/www.malagaweb.com\/espanol\/blog\/wp-content\/uploads\/2019\/04\/nikki-beach-marbella.jpg?resize=700%2C400&ssl=1 2x, https:\/\/i0.wp.com\/www.malagaweb.com\/espanol\/blog\/wp-content\/uploads\/2019\/04\/nikki-beach-marbella.jpg?resize=1050%2C600&ssl=1 3x"},"classes":[]}],"jetpack_sharing_enabled":true,"amp_enabled":true,"_links":{"self":[{"href":"https:\/\/www.malagaweb.com\/espanol\/blog\/wp-json\/wp\/v2\/posts\/4991","targetHints":{"allow":["GET"]}}],"collection":[{"href":"https:\/\/www.malagaweb.com\/espanol\/blog\/wp-json\/wp\/v2\/posts"}],"about":[{"href":"https:\/\/www.malagaweb.com\/espanol\/blog\/wp-json\/wp\/v2\/types\/post"}],"author":[{"embeddable":true,"href":"https:\/\/www.malagaweb.com\/espanol\/blog\/wp-json\/wp\/v2\/users\/1"}],"replies":[{"embeddable":true,"href":"https:\/\/www.malagaweb.com\/espanol\/blog\/wp-json\/wp\/v2\/comments?post=4991"}],"version-history":[{"count":4,"href":"https:\/\/www.malagaweb.com\/espanol\/blog\/wp-json\/wp\/v2\/posts\/4991\/revisions"}],"predecessor-version":[{"id":9798,"href":"https:\/\/www.malagaweb.com\/espanol\/blog\/wp-json\/wp\/v2\/posts\/4991\/revisions\/9798"}],"wp:featuredmedia":[{"embeddable":true,"href":"https:\/\/www.malagaweb.com\/espanol\/blog\/wp-json\/wp\/v2\/media\/9796"}],"wp:attachment":[{"href":"https:\/\/www.malagaweb.com\/espanol\/blog\/wp-json\/wp\/v2\/media?parent=4991"}],"wp:term":[{"taxonomy":"category","embeddable":true,"href":"https:\/\/www.malagaweb.com\/espanol\/blog\/wp-json\/wp\/v2\/categories?post=4991"},{"taxonomy":"post_tag","embeddable":true,"href":"https:\/\/www.malagaweb.com\/espanol\/blog\/wp-json\/wp\/v2\/tags?post=4991"}],"curies":[{"name":"wp","href":"https:\/\/api.w.org\/{rel}","templated":true}]}}