{"id":447,"date":"2019-10-06T09:00:33","date_gmt":"2019-10-06T09:00:33","guid":{"rendered":"http:\/\/www.malagaweb.com\/espanol\/blog\/?p=447"},"modified":"2020-10-07T08:00:59","modified_gmt":"2020-10-07T08:00:59","slug":"marbella-4-dias-caminando","status":"publish","type":"post","link":"https:\/\/www.malagaweb.com\/espanol\/blog\/eventos\/marbella-4-dias-caminando\/","title":{"rendered":"Marbella 4 D\u00edas Caminando, en octubre 2021 &#8211; \u00a1Para todas las edades!"},"content":{"rendered":"<p>Si disfrutas haciendo senderismo y te apetece un divertido viaje oto\u00f1al a la Costa del Sol, a\u00fan est\u00e1s a tiempo de apuntarte\u00a0 a la nueva edici\u00f3n de Marbella 4 D\u00edas Caminando, una actividad que tienen lugar en Marbella y alrededores durante el mes de octubre en 2021.<\/p>\n<p>Debido a la situaci\u00f3n del <a href=\"https:\/\/www.malagaweb.com\/espanol\/blog\/costa-del-sol\/vacaciones-tras-covid-19-malaga\/\" data-wpel-link=\"internal\">Covid-19 en M\u00e1laga<\/a>, el evento fue suspendido en 2020.<\/p>\n<p><a href=\"https:\/\/www.malagaweb.com\/espanol\/blog\/wp-content\/uploads\/marbella-4-dias-caminando.jpg\" itemprop=\"contentUrl\" data-gallery=\"\" title=\"Marbella 4 D\u00edas Caminando, en octubre 2021 - \u00a1Para todas las edades!\" data-wpel-link=\"internal\"><img decoding=\"async\" class=\"aligncenter size-full wp-image-6080 img-responsive\" loading=\"lazy\" src=\"https:\/\/www.malagaweb.com\/espanol\/blog\/wp-content\/uploads\/marbella-4-dias-caminando.jpg\" alt=\"Marbella 4 D\u00edas Caminando\" width=\"1500\" height=\"430\" srcset=\"https:\/\/www.malagaweb.com\/espanol\/blog\/wp-content\/uploads\/marbella-4-dias-caminando.jpg 1500w, https:\/\/www.malagaweb.com\/espanol\/blog\/wp-content\/uploads\/marbella-4-dias-caminando-600x172.jpg 600w, https:\/\/www.malagaweb.com\/espanol\/blog\/wp-content\/uploads\/marbella-4-dias-caminando-1200x344.jpg 1200w\" sizes=\"auto, (max-width: 1500px) 100vw, 1500px\" \/><\/a><\/p>\n<p>El evento tendr\u00e1 lugar los d\u00edas 7,8,9 y 10 de Octubre 2021 desde la <a href=\"https:\/\/goo.gl\/maps\/Sz1wRKPSLSB2\" target=\"_blank\" rel=\"noopener nofollow\" data-wpel-link=\"external\" class=\"wpel-icon-right\">Plaza del Mar<span class=\"wpel-icon wpel-image wpel-icon-13\"><\/span><\/a>. Es posible apuntarte para un solo d\u00eda.<\/p>\n<h2>Conoce Marbella 4 D\u00edas Caminando<\/h2>\n<p>Marbella 4 D\u00edas Caminando, en su primera edici\u00f3n logro conquistar a 600 senderistas. Este evento es una copia de un famoso evento deportivo de la ciudad de Nijmegen en Holanda; un evento con 100 a\u00f1os de historia y que cada a\u00f1o atrae a miles de participantes.<\/p>\n<p>Para la segunda edici\u00f3n de Marbella 4 D\u00edas Caminando se registraron alrededor de 1200 personas de diferentes pa\u00edses. Este evento est\u00e1 dise\u00f1ado para gente de todas las edades y consiste en caminar por 4 d\u00edas consecutivos a lo largo de diferentes rutas de Marbella.<\/p>\n<p>El mes de <a href=\"https:\/\/www.malagaweb.com\/espanol\/blog\/costa-del-sol\/malaga-en-octubre\/\" data-wpel-link=\"internal\">octubre en M\u00e1laga<\/a> es uno de los mejores del a\u00f1o, puedes disfrutar tanto del interior como de las playas que se encuentran tan solo a unos metros del centro de la ciudad.<\/p>\n<p><span class=\"embed-youtube\" style=\"text-align:center; display: block;\"><iframe loading=\"lazy\" class=\"youtube-player\" width=\"660\" height=\"372\" src=\"https:\/\/www.youtube.com\/embed\/q8tnzPYZrWY?version=3&#038;rel=1&#038;showsearch=0&#038;showinfo=1&#038;iv_load_policy=1&#038;fs=1&#038;hl=es-ES&#038;autohide=2&#038;wmode=transparent\" allowfullscreen=\"true\" style=\"border:0;\" sandbox=\"allow-scripts allow-same-origin allow-popups allow-presentation allow-popups-to-escape-sandbox\"><\/iframe><\/span><\/p>\n<h3>Datos del evento<\/h3>\n<p>Quienes no quieran participar cada d\u00eda pueden registrarse para d\u00edas individuales. Los participantes que completen todas las rutas recibir\u00e1n una medalla en el paseo mar\u00edtimo.<\/p>\n<p>Habr\u00e1 puntos con suministro de agua, ambulancias y lavabos a lo largo de la ruta para que sea c\u00f3moda y segura.<\/p>\n<p>Al finalizar los cuatro d\u00edas se celebrar\u00e1 haber completado el reto con todos los participantes. Habr\u00e1 un evento organizado con m\u00fasica, bebidas y tapas.<\/p>\n<p>Ven a disfrutar de unos d\u00edas en Marbella, sus monta\u00f1as y la playa. Combina deporte con diversi\u00f3n en un estupendo clima bajo el cielo azul.<\/p>\n<p>Este evento es una combinaci\u00f3n de deportes, turismo de entorno, cultural, senderismo y diversi\u00f3n. Se pretende proveer a los participantes con la oportunidad de conocer otro lado de Marbella, m\u00e1s all\u00e1 de los t\u00f3picos del sol y la playa.<\/p>\n<p>Muchos conocieron a nuevos amigos a lo largo del camino y descubrieron \u00e1reas naturales que se encuentran en Marbella. \u00bfQuieres formar parte de esto?<\/p>\n<h4>Datos de 2018<\/h4>\n<ul>\n<li>N\u00famero de asistentes: 2006<\/li>\n<li>Mujeres: 66% &#8211; Hombres: 34%.<\/li>\n<li>Principales 5 nacionalidades: Holanda, Inglaterra, Espa\u00f1a, B\u00e9lgica y Suecia.<\/li>\n<li>Total de nacionalidades: 22<\/li>\n<li>Distancia 20km: 1245 mujeres \/ 614 hombres<\/li>\n<li>Distancia 30km: 84 mujeres \/ 63 hombres<\/li>\n<li>Cumplea\u00f1os celebrados: 23<\/li>\n<li>Mayor: Mujer 83 a\u00f1os\/ hombre 81 a\u00f1os.<\/li>\n<li>El m\u00e1s joven: Chica con 12 a\u00f1os \/ Chico con 9 a\u00f1os.<\/li>\n<\/ul>\n<h3>Ruta de senderismo<\/h3>\n<p>En 2019 la ruta de senderismo comenzar\u00e1 y finalizar\u00e1 en la Plaza del Mar (<a href=\"https:\/\/goo.gl\/maps\/Sz1wRKPSLSB2\" target=\"_blank\" rel=\"noopener nofollow\" data-wpel-link=\"external\" class=\"wpel-icon-right\">mapa<span class=\"wpel-icon wpel-image wpel-icon-13\"><\/span><\/a>). Se ha escogido el lugar pensando en el espacio necesario para disfrutar de la m\u00fasica en directo y los servicios necesarios.<\/p>\n<p>Necesitar\u00e1s un tel\u00e9fono con GPS y Google Maps o la aplicaci\u00f3n Strava para ver tu progreso en la ruta.<\/p>\n<p>Las rutas ser\u00e1n de 10 km, 20 y de 30 km. La de 10 kil\u00f3metros es perfecta para realizarla con ni\u00f1os.<\/p>\n<p>Informaci\u00f3n y registro en la web oficial:<br \/>\n<a href=\"https:\/\/marbella4dayswalking.com\/?lang=es\" target=\"_blank\" rel=\"noopener nofollow\" data-wpel-link=\"external\" class=\"wpel-icon-right\">https:\/\/marbella4dayswalking.com\/?lang=es<span class=\"wpel-icon wpel-image wpel-icon-13\"><\/span><\/a><\/p>\n","protected":false},"excerpt":{"rendered":"<p>Si te gusta el senderismo y te apetece un viaje al oto\u00f1o dorado de la Costa del Sol, todav\u00eda est\u00e1s a tiempo para inscribirte en el evento Marbella 4 Days Walking &#8216;Marbella 4 D\u00edas Caminando&#8217; que tendr\u00e1 lugar en Marbella y sus alrededores en octubre de 2020.<\/p>\n","protected":false},"author":1,"featured_media":6080,"comment_status":"open","ping_status":"closed","sticky":false,"template":"","format":"standard","meta":{"jetpack_post_was_ever_published":false,"_jetpack_newsletter_access":"","_jetpack_dont_email_post_to_subs":false,"_jetpack_newsletter_tier_id":0,"_jetpack_memberships_contains_paywalled_content":false,"_jetpack_memberships_contains_paid_content":false,"footnotes":"","jetpack_publicize_message":"","jetpack_publicize_feature_enabled":true,"jetpack_social_post_already_shared":true,"jetpack_social_options":{"image_generator_settings":{"template":"highway","default_image_id":0,"font":"","enabled":false},"version":2}},"categories":[77],"tags":[38,40,184],"class_list":["post-447","post","type-post","status-publish","format-standard","has-post-thumbnail","hentry","category-eventos","tag-actividades-malaga","tag-marbella","tag-octubre"],"yoast_head":"<!-- This site is optimized with the Yoast SEO plugin v27.5 - https:\/\/yoast.com\/product\/yoast-seo-wordpress\/ -->\n<title>Marbella 4 D\u00edas Caminando, en octubre 2021 - \u00a1Para todas las edades!<\/title>\n<meta name=\"description\" content=\"\u00bfBuscando diversi\u00f3n sana en Marbella? Entonces no te pierdas la nueva edici\u00f3n de Marbella 4 D\u00edas Caminando en octubre. Actividades para todas las edades!\" \/>\n<meta name=\"robots\" content=\"index, follow, max-snippet:-1, max-image-preview:large, max-video-preview:-1\" \/>\n<link rel=\"canonical\" href=\"https:\/\/www.malagaweb.com\/espanol\/blog\/eventos\/marbella-4-dias-caminando\/\" \/>\n<meta property=\"og:locale\" content=\"es_ES\" \/>\n<meta property=\"og:type\" content=\"article\" \/>\n<meta property=\"og:title\" content=\"Marbella 4 D\u00edas Caminando, en octubre 2021 - \u00a1Para todas las edades!\" \/>\n<meta property=\"og:description\" content=\"\u00bfBuscando diversi\u00f3n sana en Marbella? Entonces no te pierdas la nueva edici\u00f3n de Marbella 4 D\u00edas Caminando en octubre. Actividades para todas las edades!\" \/>\n<meta property=\"og:url\" content=\"https:\/\/www.malagaweb.com\/espanol\/blog\/eventos\/marbella-4-dias-caminando\/\" \/>\n<meta property=\"og:site_name\" content=\"Blog de M\u00e1laga\" \/>\n<meta property=\"article:publisher\" content=\"https:\/\/www.facebook.com\/Malaga.CostadelSol\/\" \/>\n<meta property=\"article:published_time\" content=\"2019-10-06T09:00:33+00:00\" \/>\n<meta property=\"article:modified_time\" content=\"2020-10-07T08:00:59+00:00\" \/>\n<meta property=\"og:image\" content=\"https:\/\/www.malagaweb.com\/espanol\/blog\/wp-content\/uploads\/marbella-4-dias-caminando.jpg\" \/>\n\t<meta property=\"og:image:width\" content=\"1500\" \/>\n\t<meta property=\"og:image:height\" content=\"430\" \/>\n\t<meta property=\"og:image:type\" content=\"image\/jpeg\" \/>\n<meta name=\"author\" content=\"Raul\" \/>\n<meta name=\"twitter:card\" content=\"summary_large_image\" \/>\n<meta name=\"twitter:creator\" content=\"@malagaweb\" \/>\n<meta name=\"twitter:site\" content=\"@malagaweb\" \/>\n<meta name=\"twitter:label1\" content=\"Escrito por\" \/>\n\t<meta name=\"twitter:data1\" content=\"Raul\" \/>\n\t<meta name=\"twitter:label2\" content=\"Tiempo de lectura\" \/>\n\t<meta name=\"twitter:data2\" content=\"3 minutos\" \/>\n<script type=\"application\/ld+json\" class=\"yoast-schema-graph\">{\"@context\":\"https:\\\/\\\/schema.org\",\"@graph\":[{\"@type\":\"Article\",\"@id\":\"https:\\\/\\\/www.malagaweb.com\\\/espanol\\\/blog\\\/eventos\\\/marbella-4-dias-caminando\\\/#article\",\"isPartOf\":{\"@id\":\"https:\\\/\\\/www.malagaweb.com\\\/espanol\\\/blog\\\/eventos\\\/marbella-4-dias-caminando\\\/\"},\"author\":{\"name\":\"Raul\",\"@id\":\"https:\\\/\\\/www.malagaweb.com\\\/espanol\\\/blog\\\/#\\\/schema\\\/person\\\/e7064ff7a4ff971bc5b3a6e41075ddb4\"},\"headline\":\"Marbella 4 D\u00edas Caminando, en octubre 2021 &#8211; \u00a1Para todas las edades!\",\"datePublished\":\"2019-10-06T09:00:33+00:00\",\"dateModified\":\"2020-10-07T08:00:59+00:00\",\"mainEntityOfPage\":{\"@id\":\"https:\\\/\\\/www.malagaweb.com\\\/espanol\\\/blog\\\/eventos\\\/marbella-4-dias-caminando\\\/\"},\"wordCount\":564,\"commentCount\":2,\"publisher\":{\"@id\":\"https:\\\/\\\/www.malagaweb.com\\\/espanol\\\/blog\\\/#organization\"},\"image\":{\"@id\":\"https:\\\/\\\/www.malagaweb.com\\\/espanol\\\/blog\\\/eventos\\\/marbella-4-dias-caminando\\\/#primaryimage\"},\"thumbnailUrl\":\"https:\\\/\\\/www.malagaweb.com\\\/espanol\\\/blog\\\/wp-content\\\/uploads\\\/marbella-4-dias-caminando.jpg\",\"keywords\":[\"Actividades\",\"Marbella\",\"Octubre\"],\"articleSection\":[\"Eventos\"],\"inLanguage\":\"es\",\"potentialAction\":[{\"@type\":\"CommentAction\",\"name\":\"Comment\",\"target\":[\"https:\\\/\\\/www.malagaweb.com\\\/espanol\\\/blog\\\/eventos\\\/marbella-4-dias-caminando\\\/#respond\"]}]},{\"@type\":\"WebPage\",\"@id\":\"https:\\\/\\\/www.malagaweb.com\\\/espanol\\\/blog\\\/eventos\\\/marbella-4-dias-caminando\\\/\",\"url\":\"https:\\\/\\\/www.malagaweb.com\\\/espanol\\\/blog\\\/eventos\\\/marbella-4-dias-caminando\\\/\",\"name\":\"Marbella 4 D\u00edas Caminando, en octubre 2021 - \u00a1Para todas las edades!\",\"isPartOf\":{\"@id\":\"https:\\\/\\\/www.malagaweb.com\\\/espanol\\\/blog\\\/#website\"},\"primaryImageOfPage\":{\"@id\":\"https:\\\/\\\/www.malagaweb.com\\\/espanol\\\/blog\\\/eventos\\\/marbella-4-dias-caminando\\\/#primaryimage\"},\"image\":{\"@id\":\"https:\\\/\\\/www.malagaweb.com\\\/espanol\\\/blog\\\/eventos\\\/marbella-4-dias-caminando\\\/#primaryimage\"},\"thumbnailUrl\":\"https:\\\/\\\/www.malagaweb.com\\\/espanol\\\/blog\\\/wp-content\\\/uploads\\\/marbella-4-dias-caminando.jpg\",\"datePublished\":\"2019-10-06T09:00:33+00:00\",\"dateModified\":\"2020-10-07T08:00:59+00:00\",\"description\":\"\u00bfBuscando diversi\u00f3n sana en Marbella? Entonces no te pierdas la nueva edici\u00f3n de Marbella 4 D\u00edas Caminando en octubre. Actividades para todas las edades!\",\"breadcrumb\":{\"@id\":\"https:\\\/\\\/www.malagaweb.com\\\/espanol\\\/blog\\\/eventos\\\/marbella-4-dias-caminando\\\/#breadcrumb\"},\"inLanguage\":\"es\",\"potentialAction\":[{\"@type\":\"ReadAction\",\"target\":[\"https:\\\/\\\/www.malagaweb.com\\\/espanol\\\/blog\\\/eventos\\\/marbella-4-dias-caminando\\\/\"]}]},{\"@type\":\"ImageObject\",\"inLanguage\":\"es\",\"@id\":\"https:\\\/\\\/www.malagaweb.com\\\/espanol\\\/blog\\\/eventos\\\/marbella-4-dias-caminando\\\/#primaryimage\",\"url\":\"https:\\\/\\\/www.malagaweb.com\\\/espanol\\\/blog\\\/wp-content\\\/uploads\\\/marbella-4-dias-caminando.jpg\",\"contentUrl\":\"https:\\\/\\\/www.malagaweb.com\\\/espanol\\\/blog\\\/wp-content\\\/uploads\\\/marbella-4-dias-caminando.jpg\",\"width\":1500,\"height\":430,\"caption\":\"Marbella 4 D\u00edas Caminando\"},{\"@type\":\"BreadcrumbList\",\"@id\":\"https:\\\/\\\/www.malagaweb.com\\\/espanol\\\/blog\\\/eventos\\\/marbella-4-dias-caminando\\\/#breadcrumb\",\"itemListElement\":[{\"@type\":\"ListItem\",\"position\":1,\"name\":\"Blog\",\"item\":\"https:\\\/\\\/www.malagaweb.com\\\/espanol\\\/blog\\\/\"},{\"@type\":\"ListItem\",\"position\":2,\"name\":\"Eventos\",\"item\":\"https:\\\/\\\/www.malagaweb.com\\\/espanol\\\/blog\\\/eventos\\\/\"},{\"@type\":\"ListItem\",\"position\":3,\"name\":\"Marbella 4 D\u00edas Caminando, en octubre 2021 &#8211; \u00a1Para todas las edades!\"}]},{\"@type\":\"WebSite\",\"@id\":\"https:\\\/\\\/www.malagaweb.com\\\/espanol\\\/blog\\\/#website\",\"url\":\"https:\\\/\\\/www.malagaweb.com\\\/espanol\\\/blog\\\/\",\"name\":\"Blog de M\u00e1laga\",\"description\":\"Blog de M\u00e1laga con informaci\u00f3n \u00fatil para tus vacaciones\",\"publisher\":{\"@id\":\"https:\\\/\\\/www.malagaweb.com\\\/espanol\\\/blog\\\/#organization\"},\"potentialAction\":[{\"@type\":\"SearchAction\",\"target\":{\"@type\":\"EntryPoint\",\"urlTemplate\":\"https:\\\/\\\/www.malagaweb.com\\\/espanol\\\/blog\\\/?s={search_term_string}\"},\"query-input\":{\"@type\":\"PropertyValueSpecification\",\"valueRequired\":true,\"valueName\":\"search_term_string\"}}],\"inLanguage\":\"es\"},{\"@type\":\"Organization\",\"@id\":\"https:\\\/\\\/www.malagaweb.com\\\/espanol\\\/blog\\\/#organization\",\"name\":\"Malagaweb.com\",\"url\":\"https:\\\/\\\/www.malagaweb.com\\\/espanol\\\/blog\\\/\",\"logo\":{\"@type\":\"ImageObject\",\"inLanguage\":\"es\",\"@id\":\"https:\\\/\\\/www.malagaweb.com\\\/espanol\\\/blog\\\/#\\\/schema\\\/logo\\\/image\\\/\",\"url\":\"https:\\\/\\\/www.malagaweb.com\\\/espanol\\\/blog\\\/wp-content\\\/uploads\\\/malagaweb_logo.png\",\"contentUrl\":\"https:\\\/\\\/www.malagaweb.com\\\/espanol\\\/blog\\\/wp-content\\\/uploads\\\/malagaweb_logo.png\",\"width\":190,\"height\":36,\"caption\":\"Malagaweb.com\"},\"image\":{\"@id\":\"https:\\\/\\\/www.malagaweb.com\\\/espanol\\\/blog\\\/#\\\/schema\\\/logo\\\/image\\\/\"},\"sameAs\":[\"https:\\\/\\\/www.facebook.com\\\/Malaga.CostadelSol\\\/\",\"https:\\\/\\\/x.com\\\/malagaweb\"]},{\"@type\":\"Person\",\"@id\":\"https:\\\/\\\/www.malagaweb.com\\\/espanol\\\/blog\\\/#\\\/schema\\\/person\\\/e7064ff7a4ff971bc5b3a6e41075ddb4\",\"name\":\"Raul\",\"image\":{\"@type\":\"ImageObject\",\"inLanguage\":\"es\",\"@id\":\"https:\\\/\\\/secure.gravatar.com\\\/avatar\\\/355bb21897b371342e002159d93cc5a3dcf5add74aab5d2183293cebb23ac386?s=96&r=g\",\"url\":\"https:\\\/\\\/secure.gravatar.com\\\/avatar\\\/355bb21897b371342e002159d93cc5a3dcf5add74aab5d2183293cebb23ac386?s=96&r=g\",\"contentUrl\":\"https:\\\/\\\/secure.gravatar.com\\\/avatar\\\/355bb21897b371342e002159d93cc5a3dcf5add74aab5d2183293cebb23ac386?s=96&r=g\",\"caption\":\"Raul\"},\"description\":\"Desarrollador web y editor de contenidos, autor de muchas de las gu\u00edas tur\u00edsticas que habr\u00e1s podido leer en Internet sobre Andaluc\u00eda, M\u00e1laga y Espa\u00f1a.\"}]}<\/script>\n<!-- \/ Yoast SEO plugin. -->","yoast_head_json":{"title":"Marbella 4 D\u00edas Caminando, en octubre 2021 - \u00a1Para todas las edades!","description":"\u00bfBuscando diversi\u00f3n sana en Marbella? Entonces no te pierdas la nueva edici\u00f3n de Marbella 4 D\u00edas Caminando en octubre. Actividades para todas las edades!","robots":{"index":"index","follow":"follow","max-snippet":"max-snippet:-1","max-image-preview":"max-image-preview:large","max-video-preview":"max-video-preview:-1"},"canonical":"https:\/\/www.malagaweb.com\/espanol\/blog\/eventos\/marbella-4-dias-caminando\/","og_locale":"es_ES","og_type":"article","og_title":"Marbella 4 D\u00edas Caminando, en octubre 2021 - \u00a1Para todas las edades!","og_description":"\u00bfBuscando diversi\u00f3n sana en Marbella? Entonces no te pierdas la nueva edici\u00f3n de Marbella 4 D\u00edas Caminando en octubre. Actividades para todas las edades!","og_url":"https:\/\/www.malagaweb.com\/espanol\/blog\/eventos\/marbella-4-dias-caminando\/","og_site_name":"Blog de M\u00e1laga","article_publisher":"https:\/\/www.facebook.com\/Malaga.CostadelSol\/","article_published_time":"2019-10-06T09:00:33+00:00","article_modified_time":"2020-10-07T08:00:59+00:00","og_image":[{"width":1500,"height":430,"url":"https:\/\/www.malagaweb.com\/espanol\/blog\/wp-content\/uploads\/marbella-4-dias-caminando.jpg","type":"image\/jpeg"}],"author":"Raul","twitter_card":"summary_large_image","twitter_creator":"@malagaweb","twitter_site":"@malagaweb","twitter_misc":{"Escrito por":"Raul","Tiempo de lectura":"3 minutos"},"schema":{"@context":"https:\/\/schema.org","@graph":[{"@type":"Article","@id":"https:\/\/www.malagaweb.com\/espanol\/blog\/eventos\/marbella-4-dias-caminando\/#article","isPartOf":{"@id":"https:\/\/www.malagaweb.com\/espanol\/blog\/eventos\/marbella-4-dias-caminando\/"},"author":{"name":"Raul","@id":"https:\/\/www.malagaweb.com\/espanol\/blog\/#\/schema\/person\/e7064ff7a4ff971bc5b3a6e41075ddb4"},"headline":"Marbella 4 D\u00edas Caminando, en octubre 2021 &#8211; \u00a1Para todas las edades!","datePublished":"2019-10-06T09:00:33+00:00","dateModified":"2020-10-07T08:00:59+00:00","mainEntityOfPage":{"@id":"https:\/\/www.malagaweb.com\/espanol\/blog\/eventos\/marbella-4-dias-caminando\/"},"wordCount":564,"commentCount":2,"publisher":{"@id":"https:\/\/www.malagaweb.com\/espanol\/blog\/#organization"},"image":{"@id":"https:\/\/www.malagaweb.com\/espanol\/blog\/eventos\/marbella-4-dias-caminando\/#primaryimage"},"thumbnailUrl":"https:\/\/www.malagaweb.com\/espanol\/blog\/wp-content\/uploads\/marbella-4-dias-caminando.jpg","keywords":["Actividades","Marbella","Octubre"],"articleSection":["Eventos"],"inLanguage":"es","potentialAction":[{"@type":"CommentAction","name":"Comment","target":["https:\/\/www.malagaweb.com\/espanol\/blog\/eventos\/marbella-4-dias-caminando\/#respond"]}]},{"@type":"WebPage","@id":"https:\/\/www.malagaweb.com\/espanol\/blog\/eventos\/marbella-4-dias-caminando\/","url":"https:\/\/www.malagaweb.com\/espanol\/blog\/eventos\/marbella-4-dias-caminando\/","name":"Marbella 4 D\u00edas Caminando, en octubre 2021 - \u00a1Para todas las edades!","isPartOf":{"@id":"https:\/\/www.malagaweb.com\/espanol\/blog\/#website"},"primaryImageOfPage":{"@id":"https:\/\/www.malagaweb.com\/espanol\/blog\/eventos\/marbella-4-dias-caminando\/#primaryimage"},"image":{"@id":"https:\/\/www.malagaweb.com\/espanol\/blog\/eventos\/marbella-4-dias-caminando\/#primaryimage"},"thumbnailUrl":"https:\/\/www.malagaweb.com\/espanol\/blog\/wp-content\/uploads\/marbella-4-dias-caminando.jpg","datePublished":"2019-10-06T09:00:33+00:00","dateModified":"2020-10-07T08:00:59+00:00","description":"\u00bfBuscando diversi\u00f3n sana en Marbella? Entonces no te pierdas la nueva edici\u00f3n de Marbella 4 D\u00edas Caminando en octubre. Actividades para todas las edades!","breadcrumb":{"@id":"https:\/\/www.malagaweb.com\/espanol\/blog\/eventos\/marbella-4-dias-caminando\/#breadcrumb"},"inLanguage":"es","potentialAction":[{"@type":"ReadAction","target":["https:\/\/www.malagaweb.com\/espanol\/blog\/eventos\/marbella-4-dias-caminando\/"]}]},{"@type":"ImageObject","inLanguage":"es","@id":"https:\/\/www.malagaweb.com\/espanol\/blog\/eventos\/marbella-4-dias-caminando\/#primaryimage","url":"https:\/\/www.malagaweb.com\/espanol\/blog\/wp-content\/uploads\/marbella-4-dias-caminando.jpg","contentUrl":"https:\/\/www.malagaweb.com\/espanol\/blog\/wp-content\/uploads\/marbella-4-dias-caminando.jpg","width":1500,"height":430,"caption":"Marbella 4 D\u00edas Caminando"},{"@type":"BreadcrumbList","@id":"https:\/\/www.malagaweb.com\/espanol\/blog\/eventos\/marbella-4-dias-caminando\/#breadcrumb","itemListElement":[{"@type":"ListItem","position":1,"name":"Blog","item":"https:\/\/www.malagaweb.com\/espanol\/blog\/"},{"@type":"ListItem","position":2,"name":"Eventos","item":"https:\/\/www.malagaweb.com\/espanol\/blog\/eventos\/"},{"@type":"ListItem","position":3,"name":"Marbella 4 D\u00edas Caminando, en octubre 2021 &#8211; \u00a1Para todas las edades!"}]},{"@type":"WebSite","@id":"https:\/\/www.malagaweb.com\/espanol\/blog\/#website","url":"https:\/\/www.malagaweb.com\/espanol\/blog\/","name":"Blog de M\u00e1laga","description":"Blog de M\u00e1laga con informaci\u00f3n \u00fatil para tus vacaciones","publisher":{"@id":"https:\/\/www.malagaweb.com\/espanol\/blog\/#organization"},"potentialAction":[{"@type":"SearchAction","target":{"@type":"EntryPoint","urlTemplate":"https:\/\/www.malagaweb.com\/espanol\/blog\/?s={search_term_string}"},"query-input":{"@type":"PropertyValueSpecification","valueRequired":true,"valueName":"search_term_string"}}],"inLanguage":"es"},{"@type":"Organization","@id":"https:\/\/www.malagaweb.com\/espanol\/blog\/#organization","name":"Malagaweb.com","url":"https:\/\/www.malagaweb.com\/espanol\/blog\/","logo":{"@type":"ImageObject","inLanguage":"es","@id":"https:\/\/www.malagaweb.com\/espanol\/blog\/#\/schema\/logo\/image\/","url":"https:\/\/www.malagaweb.com\/espanol\/blog\/wp-content\/uploads\/malagaweb_logo.png","contentUrl":"https:\/\/www.malagaweb.com\/espanol\/blog\/wp-content\/uploads\/malagaweb_logo.png","width":190,"height":36,"caption":"Malagaweb.com"},"image":{"@id":"https:\/\/www.malagaweb.com\/espanol\/blog\/#\/schema\/logo\/image\/"},"sameAs":["https:\/\/www.facebook.com\/Malaga.CostadelSol\/","https:\/\/x.com\/malagaweb"]},{"@type":"Person","@id":"https:\/\/www.malagaweb.com\/espanol\/blog\/#\/schema\/person\/e7064ff7a4ff971bc5b3a6e41075ddb4","name":"Raul","image":{"@type":"ImageObject","inLanguage":"es","@id":"https:\/\/secure.gravatar.com\/avatar\/355bb21897b371342e002159d93cc5a3dcf5add74aab5d2183293cebb23ac386?s=96&r=g","url":"https:\/\/secure.gravatar.com\/avatar\/355bb21897b371342e002159d93cc5a3dcf5add74aab5d2183293cebb23ac386?s=96&r=g","contentUrl":"https:\/\/secure.gravatar.com\/avatar\/355bb21897b371342e002159d93cc5a3dcf5add74aab5d2183293cebb23ac386?s=96&r=g","caption":"Raul"},"description":"Desarrollador web y editor de contenidos, autor de muchas de las gu\u00edas tur\u00edsticas que habr\u00e1s podido leer en Internet sobre Andaluc\u00eda, M\u00e1laga y Espa\u00f1a."}]}},"jetpack_publicize_connections":[],"jetpack_featured_media_url":"https:\/\/www.malagaweb.com\/espanol\/blog\/wp-content\/uploads\/marbella-4-dias-caminando.jpg","jetpack_shortlink":"https:\/\/wp.me\/p7riGP-7d","jetpack-related-posts":[{"id":312,"url":"https:\/\/www.malagaweb.com\/espanol\/blog\/costa-del-sol\/cultura-327\/","url_meta":{"origin":447,"position":0},"title":"La fiesta popular del Tost\u00f3n en Marbella el 1 de Noviembre","author":"Raul","date":"28 octubre, 2011","format":false,"excerpt":"Durante el \u00faltimo fin de semana en octubre y el 1 de noviembre tiene lugar una cl\u00e1sica tradici\u00f3n en Marbella y los pueblos del Valle del Genal y la Serran\u00eda de Ronda: El Tost\u00f3n.","rel":"","context":"En \u00abCosta del Sol\u00bb","block_context":{"text":"Costa del Sol","link":"https:\/\/www.malagaweb.com\/espanol\/blog\/costa-del-sol\/"},"img":{"alt_text":"casta\u00f1as-asadas","src":"https:\/\/i0.wp.com\/www.malagaweb.com\/espanol\/blog\/wp-content\/uploads\/casta%C3%B1as-asadas.jpg?resize=350%2C200&ssl=1","width":350,"height":200,"srcset":"https:\/\/i0.wp.com\/www.malagaweb.com\/espanol\/blog\/wp-content\/uploads\/casta%C3%B1as-asadas.jpg?resize=350%2C200&ssl=1 1x, https:\/\/i0.wp.com\/www.malagaweb.com\/espanol\/blog\/wp-content\/uploads\/casta%C3%B1as-asadas.jpg?resize=525%2C300&ssl=1 1.5x, https:\/\/i0.wp.com\/www.malagaweb.com\/espanol\/blog\/wp-content\/uploads\/casta%C3%B1as-asadas.jpg?resize=700%2C400&ssl=1 2x"},"classes":[]},{"id":116,"url":"https:\/\/www.malagaweb.com\/espanol\/blog\/costa-del-sol\/cultura-129\/","url_meta":{"origin":447,"position":1},"title":"Festival International de Piano en Marbella &#8211; Informaci\u00f3n y horarios","author":"Raul","date":"16 julio, 2010","format":false,"excerpt":"Si te gusta el piano y la m\u00fasica cl\u00e1sica tienes una cita en el Festival Internacional de Piano en Marbella. Un evento al que acuden art\u00edstas con gran talento desde todas las partes del mundo y que ofrece actuaciones en dos categorias, adultos de hasta 35 a\u00f1os y j\u00f3venes menores\u2026","rel":"","context":"En \u00abCosta del Sol\u00bb","block_context":{"text":"Costa del Sol","link":"https:\/\/www.malagaweb.com\/espanol\/blog\/costa-del-sol\/"},"img":{"alt_text":"Festival Internacional de Piano en Marbella","src":"https:\/\/i0.wp.com\/www.malagaweb.com\/espanol\/blog\/wp-content\/uploads\/festival-piano-marbella.jpg?resize=350%2C200&ssl=1","width":350,"height":200,"srcset":"https:\/\/i0.wp.com\/www.malagaweb.com\/espanol\/blog\/wp-content\/uploads\/festival-piano-marbella.jpg?resize=350%2C200&ssl=1 1x, https:\/\/i0.wp.com\/www.malagaweb.com\/espanol\/blog\/wp-content\/uploads\/festival-piano-marbella.jpg?resize=525%2C300&ssl=1 1.5x, https:\/\/i0.wp.com\/www.malagaweb.com\/espanol\/blog\/wp-content\/uploads\/festival-piano-marbella.jpg?resize=700%2C400&ssl=1 2x, https:\/\/i0.wp.com\/www.malagaweb.com\/espanol\/blog\/wp-content\/uploads\/festival-piano-marbella.jpg?resize=1050%2C600&ssl=1 3x"},"classes":[]},{"id":6699,"url":"https:\/\/www.malagaweb.com\/espanol\/blog\/eventos\/nikki-beach-marbella\/","url_meta":{"origin":447,"position":2},"title":"Nikki Beach Marbella 2020 &#8211; White Opening Party, Red Party y eventos","author":"Raul","date":"2 julio, 2020","format":false,"excerpt":"Mucho glamour, la mejor m\u00fasica, mucha gente sexy y raudales de champ\u00e1n llenan cada a\u00f1o este exclusivo club que sigue siendo uno de los m\u00e1s populares de Marbella para quienes les guste ver y ser visto.\u00bfTe interesa? Contin\u00faa leyendo para conocer todos los eventos que tendr\u00e1n lugar a lo largo\u2026","rel":"","context":"En \u00abEventos\u00bb","block_context":{"text":"Eventos","link":"https:\/\/www.malagaweb.com\/espanol\/blog\/eventos\/"},"img":{"alt_text":"Nikki Beach Marbella","src":"https:\/\/i0.wp.com\/www.malagaweb.com\/espanol\/blog\/wp-content\/uploads\/2019\/04\/nikki-beach-marbella.jpg?resize=350%2C200&ssl=1","width":350,"height":200,"srcset":"https:\/\/i0.wp.com\/www.malagaweb.com\/espanol\/blog\/wp-content\/uploads\/2019\/04\/nikki-beach-marbella.jpg?resize=350%2C200&ssl=1 1x, https:\/\/i0.wp.com\/www.malagaweb.com\/espanol\/blog\/wp-content\/uploads\/2019\/04\/nikki-beach-marbella.jpg?resize=525%2C300&ssl=1 1.5x, https:\/\/i0.wp.com\/www.malagaweb.com\/espanol\/blog\/wp-content\/uploads\/2019\/04\/nikki-beach-marbella.jpg?resize=700%2C400&ssl=1 2x, https:\/\/i0.wp.com\/www.malagaweb.com\/espanol\/blog\/wp-content\/uploads\/2019\/04\/nikki-beach-marbella.jpg?resize=1050%2C600&ssl=1 3x"},"classes":[]},{"id":8306,"url":"https:\/\/www.malagaweb.com\/espanol\/blog\/costa-del-sol\/visita-marbella\/","url_meta":{"origin":447,"position":3},"title":"Qu\u00e9 hacer en Marbella &#8211; 20 ideas para hacer cada d\u00eda y donde aparcar","author":"Raul","date":"1 febrero, 2021","format":false,"excerpt":"\u00bfTienes pensado visitar Marbella? Entonces puede que te interese esta lista con las mejores ideas para hacer en Marbella o lugares que puedes visitar. Aceptamos sugerencias que iremos a\u00f1adiendo. \u00bfTienes alg\u00fan lugar favorito que te gustar\u00eda compartir?","rel":"","context":"En \u00abCosta del Sol\u00bb","block_context":{"text":"Costa del Sol","link":"https:\/\/www.malagaweb.com\/espanol\/blog\/costa-del-sol\/"},"img":{"alt_text":"Cosas que hacer y visitar en Marbella","src":"https:\/\/i0.wp.com\/www.malagaweb.com\/espanol\/blog\/wp-content\/uploads\/2020\/02\/visitar-marbella.jpg?resize=350%2C200&ssl=1","width":350,"height":200,"srcset":"https:\/\/i0.wp.com\/www.malagaweb.com\/espanol\/blog\/wp-content\/uploads\/2020\/02\/visitar-marbella.jpg?resize=350%2C200&ssl=1 1x, https:\/\/i0.wp.com\/www.malagaweb.com\/espanol\/blog\/wp-content\/uploads\/2020\/02\/visitar-marbella.jpg?resize=525%2C300&ssl=1 1.5x, https:\/\/i0.wp.com\/www.malagaweb.com\/espanol\/blog\/wp-content\/uploads\/2020\/02\/visitar-marbella.jpg?resize=700%2C400&ssl=1 2x, https:\/\/i0.wp.com\/www.malagaweb.com\/espanol\/blog\/wp-content\/uploads\/2020\/02\/visitar-marbella.jpg?resize=1050%2C600&ssl=1 3x"},"classes":[]},{"id":77,"url":"https:\/\/www.malagaweb.com\/espanol\/blog\/eventos\/ocean-club-marbella\/","url_meta":{"origin":447,"position":4},"title":"Ocean Club Marbella en Puerto Ban\u00fas &#8211; Calendario de temporada 2021","author":"Raul","date":"26 abril, 2019","format":false,"excerpt":"Conoce Ocean Club Marbella, uno de los m\u00e1s lujosos clubs de la Costa del Sol. Te presentamos los eventos que nos trae junto a 2019 este glamuroso club y las fechas m\u00e1s importantes desde su gran apertura a finales de abril hasta su fiesta de cierre a finales de septiembre.\u2026","rel":"","context":"En \u00abEventos\u00bb","block_context":{"text":"Eventos","link":"https:\/\/www.malagaweb.com\/espanol\/blog\/eventos\/"},"img":{"alt_text":"Ocean Club Marbella Opening","src":"https:\/\/i0.wp.com\/www.malagaweb.com\/espanol\/blog\/wp-content\/uploads\/2010\/04\/oceanclub-marbella-opening.jpg?resize=350%2C200&ssl=1","width":350,"height":200,"srcset":"https:\/\/i0.wp.com\/www.malagaweb.com\/espanol\/blog\/wp-content\/uploads\/2010\/04\/oceanclub-marbella-opening.jpg?resize=350%2C200&ssl=1 1x, https:\/\/i0.wp.com\/www.malagaweb.com\/espanol\/blog\/wp-content\/uploads\/2010\/04\/oceanclub-marbella-opening.jpg?resize=525%2C300&ssl=1 1.5x, https:\/\/i0.wp.com\/www.malagaweb.com\/espanol\/blog\/wp-content\/uploads\/2010\/04\/oceanclub-marbella-opening.jpg?resize=700%2C400&ssl=1 2x, https:\/\/i0.wp.com\/www.malagaweb.com\/espanol\/blog\/wp-content\/uploads\/2010\/04\/oceanclub-marbella-opening.jpg?resize=1050%2C600&ssl=1 3x"},"classes":[]},{"id":4991,"url":"https:\/\/www.malagaweb.com\/espanol\/blog\/eventos\/art-marbella-fair\/","url_meta":{"origin":447,"position":5},"title":"Art Marbella Fair &#8211; Feria del arte contempor\u00e1neo en la Costa del Sol","author":"Raul","date":"9 julio, 2018","format":false,"excerpt":"Marbella fair nos muestra galer\u00edas con artistas de diferentes pa\u00edses, Espa\u00f1a adem\u00e1s de Portugal, China, Canad\u00e1, Suecia, Uruguay, Estados Unidos, Austria, Argentina, M\u00e9xico, Eslovaquia y Suiza. Si te gusta el arte puede que te interese conocer todos los detalles de este evento anual que tiene lugar en Marbella.","rel":"","context":"En \u00abEventos\u00bb","block_context":{"text":"Eventos","link":"https:\/\/www.malagaweb.com\/espanol\/blog\/eventos\/"},"img":{"alt_text":"Galer\u00e7ia de arte en Marbella","src":"https:\/\/i0.wp.com\/www.malagaweb.com\/espanol\/blog\/wp-content\/uploads\/2018\/07\/galeria-arte.jpg?resize=350%2C200&ssl=1","width":350,"height":200,"srcset":"https:\/\/i0.wp.com\/www.malagaweb.com\/espanol\/blog\/wp-content\/uploads\/2018\/07\/galeria-arte.jpg?resize=350%2C200&ssl=1 1x, https:\/\/i0.wp.com\/www.malagaweb.com\/espanol\/blog\/wp-content\/uploads\/2018\/07\/galeria-arte.jpg?resize=525%2C300&ssl=1 1.5x, https:\/\/i0.wp.com\/www.malagaweb.com\/espanol\/blog\/wp-content\/uploads\/2018\/07\/galeria-arte.jpg?resize=700%2C400&ssl=1 2x, https:\/\/i0.wp.com\/www.malagaweb.com\/espanol\/blog\/wp-content\/uploads\/2018\/07\/galeria-arte.jpg?resize=1050%2C600&ssl=1 3x"},"classes":[]}],"jetpack_sharing_enabled":true,"amp_enabled":true,"_links":{"self":[{"href":"https:\/\/www.malagaweb.com\/espanol\/blog\/wp-json\/wp\/v2\/posts\/447","targetHints":{"allow":["GET"]}}],"collection":[{"href":"https:\/\/www.malagaweb.com\/espanol\/blog\/wp-json\/wp\/v2\/posts"}],"about":[{"href":"https:\/\/www.malagaweb.com\/espanol\/blog\/wp-json\/wp\/v2\/types\/post"}],"author":[{"embeddable":true,"href":"https:\/\/www.malagaweb.com\/espanol\/blog\/wp-json\/wp\/v2\/users\/1"}],"replies":[{"embeddable":true,"href":"https:\/\/www.malagaweb.com\/espanol\/blog\/wp-json\/wp\/v2\/comments?post=447"}],"version-history":[{"count":4,"href":"https:\/\/www.malagaweb.com\/espanol\/blog\/wp-json\/wp\/v2\/posts\/447\/revisions"}],"predecessor-version":[{"id":9294,"href":"https:\/\/www.malagaweb.com\/espanol\/blog\/wp-json\/wp\/v2\/posts\/447\/revisions\/9294"}],"wp:featuredmedia":[{"embeddable":true,"href":"https:\/\/www.malagaweb.com\/espanol\/blog\/wp-json\/wp\/v2\/media\/6080"}],"wp:attachment":[{"href":"https:\/\/www.malagaweb.com\/espanol\/blog\/wp-json\/wp\/v2\/media?parent=447"}],"wp:term":[{"taxonomy":"category","embeddable":true,"href":"https:\/\/www.malagaweb.com\/espanol\/blog\/wp-json\/wp\/v2\/categories?post=447"},{"taxonomy":"post_tag","embeddable":true,"href":"https:\/\/www.malagaweb.com\/espanol\/blog\/wp-json\/wp\/v2\/tags?post=447"}],"curies":[{"name":"wp","href":"https:\/\/api.w.org\/{rel}","templated":true}]}}