{"id":362,"date":"2018-04-05T08:00:03","date_gmt":"2018-04-05T08:00:03","guid":{"rendered":"http:\/\/www.malagaweb.com\/espanol\/blog\/noticias\/actividades-378\/"},"modified":"2023-04-10T10:47:45","modified_gmt":"2023-04-10T10:47:45","slug":"feria-del-marisco","status":"publish","type":"post","link":"https:\/\/www.malagaweb.com\/espanol\/blog\/eventos\/feria-del-marisco\/","title":{"rendered":"XI Feria de Marisco en Puerto Marina Benalm\u00e1dena en 2023"},"content":{"rendered":"<p><a href=\"https:\/\/www.malagaweb.com\/espanol\/blog\/wp-content\/uploads\/feria-de-marisco-2018.jpg\" itemprop=\"contentUrl\" data-gallery=\"\" title=\"XI Feria de Marisco en Puerto Marina Benalm\u00e1dena en 2023\" data-wpel-link=\"internal\"><img decoding=\"async\" class=\"alignright wp-image-4402 size-large img-responsive\" loading=\"lazy\" src=\"https:\/\/www.malagaweb.com\/espanol\/blog\/wp-content\/uploads\/feria-de-marisco-2018-282x400.jpg\" alt=\"Feria del Marisco en Benalm\u00e1dena 2018\" width=\"282\" height=\"400\" srcset=\"https:\/\/www.malagaweb.com\/espanol\/blog\/wp-content\/uploads\/feria-de-marisco-2018-282x400.jpg 282w, https:\/\/www.malagaweb.com\/espanol\/blog\/wp-content\/uploads\/feria-de-marisco-2018-493x700.jpg 493w, https:\/\/www.malagaweb.com\/espanol\/blog\/wp-content\/uploads\/feria-de-marisco-2018.jpg 800w\" sizes=\"auto, (max-width: 282px) 100vw, 282px\" \/><\/a>A quien se le haga la boca agua al ver esta imagen deber\u00eda acercarse a la Feria de Marisco que tiene lugar en Puerto Marina. En <a href=\"https:\/\/www.malagaweb.com\/espanol\/benalmadena.php\" data-wpel-link=\"internal\">Benalm\u00e1dena<\/a> del 28 de abril al 1 de mayo se presenta la d\u00e9cima edici\u00f3n de este evento anual.<\/p>\n<blockquote><p>En 2023 tiene lugar del 28 de abril al 1 de mayo.<\/p><\/blockquote>\n<p>Cada a\u00f1o suele instalarse una carpa en pleno centro del recinto portuario. Los visitantes pueden degustar a partir del mediod\u00eda del viernes raciones de toda clase de mariscos frescos.<\/p>\n<p>Gambas cocidas o a la plancha, conchas, mejillones, almejas y mucha m\u00e1s variedad, si eres amante del marisco es una buena excusa para pasarte. Este evento lo organizan los restaurantes que participan en la feria.<\/p>\n<p>\u00bfVas a perd\u00e9rtelo? Contin\u00faa leyendo m\u00e1s detalles sobre este evento anual que tiene lugar en Puerto Marina.<\/p>\n<p><strong>Precios<\/strong><\/p>\n<p>Los siguientes precios corresponden a 2018, por lo que son orientativos:<\/p>\n<ul>\n<li>Bebidas: 1.50\u202f\u20ac<\/li>\n<li>Gambas: 7\u202f\u20ac (Sube 1\u202f\u20ac con respecto a 2017)<\/li>\n<li>Mejillones: 3\u202f\u20ac<\/li>\n<li>Arroz: 5\u202f\u20ac<\/li>\n<li>Almejas: 6\u202f\u20ac<\/li>\n<li>Conchas finas: 1.5\u202f\u20ac por unidad<\/li>\n<\/ul>\n<p><img decoding=\"async\" class=\"aligncenter size-large wp-image-3319 img-responsive\" loading=\"lazy\" src=\"https:\/\/www.malagaweb.com\/espanol\/blog\/wp-content\/uploads\/mariscos-benalmadena-feria-500x234.jpg\" alt=\"mariscos-benalmadena-feria\" width=\"500\" height=\"234\" \/><\/p>\n<h4>\u00bfQu\u00e9 tiempo har\u00e1 el fin de semana en Benalm\u00e1dena?<\/h4>\n<p>A principios de mayo el tiempo suele ser soleado y con temperaturas agradables alrededor de los 20 \u00b0C, por lo que puedes venir en mangas cortas y si quieres hasta disfrutar de la playa que se encuentra justo al lado.<\/p>\n<p>De cualquier modo, al amante del marisco que le apetezca salir de casa no va a dejar pasar la ocasi\u00f3n, aunque haya posibilidad de lluvia o unas pocas nubes. En alguna edici\u00f3n pasada se produjeron ligeros chubascos, aunque nada importante.<\/p>\n<h4>Conociendo Puerto Marina y la feria del marisco en video<\/h4>\n<p>Puerto Marina de Benalm\u00e1dena es uno de los puertos deportivos m\u00e1s originales y bonitos del mundo que ha sido galardonado en varias ocasiones por su inusual dise\u00f1o arquitect\u00f3nico con islas artificiales y una mezcla de estilos indios, \u00e1rabes y andaluces.<\/p>\n<p>En Puerto Marina podemos encontrar un atractivo \u00e1rea comercial y residencial con tiendas, caf\u00e9s y restaurantes junto al mar. La playa lo rodea por ambos lados, por lo que si hace buen tiempo puedes traer el ba\u00f1ador.<\/p>\n<p><strong>\u00bfC\u00f3mo es la feria del marisco?<\/strong> En el siguiente video puedes ver una edici\u00f3n pasada.<\/p>\n<p><span class=\"embed-youtube\" style=\"text-align:center; display: block;\"><iframe loading=\"lazy\" class=\"youtube-player\" width=\"660\" height=\"372\" src=\"https:\/\/www.youtube.com\/embed\/hmK6cDpy1KU?version=3&#038;rel=1&#038;showsearch=0&#038;showinfo=1&#038;iv_load_policy=1&#038;fs=1&#038;hl=es-ES&#038;autohide=2&#038;wmode=transparent\" allowfullscreen=\"true\" style=\"border:0;\" sandbox=\"allow-scripts allow-same-origin allow-popups allow-presentation allow-popups-to-escape-sandbox\"><\/iframe><\/span><\/p>\n<p>El evento se encuentra abierto al p\u00fablico a partir de las 12:00 horas, si te gusta el marisco no te olvides de venir con el est\u00f3mago vac\u00edo.<\/p>\n","protected":false},"excerpt":{"rendered":"<p>Cualquier amante del mar tiene una cita anual en la Feria de Mariscos de Benalm\u00e1dena. Un lugar para deleitar a nuestro paladar. \u00bfQuieres saber m\u00e1s sobre este evento en Puerto Marina, Benalm\u00e1dena?<\/p>\n","protected":false},"author":1,"featured_media":4402,"comment_status":"open","ping_status":"closed","sticky":false,"template":"","format":"standard","meta":{"jetpack_post_was_ever_published":false,"_jetpack_newsletter_access":"","_jetpack_dont_email_post_to_subs":false,"_jetpack_newsletter_tier_id":0,"_jetpack_memberships_contains_paywalled_content":false,"_jetpack_memberships_contains_paid_content":false,"footnotes":"","jetpack_publicize_message":"","jetpack_publicize_feature_enabled":true,"jetpack_social_post_already_shared":true,"jetpack_social_options":{"image_generator_settings":{"template":"highway","default_image_id":0,"font":"","enabled":false},"version":2}},"categories":[77],"tags":[38,46,103],"class_list":["post-362","post","type-post","status-publish","format-standard","has-post-thumbnail","hentry","category-eventos","tag-actividades-malaga","tag-benalmadena","tag-ferias"],"yoast_head":"<!-- This site is optimized with the Yoast SEO plugin v27.5 - https:\/\/yoast.com\/product\/yoast-seo-wordpress\/ -->\n<title>Feria de Marisco en Puerto Marina, Benalm\u00e1dena 2019 - \u00a1No te la pierdas!<\/title>\n<meta name=\"description\" content=\"Bienvenidos a la Feria del Marisco en Benalm\u00e1dena, un lugar perfecto para disfrutar del mejor marisco en Puerto Marina durante el mes de mayo.\" \/>\n<meta name=\"robots\" content=\"index, follow, max-snippet:-1, max-image-preview:large, max-video-preview:-1\" \/>\n<link rel=\"canonical\" href=\"https:\/\/www.malagaweb.com\/espanol\/blog\/eventos\/feria-del-marisco\/\" \/>\n<meta property=\"og:locale\" content=\"es_ES\" \/>\n<meta property=\"og:type\" content=\"article\" \/>\n<meta property=\"og:title\" content=\"Feria de Marisco en Puerto Marina, Benalm\u00e1dena 2019 - \u00a1No te la pierdas!\" \/>\n<meta property=\"og:description\" content=\"Bienvenidos a la Feria del Marisco en Benalm\u00e1dena, un lugar perfecto para disfrutar del mejor marisco en Puerto Marina durante el mes de mayo.\" \/>\n<meta property=\"og:url\" content=\"https:\/\/www.malagaweb.com\/espanol\/blog\/eventos\/feria-del-marisco\/\" \/>\n<meta property=\"og:site_name\" content=\"Blog de M\u00e1laga\" \/>\n<meta property=\"article:publisher\" content=\"https:\/\/www.facebook.com\/Malaga.CostadelSol\/\" \/>\n<meta property=\"article:published_time\" content=\"2018-04-05T08:00:03+00:00\" \/>\n<meta property=\"article:modified_time\" content=\"2023-04-10T10:47:45+00:00\" \/>\n<meta property=\"og:image\" content=\"https:\/\/www.malagaweb.com\/espanol\/blog\/wp-content\/uploads\/feria-de-marisco-2018.jpg\" \/>\n\t<meta property=\"og:image:width\" content=\"800\" \/>\n\t<meta property=\"og:image:height\" content=\"1136\" \/>\n\t<meta property=\"og:image:type\" content=\"image\/jpeg\" \/>\n<meta name=\"author\" content=\"Raul\" \/>\n<meta name=\"twitter:card\" content=\"summary_large_image\" \/>\n<meta name=\"twitter:creator\" content=\"@malagaweb\" \/>\n<meta name=\"twitter:site\" content=\"@malagaweb\" \/>\n<meta name=\"twitter:label1\" content=\"Escrito por\" \/>\n\t<meta name=\"twitter:data1\" content=\"Raul\" \/>\n\t<meta name=\"twitter:label2\" content=\"Tiempo de lectura\" \/>\n\t<meta name=\"twitter:data2\" content=\"3 minutos\" \/>\n<script type=\"application\/ld+json\" class=\"yoast-schema-graph\">{\"@context\":\"https:\\\/\\\/schema.org\",\"@graph\":[{\"@type\":\"Article\",\"@id\":\"https:\\\/\\\/www.malagaweb.com\\\/espanol\\\/blog\\\/eventos\\\/feria-del-marisco\\\/#article\",\"isPartOf\":{\"@id\":\"https:\\\/\\\/www.malagaweb.com\\\/espanol\\\/blog\\\/eventos\\\/feria-del-marisco\\\/\"},\"author\":{\"name\":\"Raul\",\"@id\":\"https:\\\/\\\/www.malagaweb.com\\\/espanol\\\/blog\\\/#\\\/schema\\\/person\\\/e7064ff7a4ff971bc5b3a6e41075ddb4\"},\"headline\":\"XI Feria de Marisco en Puerto Marina Benalm\u00e1dena en 2023\",\"datePublished\":\"2018-04-05T08:00:03+00:00\",\"dateModified\":\"2023-04-10T10:47:45+00:00\",\"mainEntityOfPage\":{\"@id\":\"https:\\\/\\\/www.malagaweb.com\\\/espanol\\\/blog\\\/eventos\\\/feria-del-marisco\\\/\"},\"wordCount\":415,\"commentCount\":0,\"publisher\":{\"@id\":\"https:\\\/\\\/www.malagaweb.com\\\/espanol\\\/blog\\\/#organization\"},\"image\":{\"@id\":\"https:\\\/\\\/www.malagaweb.com\\\/espanol\\\/blog\\\/eventos\\\/feria-del-marisco\\\/#primaryimage\"},\"thumbnailUrl\":\"https:\\\/\\\/www.malagaweb.com\\\/espanol\\\/blog\\\/wp-content\\\/uploads\\\/feria-de-marisco-2018.jpg\",\"keywords\":[\"Actividades\",\"Benalmadena\",\"Ferias y Festivales\"],\"articleSection\":[\"Eventos\"],\"inLanguage\":\"es\",\"potentialAction\":[{\"@type\":\"CommentAction\",\"name\":\"Comment\",\"target\":[\"https:\\\/\\\/www.malagaweb.com\\\/espanol\\\/blog\\\/eventos\\\/feria-del-marisco\\\/#respond\"]}]},{\"@type\":\"WebPage\",\"@id\":\"https:\\\/\\\/www.malagaweb.com\\\/espanol\\\/blog\\\/eventos\\\/feria-del-marisco\\\/\",\"url\":\"https:\\\/\\\/www.malagaweb.com\\\/espanol\\\/blog\\\/eventos\\\/feria-del-marisco\\\/\",\"name\":\"Feria de Marisco en Puerto Marina, Benalm\u00e1dena 2019 - \u00a1No te la pierdas!\",\"isPartOf\":{\"@id\":\"https:\\\/\\\/www.malagaweb.com\\\/espanol\\\/blog\\\/#website\"},\"primaryImageOfPage\":{\"@id\":\"https:\\\/\\\/www.malagaweb.com\\\/espanol\\\/blog\\\/eventos\\\/feria-del-marisco\\\/#primaryimage\"},\"image\":{\"@id\":\"https:\\\/\\\/www.malagaweb.com\\\/espanol\\\/blog\\\/eventos\\\/feria-del-marisco\\\/#primaryimage\"},\"thumbnailUrl\":\"https:\\\/\\\/www.malagaweb.com\\\/espanol\\\/blog\\\/wp-content\\\/uploads\\\/feria-de-marisco-2018.jpg\",\"datePublished\":\"2018-04-05T08:00:03+00:00\",\"dateModified\":\"2023-04-10T10:47:45+00:00\",\"description\":\"Bienvenidos a la Feria del Marisco en Benalm\u00e1dena, un lugar perfecto para disfrutar del mejor marisco en Puerto Marina durante el mes de mayo.\",\"breadcrumb\":{\"@id\":\"https:\\\/\\\/www.malagaweb.com\\\/espanol\\\/blog\\\/eventos\\\/feria-del-marisco\\\/#breadcrumb\"},\"inLanguage\":\"es\",\"potentialAction\":[{\"@type\":\"ReadAction\",\"target\":[\"https:\\\/\\\/www.malagaweb.com\\\/espanol\\\/blog\\\/eventos\\\/feria-del-marisco\\\/\"]}]},{\"@type\":\"ImageObject\",\"inLanguage\":\"es\",\"@id\":\"https:\\\/\\\/www.malagaweb.com\\\/espanol\\\/blog\\\/eventos\\\/feria-del-marisco\\\/#primaryimage\",\"url\":\"https:\\\/\\\/www.malagaweb.com\\\/espanol\\\/blog\\\/wp-content\\\/uploads\\\/feria-de-marisco-2018.jpg\",\"contentUrl\":\"https:\\\/\\\/www.malagaweb.com\\\/espanol\\\/blog\\\/wp-content\\\/uploads\\\/feria-de-marisco-2018.jpg\",\"width\":800,\"height\":1136,\"caption\":\"Feria del Marisco en Benalm\u00e1dena 2018\"},{\"@type\":\"BreadcrumbList\",\"@id\":\"https:\\\/\\\/www.malagaweb.com\\\/espanol\\\/blog\\\/eventos\\\/feria-del-marisco\\\/#breadcrumb\",\"itemListElement\":[{\"@type\":\"ListItem\",\"position\":1,\"name\":\"Blog\",\"item\":\"https:\\\/\\\/www.malagaweb.com\\\/espanol\\\/blog\\\/\"},{\"@type\":\"ListItem\",\"position\":2,\"name\":\"Eventos\",\"item\":\"https:\\\/\\\/www.malagaweb.com\\\/espanol\\\/blog\\\/eventos\\\/\"},{\"@type\":\"ListItem\",\"position\":3,\"name\":\"XI Feria de Marisco en Puerto Marina Benalm\u00e1dena en 2023\"}]},{\"@type\":\"WebSite\",\"@id\":\"https:\\\/\\\/www.malagaweb.com\\\/espanol\\\/blog\\\/#website\",\"url\":\"https:\\\/\\\/www.malagaweb.com\\\/espanol\\\/blog\\\/\",\"name\":\"Blog de M\u00e1laga\",\"description\":\"Blog de M\u00e1laga con informaci\u00f3n \u00fatil para tus vacaciones\",\"publisher\":{\"@id\":\"https:\\\/\\\/www.malagaweb.com\\\/espanol\\\/blog\\\/#organization\"},\"potentialAction\":[{\"@type\":\"SearchAction\",\"target\":{\"@type\":\"EntryPoint\",\"urlTemplate\":\"https:\\\/\\\/www.malagaweb.com\\\/espanol\\\/blog\\\/?s={search_term_string}\"},\"query-input\":{\"@type\":\"PropertyValueSpecification\",\"valueRequired\":true,\"valueName\":\"search_term_string\"}}],\"inLanguage\":\"es\"},{\"@type\":\"Organization\",\"@id\":\"https:\\\/\\\/www.malagaweb.com\\\/espanol\\\/blog\\\/#organization\",\"name\":\"Malagaweb.com\",\"url\":\"https:\\\/\\\/www.malagaweb.com\\\/espanol\\\/blog\\\/\",\"logo\":{\"@type\":\"ImageObject\",\"inLanguage\":\"es\",\"@id\":\"https:\\\/\\\/www.malagaweb.com\\\/espanol\\\/blog\\\/#\\\/schema\\\/logo\\\/image\\\/\",\"url\":\"https:\\\/\\\/www.malagaweb.com\\\/espanol\\\/blog\\\/wp-content\\\/uploads\\\/malagaweb_logo.png\",\"contentUrl\":\"https:\\\/\\\/www.malagaweb.com\\\/espanol\\\/blog\\\/wp-content\\\/uploads\\\/malagaweb_logo.png\",\"width\":190,\"height\":36,\"caption\":\"Malagaweb.com\"},\"image\":{\"@id\":\"https:\\\/\\\/www.malagaweb.com\\\/espanol\\\/blog\\\/#\\\/schema\\\/logo\\\/image\\\/\"},\"sameAs\":[\"https:\\\/\\\/www.facebook.com\\\/Malaga.CostadelSol\\\/\",\"https:\\\/\\\/x.com\\\/malagaweb\"]},{\"@type\":\"Person\",\"@id\":\"https:\\\/\\\/www.malagaweb.com\\\/espanol\\\/blog\\\/#\\\/schema\\\/person\\\/e7064ff7a4ff971bc5b3a6e41075ddb4\",\"name\":\"Raul\",\"image\":{\"@type\":\"ImageObject\",\"inLanguage\":\"es\",\"@id\":\"https:\\\/\\\/secure.gravatar.com\\\/avatar\\\/355bb21897b371342e002159d93cc5a3dcf5add74aab5d2183293cebb23ac386?s=96&r=g\",\"url\":\"https:\\\/\\\/secure.gravatar.com\\\/avatar\\\/355bb21897b371342e002159d93cc5a3dcf5add74aab5d2183293cebb23ac386?s=96&r=g\",\"contentUrl\":\"https:\\\/\\\/secure.gravatar.com\\\/avatar\\\/355bb21897b371342e002159d93cc5a3dcf5add74aab5d2183293cebb23ac386?s=96&r=g\",\"caption\":\"Raul\"},\"description\":\"Desarrollador web y editor de contenidos, autor de muchas de las gu\u00edas tur\u00edsticas que habr\u00e1s podido leer en Internet sobre Andaluc\u00eda, M\u00e1laga y Espa\u00f1a.\"}]}<\/script>\n<!-- \/ Yoast SEO plugin. -->","yoast_head_json":{"title":"Feria de Marisco en Puerto Marina, Benalm\u00e1dena 2019 - \u00a1No te la pierdas!","description":"Bienvenidos a la Feria del Marisco en Benalm\u00e1dena, un lugar perfecto para disfrutar del mejor marisco en Puerto Marina durante el mes de mayo.","robots":{"index":"index","follow":"follow","max-snippet":"max-snippet:-1","max-image-preview":"max-image-preview:large","max-video-preview":"max-video-preview:-1"},"canonical":"https:\/\/www.malagaweb.com\/espanol\/blog\/eventos\/feria-del-marisco\/","og_locale":"es_ES","og_type":"article","og_title":"Feria de Marisco en Puerto Marina, Benalm\u00e1dena 2019 - \u00a1No te la pierdas!","og_description":"Bienvenidos a la Feria del Marisco en Benalm\u00e1dena, un lugar perfecto para disfrutar del mejor marisco en Puerto Marina durante el mes de mayo.","og_url":"https:\/\/www.malagaweb.com\/espanol\/blog\/eventos\/feria-del-marisco\/","og_site_name":"Blog de M\u00e1laga","article_publisher":"https:\/\/www.facebook.com\/Malaga.CostadelSol\/","article_published_time":"2018-04-05T08:00:03+00:00","article_modified_time":"2023-04-10T10:47:45+00:00","og_image":[{"width":800,"height":1136,"url":"https:\/\/www.malagaweb.com\/espanol\/blog\/wp-content\/uploads\/feria-de-marisco-2018.jpg","type":"image\/jpeg"}],"author":"Raul","twitter_card":"summary_large_image","twitter_creator":"@malagaweb","twitter_site":"@malagaweb","twitter_misc":{"Escrito por":"Raul","Tiempo de lectura":"3 minutos"},"schema":{"@context":"https:\/\/schema.org","@graph":[{"@type":"Article","@id":"https:\/\/www.malagaweb.com\/espanol\/blog\/eventos\/feria-del-marisco\/#article","isPartOf":{"@id":"https:\/\/www.malagaweb.com\/espanol\/blog\/eventos\/feria-del-marisco\/"},"author":{"name":"Raul","@id":"https:\/\/www.malagaweb.com\/espanol\/blog\/#\/schema\/person\/e7064ff7a4ff971bc5b3a6e41075ddb4"},"headline":"XI Feria de Marisco en Puerto Marina Benalm\u00e1dena en 2023","datePublished":"2018-04-05T08:00:03+00:00","dateModified":"2023-04-10T10:47:45+00:00","mainEntityOfPage":{"@id":"https:\/\/www.malagaweb.com\/espanol\/blog\/eventos\/feria-del-marisco\/"},"wordCount":415,"commentCount":0,"publisher":{"@id":"https:\/\/www.malagaweb.com\/espanol\/blog\/#organization"},"image":{"@id":"https:\/\/www.malagaweb.com\/espanol\/blog\/eventos\/feria-del-marisco\/#primaryimage"},"thumbnailUrl":"https:\/\/www.malagaweb.com\/espanol\/blog\/wp-content\/uploads\/feria-de-marisco-2018.jpg","keywords":["Actividades","Benalmadena","Ferias y Festivales"],"articleSection":["Eventos"],"inLanguage":"es","potentialAction":[{"@type":"CommentAction","name":"Comment","target":["https:\/\/www.malagaweb.com\/espanol\/blog\/eventos\/feria-del-marisco\/#respond"]}]},{"@type":"WebPage","@id":"https:\/\/www.malagaweb.com\/espanol\/blog\/eventos\/feria-del-marisco\/","url":"https:\/\/www.malagaweb.com\/espanol\/blog\/eventos\/feria-del-marisco\/","name":"Feria de Marisco en Puerto Marina, Benalm\u00e1dena 2019 - \u00a1No te la pierdas!","isPartOf":{"@id":"https:\/\/www.malagaweb.com\/espanol\/blog\/#website"},"primaryImageOfPage":{"@id":"https:\/\/www.malagaweb.com\/espanol\/blog\/eventos\/feria-del-marisco\/#primaryimage"},"image":{"@id":"https:\/\/www.malagaweb.com\/espanol\/blog\/eventos\/feria-del-marisco\/#primaryimage"},"thumbnailUrl":"https:\/\/www.malagaweb.com\/espanol\/blog\/wp-content\/uploads\/feria-de-marisco-2018.jpg","datePublished":"2018-04-05T08:00:03+00:00","dateModified":"2023-04-10T10:47:45+00:00","description":"Bienvenidos a la Feria del Marisco en Benalm\u00e1dena, un lugar perfecto para disfrutar del mejor marisco en Puerto Marina durante el mes de mayo.","breadcrumb":{"@id":"https:\/\/www.malagaweb.com\/espanol\/blog\/eventos\/feria-del-marisco\/#breadcrumb"},"inLanguage":"es","potentialAction":[{"@type":"ReadAction","target":["https:\/\/www.malagaweb.com\/espanol\/blog\/eventos\/feria-del-marisco\/"]}]},{"@type":"ImageObject","inLanguage":"es","@id":"https:\/\/www.malagaweb.com\/espanol\/blog\/eventos\/feria-del-marisco\/#primaryimage","url":"https:\/\/www.malagaweb.com\/espanol\/blog\/wp-content\/uploads\/feria-de-marisco-2018.jpg","contentUrl":"https:\/\/www.malagaweb.com\/espanol\/blog\/wp-content\/uploads\/feria-de-marisco-2018.jpg","width":800,"height":1136,"caption":"Feria del Marisco en Benalm\u00e1dena 2018"},{"@type":"BreadcrumbList","@id":"https:\/\/www.malagaweb.com\/espanol\/blog\/eventos\/feria-del-marisco\/#breadcrumb","itemListElement":[{"@type":"ListItem","position":1,"name":"Blog","item":"https:\/\/www.malagaweb.com\/espanol\/blog\/"},{"@type":"ListItem","position":2,"name":"Eventos","item":"https:\/\/www.malagaweb.com\/espanol\/blog\/eventos\/"},{"@type":"ListItem","position":3,"name":"XI Feria de Marisco en Puerto Marina Benalm\u00e1dena en 2023"}]},{"@type":"WebSite","@id":"https:\/\/www.malagaweb.com\/espanol\/blog\/#website","url":"https:\/\/www.malagaweb.com\/espanol\/blog\/","name":"Blog de M\u00e1laga","description":"Blog de M\u00e1laga con informaci\u00f3n \u00fatil para tus vacaciones","publisher":{"@id":"https:\/\/www.malagaweb.com\/espanol\/blog\/#organization"},"potentialAction":[{"@type":"SearchAction","target":{"@type":"EntryPoint","urlTemplate":"https:\/\/www.malagaweb.com\/espanol\/blog\/?s={search_term_string}"},"query-input":{"@type":"PropertyValueSpecification","valueRequired":true,"valueName":"search_term_string"}}],"inLanguage":"es"},{"@type":"Organization","@id":"https:\/\/www.malagaweb.com\/espanol\/blog\/#organization","name":"Malagaweb.com","url":"https:\/\/www.malagaweb.com\/espanol\/blog\/","logo":{"@type":"ImageObject","inLanguage":"es","@id":"https:\/\/www.malagaweb.com\/espanol\/blog\/#\/schema\/logo\/image\/","url":"https:\/\/www.malagaweb.com\/espanol\/blog\/wp-content\/uploads\/malagaweb_logo.png","contentUrl":"https:\/\/www.malagaweb.com\/espanol\/blog\/wp-content\/uploads\/malagaweb_logo.png","width":190,"height":36,"caption":"Malagaweb.com"},"image":{"@id":"https:\/\/www.malagaweb.com\/espanol\/blog\/#\/schema\/logo\/image\/"},"sameAs":["https:\/\/www.facebook.com\/Malaga.CostadelSol\/","https:\/\/x.com\/malagaweb"]},{"@type":"Person","@id":"https:\/\/www.malagaweb.com\/espanol\/blog\/#\/schema\/person\/e7064ff7a4ff971bc5b3a6e41075ddb4","name":"Raul","image":{"@type":"ImageObject","inLanguage":"es","@id":"https:\/\/secure.gravatar.com\/avatar\/355bb21897b371342e002159d93cc5a3dcf5add74aab5d2183293cebb23ac386?s=96&r=g","url":"https:\/\/secure.gravatar.com\/avatar\/355bb21897b371342e002159d93cc5a3dcf5add74aab5d2183293cebb23ac386?s=96&r=g","contentUrl":"https:\/\/secure.gravatar.com\/avatar\/355bb21897b371342e002159d93cc5a3dcf5add74aab5d2183293cebb23ac386?s=96&r=g","caption":"Raul"},"description":"Desarrollador web y editor de contenidos, autor de muchas de las gu\u00edas tur\u00edsticas que habr\u00e1s podido leer en Internet sobre Andaluc\u00eda, M\u00e1laga y Espa\u00f1a."}]}},"jetpack_publicize_connections":[],"jetpack_featured_media_url":"https:\/\/www.malagaweb.com\/espanol\/blog\/wp-content\/uploads\/feria-de-marisco-2018.jpg","jetpack_shortlink":"https:\/\/wp.me\/p7riGP-5Q","jetpack-related-posts":[{"id":711,"url":"https:\/\/www.malagaweb.com\/espanol\/blog\/eventos\/mercado-arroyo-de-la-miel-benalmadena\/","url_meta":{"origin":362,"position":0},"title":"Mercadillo en Arroyo de la Miel, Benalm\u00e1dena, frente a Tivoli World","author":"Raul","date":"24 mayo, 2012","format":false,"excerpt":"Quien quiera darse un paseo para acercarse a la enorme variedad gastron\u00f3mica de la provincia de M\u00e1laga, tiene una cita este fin de semana en Benalm\u00e1dena. Tivoli World acoge durante los d\u00edas 26 y 27 de mayo el primer Mercado Malague\u00f1o, donde los visitantes podr\u00e1n degustar y comprar productos del\u2026","rel":"","context":"En \u00abEventos\u00bb","block_context":{"text":"Eventos","link":"https:\/\/www.malagaweb.com\/espanol\/blog\/eventos\/"},"img":{"alt_text":"Tivoli World area en Arroyo de la Miel","src":"https:\/\/i0.wp.com\/www.malagaweb.com\/espanol\/blog\/wp-content\/uploads\/tivoli-world-area.jpg?resize=350%2C200&ssl=1","width":350,"height":200,"srcset":"https:\/\/i0.wp.com\/www.malagaweb.com\/espanol\/blog\/wp-content\/uploads\/tivoli-world-area.jpg?resize=350%2C200&ssl=1 1x, https:\/\/i0.wp.com\/www.malagaweb.com\/espanol\/blog\/wp-content\/uploads\/tivoli-world-area.jpg?resize=525%2C300&ssl=1 1.5x, https:\/\/i0.wp.com\/www.malagaweb.com\/espanol\/blog\/wp-content\/uploads\/tivoli-world-area.jpg?resize=700%2C400&ssl=1 2x, https:\/\/i0.wp.com\/www.malagaweb.com\/espanol\/blog\/wp-content\/uploads\/tivoli-world-area.jpg?resize=1050%2C600&ssl=1 3x"},"classes":[]},{"id":6794,"url":"https:\/\/www.malagaweb.com\/espanol\/blog\/eventos\/ferias-mercados-medievales\/","url_meta":{"origin":362,"position":1},"title":"Mercados medievales en M\u00e1laga &#8211; Ferias, actividades y artesan\u00edas","author":"Raul","date":"7 mayo, 2019","format":false,"excerpt":"Las ferias o mercadillos medievales suelen ser eventos populares en la provincia de M\u00e1laga; una buena excusa para conocer diferentes municipios de la provincia y disfrutar de la gastronom\u00eda y de las actividades que proponen. Encontrar\u00e1s desfiles, m\u00fasica, conciertos en directo, puestos de artesan\u00edas y mucho m\u00e1s. \u00bfQuieres conjocer algunos\u2026","rel":"","context":"En \u00abEventos\u00bb","block_context":{"text":"Eventos","link":"https:\/\/www.malagaweb.com\/espanol\/blog\/eventos\/"},"img":{"alt_text":"Ferias medievales en M\u00e1laga","src":"https:\/\/i0.wp.com\/www.malagaweb.com\/espanol\/blog\/wp-content\/uploads\/2019\/05\/ferias-medievales.jpg?resize=350%2C200&ssl=1","width":350,"height":200,"srcset":"https:\/\/i0.wp.com\/www.malagaweb.com\/espanol\/blog\/wp-content\/uploads\/2019\/05\/ferias-medievales.jpg?resize=350%2C200&ssl=1 1x, https:\/\/i0.wp.com\/www.malagaweb.com\/espanol\/blog\/wp-content\/uploads\/2019\/05\/ferias-medievales.jpg?resize=525%2C300&ssl=1 1.5x, https:\/\/i0.wp.com\/www.malagaweb.com\/espanol\/blog\/wp-content\/uploads\/2019\/05\/ferias-medievales.jpg?resize=700%2C400&ssl=1 2x, https:\/\/i0.wp.com\/www.malagaweb.com\/espanol\/blog\/wp-content\/uploads\/2019\/05\/ferias-medievales.jpg?resize=1050%2C600&ssl=1 3x"},"classes":[]},{"id":6946,"url":"https:\/\/www.malagaweb.com\/espanol\/blog\/costa-del-sol\/sea-life-acuario-benalmadena\/","url_meta":{"origin":362,"position":2},"title":"Sea Life, el acuario de Benalm\u00e1dena &#8211; Actividades, horarios y precios","author":"Raul","date":"27 mayo, 2019","format":false,"excerpt":"No solo los ni\u00f1os disfrutar\u00e1n de una visita a Sea Life, el acuario de Benalm\u00e1dena en Puerto Marina. Conoce todos los detalles, horarios y precios de este lugar y preparate para conocer las profundidades marinas de nuestras costas.","rel":"","context":"En \u00abCosta del Sol\u00bb","block_context":{"text":"Costa del Sol","link":"https:\/\/www.malagaweb.com\/espanol\/blog\/costa-del-sol\/"},"img":{"alt_text":"Sea Life Acuario en Benalm\u00e1dena","src":"https:\/\/i0.wp.com\/www.malagaweb.com\/espanol\/blog\/wp-content\/uploads\/2019\/05\/sea-life-acuario-benalmadena.jpg?resize=350%2C200&ssl=1","width":350,"height":200,"srcset":"https:\/\/i0.wp.com\/www.malagaweb.com\/espanol\/blog\/wp-content\/uploads\/2019\/05\/sea-life-acuario-benalmadena.jpg?resize=350%2C200&ssl=1 1x, https:\/\/i0.wp.com\/www.malagaweb.com\/espanol\/blog\/wp-content\/uploads\/2019\/05\/sea-life-acuario-benalmadena.jpg?resize=525%2C300&ssl=1 1.5x, https:\/\/i0.wp.com\/www.malagaweb.com\/espanol\/blog\/wp-content\/uploads\/2019\/05\/sea-life-acuario-benalmadena.jpg?resize=700%2C400&ssl=1 2x, https:\/\/i0.wp.com\/www.malagaweb.com\/espanol\/blog\/wp-content\/uploads\/2019\/05\/sea-life-acuario-benalmadena.jpg?resize=1050%2C600&ssl=1 3x"},"classes":[]},{"id":8816,"url":"https:\/\/www.malagaweb.com\/espanol\/blog\/costa-del-sol\/visita-benalmadena\/","url_meta":{"origin":362,"position":3},"title":"M\u00e1s de 25 cosas que hacer y ver en Benalm\u00e1dena todo el a\u00f1o","author":"Raul","date":"24 abril, 2020","format":false,"excerpt":"\u00bfTienes pensado visitar Benalm\u00e1dena? Entonces puede que te interese esta lista con las mejores ideas para hacer en Benalm\u00e1dena, con las principales plazas y lugares que puedes visitar. Aceptamos sugerencias que iremos a\u00f1adiendo. \u00bfTienes alg\u00fan lugar favorito o lugar de paseo que te gustar\u00eda compartir?","rel":"","context":"En \u00abCosta del Sol\u00bb","block_context":{"text":"Costa del Sol","link":"https:\/\/www.malagaweb.com\/espanol\/blog\/costa-del-sol\/"},"img":{"alt_text":"Benalm\u00e1dena","src":"https:\/\/i0.wp.com\/www.malagaweb.com\/espanol\/blog\/wp-content\/uploads\/2020\/04\/cosas-que-hacer-benalmadena-1.jpg?resize=350%2C200&ssl=1","width":350,"height":200,"srcset":"https:\/\/i0.wp.com\/www.malagaweb.com\/espanol\/blog\/wp-content\/uploads\/2020\/04\/cosas-que-hacer-benalmadena-1.jpg?resize=350%2C200&ssl=1 1x, https:\/\/i0.wp.com\/www.malagaweb.com\/espanol\/blog\/wp-content\/uploads\/2020\/04\/cosas-que-hacer-benalmadena-1.jpg?resize=525%2C300&ssl=1 1.5x, https:\/\/i0.wp.com\/www.malagaweb.com\/espanol\/blog\/wp-content\/uploads\/2020\/04\/cosas-que-hacer-benalmadena-1.jpg?resize=700%2C400&ssl=1 2x, https:\/\/i0.wp.com\/www.malagaweb.com\/espanol\/blog\/wp-content\/uploads\/2020\/04\/cosas-que-hacer-benalmadena-1.jpg?resize=1050%2C600&ssl=1 3x"},"classes":[]},{"id":205,"url":"https:\/\/www.malagaweb.com\/espanol\/blog\/costa-del-sol\/paseos-en-barco\/","url_meta":{"origin":362,"position":4},"title":"Excursiones en catamar\u00e1n en M\u00e1laga, avistamiento de delfines y paseo en barco","author":"Raul","date":"4 febrero, 2011","format":false,"excerpt":"Todo lo que necesitas saber si buscas un paseo en barco o excursi\u00f3n en catamar\u00e1n desde el Puerto de M\u00e1laga, Benalm\u00e1dena o Fuengirola. Desde avistamiento de delfines hasta un rom\u00e1ntico atardecer con cava en barco o incluso una barbacoa. Hay muchas opciones en M\u00e1laga para disfrutar de las bonitas vistas\u2026","rel":"","context":"En \u00abCosta del Sol\u00bb","block_context":{"text":"Costa del Sol","link":"https:\/\/www.malagaweb.com\/espanol\/blog\/costa-del-sol\/"},"img":{"alt_text":"Excursiones en barco y catamar\u00e1n en M\u00e1laga","src":"https:\/\/i0.wp.com\/www.malagaweb.com\/espanol\/blog\/wp-content\/uploads\/2011\/02\/catamaran-marbella-guia.jpg?resize=350%2C200&ssl=1","width":350,"height":200,"srcset":"https:\/\/i0.wp.com\/www.malagaweb.com\/espanol\/blog\/wp-content\/uploads\/2011\/02\/catamaran-marbella-guia.jpg?resize=350%2C200&ssl=1 1x, https:\/\/i0.wp.com\/www.malagaweb.com\/espanol\/blog\/wp-content\/uploads\/2011\/02\/catamaran-marbella-guia.jpg?resize=525%2C300&ssl=1 1.5x, https:\/\/i0.wp.com\/www.malagaweb.com\/espanol\/blog\/wp-content\/uploads\/2011\/02\/catamaran-marbella-guia.jpg?resize=700%2C400&ssl=1 2x, https:\/\/i0.wp.com\/www.malagaweb.com\/espanol\/blog\/wp-content\/uploads\/2011\/02\/catamaran-marbella-guia.jpg?resize=1050%2C600&ssl=1 3x"},"classes":[]},{"id":178,"url":"https:\/\/www.malagaweb.com\/espanol\/blog\/eventos\/patinar-sobre-hielo\/","url_meta":{"origin":362,"position":5},"title":"Patinar sobre hielo en el centro de M\u00e1laga y otros municipios","author":"Raul","date":"13 diciembre, 2019","format":false,"excerpt":"Ni\u00f1os y mayores pueden disfrutar un rato divertido sobre el hielo, con a nueva pista de hielo instalada en la avenida de Andaluc\u00eda, junto a la entrada de El Corte Ingl\u00e9s de M\u00e1laga capital, que ofrecer\u00e1 una nueva forma de entretenimiento durante las fiestas navide\u00f1as.","rel":"","context":"En \u00abEventos\u00bb","block_context":{"text":"Eventos","link":"https:\/\/www.malagaweb.com\/espanol\/blog\/eventos\/"},"img":{"alt_text":"Patinando sobre hielo en M\u00e1laga","src":"https:\/\/i0.wp.com\/www.malagaweb.com\/espanol\/blog\/wp-content\/uploads\/2015\/12\/pista-patinaje-hielo.jpg?resize=350%2C200&ssl=1","width":350,"height":200,"srcset":"https:\/\/i0.wp.com\/www.malagaweb.com\/espanol\/blog\/wp-content\/uploads\/2015\/12\/pista-patinaje-hielo.jpg?resize=350%2C200&ssl=1 1x, https:\/\/i0.wp.com\/www.malagaweb.com\/espanol\/blog\/wp-content\/uploads\/2015\/12\/pista-patinaje-hielo.jpg?resize=525%2C300&ssl=1 1.5x, https:\/\/i0.wp.com\/www.malagaweb.com\/espanol\/blog\/wp-content\/uploads\/2015\/12\/pista-patinaje-hielo.jpg?resize=700%2C400&ssl=1 2x, https:\/\/i0.wp.com\/www.malagaweb.com\/espanol\/blog\/wp-content\/uploads\/2015\/12\/pista-patinaje-hielo.jpg?resize=1050%2C600&ssl=1 3x"},"classes":[]}],"jetpack_sharing_enabled":true,"amp_enabled":true,"_links":{"self":[{"href":"https:\/\/www.malagaweb.com\/espanol\/blog\/wp-json\/wp\/v2\/posts\/362","targetHints":{"allow":["GET"]}}],"collection":[{"href":"https:\/\/www.malagaweb.com\/espanol\/blog\/wp-json\/wp\/v2\/posts"}],"about":[{"href":"https:\/\/www.malagaweb.com\/espanol\/blog\/wp-json\/wp\/v2\/types\/post"}],"author":[{"embeddable":true,"href":"https:\/\/www.malagaweb.com\/espanol\/blog\/wp-json\/wp\/v2\/users\/1"}],"replies":[{"embeddable":true,"href":"https:\/\/www.malagaweb.com\/espanol\/blog\/wp-json\/wp\/v2\/comments?post=362"}],"version-history":[{"count":4,"href":"https:\/\/www.malagaweb.com\/espanol\/blog\/wp-json\/wp\/v2\/posts\/362\/revisions"}],"predecessor-version":[{"id":10041,"href":"https:\/\/www.malagaweb.com\/espanol\/blog\/wp-json\/wp\/v2\/posts\/362\/revisions\/10041"}],"wp:featuredmedia":[{"embeddable":true,"href":"https:\/\/www.malagaweb.com\/espanol\/blog\/wp-json\/wp\/v2\/media\/4402"}],"wp:attachment":[{"href":"https:\/\/www.malagaweb.com\/espanol\/blog\/wp-json\/wp\/v2\/media?parent=362"}],"wp:term":[{"taxonomy":"category","embeddable":true,"href":"https:\/\/www.malagaweb.com\/espanol\/blog\/wp-json\/wp\/v2\/categories?post=362"},{"taxonomy":"post_tag","embeddable":true,"href":"https:\/\/www.malagaweb.com\/espanol\/blog\/wp-json\/wp\/v2\/tags?post=362"}],"curies":[{"name":"wp","href":"https:\/\/api.w.org\/{rel}","templated":true}]}}