{"id":3517,"date":"2019-06-28T12:30:12","date_gmt":"2019-06-28T12:30:12","guid":{"rendered":"http:\/\/www.malagaweb.com\/espanol\/blog\/?p=3517"},"modified":"2020-12-14T10:51:42","modified_gmt":"2020-12-14T10:51:42","slug":"eventos-fin-de-semana-julio","status":"publish","type":"post","link":"https:\/\/www.malagaweb.com\/espanol\/blog\/eventos\/eventos-fin-de-semana-julio\/","title":{"rendered":"Julio en M\u00e1laga: Actividades de fin de semana y otros eventos"},"content":{"rendered":"<p>Julio en M\u00e1laga nos trae adem\u00e1s de una importante subida de temperaturas numerosas actividades para todos los gustos y edades. Si no sabes que hacer este fin de semana te voy a proponer varias ideas. Encontrar\u00e1s desde festivales de m\u00fasica y espect\u00e1culos a\u00e9reos a planetarios situados a 800 metros sobre el nivel del mar, \u00bfte animas?<\/p>\n<p>La semana pasa r\u00e1pido y con el fin de semana llega el tiempo libre y la posibilidad de realizar actividades variadas. El verano es una temporada de actividades y buen tiempo; muchas de las propuestas que traigo duran hasta inicios de septiembre y pueden visitarse durante toda la semana.<\/p>\n<blockquote><p>Esta entrada est\u00e1 desactualizada debido al <a href=\"https:\/\/www.malagaweb.com\/espanol\/blog\/costa-del-sol\/vacaciones-tras-covid-19-malaga\/\" data-wpel-link=\"internal\">Covid-19 en M\u00e1laga<\/a>, te recomiendo visitar nuestro otro art\u00edculo <a href=\"https:\/\/www.malagaweb.com\/espanol\/blog\/costa-del-sol\/malaga-en-julio\/\" data-wpel-link=\"internal\">M\u00e1laga en julio<\/a>.<\/p><\/blockquote>\n<h2>Eventos durante Julio en M\u00e1laga<\/h2>\n<p>Julio comienza con un gran festival de m\u00fasica y sigue con eventos y actividades para todos los p\u00fablicos. Habr\u00e1 novedades este a\u00f1o, veamos algunas de ellas:<\/p>\n<h3>Exhibici\u00f3n de Lego<\/h3>\n<p><a href=\"https:\/\/www.malagaweb.com\/espanol\/blog\/wp-content\/uploads\/2018\/07\/lego-batman.jpg\" itemprop=\"contentUrl\" data-gallery=\"\" title=\"Julio en M\u00e1laga: Actividades de fin de semana y otros eventos\" data-wpel-link=\"internal\"><img decoding=\"async\" class=\"aligncenter size-full wp-image-7151 img-responsive\" loading=\"lazy\" src=\"https:\/\/www.malagaweb.com\/espanol\/blog\/wp-content\/uploads\/2018\/07\/lego-batman.jpg\" alt=\"Batman hecho con Lego\" width=\"956\" height=\"665\" srcset=\"https:\/\/www.malagaweb.com\/espanol\/blog\/wp-content\/uploads\/2018\/07\/lego-batman.jpg 956w, https:\/\/www.malagaweb.com\/espanol\/blog\/wp-content\/uploads\/2018\/07\/lego-batman-575x400.jpg 575w\" sizes=\"auto, (max-width: 956px) 100vw, 956px\" \/><\/a><\/p>\n<p>Durante el mes de julio y hasta septiembre podr\u00e1s visitar la mayor exhibici\u00f3n temporal de Lego en Europa.<\/p>\n<p><strong>Precios:<\/strong><br \/>\n6.50 euros por persona.<br \/>\n9.50\u20ac por persona en horario de tarde.<\/p>\n<p>La exposici\u00f3n de Lego puede visitarse a diario hasta el 1 de septiembre. El horario es de 11 de la ma\u00f1ana hasta las 15.00 horas y hasta las 21.00 horas.<\/p>\n<h3>Weekend festival en Torre del Mar<\/h3>\n<p>Alrededor de 40.000 personas tienen cita en el aclamado <a href=\"https:\/\/www.malagaweb.com\/espanol\/blog\/eventos\/weekend-beach-festival\/\" data-wpel-link=\"internal\">Weekend Beach Festival de Torre del Mar<\/a>. Un evento musical que celebra su nueva edici\u00f3n con una mezcla de estilos y grandes artistas invitados.<\/p>\n<p><img decoding=\"async\" class=\"alignnone size-full img-responsive\" loading=\"lazy\" src=\"https:\/\/www.malagaweb.com\/espanol\/blog\/wp-content\/uploads\/2018\/01\/weekend-beach-festival-2019.jpg\" alt=\"Weekend Beach Festival 2019\" width=\"800\" height=\"800\" \/><\/p>\n<p>Se espera la mayor afluencia de p\u00fablico durante el fin de semana. La lista de los artistas invitados incluye nombres tan conocidos como Black Eyed Peas, The Original Wailers y Medina Azahara entre otros muchos.<\/p>\n<p>El evento tiene lugar en la playa en un gran recinto de alrededor de 25.000 metros cuadrados. Hay espacio para acampar en la playa aunque hay quien prefiere la comodidad de un apartamento, ya puedes aprovechar para hacer algo de turismo si vienes a pasar el fin de semana.<\/p>\n<p>El evento tiene lugar en la playa de Poniente en Torre del Mar. Si te apetece m\u00fasica, sol y playa sin duda es una opci\u00f3n a tener en cuenta.<\/p>\n<p>El precio es desde 68,2\u20ac por la entrada b\u00e1sica hasta los 117.7\u20ac por entrada VIP con opci\u00f3n a acampada dentro del recinto.<\/p>\n<p>Como novedad este a\u00f1o habr\u00e1 puestos de venta y de comida.<\/p>\n<p><strong>Entradas en<\/strong>: <a href=\"http:\/\/www.weekendbeach.es\/\" target=\"_blank\" rel=\"noopener noreferrer nofollow\" data-wpel-link=\"external\" class=\"wpel-icon-right\">http:\/\/www.weekendbeach.es\/<span class=\"wpel-icon wpel-image wpel-icon-13\"><\/span><\/a><\/p>\n<p><strong>Cuando:<\/strong> 3, 4, 5 y 6 de julio.<\/p>\n<p>M\u00e1s informaci\u00f3n <a href=\"https:\/\/www.malagaweb.com\/espanol\/blog\/eventos\/weekend-beach-festival\/\" data-wpel-link=\"internal\">aqu\u00ed<\/a>.<\/p>\n<h3>Jazz en Torremolinos<\/h3>\n<p>El mi\u00e9rcoles 10 de julio comienza en la Plaza de Andaluc\u00eda un festival con artistas de diferentes g\u00e9neros pero con el jazz como eje central de la noche.<\/p>\n<p>Este festival de verano es de asistencia gratuita y tiene lugar a partir de las 21 horas.<\/p>\n<p><strong>Localizaci\u00f3n en mapa:<\/strong> <a href=\"https:\/\/goo.gl\/maps\/xby1bYj3iUG5yByx9\" target=\"_blank\" rel=\"noopener noreferrer nofollow\" data-wpel-link=\"external\" class=\"wpel-icon-right\">https:\/\/goo.gl\/maps\/xby1bYj3iUG5yByx9<span class=\"wpel-icon wpel-image wpel-icon-13\"><\/span><\/a><\/p>\n<h3>Procesiones de la Virgen del Carmen<\/h3>\n<p>La procesi\u00f3n de la Virgen del Carmen es una tradici\u00f3n marinera en la que procesiones se extienden a lo largo de toda la Costa del Sol.<\/p>\n<p>La virgen del Carmen es considerada protectora y patrona de todos los marineros, por lo que su figura se traslada desde la iglesia hasta la playa o el puerto donde la embarcan para recorrer toda la costa acompa\u00f1ada por una multitud y algunos barcos de particulares.<\/p>\n<p>Esta tarde es todo un espect\u00e1culo recomendable si te encuentras en M\u00e1laga durante el mes de julio. Si te interesa, te podemos recomendar visitar la procesi\u00f3n de la Virgen del Carmen desde los siguientes lugares:<\/p>\n<ul>\n<li><strong>La Carihuela en Torremolinos:<\/strong><br \/>\nA partir de las 19.00 horas desde la parroquia de la barriada y embarque a las 21.30 horas en la plaza del Remo.<\/li>\n<li><strong>Estepona<\/strong><br \/>\nSalida de la procesi\u00f3n a las 19.30 horas desde la parroquia del Carmen y embarque en la playa de Rada para iniciar su tradicional procesi\u00f3n por el mar.<\/li>\n<li><strong>Marbella<\/strong><br \/>\nSalida a las 18.00 horas desde la casa hermandad hasta llegar a Plaza de la Iglesia.<\/li>\n<li><strong>Benalm\u00e1dena<\/strong><br \/>\nSalida a las 18.30 horas desde la parroquia del Carmen y embarque a las 21.30 horas.<\/li>\n<li><strong>Fuengirola<br \/>\n<\/strong>Salida desde la parroquia de Santa Fe en Los boliches a las 20.45 horas o desde la parroquia del Carmen a las 19.30 horas.<\/li>\n<li><strong>Torre del Mar<\/strong><br \/>\nSalida a las 18.00 horas desde la capilla de Las Melosas en calle Pescadores.<\/li>\n<li><strong>Nerja<\/strong><br \/>\nSalida a las 19.30 desde la Iglesia de El Salvador hasta la playa de la Torrecilla; desembarcar\u00e1 en Calahonda.<\/li>\n<\/ul>\n<p>Se esperan fuegos artificiales, m\u00fasica y mucha participaci\u00f3n; es un espect\u00e1culo por todo lo alto que ocurre una vez al a\u00f1o.<\/p>\n<p><strong>Cuando:<\/strong> 16 de julio por toda la costa malague\u00f1a.<\/p>\n<h3>La Noche al Raso en Co\u00edn<\/h3>\n<p>Durante el s\u00e1bado 20 de julio de 2019 tiene lugar La Noche al Raso en Co\u00edn con muchas actividades para toda la familia:<\/p>\n<ul>\n<li>19.30 &#8211; Animaci\u00f3n en la Plaza Alameda.<\/li>\n<li>20.00 &#8211; Desfile desde la Alameda al Parque San Agust\u00edn.<\/li>\n<li>21.00 &#8211; Circo con un espect\u00e1culo que encantar\u00e1 a los m\u00e1s peque\u00f1os en el Parque San Agust\u00edn.<\/li>\n<li>21.50 &#8211; Danza y desfile desde el Parque a Santa Mar\u00eda.<\/li>\n<li>22.00 &#8211; M\u00fasica en directo en la Plaza Santa Mar\u00eda.<\/li>\n<li>23.00 &#8211; L\u00edrica y danza en el Patio Convento Santa Mar\u00eda.<\/li>\n<li>23.45 &#8211; Circo acrob\u00e1tico y teatro gestual en Plaza Alameda.<\/li>\n<li>1.00 &#8211; M\u00fasica en directo en la Plaza Berm\u00fadez de la rubia.<\/li>\n<\/ul>\n<p>Adem\u00e1s habr\u00e1 un mercadillo art\u00edstico-literario con bisuter\u00eda de cuero, tejas decoradas, artesania en piedra y otros complementos artesanales.<\/p>\n<p>Los visitantes podr\u00e1n llevarse una foto de recuerdo.<\/p>\n<h3>Noches de magia en el telef\u00e9rico de Benalm\u00e1dena<\/h3>\n<p>Cada noche de la temporada de verano se podr\u00e1 disfrutar de el Planetario al aire libre en la cima del monte Calamorro.<\/p>\n<p>Tras disfrutar de las vistas en el <a href=\"https:\/\/www.malagaweb.com\/espanol\/blog\/excursiones\/teleferico-benalmadena-monte-calamorro\/\" data-wpel-link=\"internal\">telef\u00e9rico de Benalm\u00e1dena<\/a> podr\u00e1s adem\u00e1s maravillarte con el cielo nocturno de la Costa del Sol. Con ayuda de la Sociedad Malague\u00f1a de Astronom\u00eda podr\u00e1s conocer un poco m\u00e1s las estrellas, galaxias, constelaciones y planetas que se encuentran en nuestro cielo.<\/p>\n<p>Todas las noches de julio y agosto habr\u00e1 una exhibici\u00f3n de aves rapaces a las 20:00 horas y el planetario al aire libre a partir de las 22:00 horas.<\/p>\n<p><img decoding=\"async\" class=\"aligncenter size-large wp-image-3099 img-responsive\" loading=\"lazy\" src=\"https:\/\/www.malagaweb.com\/espanol\/blog\/wp-content\/uploads\/teleferico-benalmadena-500x333.jpg\" alt=\"teleferico-benalmadena\" width=\"500\" height=\"333\" \/><\/p>\n<h3>Festival de verano en Plaza Mayor<\/h3>\n<p>El centro comercial de Plaza Mayor organiza como cada a\u00f1o su festival de verano de jueves a s\u00e1bados hasta el d\u00eda 1 de septiembre a partir de las 22:00 horas.<\/p>\n<p>Habr\u00e1 espect\u00e1culos de <a href=\"https:\/\/www.malagaweb.com\/espanol\/blog\/andalucia\/flamenco-folclore-andaluz\/\" data-wpel-link=\"internal\">flamenco<\/a>, magia e ilusionismo entre otras muchas actuaciones como la del Circo Contempor\u00e1neo, la Orquesta Sinf\u00f3nica de M\u00e1laga e incluso musicales infantiles.<\/p>\n<p><strong>A\u00fan no hay confirmaci\u00f3n para este a\u00f1o<\/strong>, pero seguramente sea parecido al que tuvo lugar en 2018.<\/p>\n<p>M\u00e1s informaci\u00f3n en:<br \/>\n<a href=\"https:\/\/www.plazamayor.es\/lifestyle\/articles\/\" target=\"_blank\" rel=\"noopener noreferrer nofollow\" data-wpel-link=\"external\" class=\"wpel-icon-right\">https:\/\/www.plazamayor.es\/lifestyle\/articles\/<span class=\"wpel-icon wpel-image wpel-icon-13\"><\/span><\/a><\/p>\n<p><img decoding=\"async\" class=\"aligncenter size-large wp-image-3032 img-responsive\" loading=\"lazy\" src=\"https:\/\/www.malagaweb.com\/espanol\/blog\/wp-content\/uploads\/plaza-mayor-malaga-500x314.jpg\" alt=\"centro comercial Plaza Mayor en M\u00e1laga\" width=\"500\" height=\"314\" \/><\/p>\n<h3>Festival Internacional A\u00e9reo de Torre del Mar Airshow<\/h3>\n<p>Este a\u00f1o 2019 el festival a\u00e9reo tendr\u00e1 lugar del 12 al 14 de julio. Los horarios son orientativos ya que podr\u00edan variar respecto al pasado a\u00f1o.<\/p>\n<p>M\u00e1s de 40 aeronaves pertenecientes a 6 pa\u00edses diferentes se dan cita en las playas del litoral para disfrute de los visitantes.<\/p>\n<p><span class=\"_4n-j _fbReactionComponent__eventDetailsContentTags fsl\" data-testid=\"event-permalink-details\">El viernes y s\u00e1bado tendr\u00e1n lugar los entrenamientos.<br \/>\nEl s\u00e1bado tendr\u00e1 lugar el <strong>Sunset airshow<\/strong> con vuelos de entrenamiento durante todo el d\u00eda.<br \/>\nEl domingo de 11 a 15:00 horas podr\u00e1s disfrutar del <strong>festival Torre del Mar Airshow<\/strong>.<\/span><\/p>\n<p>El mejor lugar para disfrutar del espect\u00e1culo es cualquier lugar en la playa de Torre del Mar.<\/p>\n<p><strong>Horarios del pasado a\u00f1o:<\/strong><\/p>\n<ul>\n<li>Viernes de 8:00 a 14 horas<\/li>\n<li>S\u00e1bado de 10:45 a 13:30 y de 16:30 a 18:15 horas.<\/li>\n<li>Domingo de 11:15 a 15:23 horas<\/li>\n<\/ul>\n<p>M\u00e1s informaci\u00f3n en: <a href=\"https:\/\/festivalaereotorredelmar.com\/\" target=\"_blank\" rel=\"noopener noreferrer nofollow\" data-wpel-link=\"external\" class=\"wpel-icon-right\">https:\/\/festivalaereotorredelmar.com\/<span class=\"wpel-icon wpel-image wpel-icon-13\"><\/span><\/a><\/p>\n<p><img decoding=\"async\" class=\"aligncenter size-full wp-image-4905 img-responsive\" loading=\"lazy\" src=\"https:\/\/www.malagaweb.com\/espanol\/blog\/wp-content\/uploads\/air-show-torredelmar.jpg\" alt=\"Air Show Torre del Mar\" width=\"1024\" height=\"512\" srcset=\"https:\/\/www.malagaweb.com\/espanol\/blog\/wp-content\/uploads\/air-show-torredelmar.jpg 1024w, https:\/\/www.malagaweb.com\/espanol\/blog\/wp-content\/uploads\/air-show-torredelmar-600x300.jpg 600w\" sizes=\"auto, (max-width: 1024px) 100vw, 1024px\" \/><\/p>\n<h2>Actividades en M\u00e1laga durante julio<\/h2>\n<p>Si te apetecen actividades en M\u00e1laga te traigo algunas de las m\u00e1s recomendadas que podr\u00e1s encontrar este fin de semana.<\/p>\n<h3>Mercado Medieval de Casares<\/h3>\n<p>Este mercado medieval se celebra en Casares a mediados del mes de julio cada a\u00f1o, en 2018 fue del 6 al 8 de julio.<\/p>\n<p>Hay actividades para los ni\u00f1os, productos artesanales y es un lugar id\u00f3neo donde ir a pasar el d\u00eda con amigos o la familia.<\/p>\n<p>M\u00e1s informaci\u00f3n aqu\u00ed: <a href=\"http:\/\/www.casares.es\/agendadeeventos\/2019-06\/\" target=\"_blank\" rel=\"noopener noreferrer nofollow\" data-wpel-link=\"external\" class=\"wpel-icon-right\">http:\/\/www.casares.es\/agendadeeventos\/2019-06\/<span class=\"wpel-icon wpel-image wpel-icon-13\"><\/span><\/a><\/p>\n<h3>Actividades en Co\u00edn en julio 2019<\/h3>\n<p>Este a\u00f1o hay muchas actividades en Co\u00edn durante el mes de julio:<\/p>\n<ul>\n<li>S\u00e1bado 13 &#8211; Festival de Bailes populares<\/li>\n<li>Viernes 19 &#8211; Musealizaci\u00f3n del Casco hist\u00f3rico de Co\u00edn a las 21.30 horas en Plaza de la Alameda.<\/li>\n<li>S\u00e1bado d\u00eda 20 &#8211; Noche al Raso a partir de las 19.30 horas en Plaza Alameda.<\/li>\n<li>Viernes 26 &#8211; Festival de Flamenco en las Cuevas Rupestres.<\/li>\n<\/ul>\n<h4>Festival de Bailes populares en Co\u00edn<\/h4>\n<p>El s\u00e1bado d\u00eda 13 se podr\u00e1 disfrutar de la nueva edici\u00f3n del Festival de Bailes Populares en la Plaza Alameda. Habr\u00e1 actuaciones con grupos venidos de diferentes lugares de Espa\u00f1a; este a\u00f1o se esperan de Ciudad Real y C\u00e1ceres, ofrecer\u00e1n una muestra de bailes caracter\u00edsticos de su propia provincia.<\/p>\n<ul>\n<li>Cuando: S\u00e1bado 13 de julio de 2019 a las 21.30 horas.<\/li>\n<li>Lugar: Plaza de la Alameda. (<a href=\"https:\/\/goo.gl\/maps\/SVoPi3DZ6sDb6Ck99\" target=\"_blank\" rel=\"noopener noreferrer nofollow\" data-wpel-link=\"external\" class=\"wpel-icon-right\">Mapa<span class=\"wpel-icon wpel-image wpel-icon-13\"><\/span><\/a>)<\/li>\n<\/ul>\n<h2>Ferias y fiestas de julio en M\u00e1laga<\/h2>\n<p>\u00bfBuscas ferias y festivales t\u00edpicos en julio?<\/p>\n<h3>Feria de verano de Los \u00c1lamos<\/h3>\n<p>El a\u00f1o pasado fue el s\u00e1bado 8 en el Polideportivo del municipio (junto a la parada del tren) a partir de las 21:00 horas. Podr\u00edamos esperar que este a\u00f1o sea el 6 de julio, pero no hay fecha oficial.<\/p>\n<p>Es una peque\u00f1a feria organizada por el barrio con una orquesta, bebidas y comida. Me parece interesante de incluir por su cercan\u00eda a la parada de tren, por lo que es f\u00e1cil llegar sin problemas.<\/p>\n<h3>Feria de Estepona<\/h3>\n<p>La <a href=\"https:\/\/www.malagaweb.com\/espanol\/blog\/eventos\/feria-estepona\/\" data-wpel-link=\"internal\">feria de Estepona<\/a> suele celebrarse la primera semana de julio y finaliza el domingo.<\/p>\n<p>Podr\u00e1s asistir a conciertos gratuitos que tienen lugar en la Caseta Municipal con artistas como Carlos Baute, Ecos del Rocio o Juan Valderrama.<\/p>\n<p>Encontrar\u00e1s m\u00e1s informaci\u00f3n siguiendo el enlace superior.<\/p>\n<h3>Feria de Campanillas<\/h3>\n<p>La feria se celebra con actividades y actuaciones para toda la familia a mediados de julio.<\/p>\n<p><strong>En 2019 la fecha es del 11 al d\u00eda 16 de julio.<\/strong><\/p>\n<p>El jueves a partir de las 19:00 horas ser\u00e1 el d\u00eda del ni\u00f1o con atracciones a mitad de precio aunque la feria comenzar\u00e1 el viernes 12 a partir de las 19:00 horas con una fiesta infantil.<\/p>\n<p>Puedes echar un vistazo a la programaci\u00f3n de este a\u00f1o aqu\u00ed cuando este disponible:<\/p>\n<p><a href=\"http:\/\/campanillas.eu\/feria-campanillas\/\" target=\"_blank\" rel=\"noopener noreferrer nofollow\" data-wpel-link=\"external\" class=\"wpel-icon-right\">http:\/\/campanillas.eu\/feria-campanillas\/<span class=\"wpel-icon wpel-image wpel-icon-13\"><\/span><\/a><\/p>\n<p>La Feria de Campanillas se celebra este a\u00f1o en una nueva localizaci\u00f3n de manera provisional. Entre Mercadona y el auditorio. (<a href=\"https:\/\/goo.gl\/maps\/Fq9JeP3SZHKUbcaS8\" target=\"_blank\" rel=\"noopener noreferrer nofollow\" data-wpel-link=\"external\" class=\"wpel-icon-right\">Mapa<span class=\"wpel-icon wpel-image wpel-icon-13\"><\/span><\/a>)<\/p>\n<p><strong>\u00bfComo llegar a Campanillas?<\/strong><\/p>\n<p>Puedes ayudarte del siguiente mapa: <a href=\"https:\/\/goo.gl\/maps\/rYKjV6hYcN72\" target=\"_blank\" rel=\"noopener noreferrer nofollow\" data-wpel-link=\"external\" class=\"wpel-icon-right\">https:\/\/goo.gl\/maps\/rYKjV6hYcN72<span class=\"wpel-icon wpel-image wpel-icon-13\"><\/span><\/a><\/p>\n<h3>Feria de la Encarnaci\u00f3n en \u00c1rchez<\/h3>\n<p>El primer fin de semana de julio se celebra por todo lo alto con la feria de \u00c1rchez. Los festejos arrancar\u00e1n el viernes desde por la ma\u00f1ana hasta el domingo de madrugada.<\/p>\n<p>Habr\u00e1 conciertos en directo y actividades para los ni\u00f1os el s\u00e1bado.<\/p>\n<p>Tiene lugar durante la primera quincena de julio; para m\u00e1s informaci\u00f3n puedes visitar el sitio web de Archez en <a href=\"http:\/\/www.archez.es\/\" target=\"_blank\" rel=\"noopener noreferrer nofollow\" data-wpel-link=\"external\" class=\"wpel-icon-right\">http:\/\/www.archez.es\/<span class=\"wpel-icon wpel-image wpel-icon-13\"><\/span><\/a><\/p>\n<h3>Feria de verano en Sayalonga<\/h3>\n<p>A mediados de julio tiene lugar la feria de Sayalonga con actividades durante el d\u00eda y la noche. Suele comenzar un viernes y acabar el domingo.<\/p>\n<p>Habr\u00e1 actuaciones musicales, eventos acu\u00e1ticos y fuegos artificiales.<\/p>\n<p>Deber\u00eda de ser <strong>del 19 al 21 de julio en 2019<\/strong>, puedes comprobar las \u00faltimas noticias en la p\u00e1gina oficial.<\/p>\n<p><a href=\"https:\/\/www.sayalonga.es\/turismo\/fiestas\/\" target=\"_blank\" rel=\"noopener noreferrer nofollow\" data-wpel-link=\"external\" class=\"wpel-icon-right\">https:\/\/www.sayalonga.es\/turismo\/fiestas\/<span class=\"wpel-icon wpel-image wpel-icon-13\"><\/span><\/a><\/p>\n<p><strong>\u00bfComo llegar a Sayalonga?<\/strong><\/p>\n<p>Puedes ayudarte del siguiente mapa: <a href=\"https:\/\/goo.gl\/maps\/RwGenkSPHRk\" target=\"_blank\" rel=\"noopener noreferrer nofollow\" data-wpel-link=\"external\" class=\"wpel-icon-right\">https:\/\/goo.gl\/maps\/RwGenkSPHRk<span class=\"wpel-icon wpel-image wpel-icon-13\"><\/span><\/a><\/p>\n<p><img decoding=\"async\" class=\"aligncenter size-large wp-image-3564 img-responsive\" loading=\"lazy\" src=\"https:\/\/www.malagaweb.com\/espanol\/blog\/wp-content\/uploads\/sayalonga-malaga-500x293.jpg\" alt=\"Sayalonga en M\u00e1laga\" width=\"500\" height=\"293\" \/><\/p>\n<h3>Fiesta del 4 de julio en Macharaviaya<\/h3>\n<p>Es com\u00fan que el primer s\u00e1bado tras el 4 de julio se celebre esta tradicional fiesta en Macharaviaya para celebrar el D\u00eda de la independencia Americana. Esta fiesta conmemora la contribuci\u00f3n de un ciudadano del pueblo a la independencia de Estados Unidos.<\/p>\n<p>Habr\u00e1 recreaciones hist\u00f3ricas y otras actividades para todos los p\u00fablicos el <strong>s\u00e1bado m\u00e1s cercano al 4 de julio<\/strong> a partir de las 21:30 horas.<\/p>\n<p>Hay fuegos artificiales, desfiles, m\u00fasica, comida t\u00edpica americana y mucha diversi\u00f3n.<\/p>\n<h2>Actuaciones y conciertos en julio en M\u00e1laga<\/h2>\n<ul>\n<li>Consulta el calendario de <a href=\"https:\/\/www.malagaweb.com\/espanol\/blog\/eventos\/conciertos-directo-fuengirola-festival\/\" data-wpel-link=\"internal\">conciertos en Fuengirola este verano<\/a>.<\/li>\n<li><a href=\"https:\/\/www.malagaweb.com\/espanol\/blog\/eventos\/starlite-festival-marbella\/\" data-wpel-link=\"internal\">Starlite Festival en Marbella<\/a>, conciertos y actividades durante todo el verano.<\/li>\n<\/ul>\n<h3>Ojeando Festival 2019 en Oj\u00e9n<\/h3>\n<p>La Sierra de las Nieves en Oj\u00e9n es el escenario ideal para este festival de m\u00fasica pop-rock indie durante el segundo fin de semana de julio.<\/p>\n<p>Cada a\u00f1o se dan cita numerosos artistas durante 2 d\u00edas en este bonito pueblo blanco cercano a Marbella. La m\u00fasica llega a los diferentes rincones con conciertos en la plaza, la piscina y hasta en el patio de un colegio.<\/p>\n<p>El precio de las entradas para dos d\u00edas es de 27.50 euros, o 44 euros si decides hacer uso del camping.<\/p>\n<p>El festival tendr\u00e1 lugar el 28 y 29 de julio de 2019.<\/p>\n<h2>M\u00e1s actividades en julio<\/h2>\n<p>Ir\u00e9 actualizando la entrada como cada a\u00f1o para incluir eventos que puedan ser interesantes durante el mes de julio.<\/p>\n<p>Pod\u00e9is visitar el <a href=\"https:\/\/www.malagaweb.com\/espanol\/vacaciones\/\" data-wpel-link=\"internal\">calendario de eventos<\/a> para conocer los ya establecidos oficialmente.<\/p>\n<h3>Anticipo de agosto<\/h3>\n<p>Para finalizar julio un anticipo del comienzo de agosto en M\u00e1laga:<\/p>\n<h4>Los Alamos Beach Festival<\/h4>\n<p><img decoding=\"async\" class=\"alignright size-medium wp-image-3558 img-responsive\" loading=\"lazy\" src=\"https:\/\/www.malagaweb.com\/espanol\/blog\/wp-content\/uploads\/alamos-beach-2017-300x300.jpg\" alt=\"Alamos beach festival 2017\" width=\"300\" height=\"300\" \/><\/p>\n<p>Como cada a\u00f1o llega <a href=\"https:\/\/www.malagaweb.com\/espanol\/blog\/eventos\/los-alamos-beach-festival\/\" data-wpel-link=\"internal\">Los Alamos Beach Festival<\/a> pero <strong>esta vez a Estepona<\/strong>. Numerosos artistas invitados para un alargado fin de semana de m\u00fasica electr\u00f3nica del 31 de julio al 4 de agosto.<\/p>\n<p>M\u00e1s de 55000 visitantes se acercaron por este festival en su pasada edici\u00f3n. Un festival que permite acampar en la playa para quienes quieren aprovechar la experiencia al m\u00e1ximo.<\/p>\n<p>El festival re\u00fane a los mejores DJs del mundo.<\/p>\n<p>M\u00e1s informaci\u00f3n <a href=\"https:\/\/www.malagaweb.com\/espanol\/blog\/eventos\/los-alamos-beach-festival\/\" data-wpel-link=\"internal\">aqu\u00ed<\/a>.<\/p>\n","protected":false},"excerpt":{"rendered":"<p>El mes de julio adem\u00e1s de una subida de temperaturas nos trae numerosas actividades que podr\u00edan interesarte. Hay actividades para todas las edades y gustos, voy a enumerar las m\u00e1s importantes aunque ir\u00e9 ampliando la lista a lo largo del mes.<\/p>\n<p>Muchas de las actividades propuestas se alargan hasta el mes de septiembre, otras son ferias que duran unos pocos d\u00edas. Habr\u00e1 tambi\u00e9n informaci\u00f3n sobre festivales de m\u00fasica.<\/p>\n<p>Si no sabes que hacer en julio en M\u00e1laga, no ser\u00e1 por que no te hemos informado!<\/p>\n","protected":false},"author":1,"featured_media":3569,"comment_status":"open","ping_status":"open","sticky":false,"template":"","format":"standard","meta":{"jetpack_post_was_ever_published":false,"_jetpack_newsletter_access":"","_jetpack_dont_email_post_to_subs":false,"_jetpack_newsletter_tier_id":0,"_jetpack_memberships_contains_paywalled_content":false,"_jetpack_memberships_contains_paid_content":false,"footnotes":"","jetpack_publicize_message":"","jetpack_publicize_feature_enabled":true,"jetpack_social_post_already_shared":true,"jetpack_social_options":{"image_generator_settings":{"template":"highway","default_image_id":0,"font":"","enabled":false},"version":2}},"categories":[77],"tags":[38,8,198,13,60,31,79],"class_list":["post-3517","post","type-post","status-publish","format-standard","has-post-thumbnail","hentry","category-eventos","tag-actividades-malaga","tag-estepona","tag-julio","tag-malaga","tag-noticias-malaga","tag-pueblos-blancos","tag-torremolinos"],"yoast_head":"<!-- This site is optimized with the Yoast SEO plugin v27.5 - https:\/\/yoast.com\/product\/yoast-seo-wordpress\/ -->\n<title>Julio en M\u00e1laga: Actividades de fin de semana y otros eventos<\/title>\n<meta name=\"description\" content=\"\u00bfQuieres saber que hacer este fin de semana de julio en M\u00e1laga? Te propongo numerosas actividades para todos los gustos y edades. \u00bfTe apuntas?\" \/>\n<meta name=\"robots\" content=\"index, follow, max-snippet:-1, max-image-preview:large, max-video-preview:-1\" \/>\n<link rel=\"canonical\" href=\"https:\/\/www.malagaweb.com\/espanol\/blog\/eventos\/eventos-fin-de-semana-julio\/\" \/>\n<meta property=\"og:locale\" content=\"es_ES\" \/>\n<meta property=\"og:type\" content=\"article\" \/>\n<meta property=\"og:title\" content=\"Julio en M\u00e1laga: Actividades de fin de semana y otros eventos\" \/>\n<meta property=\"og:description\" content=\"\u00bfQuieres saber que hacer este fin de semana de julio en M\u00e1laga? Te propongo numerosas actividades para todos los gustos y edades. \u00bfTe apuntas?\" \/>\n<meta property=\"og:url\" content=\"https:\/\/www.malagaweb.com\/espanol\/blog\/eventos\/eventos-fin-de-semana-julio\/\" \/>\n<meta property=\"og:site_name\" content=\"Blog de M\u00e1laga\" \/>\n<meta property=\"article:publisher\" content=\"https:\/\/www.facebook.com\/Malaga.CostadelSol\/\" \/>\n<meta property=\"article:published_time\" content=\"2019-06-28T12:30:12+00:00\" \/>\n<meta property=\"article:modified_time\" content=\"2020-12-14T10:51:42+00:00\" \/>\n<meta property=\"og:image\" content=\"https:\/\/www.malagaweb.com\/espanol\/blog\/wp-content\/uploads\/guia-malaga-esquema.jpg\" \/>\n\t<meta property=\"og:image:width\" content=\"825\" \/>\n\t<meta property=\"og:image:height\" content=\"549\" \/>\n\t<meta property=\"og:image:type\" content=\"image\/jpeg\" \/>\n<meta name=\"author\" content=\"Raul\" \/>\n<meta name=\"twitter:card\" content=\"summary_large_image\" \/>\n<meta name=\"twitter:creator\" content=\"@malagaweb\" \/>\n<meta name=\"twitter:site\" content=\"@malagaweb\" \/>\n<meta name=\"twitter:label1\" content=\"Escrito por\" \/>\n\t<meta name=\"twitter:data1\" content=\"Raul\" \/>\n\t<meta name=\"twitter:label2\" content=\"Tiempo de lectura\" \/>\n\t<meta name=\"twitter:data2\" content=\"12 minutos\" \/>\n<script type=\"application\/ld+json\" class=\"yoast-schema-graph\">{\"@context\":\"https:\\\/\\\/schema.org\",\"@graph\":[{\"@type\":\"Article\",\"@id\":\"https:\\\/\\\/www.malagaweb.com\\\/espanol\\\/blog\\\/eventos\\\/eventos-fin-de-semana-julio\\\/#article\",\"isPartOf\":{\"@id\":\"https:\\\/\\\/www.malagaweb.com\\\/espanol\\\/blog\\\/eventos\\\/eventos-fin-de-semana-julio\\\/\"},\"author\":{\"name\":\"Raul\",\"@id\":\"https:\\\/\\\/www.malagaweb.com\\\/espanol\\\/blog\\\/#\\\/schema\\\/person\\\/e7064ff7a4ff971bc5b3a6e41075ddb4\"},\"headline\":\"Julio en M\u00e1laga: Actividades de fin de semana y otros eventos\",\"datePublished\":\"2019-06-28T12:30:12+00:00\",\"dateModified\":\"2020-12-14T10:51:42+00:00\",\"mainEntityOfPage\":{\"@id\":\"https:\\\/\\\/www.malagaweb.com\\\/espanol\\\/blog\\\/eventos\\\/eventos-fin-de-semana-julio\\\/\"},\"wordCount\":2348,\"commentCount\":0,\"publisher\":{\"@id\":\"https:\\\/\\\/www.malagaweb.com\\\/espanol\\\/blog\\\/#organization\"},\"image\":{\"@id\":\"https:\\\/\\\/www.malagaweb.com\\\/espanol\\\/blog\\\/eventos\\\/eventos-fin-de-semana-julio\\\/#primaryimage\"},\"thumbnailUrl\":\"https:\\\/\\\/www.malagaweb.com\\\/espanol\\\/blog\\\/wp-content\\\/uploads\\\/guia-malaga-esquema.jpg\",\"keywords\":[\"Actividades\",\"Estepona\",\"Julio\",\"M\u00e1laga\",\"Noticias Malaga\",\"Pueblos Blancos\",\"Torremolinos\"],\"articleSection\":[\"Eventos\"],\"inLanguage\":\"es\",\"potentialAction\":[{\"@type\":\"CommentAction\",\"name\":\"Comment\",\"target\":[\"https:\\\/\\\/www.malagaweb.com\\\/espanol\\\/blog\\\/eventos\\\/eventos-fin-de-semana-julio\\\/#respond\"]}]},{\"@type\":\"WebPage\",\"@id\":\"https:\\\/\\\/www.malagaweb.com\\\/espanol\\\/blog\\\/eventos\\\/eventos-fin-de-semana-julio\\\/\",\"url\":\"https:\\\/\\\/www.malagaweb.com\\\/espanol\\\/blog\\\/eventos\\\/eventos-fin-de-semana-julio\\\/\",\"name\":\"Julio en M\u00e1laga: Actividades de fin de semana y otros eventos\",\"isPartOf\":{\"@id\":\"https:\\\/\\\/www.malagaweb.com\\\/espanol\\\/blog\\\/#website\"},\"primaryImageOfPage\":{\"@id\":\"https:\\\/\\\/www.malagaweb.com\\\/espanol\\\/blog\\\/eventos\\\/eventos-fin-de-semana-julio\\\/#primaryimage\"},\"image\":{\"@id\":\"https:\\\/\\\/www.malagaweb.com\\\/espanol\\\/blog\\\/eventos\\\/eventos-fin-de-semana-julio\\\/#primaryimage\"},\"thumbnailUrl\":\"https:\\\/\\\/www.malagaweb.com\\\/espanol\\\/blog\\\/wp-content\\\/uploads\\\/guia-malaga-esquema.jpg\",\"datePublished\":\"2019-06-28T12:30:12+00:00\",\"dateModified\":\"2020-12-14T10:51:42+00:00\",\"description\":\"\u00bfQuieres saber que hacer este fin de semana de julio en M\u00e1laga? Te propongo numerosas actividades para todos los gustos y edades. \u00bfTe apuntas?\",\"breadcrumb\":{\"@id\":\"https:\\\/\\\/www.malagaweb.com\\\/espanol\\\/blog\\\/eventos\\\/eventos-fin-de-semana-julio\\\/#breadcrumb\"},\"inLanguage\":\"es\",\"potentialAction\":[{\"@type\":\"ReadAction\",\"target\":[\"https:\\\/\\\/www.malagaweb.com\\\/espanol\\\/blog\\\/eventos\\\/eventos-fin-de-semana-julio\\\/\"]}]},{\"@type\":\"ImageObject\",\"inLanguage\":\"es\",\"@id\":\"https:\\\/\\\/www.malagaweb.com\\\/espanol\\\/blog\\\/eventos\\\/eventos-fin-de-semana-julio\\\/#primaryimage\",\"url\":\"https:\\\/\\\/www.malagaweb.com\\\/espanol\\\/blog\\\/wp-content\\\/uploads\\\/guia-malaga-esquema.jpg\",\"contentUrl\":\"https:\\\/\\\/www.malagaweb.com\\\/espanol\\\/blog\\\/wp-content\\\/uploads\\\/guia-malaga-esquema.jpg\",\"width\":825,\"height\":549,\"caption\":\"Gu\u00eda de museos en M\u00e1laga\"},{\"@type\":\"BreadcrumbList\",\"@id\":\"https:\\\/\\\/www.malagaweb.com\\\/espanol\\\/blog\\\/eventos\\\/eventos-fin-de-semana-julio\\\/#breadcrumb\",\"itemListElement\":[{\"@type\":\"ListItem\",\"position\":1,\"name\":\"Blog\",\"item\":\"https:\\\/\\\/www.malagaweb.com\\\/espanol\\\/blog\\\/\"},{\"@type\":\"ListItem\",\"position\":2,\"name\":\"Eventos\",\"item\":\"https:\\\/\\\/www.malagaweb.com\\\/espanol\\\/blog\\\/eventos\\\/\"},{\"@type\":\"ListItem\",\"position\":3,\"name\":\"Julio en M\u00e1laga: Actividades de fin de semana y otros eventos\"}]},{\"@type\":\"WebSite\",\"@id\":\"https:\\\/\\\/www.malagaweb.com\\\/espanol\\\/blog\\\/#website\",\"url\":\"https:\\\/\\\/www.malagaweb.com\\\/espanol\\\/blog\\\/\",\"name\":\"Blog de M\u00e1laga\",\"description\":\"Blog de M\u00e1laga con informaci\u00f3n \u00fatil para tus vacaciones\",\"publisher\":{\"@id\":\"https:\\\/\\\/www.malagaweb.com\\\/espanol\\\/blog\\\/#organization\"},\"potentialAction\":[{\"@type\":\"SearchAction\",\"target\":{\"@type\":\"EntryPoint\",\"urlTemplate\":\"https:\\\/\\\/www.malagaweb.com\\\/espanol\\\/blog\\\/?s={search_term_string}\"},\"query-input\":{\"@type\":\"PropertyValueSpecification\",\"valueRequired\":true,\"valueName\":\"search_term_string\"}}],\"inLanguage\":\"es\"},{\"@type\":\"Organization\",\"@id\":\"https:\\\/\\\/www.malagaweb.com\\\/espanol\\\/blog\\\/#organization\",\"name\":\"Malagaweb.com\",\"url\":\"https:\\\/\\\/www.malagaweb.com\\\/espanol\\\/blog\\\/\",\"logo\":{\"@type\":\"ImageObject\",\"inLanguage\":\"es\",\"@id\":\"https:\\\/\\\/www.malagaweb.com\\\/espanol\\\/blog\\\/#\\\/schema\\\/logo\\\/image\\\/\",\"url\":\"https:\\\/\\\/www.malagaweb.com\\\/espanol\\\/blog\\\/wp-content\\\/uploads\\\/malagaweb_logo.png\",\"contentUrl\":\"https:\\\/\\\/www.malagaweb.com\\\/espanol\\\/blog\\\/wp-content\\\/uploads\\\/malagaweb_logo.png\",\"width\":190,\"height\":36,\"caption\":\"Malagaweb.com\"},\"image\":{\"@id\":\"https:\\\/\\\/www.malagaweb.com\\\/espanol\\\/blog\\\/#\\\/schema\\\/logo\\\/image\\\/\"},\"sameAs\":[\"https:\\\/\\\/www.facebook.com\\\/Malaga.CostadelSol\\\/\",\"https:\\\/\\\/x.com\\\/malagaweb\"]},{\"@type\":\"Person\",\"@id\":\"https:\\\/\\\/www.malagaweb.com\\\/espanol\\\/blog\\\/#\\\/schema\\\/person\\\/e7064ff7a4ff971bc5b3a6e41075ddb4\",\"name\":\"Raul\",\"image\":{\"@type\":\"ImageObject\",\"inLanguage\":\"es\",\"@id\":\"https:\\\/\\\/secure.gravatar.com\\\/avatar\\\/355bb21897b371342e002159d93cc5a3dcf5add74aab5d2183293cebb23ac386?s=96&r=g\",\"url\":\"https:\\\/\\\/secure.gravatar.com\\\/avatar\\\/355bb21897b371342e002159d93cc5a3dcf5add74aab5d2183293cebb23ac386?s=96&r=g\",\"contentUrl\":\"https:\\\/\\\/secure.gravatar.com\\\/avatar\\\/355bb21897b371342e002159d93cc5a3dcf5add74aab5d2183293cebb23ac386?s=96&r=g\",\"caption\":\"Raul\"},\"description\":\"Desarrollador web y editor de contenidos, autor de muchas de las gu\u00edas tur\u00edsticas que habr\u00e1s podido leer en Internet sobre Andaluc\u00eda, M\u00e1laga y Espa\u00f1a.\"}]}<\/script>\n<!-- \/ Yoast SEO plugin. -->","yoast_head_json":{"title":"Julio en M\u00e1laga: Actividades de fin de semana y otros eventos","description":"\u00bfQuieres saber que hacer este fin de semana de julio en M\u00e1laga? Te propongo numerosas actividades para todos los gustos y edades. \u00bfTe apuntas?","robots":{"index":"index","follow":"follow","max-snippet":"max-snippet:-1","max-image-preview":"max-image-preview:large","max-video-preview":"max-video-preview:-1"},"canonical":"https:\/\/www.malagaweb.com\/espanol\/blog\/eventos\/eventos-fin-de-semana-julio\/","og_locale":"es_ES","og_type":"article","og_title":"Julio en M\u00e1laga: Actividades de fin de semana y otros eventos","og_description":"\u00bfQuieres saber que hacer este fin de semana de julio en M\u00e1laga? Te propongo numerosas actividades para todos los gustos y edades. \u00bfTe apuntas?","og_url":"https:\/\/www.malagaweb.com\/espanol\/blog\/eventos\/eventos-fin-de-semana-julio\/","og_site_name":"Blog de M\u00e1laga","article_publisher":"https:\/\/www.facebook.com\/Malaga.CostadelSol\/","article_published_time":"2019-06-28T12:30:12+00:00","article_modified_time":"2020-12-14T10:51:42+00:00","og_image":[{"width":825,"height":549,"url":"https:\/\/www.malagaweb.com\/espanol\/blog\/wp-content\/uploads\/guia-malaga-esquema.jpg","type":"image\/jpeg"}],"author":"Raul","twitter_card":"summary_large_image","twitter_creator":"@malagaweb","twitter_site":"@malagaweb","twitter_misc":{"Escrito por":"Raul","Tiempo de lectura":"12 minutos"},"schema":{"@context":"https:\/\/schema.org","@graph":[{"@type":"Article","@id":"https:\/\/www.malagaweb.com\/espanol\/blog\/eventos\/eventos-fin-de-semana-julio\/#article","isPartOf":{"@id":"https:\/\/www.malagaweb.com\/espanol\/blog\/eventos\/eventos-fin-de-semana-julio\/"},"author":{"name":"Raul","@id":"https:\/\/www.malagaweb.com\/espanol\/blog\/#\/schema\/person\/e7064ff7a4ff971bc5b3a6e41075ddb4"},"headline":"Julio en M\u00e1laga: Actividades de fin de semana y otros eventos","datePublished":"2019-06-28T12:30:12+00:00","dateModified":"2020-12-14T10:51:42+00:00","mainEntityOfPage":{"@id":"https:\/\/www.malagaweb.com\/espanol\/blog\/eventos\/eventos-fin-de-semana-julio\/"},"wordCount":2348,"commentCount":0,"publisher":{"@id":"https:\/\/www.malagaweb.com\/espanol\/blog\/#organization"},"image":{"@id":"https:\/\/www.malagaweb.com\/espanol\/blog\/eventos\/eventos-fin-de-semana-julio\/#primaryimage"},"thumbnailUrl":"https:\/\/www.malagaweb.com\/espanol\/blog\/wp-content\/uploads\/guia-malaga-esquema.jpg","keywords":["Actividades","Estepona","Julio","M\u00e1laga","Noticias Malaga","Pueblos Blancos","Torremolinos"],"articleSection":["Eventos"],"inLanguage":"es","potentialAction":[{"@type":"CommentAction","name":"Comment","target":["https:\/\/www.malagaweb.com\/espanol\/blog\/eventos\/eventos-fin-de-semana-julio\/#respond"]}]},{"@type":"WebPage","@id":"https:\/\/www.malagaweb.com\/espanol\/blog\/eventos\/eventos-fin-de-semana-julio\/","url":"https:\/\/www.malagaweb.com\/espanol\/blog\/eventos\/eventos-fin-de-semana-julio\/","name":"Julio en M\u00e1laga: Actividades de fin de semana y otros eventos","isPartOf":{"@id":"https:\/\/www.malagaweb.com\/espanol\/blog\/#website"},"primaryImageOfPage":{"@id":"https:\/\/www.malagaweb.com\/espanol\/blog\/eventos\/eventos-fin-de-semana-julio\/#primaryimage"},"image":{"@id":"https:\/\/www.malagaweb.com\/espanol\/blog\/eventos\/eventos-fin-de-semana-julio\/#primaryimage"},"thumbnailUrl":"https:\/\/www.malagaweb.com\/espanol\/blog\/wp-content\/uploads\/guia-malaga-esquema.jpg","datePublished":"2019-06-28T12:30:12+00:00","dateModified":"2020-12-14T10:51:42+00:00","description":"\u00bfQuieres saber que hacer este fin de semana de julio en M\u00e1laga? Te propongo numerosas actividades para todos los gustos y edades. \u00bfTe apuntas?","breadcrumb":{"@id":"https:\/\/www.malagaweb.com\/espanol\/blog\/eventos\/eventos-fin-de-semana-julio\/#breadcrumb"},"inLanguage":"es","potentialAction":[{"@type":"ReadAction","target":["https:\/\/www.malagaweb.com\/espanol\/blog\/eventos\/eventos-fin-de-semana-julio\/"]}]},{"@type":"ImageObject","inLanguage":"es","@id":"https:\/\/www.malagaweb.com\/espanol\/blog\/eventos\/eventos-fin-de-semana-julio\/#primaryimage","url":"https:\/\/www.malagaweb.com\/espanol\/blog\/wp-content\/uploads\/guia-malaga-esquema.jpg","contentUrl":"https:\/\/www.malagaweb.com\/espanol\/blog\/wp-content\/uploads\/guia-malaga-esquema.jpg","width":825,"height":549,"caption":"Gu\u00eda de museos en M\u00e1laga"},{"@type":"BreadcrumbList","@id":"https:\/\/www.malagaweb.com\/espanol\/blog\/eventos\/eventos-fin-de-semana-julio\/#breadcrumb","itemListElement":[{"@type":"ListItem","position":1,"name":"Blog","item":"https:\/\/www.malagaweb.com\/espanol\/blog\/"},{"@type":"ListItem","position":2,"name":"Eventos","item":"https:\/\/www.malagaweb.com\/espanol\/blog\/eventos\/"},{"@type":"ListItem","position":3,"name":"Julio en M\u00e1laga: Actividades de fin de semana y otros eventos"}]},{"@type":"WebSite","@id":"https:\/\/www.malagaweb.com\/espanol\/blog\/#website","url":"https:\/\/www.malagaweb.com\/espanol\/blog\/","name":"Blog de M\u00e1laga","description":"Blog de M\u00e1laga con informaci\u00f3n \u00fatil para tus vacaciones","publisher":{"@id":"https:\/\/www.malagaweb.com\/espanol\/blog\/#organization"},"potentialAction":[{"@type":"SearchAction","target":{"@type":"EntryPoint","urlTemplate":"https:\/\/www.malagaweb.com\/espanol\/blog\/?s={search_term_string}"},"query-input":{"@type":"PropertyValueSpecification","valueRequired":true,"valueName":"search_term_string"}}],"inLanguage":"es"},{"@type":"Organization","@id":"https:\/\/www.malagaweb.com\/espanol\/blog\/#organization","name":"Malagaweb.com","url":"https:\/\/www.malagaweb.com\/espanol\/blog\/","logo":{"@type":"ImageObject","inLanguage":"es","@id":"https:\/\/www.malagaweb.com\/espanol\/blog\/#\/schema\/logo\/image\/","url":"https:\/\/www.malagaweb.com\/espanol\/blog\/wp-content\/uploads\/malagaweb_logo.png","contentUrl":"https:\/\/www.malagaweb.com\/espanol\/blog\/wp-content\/uploads\/malagaweb_logo.png","width":190,"height":36,"caption":"Malagaweb.com"},"image":{"@id":"https:\/\/www.malagaweb.com\/espanol\/blog\/#\/schema\/logo\/image\/"},"sameAs":["https:\/\/www.facebook.com\/Malaga.CostadelSol\/","https:\/\/x.com\/malagaweb"]},{"@type":"Person","@id":"https:\/\/www.malagaweb.com\/espanol\/blog\/#\/schema\/person\/e7064ff7a4ff971bc5b3a6e41075ddb4","name":"Raul","image":{"@type":"ImageObject","inLanguage":"es","@id":"https:\/\/secure.gravatar.com\/avatar\/355bb21897b371342e002159d93cc5a3dcf5add74aab5d2183293cebb23ac386?s=96&r=g","url":"https:\/\/secure.gravatar.com\/avatar\/355bb21897b371342e002159d93cc5a3dcf5add74aab5d2183293cebb23ac386?s=96&r=g","contentUrl":"https:\/\/secure.gravatar.com\/avatar\/355bb21897b371342e002159d93cc5a3dcf5add74aab5d2183293cebb23ac386?s=96&r=g","caption":"Raul"},"description":"Desarrollador web y editor de contenidos, autor de muchas de las gu\u00edas tur\u00edsticas que habr\u00e1s podido leer en Internet sobre Andaluc\u00eda, M\u00e1laga y Espa\u00f1a."}]}},"jetpack_publicize_connections":[],"jetpack_featured_media_url":"https:\/\/www.malagaweb.com\/espanol\/blog\/wp-content\/uploads\/guia-malaga-esquema.jpg","jetpack_shortlink":"https:\/\/wp.me\/p7riGP-UJ","jetpack-related-posts":[{"id":9008,"url":"https:\/\/www.malagaweb.com\/espanol\/blog\/costa-del-sol\/malaga-en-julio\/","url_meta":{"origin":3517,"position":0},"title":"M\u00e1laga en julio &#8211; Temperatura, ba\u00f1os en la playa y tomar sol","author":"Raul","date":"2 julio, 2024","format":false,"excerpt":"Todo lo que necesitas saber si tienes pensado visitar M\u00e1laga durante el mes de julio. Ir a la playa, de compras o disfrutar de actividades al aire libre. Te voy a contar la ropa que necesitar\u00e1s, el tiempo que hace y si es una buena idea ir a la playa\u2026","rel":"","context":"En \u00abCosta del Sol\u00bb","block_context":{"text":"Costa del Sol","link":"https:\/\/www.malagaweb.com\/espanol\/blog\/costa-del-sol\/"},"img":{"alt_text":"Julio en M\u00e1laga","src":"https:\/\/i0.wp.com\/www.malagaweb.com\/espanol\/blog\/wp-content\/uploads\/2020\/07\/julio-malaga.jpg?resize=350%2C200&ssl=1","width":350,"height":200,"srcset":"https:\/\/i0.wp.com\/www.malagaweb.com\/espanol\/blog\/wp-content\/uploads\/2020\/07\/julio-malaga.jpg?resize=350%2C200&ssl=1 1x, https:\/\/i0.wp.com\/www.malagaweb.com\/espanol\/blog\/wp-content\/uploads\/2020\/07\/julio-malaga.jpg?resize=525%2C300&ssl=1 1.5x, https:\/\/i0.wp.com\/www.malagaweb.com\/espanol\/blog\/wp-content\/uploads\/2020\/07\/julio-malaga.jpg?resize=700%2C400&ssl=1 2x, https:\/\/i0.wp.com\/www.malagaweb.com\/espanol\/blog\/wp-content\/uploads\/2020\/07\/julio-malaga.jpg?resize=1050%2C600&ssl=1 3x"},"classes":[]},{"id":5075,"url":"https:\/\/www.malagaweb.com\/espanol\/blog\/eventos\/gamepolis-malaga\/","url_meta":{"origin":3517,"position":1},"title":"Gamepolis en M\u00e1laga &#8211; Todo sobre el Festival de Videojuegos","author":"Raul","date":"18 julio, 2018","format":false,"excerpt":"\u00bfTe gustar\u00eda asistir a un festival del entretenimiento? Gamepolis en M\u00e1laga nos acerca las \u00faltimas novedades referentes a los videojuegos. Habr\u00e1 torneos, conferencias, actuaciones en directo e incluso concursos de cosplay con diferentes premios. Conoce todos los detalles de este evento que tiene lugar el pr\u00f3ximo f\u00edn de semana en\u2026","rel":"","context":"En \u00abEventos\u00bb","block_context":{"text":"Eventos","link":"https:\/\/www.malagaweb.com\/espanol\/blog\/eventos\/"},"img":{"alt_text":"Gamepolis en M\u00e1laga","src":"https:\/\/i0.wp.com\/www.malagaweb.com\/espanol\/blog\/wp-content\/uploads\/gamepolis-malaga.jpg?resize=350%2C200&ssl=1","width":350,"height":200,"srcset":"https:\/\/i0.wp.com\/www.malagaweb.com\/espanol\/blog\/wp-content\/uploads\/gamepolis-malaga.jpg?resize=350%2C200&ssl=1 1x, https:\/\/i0.wp.com\/www.malagaweb.com\/espanol\/blog\/wp-content\/uploads\/gamepolis-malaga.jpg?resize=525%2C300&ssl=1 1.5x, https:\/\/i0.wp.com\/www.malagaweb.com\/espanol\/blog\/wp-content\/uploads\/gamepolis-malaga.jpg?resize=700%2C400&ssl=1 2x"},"classes":[]},{"id":294,"url":"https:\/\/www.malagaweb.com\/espanol\/blog\/eventos\/fiestas-ferias-malaga-septiembre\/","url_meta":{"origin":3517,"position":2},"title":"Fiestas y ferias de M\u00e1laga en Septiembre &#8211; Actividades para todos","author":"Raul","date":"2 septiembre, 2023","format":false,"excerpt":"Septiembre es el mes de ferias y fiestas en muchos municipios costasole\u00f1os. Son d\u00edas de alegr\u00eda donde se mezcla lo profano con lo religioso. La gente disfruta de coloridos eventos llenos de m\u00fasica, cultura y bailes. \u00bfQuieres conocer m\u00e1s sobre las principales actividades y ferias a las que puedes asistir\u2026","rel":"","context":"En \u00abEventos\u00bb","block_context":{"text":"Eventos","link":"https:\/\/www.malagaweb.com\/espanol\/blog\/eventos\/"},"img":{"alt_text":"Dia mundial del turismo en septiembre","src":"https:\/\/i0.wp.com\/www.malagaweb.com\/espanol\/blog\/wp-content\/uploads\/dia-mundial-turismo.jpg?resize=350%2C200&ssl=1","width":350,"height":200,"srcset":"https:\/\/i0.wp.com\/www.malagaweb.com\/espanol\/blog\/wp-content\/uploads\/dia-mundial-turismo.jpg?resize=350%2C200&ssl=1 1x, https:\/\/i0.wp.com\/www.malagaweb.com\/espanol\/blog\/wp-content\/uploads\/dia-mundial-turismo.jpg?resize=525%2C300&ssl=1 1.5x, https:\/\/i0.wp.com\/www.malagaweb.com\/espanol\/blog\/wp-content\/uploads\/dia-mundial-turismo.jpg?resize=700%2C400&ssl=1 2x, https:\/\/i0.wp.com\/www.malagaweb.com\/espanol\/blog\/wp-content\/uploads\/dia-mundial-turismo.jpg?resize=1050%2C600&ssl=1 3x"},"classes":[]},{"id":3620,"url":"https:\/\/www.malagaweb.com\/espanol\/blog\/eventos\/ferias-fiestas-malaga-agosto\/","url_meta":{"origin":3517,"position":3},"title":"Ferias y fiestas de M\u00e1laga en agosto 2019 &#8211; Todo lo que necesitas saber","author":"Raul","date":"31 julio, 2019","format":false,"excerpt":"Todo lo que necesitas saber sobre las principales ferias y eventos de M\u00e1laga durante el mes de agosto. Si tienes pensado venir o ya est\u00e1s aqu\u00ed te va a resultar \u00fatil conocer cuando y que lugares visitar a lo largo de este mes.","rel":"","context":"En \u00abEventos\u00bb","block_context":{"text":"Eventos","link":"https:\/\/www.malagaweb.com\/espanol\/blog\/eventos\/"},"img":{"alt_text":"fiestas de agosto en M\u00e1laga","src":"https:\/\/i0.wp.com\/www.malagaweb.com\/espanol\/blog\/wp-content\/uploads\/2019\/07\/fiestas-agosto-malaga.jpg?resize=350%2C200&ssl=1","width":350,"height":200,"srcset":"https:\/\/i0.wp.com\/www.malagaweb.com\/espanol\/blog\/wp-content\/uploads\/2019\/07\/fiestas-agosto-malaga.jpg?resize=350%2C200&ssl=1 1x, https:\/\/i0.wp.com\/www.malagaweb.com\/espanol\/blog\/wp-content\/uploads\/2019\/07\/fiestas-agosto-malaga.jpg?resize=525%2C300&ssl=1 1.5x, https:\/\/i0.wp.com\/www.malagaweb.com\/espanol\/blog\/wp-content\/uploads\/2019\/07\/fiestas-agosto-malaga.jpg?resize=700%2C400&ssl=1 2x, https:\/\/i0.wp.com\/www.malagaweb.com\/espanol\/blog\/wp-content\/uploads\/2019\/07\/fiestas-agosto-malaga.jpg?resize=1050%2C600&ssl=1 3x"},"classes":[]},{"id":682,"url":"https:\/\/www.malagaweb.com\/espanol\/blog\/costa-del-sol\/cuando-visitar-malaga-y-que-mes-es-el-mejor-para-viajar-al-sur-de-espana\/","url_meta":{"origin":3517,"position":4},"title":"\u00bfCuando visitar M\u00e1laga y qu\u00e9 mes es el mejor para viajar al sur de Espa\u00f1a?","author":"Raul","date":"28 mayo, 2015","format":false,"excerpt":"Cuando vamos a viajar, lo primero que se nos viene a la cabeza antes de planificar cualquier viaje, es adaptarlo a nuestras posibilidades. Quiz\u00e1s tengas tus vacaciones asignadas y no puedas escoger que dia venir, pero en el afortunado caso de poder tomarte las vacaciones cuando quieras, voy a intentar\u2026","rel":"","context":"En \u00abCosta del Sol\u00bb","block_context":{"text":"Costa del Sol","link":"https:\/\/www.malagaweb.com\/espanol\/blog\/costa-del-sol\/"},"img":{"alt_text":"noticias aeropuerto de Malaga","src":"https:\/\/i0.wp.com\/www.malagaweb.com\/espanol\/blog\/wp-content\/uploads\/holiday-flight.jpg?resize=350%2C200&ssl=1","width":350,"height":200,"srcset":"https:\/\/i0.wp.com\/www.malagaweb.com\/espanol\/blog\/wp-content\/uploads\/holiday-flight.jpg?resize=350%2C200&ssl=1 1x, https:\/\/i0.wp.com\/www.malagaweb.com\/espanol\/blog\/wp-content\/uploads\/holiday-flight.jpg?resize=525%2C300&ssl=1 1.5x, https:\/\/i0.wp.com\/www.malagaweb.com\/espanol\/blog\/wp-content\/uploads\/holiday-flight.jpg?resize=700%2C400&ssl=1 2x"},"classes":[]},{"id":3775,"url":"https:\/\/www.malagaweb.com\/espanol\/blog\/eventos\/ferias-fiestas-malaga-octubre\/","url_meta":{"origin":3517,"position":5},"title":"Ferias y fiestas de M\u00e1laga en octubre","author":"Raul","date":"24 octubre, 2025","format":false,"excerpt":"Octubre en M\u00e1laga nos trae un gran n\u00famero de ferias y fiestas. La provincia tiene mucho m\u00e1s que ofrecer fuera de los meses de verano, ya lo demostramos con las actividades recomendadas en septiembre. \u00bfNos acompa\u00f1as para descubrir que puedes hacer en octubre en M\u00e1laga?","rel":"","context":"En \u00abEventos\u00bb","block_context":{"text":"Eventos","link":"https:\/\/www.malagaweb.com\/espanol\/blog\/eventos\/"},"img":{"alt_text":"M\u00e1laga en Octubre","src":"https:\/\/i0.wp.com\/www.malagaweb.com\/espanol\/blog\/wp-content\/uploads\/2017\/09\/malaga-en-octubre.jpg?resize=350%2C200&ssl=1","width":350,"height":200,"srcset":"https:\/\/i0.wp.com\/www.malagaweb.com\/espanol\/blog\/wp-content\/uploads\/2017\/09\/malaga-en-octubre.jpg?resize=350%2C200&ssl=1 1x, https:\/\/i0.wp.com\/www.malagaweb.com\/espanol\/blog\/wp-content\/uploads\/2017\/09\/malaga-en-octubre.jpg?resize=525%2C300&ssl=1 1.5x, https:\/\/i0.wp.com\/www.malagaweb.com\/espanol\/blog\/wp-content\/uploads\/2017\/09\/malaga-en-octubre.jpg?resize=700%2C400&ssl=1 2x, https:\/\/i0.wp.com\/www.malagaweb.com\/espanol\/blog\/wp-content\/uploads\/2017\/09\/malaga-en-octubre.jpg?resize=1050%2C600&ssl=1 3x"},"classes":[]}],"jetpack_sharing_enabled":true,"amp_enabled":true,"_links":{"self":[{"href":"https:\/\/www.malagaweb.com\/espanol\/blog\/wp-json\/wp\/v2\/posts\/3517","targetHints":{"allow":["GET"]}}],"collection":[{"href":"https:\/\/www.malagaweb.com\/espanol\/blog\/wp-json\/wp\/v2\/posts"}],"about":[{"href":"https:\/\/www.malagaweb.com\/espanol\/blog\/wp-json\/wp\/v2\/types\/post"}],"author":[{"embeddable":true,"href":"https:\/\/www.malagaweb.com\/espanol\/blog\/wp-json\/wp\/v2\/users\/1"}],"replies":[{"embeddable":true,"href":"https:\/\/www.malagaweb.com\/espanol\/blog\/wp-json\/wp\/v2\/comments?post=3517"}],"version-history":[{"count":4,"href":"https:\/\/www.malagaweb.com\/espanol\/blog\/wp-json\/wp\/v2\/posts\/3517\/revisions"}],"predecessor-version":[{"id":9417,"href":"https:\/\/www.malagaweb.com\/espanol\/blog\/wp-json\/wp\/v2\/posts\/3517\/revisions\/9417"}],"wp:featuredmedia":[{"embeddable":true,"href":"https:\/\/www.malagaweb.com\/espanol\/blog\/wp-json\/wp\/v2\/media\/3569"}],"wp:attachment":[{"href":"https:\/\/www.malagaweb.com\/espanol\/blog\/wp-json\/wp\/v2\/media?parent=3517"}],"wp:term":[{"taxonomy":"category","embeddable":true,"href":"https:\/\/www.malagaweb.com\/espanol\/blog\/wp-json\/wp\/v2\/categories?post=3517"},{"taxonomy":"post_tag","embeddable":true,"href":"https:\/\/www.malagaweb.com\/espanol\/blog\/wp-json\/wp\/v2\/tags?post=3517"}],"curies":[{"name":"wp","href":"https:\/\/api.w.org\/{rel}","templated":true}]}}