{"id":294,"date":"2023-09-02T15:30:11","date_gmt":"2023-09-02T15:30:11","guid":{"rendered":"http:\/\/www.malagaweb.com\/espanol\/blog\/costa-del-sol\/cultura-309\/"},"modified":"2024-08-23T11:55:28","modified_gmt":"2024-08-23T11:55:28","slug":"fiestas-ferias-malaga-septiembre","status":"publish","type":"post","link":"https:\/\/www.malagaweb.com\/espanol\/blog\/eventos\/fiestas-ferias-malaga-septiembre\/","title":{"rendered":"Fiestas y ferias de M\u00e1laga en Septiembre &#8211; Actividades para todos"},"content":{"rendered":"<p><img decoding=\"async\" class=\"alignright size-full wp-image-2327 img-responsive\" loading=\"lazy\" src=\"https:\/\/www.malagaweb.com\/espanol\/blog\/wp-content\/uploads\/calendar-clock-icon.png\" alt=\"Calendario fin de semana\" width=\"256\" height=\"256\" srcset=\"https:\/\/www.malagaweb.com\/espanol\/blog\/wp-content\/uploads\/calendar-clock-icon.png 256w, https:\/\/www.malagaweb.com\/espanol\/blog\/wp-content\/uploads\/calendar-clock-icon-150x150.png 150w\" sizes=\"auto, (max-width: 256px) 100vw, 256px\" \/>Septiembre es el mes de ferias y fiestas en muchos municipios costasole\u00f1os. Son d\u00edas de alegr\u00eda donde se mezcla lo profano con lo religioso. La gente disfruta de coloridos eventos llenos de m\u00fasica, cultura y bailes durante el oto\u00f1o en M\u00e1laga.<\/p>\n<p>El equinoccio de oto\u00f1o es alrededor del 21 de septiembre.<\/p>\n<p>Si est\u00e1 en estas fechas de visita por <a href=\"https:\/\/www.malagaweb.com\/espanol\/\" data-wpel-link=\"internal\">M\u00e1laga y la Costa del Sol<\/a>, \u00a1ac\u00e9rcate y disfruta con nosotros!<\/p>\n<h2>Ferias y fiestas en septiembre<\/h2>\n<p>Septiembre es un mes especialmente popular en lo referente a ferias y fiestas t\u00edpicas de M\u00e1laga. Si tienes pensado visitar la provincia durante este mes, puedes planificar que actividades te gustar\u00eda visitar.<\/p>\n<ul>\n<li><a href=\"#1-15\">Primera quincena de Septiembre<\/a><\/li>\n<li><a href=\"#15-30\">Segunda quincena de Septiembre<\/a><\/li>\n<li><a href=\"#transporte\">Medios de transporte<\/a><\/li>\n<\/ul>\n<h2 id=\"1-15\">Primera quincena de septiembre<\/h2>\n<p>El mes de septiembre comienza con fiestas y ferias variadas en diferentes pueblos de la provincia.<\/p>\n<h3>Fiesta de la vendimia en Manilva<\/h3>\n<p><a href=\"https:\/\/www.malagaweb.com\/blog\/wp-content\/uploads\/2018\/08\/recolecta-uva.jpg\" itemprop=\"contentUrl\" data-gallery=\"\" title=\"Fiestas y ferias de M\u00e1laga en Septiembre - Actividades para todos\" data-wpel-link=\"internal\"><img decoding=\"async\" class=\"aligncenter wp-image-6577 size-full img-responsive\" loading=\"lazy\" src=\"https:\/\/www.malagaweb.com\/blog\/wp-content\/uploads\/2018\/08\/recolecta-uva.jpg\" alt=\"Recolecta de uva\" width=\"900\" height=\"484\" \/><\/a><\/p>\n<p>El primer fin de semana de septiembre de viernes a domingo tienes una cita en Manilva. Habr\u00e1 degustaci\u00f3n de vinos adem\u00e1s de otros eventos como un festival flamenco y la procesi\u00f3n de la Virgen de los Dolores.<\/p>\n<p>El evento tiene lugar en el centro de Manilva y da comienzo el viernes con actividades culturales y folcl\u00f3ricas. A partir de las 22.00 horas tiene lugar un festival de flamenco.<\/p>\n<ul>\n<li><strong>Cuando: <\/strong>2 de septiembre a las 19:00h y 3 de septiembre.<\/li>\n<li><strong>Lugar:<\/strong> Manilva (<a href=\"https:\/\/goo.gl\/maps\/A8Dx632wwjyg9jtL8\" target=\"_blank\" rel=\"noopener noreferrer nofollow\" data-wpel-link=\"external\" class=\"wpel-icon-right\">Mapa<span class=\"wpel-icon wpel-image wpel-icon-13\"><\/span><\/a>)<\/li>\n<\/ul>\n<p><a href=\"https:\/\/www.malagaweb.com\/espanol\/aeropuerto-malaga\/direcciones\/malaga-a-manilva.php\" data-wpel-link=\"internal\">Como llegar a Manilva desde M\u00e1laga<\/a> ya sea en coche o utilizando el transporte p\u00fablico.<\/p>\n<h3>Feria de Ronda y Corrida Goyesca<\/h3>\n<figure id=\"attachment_7372\" aria-describedby=\"caption-attachment-7372\" style=\"width: 900px\" class=\"wp-caption aligncenter\"><a href=\"https:\/\/www.malagaweb.com\/espanol\/blog\/wp-content\/uploads\/2018\/08\/feria-pedro-romero-ronda.jpg\" itemprop=\"contentUrl\" data-gallery=\"\" title=\"Fiestas y ferias de M\u00e1laga en Septiembre - Actividades para todos\" data-wpel-link=\"internal\"><img decoding=\"async\" class=\"wp-image-7372 size-full img-responsive\" loading=\"lazy\" src=\"https:\/\/www.malagaweb.com\/espanol\/blog\/wp-content\/uploads\/2018\/08\/feria-pedro-romero-ronda.jpg\" alt=\"Feria Pedro Romero en Ronda\" width=\"900\" height=\"552\" srcset=\"https:\/\/www.malagaweb.com\/espanol\/blog\/wp-content\/uploads\/2018\/08\/feria-pedro-romero-ronda.jpg 900w, https:\/\/www.malagaweb.com\/espanol\/blog\/wp-content\/uploads\/2018\/08\/feria-pedro-romero-ronda-600x368.jpg 600w\" sizes=\"auto, (max-width: 900px) 100vw, 900px\" \/><\/a><figcaption id=\"caption-attachment-7372\" class=\"wp-caption-text\">Foto de la the Feria de Pedro Romero por <a href=\"https:\/\/commons.wikimedia.org\/wiki\/File:Ronda_fiesta_2.jpg\" itemprop=\"contentUrl\" data-gallery=\"\" title=\"Fiestas y ferias de M\u00e1laga en Septiembre - Actividades para todos\" target=\"_blank\" rel=\"noopener noreferrer nofollow\" data-wpel-link=\"external\" class=\"wpel-icon-right\">Andrej Otrebski<span class=\"wpel-icon wpel-image wpel-icon-13\"><\/span><\/a>.<\/figcaption><\/figure>\n<p>La tradicional Feria de Ronda conocida como Feria de Pedro Romero se celebra entre la \u00faltima semana de agosto y principios de septiembre. No confundir con la <a href=\"https:\/\/www.malagaweb.com\/espanol\/blog\/eventos\/ronda-romantica\/\" data-wpel-link=\"internal\">Real Feria de Mayo en Ronda<\/a>.<\/p>\n<p>Es un evento declarado Fiesta de Inter\u00e9s Tur\u00edstico Nacional de Andaluc\u00eda destaca especialmente la tradicional &#8216;<em>Corrida Goyesca<\/em>&#8216; en la Plaza de la Real Maestranza de Caballer\u00eda de Ronda.<\/p>\n<ul>\n<li><strong>Cuando: <\/strong>El primer s\u00e1bado despu\u00e9s del 2 de septiembre. Tiene una duraci\u00f3n de 6 d\u00edas.<\/li>\n<li><strong>Lugar:<\/strong> Ronda (<a href=\"https:\/\/goo.gl\/maps\/X3pfmGD4rbrmbPjLA\" target=\"_blank\" rel=\"noopener noreferrer nofollow\" data-wpel-link=\"external\" class=\"wpel-icon-right\">Mapa<span class=\"wpel-icon wpel-image wpel-icon-13\"><\/span><\/a>).<\/li>\n<\/ul>\n<p><a href=\"https:\/\/www.malagaweb.com\/espanol\/aeropuerto-malaga\/direcciones\/malaga-a-ronda.php\" data-wpel-link=\"internal\">Como llegar a Ronda<\/a> utilizando transporte p\u00fablico, taxi o tu propio veh\u00edculo.<\/p>\n<h3>Verbena Popular en Alhaur\u00edn de la Torre<\/h3>\n<p>Esta popular fiesta tiene lugar a principios de mes y comienza el primer viernes de septiembre con un desfile inaugural de coches de \u00e9poca, numerosas actividades y conciertos. Este evento dura 4 d\u00edas.<\/p>\n<p><strong>Location:<\/strong> <a href=\"https:\/\/goo.gl\/maps\/NqCszFemyAquYdAKA\" target=\"_blank\" rel=\"noopener nofollow\" data-wpel-link=\"external\" class=\"wpel-icon-right\">Parque Municipal de los Patos<span class=\"wpel-icon wpel-image wpel-icon-13\"><\/span><\/a><\/p>\n<h3>Luna Mora de Guaro en Septiembre<\/h3>\n<p>Durante dos d\u00edas (generalmente el <strong>segundo fin de semana de septiembre<\/strong>) el centro de este pueblo serrano se convierte en un punto de encuentro de la cultura andalus\u00ed medieval, a la luz de 25.000 velas.<\/p>\n<p>La <a href=\"https:\/\/www.malagaweb.com\/espanol\/blog\/eventos\/luna-mora-de-guaro\/\" data-wpel-link=\"internal\">Luna Mora en Guaro<\/a> cuenta con actuaciones, casetas de artesan\u00eda y gastron\u00f3micas. Para m\u00e1s informaci\u00f3n sobre cuando tiene lugar y la programaci\u00f3n de este a\u00f1o recomiendo seguir el enlace.<\/p>\n<ul>\n<li><strong>Cuando:<\/strong> Primer fin de semana de septiembre<\/li>\n<li><strong>Lugar:<\/strong> Guaro (<a href=\"https:\/\/goo.gl\/maps\/g9tmSNu4UDMTVLFr9\" target=\"_blank\" rel=\"noopener noreferrer nofollow\" data-wpel-link=\"external\" class=\"wpel-icon-right\">Mapa<span class=\"wpel-icon wpel-image wpel-icon-13\"><\/span><\/a>).<\/li>\n<\/ul>\n<p><img decoding=\"async\" class=\"aligncenter size-large wp-image-2877 img-responsive\" loading=\"lazy\" src=\"https:\/\/www.malagaweb.com\/espanol\/blog\/wp-content\/uploads\/luna-mora-guaro-500x281.jpg\" alt=\"luna-mora-guaro\" width=\"500\" height=\"281\" \/><\/p>\n<h3>Embrujo Andalus\u00ed Carratraca<\/h3>\n<p>Conoce la cultura andalus\u00ed que impregna las calles de esta localidad y transp\u00f3rtate al pasado en Carratraca a principios de septiembre durante tres d\u00edas.<\/p>\n<p>Encontrar\u00e1s un mercado medieval y actividades de todo tipo para los visitantes; desde exposiciones y talleres a teatro, bailes, actividades para los ni\u00f1os y desfiles por las calles de Carratraca. No faltar\u00e1n los malabaristas, el t\u00e9 y los dulces \u00e1rabes y espect\u00e1culos de fuegos artificiales.<\/p>\n<p>Las calles del municipio se iluminan con 25.000 velas durante este festival.<\/p>\n<ul>\n<li><strong>Cuando:<\/strong> Primer fin de semana de septiembre<\/li>\n<li><strong>Donde:<\/strong> Carratraca (<a href=\"https:\/\/goo.gl\/maps\/VyvRPr3ZhB49cuP19\" target=\"_blank\" rel=\"noopener noreferrer nofollow\" data-wpel-link=\"external\" class=\"wpel-icon-right\">Mapa<span class=\"wpel-icon wpel-image wpel-icon-13\"><\/span><\/a>)<\/li>\n<li><strong>Programa y m\u00e1s informaci\u00f3n:<\/strong><\/li>\n<\/ul>\n<h3>Feria de Mijas en septiembre<\/h3>\n<p>La Feria de Mijas Pueblo tiene lugar la primera quincena de septiembre. A partir de entonces cada d\u00eda habr\u00e1 eventos y actuaciones en Mijas a lo largo de toda la semana.<\/p>\n<p>El primer d\u00eda de feria al llegar la noche se inaugura el encendido de las luces de la feria. Al d\u00eda siguiente comienza de manera oficial la feria de d\u00eda.<\/p>\n<ul>\n<li><strong>Cuando:<\/strong> 6 al 11 de septiembre.<\/li>\n<li><strong>M\u00e1s informaci\u00f3n:<\/strong> Visita nuestro art\u00edculo de la <a href=\"https:\/\/www.malagaweb.com\/espanol\/blog\/eventos\/feria-mijas-pueblo\/\" data-wpel-link=\"internal\">Feria de Mijas<\/a>.<\/li>\n<\/ul>\n<p>Puedes leer sobre <a href=\"https:\/\/www.malagaweb.com\/espanol\/aeropuerto-malaga\/direcciones\/malaga-a-mijas.php\" data-wpel-link=\"internal\">como llegar a Mijas<\/a> en nuestra web.<\/p>\n<p><img decoding=\"async\" class=\"aligncenter size-large wp-image-2981 img-responsive\" loading=\"lazy\" src=\"https:\/\/www.malagaweb.com\/blog\/wp-content\/uploads\/2016\/09\/mijas-pueblo-feria-500x333.jpg\" alt=\"mijas-pueblo-feria\" width=\"500\" height=\"333\" \/><\/p>\n<h3>Fiesta del Ajoblanco en Alm\u00e1char el primer s\u00e1bado de septiembre<\/h3>\n<p><span class=\"embed-youtube\" style=\"text-align:center; display: block;\"><iframe loading=\"lazy\" class=\"youtube-player\" width=\"660\" height=\"372\" src=\"https:\/\/www.youtube.com\/embed\/n3e5VlOfRA0?version=3&#038;rel=1&#038;showsearch=0&#038;showinfo=1&#038;iv_load_policy=1&#038;fs=1&#038;hl=es-ES&#038;autohide=2&#038;wmode=transparent\" allowfullscreen=\"true\" style=\"border:0;\" sandbox=\"allow-scripts allow-same-origin allow-popups allow-presentation allow-popups-to-escape-sandbox\"><\/iframe><\/span><\/p>\n<p>Evento gastron\u00f3mico que lleva celebr\u00e1ndose desde 1968 y de entrada gratuita con numerosas actividades el <strong>primer s\u00e1bado de septiembre<\/strong>.<\/p>\n<p>La fiesta incluye por supuesto ajoblanco,\u00a0 una ruta gastron\u00f3mica y numerosos eventos para todos los p\u00fablicos. Habr\u00e1n bailes regionales y una Noche Flamenca del Ajoblanco, para quien guste de disfrutar del <a href=\"https:\/\/www.malagaweb.com\/espanol\/blog\/andalucia\/flamenco-folclore-andaluz\/\" data-wpel-link=\"internal\">flamenco en M\u00e1laga<\/a>.<\/p>\n<ul>\n<li><strong>Lugar:<\/strong> Almachar. Consulta el <a href=\"https:\/\/goo.gl\/maps\/xtUBhJR1rEN2\" target=\"_blank\" rel=\"noopener noreferrer nofollow\" data-wpel-link=\"external\" class=\"wpel-icon-right\">mapa y como llegar aqu\u00ed<span class=\"wpel-icon wpel-image wpel-icon-13\"><\/span><\/a>.<\/li>\n<li><strong>Cuando:<\/strong> El primer s\u00e1bado de septiembre.<\/li>\n<\/ul>\n<h3>Feria de \u00c1rdales<\/h3>\n<p>La feria de Ardales puede variar cada a\u00f1o.<\/p>\n<p>Es una fiesta popular con banda de m\u00fasica y Romer\u00eda de la V\u00edrgen de Villaverde, figura que es transportada hasta el Embalse del Guadalhorce.<\/p>\n<ul>\n<li><strong>Lugar:<\/strong> \u00c1rdales. Como llegar aqu\u00ed: <a href=\"https:\/\/goo.gl\/maps\/EsRv4RAbj662\" target=\"_blank\" rel=\"noopener noreferrer nofollow\" data-wpel-link=\"external\" class=\"wpel-icon-right\">https:\/\/goo.gl\/maps\/EsRv4RAbj662<span class=\"wpel-icon wpel-image wpel-icon-13\"><\/span><\/a><\/li>\n<li><strong>Cuando:<\/strong> 27 de septiembre al 1 de octubre.<\/li>\n<\/ul>\n<h3>Feria de la aceituna en Alozaina<\/h3>\n<p>Entre el 8 y el 12 de septiembre se celebra la recogida de la aceituna en el municipio malague\u00f1o de Alozaina. Se celebra con cerveza, cerdo y queso del pueblo.<\/p>\n<p>La feria se celebr\u00f3 por primera vez en 1929 y ofrece a los visitantes la oportunidad de conocer la recogida tradicional de la aceituna verde en Alozaina.<\/p>\n<p>Program: <a href=\"https:\/\/static.malaga.es\/municipios\/subidas\/archivos\/0\/5\/arc_218450.pdf\" target=\"_blank\" rel=\"noopener nofollow\" data-wpel-link=\"external\" class=\"wpel-icon-right\">https:\/\/static.malaga.es\/municipios\/subidas\/archivos\/0\/5\/arc_218450.pdf<span class=\"wpel-icon wpel-image wpel-icon-13\"><\/span><\/a><\/p>\n<p>Consulte este mapa para saber <a href=\"https:\/\/goo.gl\/maps\/zaJr2mNqy9D2\" target=\"_blank\" rel=\"noopener noreferrer nofollow\" data-wpel-link=\"external\" class=\"wpel-icon-right\">c\u00f3mo llegar a Alozaina<span class=\"wpel-icon wpel-image wpel-icon-13\"><\/span><\/a>.<\/p>\n<h3>Feria de las Maravillas en Maro, Nerja<\/h3>\n<p>La Feria de las Maravillas suele tener lugar alrededor del d\u00eda 8 de septiembre, pero no hay informaci\u00f3n oficial a\u00fan.<\/p>\n<p>Es una antigua feria popular con or\u00edgenes en el siglo XVI y que cuenta con un desfile de la Virgen de las Maravillas y se lanzan fuegos artificiales.<\/p>\n<p>Se organizan numerosas actividades con m\u00fasica, barbacoas en la playa y mucho m\u00e1s.<\/p>\n<ul>\n<li><strong>Cuando:<\/strong> Del 6 al 9 de septiembre.<\/li>\n<li><strong>Lugar:<\/strong> Maro en Nerja. (<a href=\"https:\/\/goo.gl\/maps\/pyMRN8BB9vtULvqP8\" target=\"_blank\" rel=\"noopener noreferrer nofollow\" data-wpel-link=\"external\" class=\"wpel-icon-right\">Mapa<span class=\"wpel-icon wpel-image wpel-icon-13\"><\/span><\/a>)<\/li>\n<\/ul>\n<h3>Pasarela Larios &#8211; Fashion Week Malaga<\/h3>\n<p>Este a\u00f1o se vuelven a dar cita en la capital malague\u00f1a numerosos dise\u00f1adores de alta costura, estilistas y exclusividad. Habr\u00e1 adem\u00e1s un concurso de moda creativa que pretende impulsar a los m\u00e1s j\u00f3venes talentos.<\/p>\n<p><span class=\"embed-youtube\" style=\"text-align:center; display: block;\"><iframe loading=\"lazy\" class=\"youtube-player\" width=\"660\" height=\"372\" src=\"https:\/\/www.youtube.com\/embed\/ixBmbHy9y94?version=3&#038;rel=1&#038;showsearch=0&#038;showinfo=1&#038;iv_load_policy=1&#038;fs=1&#038;hl=es-ES&#038;autohide=2&#038;wmode=transparent\" allowfullscreen=\"true\" style=\"border:0;\" sandbox=\"allow-scripts allow-same-origin allow-popups allow-presentation allow-popups-to-escape-sandbox\"><\/iframe><\/span><\/p>\n<p>La Calle Larios se engalonar\u00e1 con una gran alfombra por donde desfilaran los modelos en este popular evento que cada a\u00f1o aglutina m\u00e1s de 15.000 personas.<\/p>\n<ul>\n<li><strong>Cuando:<\/strong> 2 y 3 de septiembre.<\/li>\n<li><strong>Donde:<\/strong> <a href=\"https:\/\/www.malagaweb.com\/espanol\/blog\/costa-del-sol\/calle-larios-malaga-tiendas\/\" data-wpel-link=\"internal\">Calle Larios<\/a> en M\u00e1laga.<\/li>\n<\/ul>\n<h3>Feria del Cristo en Casares<\/h3>\n<p>Durante el segundo fin de semana de septiembre tiene lugar la feria del Santo Cristo en Casares. Tradicionalmente se celebraba para conmemorar el fin de los trabajos de recolecci\u00f3n en el campo durante el verano.<\/p>\n<p>La fiesta cuenta con procesiones, m\u00fasica, bailes y fuegos artificiales.<\/p>\n<p>Mapa con la localizaci\u00f3n: <a href=\"https:\/\/goo.gl\/maps\/NsE38gqWyuF2\" target=\"_blank\" rel=\"noopener noreferrer nofollow\" data-wpel-link=\"external\" class=\"wpel-icon-right\">https:\/\/goo.gl\/maps\/NsE38gqWyuF2<span class=\"wpel-icon wpel-image wpel-icon-13\"><\/span><\/a><\/p>\n<ul>\n<li><strong>Cuando:<\/strong> Segundo fin de semana de septiembre.<\/li>\n<li><strong>Lugar:<\/strong> Casares (<a href=\"https:\/\/goo.gl\/maps\/PiDTKqRdFjGxWquB8\" target=\"_blank\" rel=\"noopener noreferrer nofollow\" data-wpel-link=\"external\" class=\"wpel-icon-right\">Mapa<span class=\"wpel-icon wpel-image wpel-icon-13\"><\/span><\/a>).<\/li>\n<\/ul>\n<h2 id=\"15-30\">Segunda quincena de septiembre<\/h2>\n<p>La segunda mitad de septiembre tambi\u00e9n ofrece numerosas actividades para el visitante. Encontrar\u00e1s ferias y actividades para toda la familia.<\/p>\n<h3>D\u00eda del Boquer\u00f3n en Rinc\u00f3n de la Victoria<\/h3>\n<p>El <strong>\u00faltimo fin de semana del mes de Septiembre<\/strong> se reparten degustaciones gratuitas de este pescado en el Rinc\u00f3n de la victoria.<\/p>\n<p>La jornada comienza a partir de las 12.30 h en el entorno del paseo mar\u00edtimo a la altura de la antigua estaci\u00f3n de ferrocarril.<\/p>\n<p><strong>Cuando:<\/strong> Del 6 al 11 de septiembre.<\/p>\n<p>Lugar: Rinc\u00f3n de la Victoria (<a href=\"https:\/\/goo.gl\/maps\/dmfV3988uEZevuTAA\" target=\"_blank\" rel=\"noopener noreferrer nofollow\" data-wpel-link=\"external\" class=\"wpel-icon-right\">Mapa<span class=\"wpel-icon wpel-image wpel-icon-13\"><\/span><\/a>).<\/p>\n<p><img decoding=\"async\" class=\"aligncenter size-large wp-image-2653 img-responsive\" loading=\"lazy\" src=\"https:\/\/www.malagaweb.com\/espanol\/blog\/wp-content\/uploads\/Boquerones-en-vinagre-500x335.jpg\" alt=\"Boquerones-en-vinagre\" width=\"500\" height=\"335\" \/><\/p>\n<h3>D\u00eda Mundial del turista<\/h3>\n<p>El D\u00eda del Turista se celebra el <strong>27 de septiembre<\/strong>. Durante este d\u00eda se organizan eventos para agradecer a todos los turistas su visita.<\/p>\n<p>Dependiendo del municipio tienen lugar diferentes eventos en las principales plazas.<\/p>\n<p>La mayor\u00eda de los municipios ofrecen degustaciones gratuitas de comida t\u00edpica local.<\/p>\n<p><img decoding=\"async\" class=\"aligncenter size-full wp-image-5292 img-responsive\" loading=\"lazy\" src=\"https:\/\/www.malagaweb.com\/espanol\/blog\/wp-content\/uploads\/dia-mundial-turismo.jpg\" alt=\"Dia mundial del turismo en septiembre\" width=\"1200\" height=\"750\" srcset=\"https:\/\/www.malagaweb.com\/espanol\/blog\/wp-content\/uploads\/dia-mundial-turismo.jpg 1200w, https:\/\/www.malagaweb.com\/espanol\/blog\/wp-content\/uploads\/dia-mundial-turismo-600x375.jpg 600w, https:\/\/www.malagaweb.com\/espanol\/blog\/wp-content\/uploads\/dia-mundial-turismo-1120x700.jpg 1120w\" sizes=\"auto, (max-width: 1200px) 100vw, 1200px\" \/><\/p>\n<h3>D\u00eda de la pasa en El Borge<\/h3>\n<p>El <strong>tercer domingo de septiembre<\/strong> en El Borge, pueblo productor de pasas por excelencia, se celebra todos los a\u00f1os el D\u00eda de la Pasa.<\/p>\n<p><span class=\"embed-youtube\" style=\"text-align:center; display: block;\"><iframe loading=\"lazy\" class=\"youtube-player\" width=\"660\" height=\"372\" src=\"https:\/\/www.youtube.com\/embed\/iAZYmXDtV1I?version=3&#038;rel=1&#038;showsearch=0&#038;showinfo=1&#038;iv_load_policy=1&#038;fs=1&#038;hl=es-ES&#038;autohide=2&#038;wmode=transparent\" allowfullscreen=\"true\" style=\"border:0;\" sandbox=\"allow-scripts allow-same-origin allow-popups allow-presentation allow-popups-to-escape-sandbox\"><\/iframe><\/span><\/p>\n<p>Junto con coros rocieros y verdiales los visitantes pueden disfrutar de pasas, vino moscatel, embutidos y otros productos t\u00edpicos de la Axarqu\u00eda. Adem\u00e1s podr\u00e1s aprender de manera visual como se elaboran los diferentes productos, desde la recolecci\u00f3n hasta el envasado y pisa de la uva moscatel. El mosto que se produce podr\u00e1 ser degustado por los visitantes.<\/p>\n<ul>\n<li><strong>Cuando:<\/strong> Tercer domingo de septiembre.<\/li>\n<li><strong>Lugar:<\/strong> El Borge (<a href=\"https:\/\/goo.gl\/maps\/nxE14j6f8mrJkEYYA\" target=\"_blank\" rel=\"noopener noreferrer nofollow\" data-wpel-link=\"external\" class=\"wpel-icon-right\">Mapa<span class=\"wpel-icon wpel-image wpel-icon-13\"><\/span><\/a>).<\/li>\n<\/ul>\n<h3>Feria de Ist\u00e1n y Romer\u00eda de San Miguel<\/h3>\n<p>El primer fin de semana que se encuentre m\u00e1s cerca del d\u00eda 29 de septiembre tiene lugar la Feria de Ist\u00e1n.<\/p>\n<p><span class=\"embed-youtube\" style=\"text-align:center; display: block;\"><iframe loading=\"lazy\" class=\"youtube-player\" width=\"660\" height=\"372\" src=\"https:\/\/www.youtube.com\/embed\/Jt1JT70LU1k?version=3&#038;rel=1&#038;showsearch=0&#038;showinfo=1&#038;iv_load_policy=1&#038;fs=1&#038;hl=es-ES&#038;autohide=2&#038;wmode=transparent\" allowfullscreen=\"true\" style=\"border:0;\" sandbox=\"allow-scripts allow-same-origin allow-popups allow-presentation allow-popups-to-escape-sandbox\"><\/iframe><\/span><\/p>\n<p>Comienza con una peregrinaci\u00f3n hacia la ermita de San Miguel, que se encuentra en una cueva, ataviados con los trajes tradicionales de Ist\u00e1n. Una vez en la ermita, todos los participantes se re\u00fanen para pasar un d\u00eda de diversi\u00f3n.<\/p>\n<p>De 4 a 6 d\u00edas tiene lugar la celebraci\u00f3n de la Feria de San Miguel.<\/p>\n<p>Mapa con la localizaci\u00f3n: <a href=\"https:\/\/goo.gl\/maps\/8jmGBYjCHct\" target=\"_blank\" rel=\"noopener noreferrer nofollow\" data-wpel-link=\"external\" class=\"wpel-icon-right\">https:\/\/goo.gl\/maps\/8jmGBYjCHct<span class=\"wpel-icon wpel-image wpel-icon-13\"><\/span><\/a><\/p>\n<ul>\n<li><strong>Cuando:<\/strong> Primer fin de semana m\u00e1s cercano al d\u00eda 29 de septiembre.<\/li>\n<li><strong>Lugar:<\/strong> Ist\u00e1n (<a href=\"https:\/\/goo.gl\/maps\/Zbb56TruLB82WX4e6\" target=\"_blank\" rel=\"noopener noreferrer nofollow\" data-wpel-link=\"external\" class=\"wpel-icon-right\">Mapa<span class=\"wpel-icon wpel-image wpel-icon-13\"><\/span><\/a>).<\/li>\n<\/ul>\n<h3>D\u00eda de la Almendra en Almog\u00eda<\/h3>\n<p>Durante este d\u00eda se intenta promocionar los productos aut\u00f3ctonos y las tradiciones en el cultivo de la almendra.<\/p>\n<p><span class=\"embed-youtube\" style=\"text-align:center; display: block;\"><iframe loading=\"lazy\" class=\"youtube-player\" width=\"660\" height=\"372\" src=\"https:\/\/www.youtube.com\/embed\/JL4UqOt2hfs?version=3&#038;rel=1&#038;showsearch=0&#038;showinfo=1&#038;iv_load_policy=1&#038;fs=1&#038;hl=es-ES&#038;autohide=2&#038;wmode=transparent\" allowfullscreen=\"true\" style=\"border:0;\" sandbox=\"allow-scripts allow-same-origin allow-popups allow-presentation allow-popups-to-escape-sandbox\"><\/iframe><\/span><\/p>\n<p>Hay actividades para todos los p\u00fablicos, actuaciones y postres realizados con almendras. Los m\u00e1s peque\u00f1os podr\u00e1n participar en talleres de animaci\u00f3n para conocer todo el trabajo relacionado con la almendra.<\/p>\n<ul>\n<li><strong>Cuando:<\/strong> Este evento tiene lugar el \u00faltimo domingo de septiembre.<\/li>\n<li><strong>Lugar:<\/strong> Almog\u00eda (<a href=\"https:\/\/goo.gl\/maps\/8mkN6WV1QA116x1S8\" target=\"_blank\" rel=\"noopener noreferrer nofollow\" data-wpel-link=\"external\" class=\"wpel-icon-right\">Mapa<span class=\"wpel-icon wpel-image wpel-icon-13\"><\/span><\/a>).<\/li>\n<\/ul>\n<h3>Feria de Torremolinos y Romer\u00eda de San Miguel<\/h3>\n<p>Durante 5 d\u00edas se celebra la <a href=\"https:\/\/www.malagaweb.com\/espanol\/blog\/eventos\/feria-torremolinos\/\" data-wpel-link=\"internal\">Feria de Torremolinos<\/a>. El domingo anterior al comienzo de la feria tiene lugar la Romer\u00eda de San Miguel que llega hasta Los Manantiales, un bosque de pinos situado a las afueras del municipio.<\/p>\n<p>La Feria de d\u00eda tendr\u00e1 como principales focos de atenci\u00f3n distintas plazas del municipio y el centro peatonal, como la plaza de la Independencia o la plaza La Nogalera, donde habr\u00e1 m\u00fasica y baile.<\/p>\n<p><img decoding=\"async\" class=\"aligncenter size-full wp-image-2982 img-responsive\" loading=\"lazy\" src=\"https:\/\/www.malagaweb.com\/blog\/wp-content\/uploads\/2016\/09\/romeria-torremolinos-feria.jpg\" alt=\"romeria-torremolinos-feria\" width=\"420\" height=\"209\" \/><\/p>\n<p>Por la noche, la Feria se traslada al recinto ferial con casetas, espect\u00e1culos musicales y mucha diversi\u00f3n.<\/p>\n<p><a href=\"https:\/\/www.malagaweb.com\/espanol\/aeropuerto-malaga\/direcciones\/malaga-a-torremolinos.php\" data-wpel-link=\"internal\">Como llegar a Torremolinos en coche, tren o autob\u00fas<\/a>.<\/p>\n<ul>\n<li><strong>Cuando:<\/strong> Del 27 de septiembre al 1 de octubre de 2023.<\/li>\n<li><strong>Lugar:<\/strong>\u00a0 Recinto Ferial de Torremolinos (<a href=\"https:\/\/goo.gl\/maps\/iQyMtbzSsWmfE6wM8\" target=\"_blank\" rel=\"noopener noreferrer nofollow\" data-wpel-link=\"external\" class=\"wpel-icon-right\">Mapa<span class=\"wpel-icon wpel-image wpel-icon-13\"><\/span><\/a>).<\/li>\n<\/ul>\n<h3>Noches de la Bella Jarifa en C\u00e1rtama<\/h3>\n<p>Si quieres conocer C\u00e1rtama durante el fin de semana iluminada por velas y sumergida en un ambiente medieval de magia, desfiles y actividades no puedes faltar a las <a href=\"https:\/\/www.malagaweb.com\/espanol\/blog\/eventos\/noches-de-la-bella-jarifa-cartama\/\" data-wpel-link=\"internal\">Noches de la Bella Jarifa en C\u00e1rtama<\/a>.<\/p>\n<p><span class=\"embed-youtube\" style=\"text-align:center; display: block;\"><iframe loading=\"lazy\" class=\"youtube-player\" width=\"660\" height=\"372\" src=\"https:\/\/www.youtube.com\/embed\/h_3OOMl1ULQ?version=3&#038;rel=1&#038;showsearch=0&#038;showinfo=1&#038;iv_load_policy=1&#038;fs=1&#038;hl=es-ES&#038;autohide=2&#038;wmode=transparent\" allowfullscreen=\"true\" style=\"border:0;\" sandbox=\"allow-scripts allow-same-origin allow-popups allow-presentation allow-popups-to-escape-sandbox\"><\/iframe><\/span><\/p>\n<ul>\n<li><strong>Cuando:<\/strong> Del 29 de septiembre al 1 de octubre.<\/li>\n<li><strong>M\u00e1s informaci\u00f3n:<\/strong> Art\u00edculo sobre <a href=\"https:\/\/www.malagaweb.com\/espanol\/blog\/eventos\/noches-de-la-bella-jarifa-cartama\/\" data-wpel-link=\"internal\">Noches de la Bella Jarifa<\/a>.<\/li>\n<\/ul>\n<h2 id=\"transporte\">Opciones de transporte<\/h2>\n<p>\u00bfNos visitas en septiembre? Entonces deber\u00edas estar preparado para asistir a cualquier de las actividades que hemos nombrado. La mayor\u00eda de los municipios con ferias y eventos no tienen un acceso sencillo en transporte p\u00fablico, por lo que contin\u00faa leyendo si te interesa conocer otras opciones.<\/p>\n<p>Se recomienda ir en coche, por lo que si planeas visitarnos durante Septiembre puedes <a href=\"https:\/\/www.malagaweb.com\/espanol\/alquiler-coches\/\" data-wpel-link=\"internal\">alquilar un coche en M\u00e1laga<\/a> y disfrutar de cualquiera de las ferias o fiestas que tienen lugar.<\/p>\n<p>Otra opci\u00f3n es un traslado privado, este medio de transporte es una opci\u00f3n muy c\u00f3moda que te recoger\u00e1 a la hora que necesites. Yo recomiendo personalmente <a href=\"https:\/\/www.malagatransfer.co.uk\/es\/\" target=\"_blank\" rel=\"noopener nofollow\" data-wpel-link=\"external\" class=\"wpel-icon-right\">malagatransfer.co.uk<span class=\"wpel-icon wpel-image wpel-icon-13\"><\/span><\/a>, pero puedes echar un vistazo a las webs m\u00e1s populares para <a href=\"https:\/\/www.malagaweb.com\/espanol\/aeropuerto-malaga\/taxis.php\" data-wpel-link=\"internal\">traslados en M\u00e1laga<\/a>.<\/p>\n","protected":false},"excerpt":{"rendered":"<p>Septiembre es el mes de ferias y fiestas en muchos municipios costasole\u00f1os. Son d\u00edas de alegr\u00eda donde se mezcla lo profano con lo religioso. La gente disfruta de coloridos eventos llenos de m\u00fasica, cultura y bailes. \u00bfQuieres conocer m\u00e1s sobre las principales actividades y ferias a las que puedes asistir durante este mes en M\u00e1laga?<\/p>\n","protected":false},"author":1,"featured_media":5292,"comment_status":"open","ping_status":"closed","sticky":false,"template":"","format":"standard","meta":{"jetpack_post_was_ever_published":false,"_jetpack_newsletter_access":"","_jetpack_dont_email_post_to_subs":false,"_jetpack_newsletter_tier_id":0,"_jetpack_memberships_contains_paywalled_content":false,"_jetpack_memberships_contains_paid_content":false,"footnotes":"","jetpack_publicize_message":"","jetpack_publicize_feature_enabled":true,"jetpack_social_post_already_shared":true,"jetpack_social_options":{"image_generator_settings":{"template":"highway","default_image_id":0,"font":"","enabled":false},"version":2}},"categories":[77],"tags":[38,103,13,88,31,79],"class_list":["post-294","post","type-post","status-publish","format-standard","has-post-thumbnail","hentry","category-eventos","tag-actividades-malaga","tag-ferias","tag-malaga","tag-mijas","tag-pueblos-blancos","tag-torremolinos"],"yoast_head":"<!-- This site is optimized with the Yoast SEO plugin v27.5 - https:\/\/yoast.com\/product\/yoast-seo-wordpress\/ -->\n<title>Fiestas y ferias de M\u00e1laga en Septiembre - Actividades para todos<\/title>\n<meta name=\"description\" content=\"Septiembre es el mes de ferias y fiestas en muchos municipios costasole\u00f1os, celebrando Romer\u00edas, la cosecha de fruta variada y muchas otras actividades.\" \/>\n<meta name=\"robots\" content=\"index, follow, max-snippet:-1, max-image-preview:large, max-video-preview:-1\" \/>\n<link rel=\"canonical\" href=\"https:\/\/www.malagaweb.com\/espanol\/blog\/eventos\/fiestas-ferias-malaga-septiembre\/\" \/>\n<meta property=\"og:locale\" content=\"es_ES\" \/>\n<meta property=\"og:type\" content=\"article\" \/>\n<meta property=\"og:title\" content=\"Fiestas y ferias de M\u00e1laga en Septiembre - Actividades para todos\" \/>\n<meta property=\"og:description\" content=\"Septiembre es el mes de ferias y fiestas en muchos municipios costasole\u00f1os, celebrando Romer\u00edas, la cosecha de fruta variada y muchas otras actividades.\" \/>\n<meta property=\"og:url\" content=\"https:\/\/www.malagaweb.com\/espanol\/blog\/eventos\/fiestas-ferias-malaga-septiembre\/\" \/>\n<meta property=\"og:site_name\" content=\"Blog de M\u00e1laga\" \/>\n<meta property=\"article:publisher\" content=\"https:\/\/www.facebook.com\/Malaga.CostadelSol\/\" \/>\n<meta property=\"article:published_time\" content=\"2023-09-02T15:30:11+00:00\" \/>\n<meta property=\"article:modified_time\" content=\"2024-08-23T11:55:28+00:00\" \/>\n<meta property=\"og:image\" content=\"https:\/\/www.malagaweb.com\/espanol\/blog\/wp-content\/uploads\/dia-mundial-turismo.jpg\" \/>\n\t<meta property=\"og:image:width\" content=\"1200\" \/>\n\t<meta property=\"og:image:height\" content=\"750\" \/>\n\t<meta property=\"og:image:type\" content=\"image\/jpeg\" \/>\n<meta name=\"author\" content=\"Raul\" \/>\n<meta name=\"twitter:card\" content=\"summary_large_image\" \/>\n<meta name=\"twitter:creator\" content=\"@malagaweb\" \/>\n<meta name=\"twitter:site\" content=\"@malagaweb\" \/>\n<meta name=\"twitter:label1\" content=\"Escrito por\" \/>\n\t<meta name=\"twitter:data1\" content=\"Raul\" \/>\n\t<meta name=\"twitter:label2\" content=\"Tiempo de lectura\" \/>\n\t<meta name=\"twitter:data2\" content=\"11 minutos\" \/>\n<script type=\"application\/ld+json\" class=\"yoast-schema-graph\">{\"@context\":\"https:\\\/\\\/schema.org\",\"@graph\":[{\"@type\":\"Article\",\"@id\":\"https:\\\/\\\/www.malagaweb.com\\\/espanol\\\/blog\\\/eventos\\\/fiestas-ferias-malaga-septiembre\\\/#article\",\"isPartOf\":{\"@id\":\"https:\\\/\\\/www.malagaweb.com\\\/espanol\\\/blog\\\/eventos\\\/fiestas-ferias-malaga-septiembre\\\/\"},\"author\":{\"name\":\"Raul\",\"@id\":\"https:\\\/\\\/www.malagaweb.com\\\/espanol\\\/blog\\\/#\\\/schema\\\/person\\\/e7064ff7a4ff971bc5b3a6e41075ddb4\"},\"headline\":\"Fiestas y ferias de M\u00e1laga en Septiembre &#8211; Actividades para todos\",\"datePublished\":\"2023-09-02T15:30:11+00:00\",\"dateModified\":\"2024-08-23T11:55:28+00:00\",\"mainEntityOfPage\":{\"@id\":\"https:\\\/\\\/www.malagaweb.com\\\/espanol\\\/blog\\\/eventos\\\/fiestas-ferias-malaga-septiembre\\\/\"},\"wordCount\":2021,\"commentCount\":2,\"publisher\":{\"@id\":\"https:\\\/\\\/www.malagaweb.com\\\/espanol\\\/blog\\\/#organization\"},\"image\":{\"@id\":\"https:\\\/\\\/www.malagaweb.com\\\/espanol\\\/blog\\\/eventos\\\/fiestas-ferias-malaga-septiembre\\\/#primaryimage\"},\"thumbnailUrl\":\"https:\\\/\\\/www.malagaweb.com\\\/espanol\\\/blog\\\/wp-content\\\/uploads\\\/dia-mundial-turismo.jpg\",\"keywords\":[\"Actividades\",\"Ferias y Festivales\",\"M\u00e1laga\",\"Mijas\",\"Pueblos Blancos\",\"Torremolinos\"],\"articleSection\":[\"Eventos\"],\"inLanguage\":\"es\",\"potentialAction\":[{\"@type\":\"CommentAction\",\"name\":\"Comment\",\"target\":[\"https:\\\/\\\/www.malagaweb.com\\\/espanol\\\/blog\\\/eventos\\\/fiestas-ferias-malaga-septiembre\\\/#respond\"]}]},{\"@type\":\"WebPage\",\"@id\":\"https:\\\/\\\/www.malagaweb.com\\\/espanol\\\/blog\\\/eventos\\\/fiestas-ferias-malaga-septiembre\\\/\",\"url\":\"https:\\\/\\\/www.malagaweb.com\\\/espanol\\\/blog\\\/eventos\\\/fiestas-ferias-malaga-septiembre\\\/\",\"name\":\"Fiestas y ferias de M\u00e1laga en Septiembre - Actividades para todos\",\"isPartOf\":{\"@id\":\"https:\\\/\\\/www.malagaweb.com\\\/espanol\\\/blog\\\/#website\"},\"primaryImageOfPage\":{\"@id\":\"https:\\\/\\\/www.malagaweb.com\\\/espanol\\\/blog\\\/eventos\\\/fiestas-ferias-malaga-septiembre\\\/#primaryimage\"},\"image\":{\"@id\":\"https:\\\/\\\/www.malagaweb.com\\\/espanol\\\/blog\\\/eventos\\\/fiestas-ferias-malaga-septiembre\\\/#primaryimage\"},\"thumbnailUrl\":\"https:\\\/\\\/www.malagaweb.com\\\/espanol\\\/blog\\\/wp-content\\\/uploads\\\/dia-mundial-turismo.jpg\",\"datePublished\":\"2023-09-02T15:30:11+00:00\",\"dateModified\":\"2024-08-23T11:55:28+00:00\",\"description\":\"Septiembre es el mes de ferias y fiestas en muchos municipios costasole\u00f1os, celebrando Romer\u00edas, la cosecha de fruta variada y muchas otras actividades.\",\"breadcrumb\":{\"@id\":\"https:\\\/\\\/www.malagaweb.com\\\/espanol\\\/blog\\\/eventos\\\/fiestas-ferias-malaga-septiembre\\\/#breadcrumb\"},\"inLanguage\":\"es\",\"potentialAction\":[{\"@type\":\"ReadAction\",\"target\":[\"https:\\\/\\\/www.malagaweb.com\\\/espanol\\\/blog\\\/eventos\\\/fiestas-ferias-malaga-septiembre\\\/\"]}]},{\"@type\":\"ImageObject\",\"inLanguage\":\"es\",\"@id\":\"https:\\\/\\\/www.malagaweb.com\\\/espanol\\\/blog\\\/eventos\\\/fiestas-ferias-malaga-septiembre\\\/#primaryimage\",\"url\":\"https:\\\/\\\/www.malagaweb.com\\\/espanol\\\/blog\\\/wp-content\\\/uploads\\\/dia-mundial-turismo.jpg\",\"contentUrl\":\"https:\\\/\\\/www.malagaweb.com\\\/espanol\\\/blog\\\/wp-content\\\/uploads\\\/dia-mundial-turismo.jpg\",\"width\":1200,\"height\":750,\"caption\":\"Dia mundial del turismo en septiembre\"},{\"@type\":\"BreadcrumbList\",\"@id\":\"https:\\\/\\\/www.malagaweb.com\\\/espanol\\\/blog\\\/eventos\\\/fiestas-ferias-malaga-septiembre\\\/#breadcrumb\",\"itemListElement\":[{\"@type\":\"ListItem\",\"position\":1,\"name\":\"Blog\",\"item\":\"https:\\\/\\\/www.malagaweb.com\\\/espanol\\\/blog\\\/\"},{\"@type\":\"ListItem\",\"position\":2,\"name\":\"Eventos\",\"item\":\"https:\\\/\\\/www.malagaweb.com\\\/espanol\\\/blog\\\/eventos\\\/\"},{\"@type\":\"ListItem\",\"position\":3,\"name\":\"Fiestas y ferias de M\u00e1laga en Septiembre &#8211; Actividades para todos\"}]},{\"@type\":\"WebSite\",\"@id\":\"https:\\\/\\\/www.malagaweb.com\\\/espanol\\\/blog\\\/#website\",\"url\":\"https:\\\/\\\/www.malagaweb.com\\\/espanol\\\/blog\\\/\",\"name\":\"Blog de M\u00e1laga\",\"description\":\"Blog de M\u00e1laga con informaci\u00f3n \u00fatil para tus vacaciones\",\"publisher\":{\"@id\":\"https:\\\/\\\/www.malagaweb.com\\\/espanol\\\/blog\\\/#organization\"},\"potentialAction\":[{\"@type\":\"SearchAction\",\"target\":{\"@type\":\"EntryPoint\",\"urlTemplate\":\"https:\\\/\\\/www.malagaweb.com\\\/espanol\\\/blog\\\/?s={search_term_string}\"},\"query-input\":{\"@type\":\"PropertyValueSpecification\",\"valueRequired\":true,\"valueName\":\"search_term_string\"}}],\"inLanguage\":\"es\"},{\"@type\":\"Organization\",\"@id\":\"https:\\\/\\\/www.malagaweb.com\\\/espanol\\\/blog\\\/#organization\",\"name\":\"Malagaweb.com\",\"url\":\"https:\\\/\\\/www.malagaweb.com\\\/espanol\\\/blog\\\/\",\"logo\":{\"@type\":\"ImageObject\",\"inLanguage\":\"es\",\"@id\":\"https:\\\/\\\/www.malagaweb.com\\\/espanol\\\/blog\\\/#\\\/schema\\\/logo\\\/image\\\/\",\"url\":\"https:\\\/\\\/www.malagaweb.com\\\/espanol\\\/blog\\\/wp-content\\\/uploads\\\/malagaweb_logo.png\",\"contentUrl\":\"https:\\\/\\\/www.malagaweb.com\\\/espanol\\\/blog\\\/wp-content\\\/uploads\\\/malagaweb_logo.png\",\"width\":190,\"height\":36,\"caption\":\"Malagaweb.com\"},\"image\":{\"@id\":\"https:\\\/\\\/www.malagaweb.com\\\/espanol\\\/blog\\\/#\\\/schema\\\/logo\\\/image\\\/\"},\"sameAs\":[\"https:\\\/\\\/www.facebook.com\\\/Malaga.CostadelSol\\\/\",\"https:\\\/\\\/x.com\\\/malagaweb\"]},{\"@type\":\"Person\",\"@id\":\"https:\\\/\\\/www.malagaweb.com\\\/espanol\\\/blog\\\/#\\\/schema\\\/person\\\/e7064ff7a4ff971bc5b3a6e41075ddb4\",\"name\":\"Raul\",\"image\":{\"@type\":\"ImageObject\",\"inLanguage\":\"es\",\"@id\":\"https:\\\/\\\/secure.gravatar.com\\\/avatar\\\/355bb21897b371342e002159d93cc5a3dcf5add74aab5d2183293cebb23ac386?s=96&r=g\",\"url\":\"https:\\\/\\\/secure.gravatar.com\\\/avatar\\\/355bb21897b371342e002159d93cc5a3dcf5add74aab5d2183293cebb23ac386?s=96&r=g\",\"contentUrl\":\"https:\\\/\\\/secure.gravatar.com\\\/avatar\\\/355bb21897b371342e002159d93cc5a3dcf5add74aab5d2183293cebb23ac386?s=96&r=g\",\"caption\":\"Raul\"},\"description\":\"Desarrollador web y editor de contenidos, autor de muchas de las gu\u00edas tur\u00edsticas que habr\u00e1s podido leer en Internet sobre Andaluc\u00eda, M\u00e1laga y Espa\u00f1a.\"}]}<\/script>\n<!-- \/ Yoast SEO plugin. -->","yoast_head_json":{"title":"Fiestas y ferias de M\u00e1laga en Septiembre - Actividades para todos","description":"Septiembre es el mes de ferias y fiestas en muchos municipios costasole\u00f1os, celebrando Romer\u00edas, la cosecha de fruta variada y muchas otras actividades.","robots":{"index":"index","follow":"follow","max-snippet":"max-snippet:-1","max-image-preview":"max-image-preview:large","max-video-preview":"max-video-preview:-1"},"canonical":"https:\/\/www.malagaweb.com\/espanol\/blog\/eventos\/fiestas-ferias-malaga-septiembre\/","og_locale":"es_ES","og_type":"article","og_title":"Fiestas y ferias de M\u00e1laga en Septiembre - Actividades para todos","og_description":"Septiembre es el mes de ferias y fiestas en muchos municipios costasole\u00f1os, celebrando Romer\u00edas, la cosecha de fruta variada y muchas otras actividades.","og_url":"https:\/\/www.malagaweb.com\/espanol\/blog\/eventos\/fiestas-ferias-malaga-septiembre\/","og_site_name":"Blog de M\u00e1laga","article_publisher":"https:\/\/www.facebook.com\/Malaga.CostadelSol\/","article_published_time":"2023-09-02T15:30:11+00:00","article_modified_time":"2024-08-23T11:55:28+00:00","og_image":[{"width":1200,"height":750,"url":"https:\/\/www.malagaweb.com\/espanol\/blog\/wp-content\/uploads\/dia-mundial-turismo.jpg","type":"image\/jpeg"}],"author":"Raul","twitter_card":"summary_large_image","twitter_creator":"@malagaweb","twitter_site":"@malagaweb","twitter_misc":{"Escrito por":"Raul","Tiempo de lectura":"11 minutos"},"schema":{"@context":"https:\/\/schema.org","@graph":[{"@type":"Article","@id":"https:\/\/www.malagaweb.com\/espanol\/blog\/eventos\/fiestas-ferias-malaga-septiembre\/#article","isPartOf":{"@id":"https:\/\/www.malagaweb.com\/espanol\/blog\/eventos\/fiestas-ferias-malaga-septiembre\/"},"author":{"name":"Raul","@id":"https:\/\/www.malagaweb.com\/espanol\/blog\/#\/schema\/person\/e7064ff7a4ff971bc5b3a6e41075ddb4"},"headline":"Fiestas y ferias de M\u00e1laga en Septiembre &#8211; Actividades para todos","datePublished":"2023-09-02T15:30:11+00:00","dateModified":"2024-08-23T11:55:28+00:00","mainEntityOfPage":{"@id":"https:\/\/www.malagaweb.com\/espanol\/blog\/eventos\/fiestas-ferias-malaga-septiembre\/"},"wordCount":2021,"commentCount":2,"publisher":{"@id":"https:\/\/www.malagaweb.com\/espanol\/blog\/#organization"},"image":{"@id":"https:\/\/www.malagaweb.com\/espanol\/blog\/eventos\/fiestas-ferias-malaga-septiembre\/#primaryimage"},"thumbnailUrl":"https:\/\/www.malagaweb.com\/espanol\/blog\/wp-content\/uploads\/dia-mundial-turismo.jpg","keywords":["Actividades","Ferias y Festivales","M\u00e1laga","Mijas","Pueblos Blancos","Torremolinos"],"articleSection":["Eventos"],"inLanguage":"es","potentialAction":[{"@type":"CommentAction","name":"Comment","target":["https:\/\/www.malagaweb.com\/espanol\/blog\/eventos\/fiestas-ferias-malaga-septiembre\/#respond"]}]},{"@type":"WebPage","@id":"https:\/\/www.malagaweb.com\/espanol\/blog\/eventos\/fiestas-ferias-malaga-septiembre\/","url":"https:\/\/www.malagaweb.com\/espanol\/blog\/eventos\/fiestas-ferias-malaga-septiembre\/","name":"Fiestas y ferias de M\u00e1laga en Septiembre - Actividades para todos","isPartOf":{"@id":"https:\/\/www.malagaweb.com\/espanol\/blog\/#website"},"primaryImageOfPage":{"@id":"https:\/\/www.malagaweb.com\/espanol\/blog\/eventos\/fiestas-ferias-malaga-septiembre\/#primaryimage"},"image":{"@id":"https:\/\/www.malagaweb.com\/espanol\/blog\/eventos\/fiestas-ferias-malaga-septiembre\/#primaryimage"},"thumbnailUrl":"https:\/\/www.malagaweb.com\/espanol\/blog\/wp-content\/uploads\/dia-mundial-turismo.jpg","datePublished":"2023-09-02T15:30:11+00:00","dateModified":"2024-08-23T11:55:28+00:00","description":"Septiembre es el mes de ferias y fiestas en muchos municipios costasole\u00f1os, celebrando Romer\u00edas, la cosecha de fruta variada y muchas otras actividades.","breadcrumb":{"@id":"https:\/\/www.malagaweb.com\/espanol\/blog\/eventos\/fiestas-ferias-malaga-septiembre\/#breadcrumb"},"inLanguage":"es","potentialAction":[{"@type":"ReadAction","target":["https:\/\/www.malagaweb.com\/espanol\/blog\/eventos\/fiestas-ferias-malaga-septiembre\/"]}]},{"@type":"ImageObject","inLanguage":"es","@id":"https:\/\/www.malagaweb.com\/espanol\/blog\/eventos\/fiestas-ferias-malaga-septiembre\/#primaryimage","url":"https:\/\/www.malagaweb.com\/espanol\/blog\/wp-content\/uploads\/dia-mundial-turismo.jpg","contentUrl":"https:\/\/www.malagaweb.com\/espanol\/blog\/wp-content\/uploads\/dia-mundial-turismo.jpg","width":1200,"height":750,"caption":"Dia mundial del turismo en septiembre"},{"@type":"BreadcrumbList","@id":"https:\/\/www.malagaweb.com\/espanol\/blog\/eventos\/fiestas-ferias-malaga-septiembre\/#breadcrumb","itemListElement":[{"@type":"ListItem","position":1,"name":"Blog","item":"https:\/\/www.malagaweb.com\/espanol\/blog\/"},{"@type":"ListItem","position":2,"name":"Eventos","item":"https:\/\/www.malagaweb.com\/espanol\/blog\/eventos\/"},{"@type":"ListItem","position":3,"name":"Fiestas y ferias de M\u00e1laga en Septiembre &#8211; Actividades para todos"}]},{"@type":"WebSite","@id":"https:\/\/www.malagaweb.com\/espanol\/blog\/#website","url":"https:\/\/www.malagaweb.com\/espanol\/blog\/","name":"Blog de M\u00e1laga","description":"Blog de M\u00e1laga con informaci\u00f3n \u00fatil para tus vacaciones","publisher":{"@id":"https:\/\/www.malagaweb.com\/espanol\/blog\/#organization"},"potentialAction":[{"@type":"SearchAction","target":{"@type":"EntryPoint","urlTemplate":"https:\/\/www.malagaweb.com\/espanol\/blog\/?s={search_term_string}"},"query-input":{"@type":"PropertyValueSpecification","valueRequired":true,"valueName":"search_term_string"}}],"inLanguage":"es"},{"@type":"Organization","@id":"https:\/\/www.malagaweb.com\/espanol\/blog\/#organization","name":"Malagaweb.com","url":"https:\/\/www.malagaweb.com\/espanol\/blog\/","logo":{"@type":"ImageObject","inLanguage":"es","@id":"https:\/\/www.malagaweb.com\/espanol\/blog\/#\/schema\/logo\/image\/","url":"https:\/\/www.malagaweb.com\/espanol\/blog\/wp-content\/uploads\/malagaweb_logo.png","contentUrl":"https:\/\/www.malagaweb.com\/espanol\/blog\/wp-content\/uploads\/malagaweb_logo.png","width":190,"height":36,"caption":"Malagaweb.com"},"image":{"@id":"https:\/\/www.malagaweb.com\/espanol\/blog\/#\/schema\/logo\/image\/"},"sameAs":["https:\/\/www.facebook.com\/Malaga.CostadelSol\/","https:\/\/x.com\/malagaweb"]},{"@type":"Person","@id":"https:\/\/www.malagaweb.com\/espanol\/blog\/#\/schema\/person\/e7064ff7a4ff971bc5b3a6e41075ddb4","name":"Raul","image":{"@type":"ImageObject","inLanguage":"es","@id":"https:\/\/secure.gravatar.com\/avatar\/355bb21897b371342e002159d93cc5a3dcf5add74aab5d2183293cebb23ac386?s=96&r=g","url":"https:\/\/secure.gravatar.com\/avatar\/355bb21897b371342e002159d93cc5a3dcf5add74aab5d2183293cebb23ac386?s=96&r=g","contentUrl":"https:\/\/secure.gravatar.com\/avatar\/355bb21897b371342e002159d93cc5a3dcf5add74aab5d2183293cebb23ac386?s=96&r=g","caption":"Raul"},"description":"Desarrollador web y editor de contenidos, autor de muchas de las gu\u00edas tur\u00edsticas que habr\u00e1s podido leer en Internet sobre Andaluc\u00eda, M\u00e1laga y Espa\u00f1a."}]}},"jetpack_publicize_connections":[],"jetpack_featured_media_url":"https:\/\/www.malagaweb.com\/espanol\/blog\/wp-content\/uploads\/dia-mundial-turismo.jpg","jetpack_shortlink":"https:\/\/wp.me\/p7riGP-4K","jetpack-related-posts":[{"id":7340,"url":"https:\/\/www.malagaweb.com\/espanol\/blog\/costa-del-sol\/malaga-en-octubre\/","url_meta":{"origin":294,"position":0},"title":"Visitar Malaga en Octubre &#8211; Recomendaciones y temperatura","author":"Raul","date":"19 septiembre, 2024","format":false,"excerpt":"\u00bfTienes pensado visitar M\u00e1laga en octubre? En ese caso puede que te interese este art\u00edculo sobre como es M\u00e1laga durante el mes de octubre con detalles como la temperatura del agua, el tiempo que hace, la ropa que te recomendamos traer y por supuesto las fiestas y ferias m\u00e1s populares\u2026","rel":"","context":"En \u00abCosta del Sol\u00bb","block_context":{"text":"Costa del Sol","link":"https:\/\/www.malagaweb.com\/espanol\/blog\/costa-del-sol\/"},"img":{"alt_text":"M\u00e1laga en Octubre","src":"https:\/\/i0.wp.com\/www.malagaweb.com\/espanol\/blog\/wp-content\/uploads\/2017\/09\/malaga-en-octubre.jpg?resize=350%2C200&ssl=1","width":350,"height":200,"srcset":"https:\/\/i0.wp.com\/www.malagaweb.com\/espanol\/blog\/wp-content\/uploads\/2017\/09\/malaga-en-octubre.jpg?resize=350%2C200&ssl=1 1x, https:\/\/i0.wp.com\/www.malagaweb.com\/espanol\/blog\/wp-content\/uploads\/2017\/09\/malaga-en-octubre.jpg?resize=525%2C300&ssl=1 1.5x, https:\/\/i0.wp.com\/www.malagaweb.com\/espanol\/blog\/wp-content\/uploads\/2017\/09\/malaga-en-octubre.jpg?resize=700%2C400&ssl=1 2x, https:\/\/i0.wp.com\/www.malagaweb.com\/espanol\/blog\/wp-content\/uploads\/2017\/09\/malaga-en-octubre.jpg?resize=1050%2C600&ssl=1 3x"},"classes":[]},{"id":3689,"url":"https:\/\/www.malagaweb.com\/espanol\/blog\/costa-del-sol\/malaga-en-septiembre\/","url_meta":{"origin":294,"position":1},"title":"Visitar Malaga en Septiembre &#8211; Todo lo que necesitas saber","author":"Raul","date":"1 septiembre, 2025","format":false,"excerpt":"Ya estamos a finales de agosto, mientras que a muchos os toca pronto volver a la rutina del trabajo, otros preparan sus maletas para comenzar sus vacaciones a M\u00e1laga en septiembre. Muchos turistas prefieren escoger el mes de septiembre para pasar sus vacaciones. A finales de agosto ya empieza a\u2026","rel":"","context":"En \u00abCosta del Sol\u00bb","block_context":{"text":"Costa del Sol","link":"https:\/\/www.malagaweb.com\/espanol\/blog\/costa-del-sol\/"},"img":{"alt_text":"M\u00e1laga en septiembre","src":"https:\/\/i0.wp.com\/www.malagaweb.com\/espanol\/blog\/wp-content\/uploads\/2025\/09\/malaga-costadelsol-septiembre.jpg?resize=350%2C200&ssl=1","width":350,"height":200,"srcset":"https:\/\/i0.wp.com\/www.malagaweb.com\/espanol\/blog\/wp-content\/uploads\/2025\/09\/malaga-costadelsol-septiembre.jpg?resize=350%2C200&ssl=1 1x, https:\/\/i0.wp.com\/www.malagaweb.com\/espanol\/blog\/wp-content\/uploads\/2025\/09\/malaga-costadelsol-septiembre.jpg?resize=525%2C300&ssl=1 1.5x, https:\/\/i0.wp.com\/www.malagaweb.com\/espanol\/blog\/wp-content\/uploads\/2025\/09\/malaga-costadelsol-septiembre.jpg?resize=700%2C400&ssl=1 2x, https:\/\/i0.wp.com\/www.malagaweb.com\/espanol\/blog\/wp-content\/uploads\/2025\/09\/malaga-costadelsol-septiembre.jpg?resize=1050%2C600&ssl=1 3x"},"classes":[]},{"id":160,"url":"https:\/\/www.malagaweb.com\/espanol\/blog\/excursiones\/pueblos-174\/","url_meta":{"origin":294,"position":2},"title":"Malaga es una de las provincias espa\u00f1olas con m\u00e1s fiestas gastronomicas","author":"Raul","date":"29 octubre, 2010","format":false,"excerpt":"Malaga cuenta con una larga tradici\u00f3n de cultura gastron\u00f3mica que hace que la provincia cuente con m\u00e1s de 30 fiestas culinarias declaradas de inter\u00e9s tur\u00edstico por su colorido y su sabor.","rel":"","context":"En \u00abExcursiones\u00bb","block_context":{"text":"Excursiones","link":"https:\/\/www.malagaweb.com\/espanol\/blog\/excursiones\/"},"img":{"alt_text":"fiestas gastron\u00f3micas en M\u00e1laga","src":"https:\/\/i0.wp.com\/www.malagaweb.com\/espanol\/blog\/wp-content\/uploads\/2010\/10\/fiestas-gastronomicas-malaga.jpg?resize=350%2C200&ssl=1","width":350,"height":200,"srcset":"https:\/\/i0.wp.com\/www.malagaweb.com\/espanol\/blog\/wp-content\/uploads\/2010\/10\/fiestas-gastronomicas-malaga.jpg?resize=350%2C200&ssl=1 1x, https:\/\/i0.wp.com\/www.malagaweb.com\/espanol\/blog\/wp-content\/uploads\/2010\/10\/fiestas-gastronomicas-malaga.jpg?resize=525%2C300&ssl=1 1.5x, https:\/\/i0.wp.com\/www.malagaweb.com\/espanol\/blog\/wp-content\/uploads\/2010\/10\/fiestas-gastronomicas-malaga.jpg?resize=700%2C400&ssl=1 2x, https:\/\/i0.wp.com\/www.malagaweb.com\/espanol\/blog\/wp-content\/uploads\/2010\/10\/fiestas-gastronomicas-malaga.jpg?resize=1050%2C600&ssl=1 3x"},"classes":[]},{"id":3775,"url":"https:\/\/www.malagaweb.com\/espanol\/blog\/eventos\/ferias-fiestas-malaga-octubre\/","url_meta":{"origin":294,"position":3},"title":"Ferias y fiestas de M\u00e1laga en octubre","author":"Raul","date":"24 octubre, 2025","format":false,"excerpt":"Octubre en M\u00e1laga nos trae un gran n\u00famero de ferias y fiestas. La provincia tiene mucho m\u00e1s que ofrecer fuera de los meses de verano, ya lo demostramos con las actividades recomendadas en septiembre. \u00bfNos acompa\u00f1as para descubrir que puedes hacer en octubre en M\u00e1laga?","rel":"","context":"En \u00abEventos\u00bb","block_context":{"text":"Eventos","link":"https:\/\/www.malagaweb.com\/espanol\/blog\/eventos\/"},"img":{"alt_text":"M\u00e1laga en Octubre","src":"https:\/\/i0.wp.com\/www.malagaweb.com\/espanol\/blog\/wp-content\/uploads\/2017\/09\/malaga-en-octubre.jpg?resize=350%2C200&ssl=1","width":350,"height":200,"srcset":"https:\/\/i0.wp.com\/www.malagaweb.com\/espanol\/blog\/wp-content\/uploads\/2017\/09\/malaga-en-octubre.jpg?resize=350%2C200&ssl=1 1x, https:\/\/i0.wp.com\/www.malagaweb.com\/espanol\/blog\/wp-content\/uploads\/2017\/09\/malaga-en-octubre.jpg?resize=525%2C300&ssl=1 1.5x, https:\/\/i0.wp.com\/www.malagaweb.com\/espanol\/blog\/wp-content\/uploads\/2017\/09\/malaga-en-octubre.jpg?resize=700%2C400&ssl=1 2x, https:\/\/i0.wp.com\/www.malagaweb.com\/espanol\/blog\/wp-content\/uploads\/2017\/09\/malaga-en-octubre.jpg?resize=1050%2C600&ssl=1 3x"},"classes":[]},{"id":6794,"url":"https:\/\/www.malagaweb.com\/espanol\/blog\/eventos\/ferias-mercados-medievales\/","url_meta":{"origin":294,"position":4},"title":"Mercados medievales en M\u00e1laga &#8211; Ferias, actividades y artesan\u00edas","author":"Raul","date":"7 mayo, 2019","format":false,"excerpt":"Las ferias o mercadillos medievales suelen ser eventos populares en la provincia de M\u00e1laga; una buena excusa para conocer diferentes municipios de la provincia y disfrutar de la gastronom\u00eda y de las actividades que proponen. Encontrar\u00e1s desfiles, m\u00fasica, conciertos en directo, puestos de artesan\u00edas y mucho m\u00e1s. \u00bfQuieres conjocer algunos\u2026","rel":"","context":"En \u00abEventos\u00bb","block_context":{"text":"Eventos","link":"https:\/\/www.malagaweb.com\/espanol\/blog\/eventos\/"},"img":{"alt_text":"Ferias medievales en M\u00e1laga","src":"https:\/\/i0.wp.com\/www.malagaweb.com\/espanol\/blog\/wp-content\/uploads\/2019\/05\/ferias-medievales.jpg?resize=350%2C200&ssl=1","width":350,"height":200,"srcset":"https:\/\/i0.wp.com\/www.malagaweb.com\/espanol\/blog\/wp-content\/uploads\/2019\/05\/ferias-medievales.jpg?resize=350%2C200&ssl=1 1x, https:\/\/i0.wp.com\/www.malagaweb.com\/espanol\/blog\/wp-content\/uploads\/2019\/05\/ferias-medievales.jpg?resize=525%2C300&ssl=1 1.5x, https:\/\/i0.wp.com\/www.malagaweb.com\/espanol\/blog\/wp-content\/uploads\/2019\/05\/ferias-medievales.jpg?resize=700%2C400&ssl=1 2x, https:\/\/i0.wp.com\/www.malagaweb.com\/espanol\/blog\/wp-content\/uploads\/2019\/05\/ferias-medievales.jpg?resize=1050%2C600&ssl=1 3x"},"classes":[]},{"id":3517,"url":"https:\/\/www.malagaweb.com\/espanol\/blog\/eventos\/eventos-fin-de-semana-julio\/","url_meta":{"origin":294,"position":5},"title":"Julio en M\u00e1laga: Actividades de fin de semana y otros eventos","author":"Raul","date":"28 junio, 2019","format":false,"excerpt":"El mes de julio adem\u00e1s de una subida de temperaturas nos trae numerosas actividades que podr\u00edan interesarte. Hay actividades para todas las edades y gustos, voy a enumerar las m\u00e1s importantes aunque ir\u00e9 ampliando la lista a lo largo del mes. Muchas de las actividades propuestas se alargan hasta el\u2026","rel":"","context":"En \u00abEventos\u00bb","block_context":{"text":"Eventos","link":"https:\/\/www.malagaweb.com\/espanol\/blog\/eventos\/"},"img":{"alt_text":"Gu\u00eda de museos en M\u00e1laga","src":"https:\/\/i0.wp.com\/www.malagaweb.com\/espanol\/blog\/wp-content\/uploads\/guia-malaga-esquema.jpg?resize=350%2C200&ssl=1","width":350,"height":200,"srcset":"https:\/\/i0.wp.com\/www.malagaweb.com\/espanol\/blog\/wp-content\/uploads\/guia-malaga-esquema.jpg?resize=350%2C200&ssl=1 1x, https:\/\/i0.wp.com\/www.malagaweb.com\/espanol\/blog\/wp-content\/uploads\/guia-malaga-esquema.jpg?resize=525%2C300&ssl=1 1.5x, https:\/\/i0.wp.com\/www.malagaweb.com\/espanol\/blog\/wp-content\/uploads\/guia-malaga-esquema.jpg?resize=700%2C400&ssl=1 2x"},"classes":[]}],"jetpack_sharing_enabled":true,"amp_enabled":true,"_links":{"self":[{"href":"https:\/\/www.malagaweb.com\/espanol\/blog\/wp-json\/wp\/v2\/posts\/294","targetHints":{"allow":["GET"]}}],"collection":[{"href":"https:\/\/www.malagaweb.com\/espanol\/blog\/wp-json\/wp\/v2\/posts"}],"about":[{"href":"https:\/\/www.malagaweb.com\/espanol\/blog\/wp-json\/wp\/v2\/types\/post"}],"author":[{"embeddable":true,"href":"https:\/\/www.malagaweb.com\/espanol\/blog\/wp-json\/wp\/v2\/users\/1"}],"replies":[{"embeddable":true,"href":"https:\/\/www.malagaweb.com\/espanol\/blog\/wp-json\/wp\/v2\/comments?post=294"}],"version-history":[{"count":4,"href":"https:\/\/www.malagaweb.com\/espanol\/blog\/wp-json\/wp\/v2\/posts\/294\/revisions"}],"predecessor-version":[{"id":10102,"href":"https:\/\/www.malagaweb.com\/espanol\/blog\/wp-json\/wp\/v2\/posts\/294\/revisions\/10102"}],"wp:featuredmedia":[{"embeddable":true,"href":"https:\/\/www.malagaweb.com\/espanol\/blog\/wp-json\/wp\/v2\/media\/5292"}],"wp:attachment":[{"href":"https:\/\/www.malagaweb.com\/espanol\/blog\/wp-json\/wp\/v2\/media?parent=294"}],"wp:term":[{"taxonomy":"category","embeddable":true,"href":"https:\/\/www.malagaweb.com\/espanol\/blog\/wp-json\/wp\/v2\/categories?post=294"},{"taxonomy":"post_tag","embeddable":true,"href":"https:\/\/www.malagaweb.com\/espanol\/blog\/wp-json\/wp\/v2\/tags?post=294"}],"curies":[{"name":"wp","href":"https:\/\/api.w.org\/{rel}","templated":true}]}}