{"id":272,"date":"2022-06-10T09:00:00","date_gmt":"2022-06-10T09:00:00","guid":{"rendered":"http:\/\/www.malagaweb.com\/espanol\/blog\/costa-del-sol\/actividades-287\/"},"modified":"2024-08-23T11:59:54","modified_gmt":"2024-08-23T11:59:54","slug":"conciertos-directo-fuengirola-festival","status":"publish","type":"post","link":"https:\/\/www.malagaweb.com\/espanol\/blog\/eventos\/conciertos-directo-fuengirola-festival\/","title":{"rendered":"Conciertos en Fuengirola durante junio, julio, agosto y septiembre"},"content":{"rendered":"<p>La ciudad se prepara para la celebraci\u00f3n el pr\u00f3ximo verano del Festival de <a href=\"https:\/\/www.malagaweb.com\/espanol\/fuengirola.php\" data-wpel-link=\"internal\">Fuengirola<\/a> con unos meses cargados de conciertos y espect\u00e1culos durante junio, julio, agosto y septiembre.<\/p>\n<p>Algunos nombres conocidos como Jamie Cullum, Beach boys, Sting o la Oreja de Van Gogh ya pasaron por el municipio en ediciones pasadas.<\/p>\n<figure id=\"attachment_5869\" aria-describedby=\"caption-attachment-5869\" style=\"width: 1200px\" class=\"wp-caption aligncenter\"><a href=\"https:\/\/www.malagaweb.com\/espanol\/blog\/wp-content\/uploads\/festival-musica-fuengirola.jpg\" itemprop=\"contentUrl\" data-gallery=\"\" title=\"Conciertos en Fuengirola durante junio, julio, agosto y septiembre\" data-wpel-link=\"internal\"><img decoding=\"async\" class=\"wp-image-5869 size-full img-responsive\" loading=\"lazy\" src=\"https:\/\/www.malagaweb.com\/espanol\/blog\/wp-content\/uploads\/festival-musica-fuengirola.jpg\" alt=\"Festival de m\u00fasica en Fuengirola con Scorpions y Europe entre otros en 2019\" width=\"1200\" height=\"758\" \/><\/a><figcaption id=\"caption-attachment-5869\" class=\"wp-caption-text\">Cartel del\u00a0 festival de m\u00fasica en Fuengirola de 2020.<\/figcaption><\/figure>\n<p>El evento en el que tendr\u00e1n lugar estos conciertos es la <strong>nueva edici\u00f3n del Festival Ciudad de Fuengirola y del Marenostrum Music Castle Park<\/strong>.<\/p>\n<p>El recinto de los conciertos situado junto al castillo Sohail contar\u00e1 con una gran oferta gastron\u00f3mica y diferentes tipos de entradas a la venta que han de ser adquiridas online.<\/p>\n<p>Para informaci\u00f3n sobre los conciertos que tendr\u00e1n lugar este a\u00f1o o la compra de entradas recomendamos visitar la p\u00e1gina oficial: <a href=\"https:\/\/marenostrumfuengirola.com\/\" target=\"_blank\" rel=\"noopener noreferrer nofollow\" data-wpel-link=\"external\" class=\"wpel-icon-right\">https:\/\/marenostrumfuengirola.com\/<span class=\"wpel-icon wpel-image wpel-icon-13\"><\/span><\/a><\/p>\n<p>El festival durar\u00e1 desde el 30 de abril hasta el 16 de septiembre.<\/p>\n<h2>Conciertos en Castillo Sohail<\/h2>\n<p>Un escenario espectacular para los conciertos como es la antigua fortaleza \u00e1rabe Sohail, situada en una colina a escasos metros de la playa.<\/p>\n<p>En el pasado artistas de renombre como Beach Boys, Sting, Jamie Cullum y otros asistieron al festival en Fuengirola. Este a\u00f1o actuaciones como la de Simply Red el 5 de junio encabezan el listado.<\/p>\n<p>Es uno de los festivales de verano m\u00e1s populares de nuestro pa\u00eds.<\/p>\n<div class=\"panel panel-info\">\n<div class=\"panel-heading\">\n<h4>Informaci\u00f3n de inter\u00e9s<\/h4>\n<\/div>\n<div class=\"panel-body\">\n<p><strong>IMPORTANTE:<\/strong> PARA GARANTIZAR LA SEGURIDAD DE LOS FLUJOS DE ACCESO, LAS PUERTAS DEL RECINTO SE CERRAR\u00c1N 30 MINUTOS ANTES DEL COMIENZO DEL CONCIERTO. UNA VEZ CERRADAS LAS PUERTAS, NO SER\u00c1 POSIBLE EL ACCESO, POR LO QUE SE RUEGA PUNTUALIDAD.<\/p>\n<\/div>\n<\/div>\n<h3>Conciertos en Junio<\/h3>\n<p>Junio es el comienzo del verano, y un fant\u00e1stico mes para disfrutar de una visita a M\u00e1laga mientras evitamos el calor de los meses m\u00e1s populares.<\/p>\n<p>Hay muchos eventos y conciertos el mes de junio:<\/p>\n<ul>\n<li><strong>1 de junio<\/strong>: Eladio Carri\u00f3n<\/li>\n<li><strong>8 de junio<\/strong>: El Barrio \u2013 Gira Atemporal<\/li>\n<li><strong>14 de junio<\/strong>: Sidecars + Columpio Asesino<\/li>\n<li><strong>15 de junio<\/strong>: Manolo Garc\u00eda \u2013 Gira 2024<\/li>\n<li><strong>21 de junio<\/strong>: Macklemore<\/li>\n<li><strong>22 de junio<\/strong>: Man\u00e1<\/li>\n<li><strong>23 de junio<\/strong>: Queens of the Stone Age<\/li>\n<li><strong>29 de junio<\/strong>: Space the 360<\/li>\n<\/ul>\n<h3>Conciertos en julio<\/h3>\n<p>Ya llega el verano con m\u00e1s conciertos para quien quiera pasar un d\u00eda de m\u00fasica en directo:<\/p>\n<ul>\n<li><strong>3 de julio<\/strong>: Kany Garc\u00eda<\/li>\n<li><strong>4 y 5 de julio<\/strong>: Festival de Jazz<\/li>\n<li><strong>12 de julio<\/strong>: Los Chichos &#8211; Hasta Aqu\u00ed Hemos Llegado<\/li>\n<li><strong>13 de julio<\/strong>: Vibras Marenostrum 2024<\/li>\n<li><strong>15 de julio<\/strong>: Gilberto Santa Rosa<\/li>\n<li><strong>19 de julio<\/strong>: Festival Flamenco<\/li>\n<li><strong>20 de julio<\/strong>: Locos por la M\u00fasica<\/li>\n<li><strong>21 de julio<\/strong>: Mon Laferte &#8211; Autopoi\u00e9tica Tour 2024<\/li>\n<li><strong>23 de julio<\/strong>: Julieta Venegas<\/li>\n<li><strong>25 de julio<\/strong>: Manu Chao<\/li>\n<li><strong>26 de julio<\/strong>: David Cepo<\/li>\n<li><strong>27 de julio<\/strong>: Maceo Plex<\/li>\n<li><strong>28 de julio<\/strong>: Medina Azahara<\/li>\n<\/ul>\n<h3>Conciertos en Agosto<\/h3>\n<p>El mes de agosto es sin duda el m\u00e1s popular del a\u00f1o en M\u00e1laga. Un mes en el que disfrutar de la playa y de la noche que ya gozan en su totalidad de una temperatura agradable.<\/p>\n<p>Durante este mes habr\u00e1 eventos en toda la provincia, y Fuengirola nos trae adem\u00e1s los siguientes conciertos:<\/p>\n<ul>\n<li><strong>4 de agosto<\/strong>: Faemino y Cansado<\/li>\n<li><strong>9 de agosto<\/strong>: Comandante Lara<\/li>\n<li><strong>10 de agosto<\/strong>: Estopa<\/li>\n<li><strong>13 de agosto<\/strong>: Ni\u00f1a Pastori<\/li>\n<li><strong>17 de agosto<\/strong>: BRESH<\/li>\n<li><strong>31 de agosto<\/strong>: Aventura<\/li>\n<\/ul>\n<h3>Conciertos en Septiembre<\/h3>\n<p>El mes de septiembre es algo m\u00e1s tranquilo que agosto, lo cual muchos agradecen y lo prefieren para visitar M\u00e1laga, debido en parte a su clima m\u00e1s suave y a los lugares menos concurridos.<strong><br \/>\n<\/strong><\/p>\n<p>Hay muchos conciertos y eventos en septiembre, \u00bfquieres comprobar cuales son en el Castillo Sohail?<\/p>\n<ul>\n<li><strong>6 de septiembre<\/strong>: Tarja Turunen &amp; Marko Hietala<\/li>\n<li><strong>7 de septiembre<\/strong>: K\u00e4\u00e4rij\u00e4 \u2013 It\u2019s Crazy, It\u2019s Party!<\/li>\n<\/ul>\n<p><img decoding=\"async\" class=\"aligncenter size-large wp-image-3143 img-responsive\" loading=\"lazy\" src=\"https:\/\/www.malagaweb.com\/espanol\/blog\/wp-content\/uploads\/concierto-sohail-fuengirola-500x281.jpg\" alt=\"concierto-sohail-fuengirola\" width=\"500\" height=\"281\" \/><\/p>\n<h3>Compra de entradas y localizaci\u00f3n<\/h3>\n<p>El \u00e1rea reservada se divide en diferentes zonas a las que tendr\u00e1s acceso dependiendo de la entrada que hayas adquirido:<\/p>\n<ul>\n<li><strong>Zona premium<\/strong> con zona Silver, Golden y Platinum.<\/li>\n<li><strong>Zona general<\/strong>: Para todos los p\u00fablicos y una grada con capacidad de hasta 2800 personas.<\/li>\n<\/ul>\n<p><a href=\"https:\/\/www.malagaweb.com\/blog\/wp-content\/uploads\/2018\/02\/sohail-zonas.jpg\" itemprop=\"contentUrl\" data-gallery=\"\" title=\"Conciertos en Fuengirola durante junio, julio, agosto y septiembre\" data-wpel-link=\"internal\"><img decoding=\"async\" class=\"aligncenter wp-image-5889 size-large img-responsive\" loading=\"lazy\" src=\"https:\/\/www.malagaweb.com\/blog\/wp-content\/uploads\/2018\/02\/sohail-zonas-500x368.jpg\" alt=\"Sohail concert areas\" width=\"500\" height=\"368\" \/><\/a><\/p>\n<h4>Precios de las entradas:<\/h4>\n<p>A la hora de comprar las entradas hay diferentes opciones. Ten en cuenta que una entrada solo es v\u00e1lida para un d\u00eda de concierto.<\/p>\n<p><strong>Los precios a continuaci\u00f3n son orientativos<\/strong> ya que pueden variar de un artista a otro; de hecho para algunos artistas los precios de las entradas empiezan en los 20\u20ac o menos, por lo que es mejor visitar el sitio web oficial si est\u00e1s interesado en alguno en especial.<\/p>\n<ul>\n<li><strong>Platinum Frontstage: 132 &#8211; 350\u20ac<\/strong><br \/>\nAcceso exclusivo al la zona principal del recinto frente al escenario.<br \/>\nIncluye acceso exclusivo a comida y bebida en el \u00e1rea VIP.<br \/>\nAcceso a ba\u00f1os exclusivos.<br \/>\nAcreditaci\u00f3n conmemorativa de tu asistencia.<\/li>\n<li><strong>Gold Frontstage: 104\u20ac<\/strong><br \/>\nAcceso a la zona principal del recinto frente al escenario.<br \/>\nIncluye acceso exclusivo a comida y bebida en el \u00e1rea VIP.<\/li>\n<li><strong>Silver Pista: 93.50\u20ac<\/strong><br \/>\nAcceso al recinto reservado para la entrada Silver Pista.<br \/>\nIncluye bebida y comida exclusiva del \u00e1rea premium.<\/li>\n<li><strong>Entrada para personas con movilidad reducida: 69\u20ac<\/strong><\/li>\n<li><strong>Pista general: 75\u20ac<\/strong><\/li>\n<li><strong>Grada numerada general: 55 &#8211; 82.50\u20ac<\/strong><\/li>\n<\/ul>\n<p>Para comprar las entradas puedes dirigirte a la p\u00e1gina oficial del evento:<br \/>\n<a href=\"https:\/\/marenostrumfuengirola.com\/\" target=\"_blank\" rel=\"noopener noreferrer nofollow\" data-wpel-link=\"external\" class=\"wpel-icon-right\">https:\/\/marenostrumfuengirola.com\/<span class=\"wpel-icon wpel-image wpel-icon-13\"><\/span><\/a><\/p>\n<h4>Acceso al concierto para menores de edad<\/h4>\n<p>Los menores de 16 a\u00f1os deben ir acompa\u00f1ados por los padres o tutores legales. Los mayores de 16 y menores de 18 pueden llevar una autorizaci\u00f3n firmada para acceder al recinto:<br \/>\n<a href=\"https:\/\/marenostrumfuengirola.com\/wp-content\/uploads\/2020\/01\/RESPONSABILIDAD_DE_MENORES_MARENOSTRUMFUENGIROLA_2020.pdf\" target=\"_blank\" rel=\"noopener nofollow\" data-wpel-link=\"external\" class=\"wpel-icon-right\">https:\/\/marenostrumfuengirola.com\/wp-content\/uploads\/2020\/01\/RESPONSABILIDAD_DE_MENORES_MARENOSTRUMFUENGIROLA_2020.pdf<span class=\"wpel-icon wpel-image wpel-icon-13\"><\/span><\/a><\/p>\n<h2>Otros conciertos en directo<\/h2>\n<p>Puedes echar un vistazo al <a href=\"https:\/\/www.malagaweb.com\/espanol\/blog\/eventos\/starlite-festival-marbella\/\" data-wpel-link=\"internal\">Starlite Festival en Marbella<\/a>, por donde han pasado artistas de la talla de Sting o James Blunt entre otros. Este festival tambi\u00e9n tiene lugar durante los meses de verano.<\/p>\n","protected":false},"excerpt":{"rendered":"<p>La ciudad de Fuengirola y especialmente el Castillo Sohail se preparan con bastante tiempo para lo que ser\u00e1 el inicio del festival de conciertos de verano que cada a\u00f1o nos trae a artistas de talla internacional. Si quieres saber los \u00faltimos detalles, quienes son los artistas confirmados o cuando tienen lugar los conciertos no puedes perderte este art\u00edculo.<\/p>\n","protected":false},"author":1,"featured_media":6449,"comment_status":"open","ping_status":"closed","sticky":false,"template":"","format":"standard","meta":{"jetpack_post_was_ever_published":false,"_jetpack_newsletter_access":"","_jetpack_dont_email_post_to_subs":true,"_jetpack_newsletter_tier_id":0,"_jetpack_memberships_contains_paywalled_content":false,"_jetpack_memberships_contains_paid_content":false,"footnotes":"","jetpack_publicize_message":"","jetpack_publicize_feature_enabled":true,"jetpack_social_post_already_shared":true,"jetpack_social_options":{"image_generator_settings":{"template":"highway","default_image_id":0,"font":"","enabled":false},"version":2}},"categories":[77],"tags":[38,160,44],"class_list":["post-272","post","type-post","status-publish","format-standard","has-post-thumbnail","hentry","category-eventos","tag-actividades-malaga","tag-atracciones","tag-fuengirola"],"yoast_head":"<!-- This site is optimized with the Yoast SEO plugin v27.5 - https:\/\/yoast.com\/product\/yoast-seo-wordpress\/ -->\n<title>Conciertos en Fuengirola durante junio, julio, agosto y septiembre<\/title>\n<meta name=\"description\" content=\"El evento en el que tendr\u00e1n lugar estos conciertos es la nueva edici\u00f3n del Festival Ciudad de Fuengirola y del Marenostrum Music Castle Park.\" \/>\n<meta name=\"robots\" content=\"index, follow, max-snippet:-1, max-image-preview:large, max-video-preview:-1\" \/>\n<link rel=\"canonical\" href=\"https:\/\/www.malagaweb.com\/espanol\/blog\/eventos\/conciertos-directo-fuengirola-festival\/\" \/>\n<meta property=\"og:locale\" content=\"es_ES\" \/>\n<meta property=\"og:type\" content=\"article\" \/>\n<meta property=\"og:title\" content=\"Conciertos en Fuengirola durante junio, julio, agosto y septiembre\" \/>\n<meta property=\"og:description\" content=\"El evento en el que tendr\u00e1n lugar estos conciertos es la nueva edici\u00f3n del Festival Ciudad de Fuengirola y del Marenostrum Music Castle Park.\" \/>\n<meta property=\"og:url\" content=\"https:\/\/www.malagaweb.com\/espanol\/blog\/eventos\/conciertos-directo-fuengirola-festival\/\" \/>\n<meta property=\"og:site_name\" content=\"Blog de M\u00e1laga\" \/>\n<meta property=\"article:publisher\" content=\"https:\/\/www.facebook.com\/Malaga.CostadelSol\/\" \/>\n<meta property=\"article:published_time\" content=\"2022-06-10T09:00:00+00:00\" \/>\n<meta property=\"article:modified_time\" content=\"2024-08-23T11:59:54+00:00\" \/>\n<meta property=\"og:image\" content=\"https:\/\/www.malagaweb.com\/espanol\/blog\/wp-content\/uploads\/2018\/02\/conciertos-verano-fuengirola.jpg\" \/>\n\t<meta property=\"og:image:width\" content=\"1200\" \/>\n\t<meta property=\"og:image:height\" content=\"643\" \/>\n\t<meta property=\"og:image:type\" content=\"image\/jpeg\" \/>\n<meta name=\"author\" content=\"Raul\" \/>\n<meta name=\"twitter:card\" content=\"summary_large_image\" \/>\n<meta name=\"twitter:creator\" content=\"@malagaweb\" \/>\n<meta name=\"twitter:site\" content=\"@malagaweb\" \/>\n<meta name=\"twitter:label1\" content=\"Escrito por\" \/>\n\t<meta name=\"twitter:data1\" content=\"Raul\" \/>\n\t<meta name=\"twitter:label2\" content=\"Tiempo de lectura\" \/>\n\t<meta name=\"twitter:data2\" content=\"5 minutos\" \/>\n<script type=\"application\/ld+json\" class=\"yoast-schema-graph\">{\"@context\":\"https:\\\/\\\/schema.org\",\"@graph\":[{\"@type\":\"Article\",\"@id\":\"https:\\\/\\\/www.malagaweb.com\\\/espanol\\\/blog\\\/eventos\\\/conciertos-directo-fuengirola-festival\\\/#article\",\"isPartOf\":{\"@id\":\"https:\\\/\\\/www.malagaweb.com\\\/espanol\\\/blog\\\/eventos\\\/conciertos-directo-fuengirola-festival\\\/\"},\"author\":{\"name\":\"Raul\",\"@id\":\"https:\\\/\\\/www.malagaweb.com\\\/espanol\\\/blog\\\/#\\\/schema\\\/person\\\/e7064ff7a4ff971bc5b3a6e41075ddb4\"},\"headline\":\"Conciertos en Fuengirola durante junio, julio, agosto y septiembre\",\"datePublished\":\"2022-06-10T09:00:00+00:00\",\"dateModified\":\"2024-08-23T11:59:54+00:00\",\"mainEntityOfPage\":{\"@id\":\"https:\\\/\\\/www.malagaweb.com\\\/espanol\\\/blog\\\/eventos\\\/conciertos-directo-fuengirola-festival\\\/\"},\"wordCount\":942,\"commentCount\":0,\"publisher\":{\"@id\":\"https:\\\/\\\/www.malagaweb.com\\\/espanol\\\/blog\\\/#organization\"},\"image\":{\"@id\":\"https:\\\/\\\/www.malagaweb.com\\\/espanol\\\/blog\\\/eventos\\\/conciertos-directo-fuengirola-festival\\\/#primaryimage\"},\"thumbnailUrl\":\"https:\\\/\\\/www.malagaweb.com\\\/espanol\\\/blog\\\/wp-content\\\/uploads\\\/2018\\\/02\\\/conciertos-verano-fuengirola.jpg\",\"keywords\":[\"Actividades\",\"Atracciones\",\"Fuengirola\"],\"articleSection\":[\"Eventos\"],\"inLanguage\":\"es\",\"potentialAction\":[{\"@type\":\"CommentAction\",\"name\":\"Comment\",\"target\":[\"https:\\\/\\\/www.malagaweb.com\\\/espanol\\\/blog\\\/eventos\\\/conciertos-directo-fuengirola-festival\\\/#respond\"]}]},{\"@type\":\"WebPage\",\"@id\":\"https:\\\/\\\/www.malagaweb.com\\\/espanol\\\/blog\\\/eventos\\\/conciertos-directo-fuengirola-festival\\\/\",\"url\":\"https:\\\/\\\/www.malagaweb.com\\\/espanol\\\/blog\\\/eventos\\\/conciertos-directo-fuengirola-festival\\\/\",\"name\":\"Conciertos en Fuengirola durante junio, julio, agosto y septiembre\",\"isPartOf\":{\"@id\":\"https:\\\/\\\/www.malagaweb.com\\\/espanol\\\/blog\\\/#website\"},\"primaryImageOfPage\":{\"@id\":\"https:\\\/\\\/www.malagaweb.com\\\/espanol\\\/blog\\\/eventos\\\/conciertos-directo-fuengirola-festival\\\/#primaryimage\"},\"image\":{\"@id\":\"https:\\\/\\\/www.malagaweb.com\\\/espanol\\\/blog\\\/eventos\\\/conciertos-directo-fuengirola-festival\\\/#primaryimage\"},\"thumbnailUrl\":\"https:\\\/\\\/www.malagaweb.com\\\/espanol\\\/blog\\\/wp-content\\\/uploads\\\/2018\\\/02\\\/conciertos-verano-fuengirola.jpg\",\"datePublished\":\"2022-06-10T09:00:00+00:00\",\"dateModified\":\"2024-08-23T11:59:54+00:00\",\"description\":\"El evento en el que tendr\u00e1n lugar estos conciertos es la nueva edici\u00f3n del Festival Ciudad de Fuengirola y del Marenostrum Music Castle Park.\",\"breadcrumb\":{\"@id\":\"https:\\\/\\\/www.malagaweb.com\\\/espanol\\\/blog\\\/eventos\\\/conciertos-directo-fuengirola-festival\\\/#breadcrumb\"},\"inLanguage\":\"es\",\"potentialAction\":[{\"@type\":\"ReadAction\",\"target\":[\"https:\\\/\\\/www.malagaweb.com\\\/espanol\\\/blog\\\/eventos\\\/conciertos-directo-fuengirola-festival\\\/\"]}]},{\"@type\":\"ImageObject\",\"inLanguage\":\"es\",\"@id\":\"https:\\\/\\\/www.malagaweb.com\\\/espanol\\\/blog\\\/eventos\\\/conciertos-directo-fuengirola-festival\\\/#primaryimage\",\"url\":\"https:\\\/\\\/www.malagaweb.com\\\/espanol\\\/blog\\\/wp-content\\\/uploads\\\/2018\\\/02\\\/conciertos-verano-fuengirola.jpg\",\"contentUrl\":\"https:\\\/\\\/www.malagaweb.com\\\/espanol\\\/blog\\\/wp-content\\\/uploads\\\/2018\\\/02\\\/conciertos-verano-fuengirola.jpg\",\"width\":1200,\"height\":643,\"caption\":\"Conciertos este verano en Fuengirola\"},{\"@type\":\"BreadcrumbList\",\"@id\":\"https:\\\/\\\/www.malagaweb.com\\\/espanol\\\/blog\\\/eventos\\\/conciertos-directo-fuengirola-festival\\\/#breadcrumb\",\"itemListElement\":[{\"@type\":\"ListItem\",\"position\":1,\"name\":\"Blog\",\"item\":\"https:\\\/\\\/www.malagaweb.com\\\/espanol\\\/blog\\\/\"},{\"@type\":\"ListItem\",\"position\":2,\"name\":\"Eventos\",\"item\":\"https:\\\/\\\/www.malagaweb.com\\\/espanol\\\/blog\\\/eventos\\\/\"},{\"@type\":\"ListItem\",\"position\":3,\"name\":\"Conciertos en Fuengirola durante junio, julio, agosto y septiembre\"}]},{\"@type\":\"WebSite\",\"@id\":\"https:\\\/\\\/www.malagaweb.com\\\/espanol\\\/blog\\\/#website\",\"url\":\"https:\\\/\\\/www.malagaweb.com\\\/espanol\\\/blog\\\/\",\"name\":\"Blog de M\u00e1laga\",\"description\":\"Blog de M\u00e1laga con informaci\u00f3n \u00fatil para tus vacaciones\",\"publisher\":{\"@id\":\"https:\\\/\\\/www.malagaweb.com\\\/espanol\\\/blog\\\/#organization\"},\"potentialAction\":[{\"@type\":\"SearchAction\",\"target\":{\"@type\":\"EntryPoint\",\"urlTemplate\":\"https:\\\/\\\/www.malagaweb.com\\\/espanol\\\/blog\\\/?s={search_term_string}\"},\"query-input\":{\"@type\":\"PropertyValueSpecification\",\"valueRequired\":true,\"valueName\":\"search_term_string\"}}],\"inLanguage\":\"es\"},{\"@type\":\"Organization\",\"@id\":\"https:\\\/\\\/www.malagaweb.com\\\/espanol\\\/blog\\\/#organization\",\"name\":\"Malagaweb.com\",\"url\":\"https:\\\/\\\/www.malagaweb.com\\\/espanol\\\/blog\\\/\",\"logo\":{\"@type\":\"ImageObject\",\"inLanguage\":\"es\",\"@id\":\"https:\\\/\\\/www.malagaweb.com\\\/espanol\\\/blog\\\/#\\\/schema\\\/logo\\\/image\\\/\",\"url\":\"https:\\\/\\\/www.malagaweb.com\\\/espanol\\\/blog\\\/wp-content\\\/uploads\\\/malagaweb_logo.png\",\"contentUrl\":\"https:\\\/\\\/www.malagaweb.com\\\/espanol\\\/blog\\\/wp-content\\\/uploads\\\/malagaweb_logo.png\",\"width\":190,\"height\":36,\"caption\":\"Malagaweb.com\"},\"image\":{\"@id\":\"https:\\\/\\\/www.malagaweb.com\\\/espanol\\\/blog\\\/#\\\/schema\\\/logo\\\/image\\\/\"},\"sameAs\":[\"https:\\\/\\\/www.facebook.com\\\/Malaga.CostadelSol\\\/\",\"https:\\\/\\\/x.com\\\/malagaweb\"]},{\"@type\":\"Person\",\"@id\":\"https:\\\/\\\/www.malagaweb.com\\\/espanol\\\/blog\\\/#\\\/schema\\\/person\\\/e7064ff7a4ff971bc5b3a6e41075ddb4\",\"name\":\"Raul\",\"image\":{\"@type\":\"ImageObject\",\"inLanguage\":\"es\",\"@id\":\"https:\\\/\\\/secure.gravatar.com\\\/avatar\\\/355bb21897b371342e002159d93cc5a3dcf5add74aab5d2183293cebb23ac386?s=96&r=g\",\"url\":\"https:\\\/\\\/secure.gravatar.com\\\/avatar\\\/355bb21897b371342e002159d93cc5a3dcf5add74aab5d2183293cebb23ac386?s=96&r=g\",\"contentUrl\":\"https:\\\/\\\/secure.gravatar.com\\\/avatar\\\/355bb21897b371342e002159d93cc5a3dcf5add74aab5d2183293cebb23ac386?s=96&r=g\",\"caption\":\"Raul\"},\"description\":\"Desarrollador web y editor de contenidos, autor de muchas de las gu\u00edas tur\u00edsticas que habr\u00e1s podido leer en Internet sobre Andaluc\u00eda, M\u00e1laga y Espa\u00f1a.\"}]}<\/script>\n<!-- \/ Yoast SEO plugin. -->","yoast_head_json":{"title":"Conciertos en Fuengirola durante junio, julio, agosto y septiembre","description":"El evento en el que tendr\u00e1n lugar estos conciertos es la nueva edici\u00f3n del Festival Ciudad de Fuengirola y del Marenostrum Music Castle Park.","robots":{"index":"index","follow":"follow","max-snippet":"max-snippet:-1","max-image-preview":"max-image-preview:large","max-video-preview":"max-video-preview:-1"},"canonical":"https:\/\/www.malagaweb.com\/espanol\/blog\/eventos\/conciertos-directo-fuengirola-festival\/","og_locale":"es_ES","og_type":"article","og_title":"Conciertos en Fuengirola durante junio, julio, agosto y septiembre","og_description":"El evento en el que tendr\u00e1n lugar estos conciertos es la nueva edici\u00f3n del Festival Ciudad de Fuengirola y del Marenostrum Music Castle Park.","og_url":"https:\/\/www.malagaweb.com\/espanol\/blog\/eventos\/conciertos-directo-fuengirola-festival\/","og_site_name":"Blog de M\u00e1laga","article_publisher":"https:\/\/www.facebook.com\/Malaga.CostadelSol\/","article_published_time":"2022-06-10T09:00:00+00:00","article_modified_time":"2024-08-23T11:59:54+00:00","og_image":[{"width":1200,"height":643,"url":"https:\/\/www.malagaweb.com\/espanol\/blog\/wp-content\/uploads\/2018\/02\/conciertos-verano-fuengirola.jpg","type":"image\/jpeg"}],"author":"Raul","twitter_card":"summary_large_image","twitter_creator":"@malagaweb","twitter_site":"@malagaweb","twitter_misc":{"Escrito por":"Raul","Tiempo de lectura":"5 minutos"},"schema":{"@context":"https:\/\/schema.org","@graph":[{"@type":"Article","@id":"https:\/\/www.malagaweb.com\/espanol\/blog\/eventos\/conciertos-directo-fuengirola-festival\/#article","isPartOf":{"@id":"https:\/\/www.malagaweb.com\/espanol\/blog\/eventos\/conciertos-directo-fuengirola-festival\/"},"author":{"name":"Raul","@id":"https:\/\/www.malagaweb.com\/espanol\/blog\/#\/schema\/person\/e7064ff7a4ff971bc5b3a6e41075ddb4"},"headline":"Conciertos en Fuengirola durante junio, julio, agosto y septiembre","datePublished":"2022-06-10T09:00:00+00:00","dateModified":"2024-08-23T11:59:54+00:00","mainEntityOfPage":{"@id":"https:\/\/www.malagaweb.com\/espanol\/blog\/eventos\/conciertos-directo-fuengirola-festival\/"},"wordCount":942,"commentCount":0,"publisher":{"@id":"https:\/\/www.malagaweb.com\/espanol\/blog\/#organization"},"image":{"@id":"https:\/\/www.malagaweb.com\/espanol\/blog\/eventos\/conciertos-directo-fuengirola-festival\/#primaryimage"},"thumbnailUrl":"https:\/\/www.malagaweb.com\/espanol\/blog\/wp-content\/uploads\/2018\/02\/conciertos-verano-fuengirola.jpg","keywords":["Actividades","Atracciones","Fuengirola"],"articleSection":["Eventos"],"inLanguage":"es","potentialAction":[{"@type":"CommentAction","name":"Comment","target":["https:\/\/www.malagaweb.com\/espanol\/blog\/eventos\/conciertos-directo-fuengirola-festival\/#respond"]}]},{"@type":"WebPage","@id":"https:\/\/www.malagaweb.com\/espanol\/blog\/eventos\/conciertos-directo-fuengirola-festival\/","url":"https:\/\/www.malagaweb.com\/espanol\/blog\/eventos\/conciertos-directo-fuengirola-festival\/","name":"Conciertos en Fuengirola durante junio, julio, agosto y septiembre","isPartOf":{"@id":"https:\/\/www.malagaweb.com\/espanol\/blog\/#website"},"primaryImageOfPage":{"@id":"https:\/\/www.malagaweb.com\/espanol\/blog\/eventos\/conciertos-directo-fuengirola-festival\/#primaryimage"},"image":{"@id":"https:\/\/www.malagaweb.com\/espanol\/blog\/eventos\/conciertos-directo-fuengirola-festival\/#primaryimage"},"thumbnailUrl":"https:\/\/www.malagaweb.com\/espanol\/blog\/wp-content\/uploads\/2018\/02\/conciertos-verano-fuengirola.jpg","datePublished":"2022-06-10T09:00:00+00:00","dateModified":"2024-08-23T11:59:54+00:00","description":"El evento en el que tendr\u00e1n lugar estos conciertos es la nueva edici\u00f3n del Festival Ciudad de Fuengirola y del Marenostrum Music Castle Park.","breadcrumb":{"@id":"https:\/\/www.malagaweb.com\/espanol\/blog\/eventos\/conciertos-directo-fuengirola-festival\/#breadcrumb"},"inLanguage":"es","potentialAction":[{"@type":"ReadAction","target":["https:\/\/www.malagaweb.com\/espanol\/blog\/eventos\/conciertos-directo-fuengirola-festival\/"]}]},{"@type":"ImageObject","inLanguage":"es","@id":"https:\/\/www.malagaweb.com\/espanol\/blog\/eventos\/conciertos-directo-fuengirola-festival\/#primaryimage","url":"https:\/\/www.malagaweb.com\/espanol\/blog\/wp-content\/uploads\/2018\/02\/conciertos-verano-fuengirola.jpg","contentUrl":"https:\/\/www.malagaweb.com\/espanol\/blog\/wp-content\/uploads\/2018\/02\/conciertos-verano-fuengirola.jpg","width":1200,"height":643,"caption":"Conciertos este verano en Fuengirola"},{"@type":"BreadcrumbList","@id":"https:\/\/www.malagaweb.com\/espanol\/blog\/eventos\/conciertos-directo-fuengirola-festival\/#breadcrumb","itemListElement":[{"@type":"ListItem","position":1,"name":"Blog","item":"https:\/\/www.malagaweb.com\/espanol\/blog\/"},{"@type":"ListItem","position":2,"name":"Eventos","item":"https:\/\/www.malagaweb.com\/espanol\/blog\/eventos\/"},{"@type":"ListItem","position":3,"name":"Conciertos en Fuengirola durante junio, julio, agosto y septiembre"}]},{"@type":"WebSite","@id":"https:\/\/www.malagaweb.com\/espanol\/blog\/#website","url":"https:\/\/www.malagaweb.com\/espanol\/blog\/","name":"Blog de M\u00e1laga","description":"Blog de M\u00e1laga con informaci\u00f3n \u00fatil para tus vacaciones","publisher":{"@id":"https:\/\/www.malagaweb.com\/espanol\/blog\/#organization"},"potentialAction":[{"@type":"SearchAction","target":{"@type":"EntryPoint","urlTemplate":"https:\/\/www.malagaweb.com\/espanol\/blog\/?s={search_term_string}"},"query-input":{"@type":"PropertyValueSpecification","valueRequired":true,"valueName":"search_term_string"}}],"inLanguage":"es"},{"@type":"Organization","@id":"https:\/\/www.malagaweb.com\/espanol\/blog\/#organization","name":"Malagaweb.com","url":"https:\/\/www.malagaweb.com\/espanol\/blog\/","logo":{"@type":"ImageObject","inLanguage":"es","@id":"https:\/\/www.malagaweb.com\/espanol\/blog\/#\/schema\/logo\/image\/","url":"https:\/\/www.malagaweb.com\/espanol\/blog\/wp-content\/uploads\/malagaweb_logo.png","contentUrl":"https:\/\/www.malagaweb.com\/espanol\/blog\/wp-content\/uploads\/malagaweb_logo.png","width":190,"height":36,"caption":"Malagaweb.com"},"image":{"@id":"https:\/\/www.malagaweb.com\/espanol\/blog\/#\/schema\/logo\/image\/"},"sameAs":["https:\/\/www.facebook.com\/Malaga.CostadelSol\/","https:\/\/x.com\/malagaweb"]},{"@type":"Person","@id":"https:\/\/www.malagaweb.com\/espanol\/blog\/#\/schema\/person\/e7064ff7a4ff971bc5b3a6e41075ddb4","name":"Raul","image":{"@type":"ImageObject","inLanguage":"es","@id":"https:\/\/secure.gravatar.com\/avatar\/355bb21897b371342e002159d93cc5a3dcf5add74aab5d2183293cebb23ac386?s=96&r=g","url":"https:\/\/secure.gravatar.com\/avatar\/355bb21897b371342e002159d93cc5a3dcf5add74aab5d2183293cebb23ac386?s=96&r=g","contentUrl":"https:\/\/secure.gravatar.com\/avatar\/355bb21897b371342e002159d93cc5a3dcf5add74aab5d2183293cebb23ac386?s=96&r=g","caption":"Raul"},"description":"Desarrollador web y editor de contenidos, autor de muchas de las gu\u00edas tur\u00edsticas que habr\u00e1s podido leer en Internet sobre Andaluc\u00eda, M\u00e1laga y Espa\u00f1a."}]}},"jetpack_publicize_connections":[],"jetpack_featured_media_url":"https:\/\/www.malagaweb.com\/espanol\/blog\/wp-content\/uploads\/2018\/02\/conciertos-verano-fuengirola.jpg","jetpack_shortlink":"https:\/\/wp.me\/p7riGP-4o","jetpack-related-posts":[{"id":130,"url":"https:\/\/www.malagaweb.com\/espanol\/blog\/eventos\/mercado-medieval-fuengirola\/","url_meta":{"origin":272,"position":0},"title":"Mercado Medieval de Fuengirola en Castillo Sohail &#8211; Actividades y eventos","author":"Raul","date":"1 agosto, 2016","format":false,"excerpt":"El Castillo de Sohail de Fuengirola, una fortaleza musulmana restaurada y convertida en un auditorio que acoge una gran variedad de eventos musicales durante los meses de verano, ha sido ya durante algunos a\u00f1os el escenario perfecto para la celebraci\u00f3n del Mercado Medieval en Fuengirola.","rel":"","context":"En \u00abEventos\u00bb","block_context":{"text":"Eventos","link":"https:\/\/www.malagaweb.com\/espanol\/blog\/eventos\/"},"img":{"alt_text":"Castillo Sohail Fuengirola","src":"https:\/\/i0.wp.com\/www.malagaweb.com\/espanol\/blog\/wp-content\/uploads\/castillo-sohail-fuengirola-1.jpg?resize=350%2C200&ssl=1","width":350,"height":200,"srcset":"https:\/\/i0.wp.com\/www.malagaweb.com\/espanol\/blog\/wp-content\/uploads\/castillo-sohail-fuengirola-1.jpg?resize=350%2C200&ssl=1 1x, https:\/\/i0.wp.com\/www.malagaweb.com\/espanol\/blog\/wp-content\/uploads\/castillo-sohail-fuengirola-1.jpg?resize=525%2C300&ssl=1 1.5x, https:\/\/i0.wp.com\/www.malagaweb.com\/espanol\/blog\/wp-content\/uploads\/castillo-sohail-fuengirola-1.jpg?resize=700%2C400&ssl=1 2x, https:\/\/i0.wp.com\/www.malagaweb.com\/espanol\/blog\/wp-content\/uploads\/castillo-sohail-fuengirola-1.jpg?resize=1050%2C600&ssl=1 3x, https:\/\/i0.wp.com\/www.malagaweb.com\/espanol\/blog\/wp-content\/uploads\/castillo-sohail-fuengirola-1.jpg?resize=1400%2C800&ssl=1 4x"},"classes":[]},{"id":9033,"url":"https:\/\/www.malagaweb.com\/espanol\/blog\/costa-del-sol\/visita-fuengirola\/","url_meta":{"origin":272,"position":1},"title":"M\u00e1s de 20 cosas que hacer y visitar en Fuengirola todo el a\u00f1o","author":"Raul","date":"30 julio, 2020","format":false,"excerpt":"Fuengirola es el lugar escogido cada a\u00f1o por multitud de turistas que visitan la Costa del Sol. Veamos algunas ideas que pueden interesar a quienes visitan esta preciosa ciudad de la costa malague\u00f1a. Voy a recomendarte lugares y monumentos, adem\u00e1s de actividades para todas las edades. \u00bfTe animas a conocer\u2026","rel":"","context":"En \u00abCosta del Sol\u00bb","block_context":{"text":"Costa del Sol","link":"https:\/\/www.malagaweb.com\/espanol\/blog\/costa-del-sol\/"},"img":{"alt_text":"Descubre Fuengirola","src":"https:\/\/i0.wp.com\/www.malagaweb.com\/espanol\/blog\/wp-content\/uploads\/2020\/07\/descubre-fuengirola.jpg?resize=350%2C200&ssl=1","width":350,"height":200,"srcset":"https:\/\/i0.wp.com\/www.malagaweb.com\/espanol\/blog\/wp-content\/uploads\/2020\/07\/descubre-fuengirola.jpg?resize=350%2C200&ssl=1 1x, https:\/\/i0.wp.com\/www.malagaweb.com\/espanol\/blog\/wp-content\/uploads\/2020\/07\/descubre-fuengirola.jpg?resize=525%2C300&ssl=1 1.5x, https:\/\/i0.wp.com\/www.malagaweb.com\/espanol\/blog\/wp-content\/uploads\/2020\/07\/descubre-fuengirola.jpg?resize=700%2C400&ssl=1 2x, https:\/\/i0.wp.com\/www.malagaweb.com\/espanol\/blog\/wp-content\/uploads\/2020\/07\/descubre-fuengirola.jpg?resize=1050%2C600&ssl=1 3x"},"classes":[]},{"id":6794,"url":"https:\/\/www.malagaweb.com\/espanol\/blog\/eventos\/ferias-mercados-medievales\/","url_meta":{"origin":272,"position":2},"title":"Mercados medievales en M\u00e1laga &#8211; Ferias, actividades y artesan\u00edas","author":"Raul","date":"7 mayo, 2019","format":false,"excerpt":"Las ferias o mercadillos medievales suelen ser eventos populares en la provincia de M\u00e1laga; una buena excusa para conocer diferentes municipios de la provincia y disfrutar de la gastronom\u00eda y de las actividades que proponen. Encontrar\u00e1s desfiles, m\u00fasica, conciertos en directo, puestos de artesan\u00edas y mucho m\u00e1s. \u00bfQuieres conjocer algunos\u2026","rel":"","context":"En \u00abEventos\u00bb","block_context":{"text":"Eventos","link":"https:\/\/www.malagaweb.com\/espanol\/blog\/eventos\/"},"img":{"alt_text":"Ferias medievales en M\u00e1laga","src":"https:\/\/i0.wp.com\/www.malagaweb.com\/espanol\/blog\/wp-content\/uploads\/2019\/05\/ferias-medievales.jpg?resize=350%2C200&ssl=1","width":350,"height":200,"srcset":"https:\/\/i0.wp.com\/www.malagaweb.com\/espanol\/blog\/wp-content\/uploads\/2019\/05\/ferias-medievales.jpg?resize=350%2C200&ssl=1 1x, https:\/\/i0.wp.com\/www.malagaweb.com\/espanol\/blog\/wp-content\/uploads\/2019\/05\/ferias-medievales.jpg?resize=525%2C300&ssl=1 1.5x, https:\/\/i0.wp.com\/www.malagaweb.com\/espanol\/blog\/wp-content\/uploads\/2019\/05\/ferias-medievales.jpg?resize=700%2C400&ssl=1 2x, https:\/\/i0.wp.com\/www.malagaweb.com\/espanol\/blog\/wp-content\/uploads\/2019\/05\/ferias-medievales.jpg?resize=1050%2C600&ssl=1 3x"},"classes":[]},{"id":5370,"url":"https:\/\/www.malagaweb.com\/espanol\/blog\/eventos\/feria-fuengirola\/","url_meta":{"origin":272,"position":3},"title":"Feria de Fuengirola y Romer\u00eda &#8211; Programa de feria y conciertos en 2024","author":"Raul","date":"30 septiembre, 2019","format":false,"excerpt":"La noche del 6 de octubre comienza la popular feria de Fuengirola. Ven a conocer todos los detalles sobre estos d\u00edas, el programa de feria y los conciertos en directo que tendr\u00e1n lugar en el auditorio en 2018 a lo largo de la semana.","rel":"","context":"En \u00abEventos\u00bb","block_context":{"text":"Eventos","link":"https:\/\/www.malagaweb.com\/espanol\/blog\/eventos\/"},"img":{"alt_text":"Feria de Fuengirola","src":"https:\/\/i0.wp.com\/www.malagaweb.com\/espanol\/blog\/wp-content\/uploads\/feria-fuengirola.jpg?resize=350%2C200&ssl=1","width":350,"height":200,"srcset":"https:\/\/i0.wp.com\/www.malagaweb.com\/espanol\/blog\/wp-content\/uploads\/feria-fuengirola.jpg?resize=350%2C200&ssl=1 1x, https:\/\/i0.wp.com\/www.malagaweb.com\/espanol\/blog\/wp-content\/uploads\/feria-fuengirola.jpg?resize=525%2C300&ssl=1 1.5x, https:\/\/i0.wp.com\/www.malagaweb.com\/espanol\/blog\/wp-content\/uploads\/feria-fuengirola.jpg?resize=700%2C400&ssl=1 2x"},"classes":[]},{"id":2702,"url":"https:\/\/www.malagaweb.com\/espanol\/blog\/eventos\/feria-de-los-pueblos-fuengirola\/","url_meta":{"origin":272,"position":4},"title":"XXX Feria Internacional de los Pa\u00edses (FIP 2026) en Fuengirola: 30 aniversario","author":"Raul","date":"1 abril, 2026","format":false,"excerpt":"Con el intento de dar a conocer las costumbres, el folclore y la gastronom\u00eda, as\u00ed como cultura, historia y atractivos tur\u00edsticos de los habitantes de esta ciudad multicultural, se puso en marcha el proyecto de la Feria de los Pueblos en 1994. En los \u00faltimos a\u00f1os se ha convertido en\u2026","rel":"","context":"En \u00abEventos\u00bb","block_context":{"text":"Eventos","link":"https:\/\/www.malagaweb.com\/espanol\/blog\/eventos\/"},"img":{"alt_text":"Feria de los Pueblos en Fuengirola","src":"https:\/\/i0.wp.com\/www.malagaweb.com\/espanol\/blog\/wp-content\/uploads\/feria-de-los-pueblos-fuengirola-1.jpg?resize=350%2C200&ssl=1","width":350,"height":200,"srcset":"https:\/\/i0.wp.com\/www.malagaweb.com\/espanol\/blog\/wp-content\/uploads\/feria-de-los-pueblos-fuengirola-1.jpg?resize=350%2C200&ssl=1 1x, https:\/\/i0.wp.com\/www.malagaweb.com\/espanol\/blog\/wp-content\/uploads\/feria-de-los-pueblos-fuengirola-1.jpg?resize=525%2C300&ssl=1 1.5x, https:\/\/i0.wp.com\/www.malagaweb.com\/espanol\/blog\/wp-content\/uploads\/feria-de-los-pueblos-fuengirola-1.jpg?resize=700%2C400&ssl=1 2x, https:\/\/i0.wp.com\/www.malagaweb.com\/espanol\/blog\/wp-content\/uploads\/feria-de-los-pueblos-fuengirola-1.jpg?resize=1050%2C600&ssl=1 3x, https:\/\/i0.wp.com\/www.malagaweb.com\/espanol\/blog\/wp-content\/uploads\/feria-de-los-pueblos-fuengirola-1.jpg?resize=1400%2C800&ssl=1 4x"},"classes":[]},{"id":184,"url":"https:\/\/www.malagaweb.com\/espanol\/blog\/costa-del-sol\/bioparc-fuengirola\/","url_meta":{"origin":272,"position":5},"title":"Bioparc Fuengirola &#8211; Zool\u00f3gico y biodiversidad en Fuengirola","author":"Raul","date":"19 junio, 2018","format":false,"excerpt":"En esta temporada de vacaciones, nada mejor que compartir un d\u00eda con la familia y amigos. Bioparc Fuengirola es un lugar donde personas de todas las edades y especialmente las familias pueden disfrutar de la naturaleza en un entorno \u00fanico. El Bioparc Fuengirola es un parque zool\u00f3gico situado en la\u2026","rel":"","context":"En \u00abCosta del Sol\u00bb","block_context":{"text":"Costa del Sol","link":"https:\/\/www.malagaweb.com\/espanol\/blog\/costa-del-sol\/"},"img":{"alt_text":"Logo de Bioparc Fuengirola","src":"https:\/\/i0.wp.com\/www.malagaweb.com\/espanol\/blog\/wp-content\/uploads\/bioparc-fuengirola-logo.jpg?resize=350%2C200&ssl=1","width":350,"height":200,"srcset":"https:\/\/i0.wp.com\/www.malagaweb.com\/espanol\/blog\/wp-content\/uploads\/bioparc-fuengirola-logo.jpg?resize=350%2C200&ssl=1 1x, https:\/\/i0.wp.com\/www.malagaweb.com\/espanol\/blog\/wp-content\/uploads\/bioparc-fuengirola-logo.jpg?resize=525%2C300&ssl=1 1.5x"},"classes":[]}],"jetpack_sharing_enabled":true,"amp_enabled":true,"_links":{"self":[{"href":"https:\/\/www.malagaweb.com\/espanol\/blog\/wp-json\/wp\/v2\/posts\/272","targetHints":{"allow":["GET"]}}],"collection":[{"href":"https:\/\/www.malagaweb.com\/espanol\/blog\/wp-json\/wp\/v2\/posts"}],"about":[{"href":"https:\/\/www.malagaweb.com\/espanol\/blog\/wp-json\/wp\/v2\/types\/post"}],"author":[{"embeddable":true,"href":"https:\/\/www.malagaweb.com\/espanol\/blog\/wp-json\/wp\/v2\/users\/1"}],"replies":[{"embeddable":true,"href":"https:\/\/www.malagaweb.com\/espanol\/blog\/wp-json\/wp\/v2\/comments?post=272"}],"version-history":[{"count":4,"href":"https:\/\/www.malagaweb.com\/espanol\/blog\/wp-json\/wp\/v2\/posts\/272\/revisions"}],"predecessor-version":[{"id":10103,"href":"https:\/\/www.malagaweb.com\/espanol\/blog\/wp-json\/wp\/v2\/posts\/272\/revisions\/10103"}],"wp:featuredmedia":[{"embeddable":true,"href":"https:\/\/www.malagaweb.com\/espanol\/blog\/wp-json\/wp\/v2\/media\/6449"}],"wp:attachment":[{"href":"https:\/\/www.malagaweb.com\/espanol\/blog\/wp-json\/wp\/v2\/media?parent=272"}],"wp:term":[{"taxonomy":"category","embeddable":true,"href":"https:\/\/www.malagaweb.com\/espanol\/blog\/wp-json\/wp\/v2\/categories?post=272"},{"taxonomy":"post_tag","embeddable":true,"href":"https:\/\/www.malagaweb.com\/espanol\/blog\/wp-json\/wp\/v2\/tags?post=272"}],"curies":[{"name":"wp","href":"https:\/\/api.w.org\/{rel}","templated":true}]}}