{"id":2583,"date":"2020-01-31T13:00:26","date_gmt":"2020-01-31T13:00:26","guid":{"rendered":"http:\/\/www.malagaweb.com\/espanol\/blog\/?p=2583"},"modified":"2022-02-03T11:20:04","modified_gmt":"2022-02-03T11:20:04","slug":"agenda-carnaval-de-malaga","status":"publish","type":"post","link":"https:\/\/www.malagaweb.com\/espanol\/blog\/eventos\/agenda-carnaval-de-malaga\/","title":{"rendered":"Fechas del Carnaval de M\u00e1laga 2022 &#8211; Agenda de d\u00edas destacados"},"content":{"rendered":"<p>Este a\u00f1o 2022 el <a href=\"https:\/\/www.malagaweb.com\/espanol\/vacaciones\/carnaval.php\" data-wpel-link=\"internal\">Carnaval de M\u00e1laga<\/a> <strong>se celebrar\u00e1 entre el 26 de febrero y el 6 de marzo<\/strong>, aunque puede alargarse en algunos municipios. Conoce\u00a0 los preparativos y actividades que tendr\u00e1n lugar desde el inicio hasta el \u00faltimo d\u00eda de Carnaval.<\/p>\n<p><img decoding=\"async\" class=\"aligncenter size-large wp-image-2584 img-responsive\" loading=\"lazy\" src=\"https:\/\/www.malagaweb.com\/espanol\/blog\/wp-content\/uploads\/carnaval_malaga-500x185.jpg\" alt=\"carnaval de malaga\" width=\"500\" height=\"185\" \/><\/p>\n<p>Contin\u00faa leyendo para conocer el programa del Carnaval de M\u00e1laga o salta a la informaci\u00f3n sobre otros carnavales destacados de la Costa del Sol:<\/p>\n<ul>\n<li><a href=\"#marbella\">Carnaval de Marbella<\/a><\/li>\n<li><a href=\"#nerja\">Carnaval en Nerja<\/a><\/li>\n<li><a href=\"#tolox\">D\u00eda del Polvo en Tolox<\/a><\/li>\n<\/ul>\n<h2>Calendario de Carnaval de M\u00e1laga<\/h2>\n<p>Tras los preparativos el Carnaval comienza de manera oficial <strong>entre el 26 de febrero y el 6 de marzo<\/strong> Aunque antes habr\u00e1 alguna que otra actividad que podr\u00eda interesarte.<\/p>\n<p>&nbsp;<\/p>\n<p><a href=\"https:\/\/www.malagaweb.com\/espanol\/blog\/wp-content\/uploads\/2020\/01\/children-carnival.jpg\" itemprop=\"contentUrl\" data-gallery=\"\" title=\"Fechas del Carnaval de M\u00e1laga 2022 - Agenda de d\u00edas destacados\" data-wpel-link=\"internal\"><img decoding=\"async\" class=\"aligncenter wp-image-8237 size-large img-responsive\" loading=\"lazy\" src=\"https:\/\/www.malagaweb.com\/espanol\/blog\/wp-content\/uploads\/2020\/01\/children-carnival-600x270.jpg\" alt=\"Carnaval para ni\u00f1os\" width=\"600\" height=\"270\" srcset=\"https:\/\/www.malagaweb.com\/espanol\/blog\/wp-content\/uploads\/2020\/01\/children-carnival-600x270.jpg 600w, https:\/\/www.malagaweb.com\/espanol\/blog\/wp-content\/uploads\/2020\/01\/children-carnival.jpg 1200w\" sizes=\"auto, (max-width: 600px) 100vw, 600px\" \/><\/a><\/p>\n<h3>S\u00e1bado 26 de febrero<\/h3>\n<ul>\n<li><strong>20:00<\/strong> &#8211; Preg\u00f3n del Carnaval de M\u00e1laga en <a href=\"https:\/\/goo.gl\/maps\/JkHLLo41eoJ5WqMn8\" target=\"_blank\" rel=\"noopener nofollow\" data-wpel-link=\"external\" class=\"wpel-icon-right\">Plaza de la Constituci\u00f3n<span class=\"wpel-icon wpel-image wpel-icon-13\"><\/span><\/a>.<\/li>\n<li><strong>21:30<\/strong> &#8211; Elecci\u00f3n de Dioses en Plaza de la Constituci\u00f3n.<\/li>\n<\/ul>\n<h3>Domingo 27 de febrero<\/h3>\n<p>Todos los eventos tienen lugar en la Plaza de la Constituci\u00f3n.<\/p>\n<ul>\n<li><strong>12:00<\/strong> &#8211; Preg\u00f3n infantil.<\/li>\n<li><strong>12:30<\/strong> &#8211; Elecci\u00f3n de Pr\u00edncipes y Dioses infantiles con actividades para ni\u00f1os.<\/li>\n<li><strong>17:30<\/strong> &#8211; Desfile infantil.<\/li>\n<\/ul>\n<p>Recorrido del desfile: Desde la Plaza de fray Alonso, recorriendo Plaza de la Legi\u00f3n, Cerezuela, Rotonda Lola Carrera, Puente de la Esperanza, Prim, Atarazanas, Puerta del Mar, Alameda Principal (lateral derecho), Marqu\u00e9s de Larios, plaza de la Constituci\u00f3n, Granada, plaza del Carb\u00f3n, plaza del Siglo, Granada, M\u00e9ndez N\u00fa\u00f1ez, plaza de Uncibay, Casapalma, C\u00e1rcer, Madre de Dios y llegada a la plaza de la Merced.<\/p>\n<h3>Lunes 28<\/h3>\n<ul>\n<li>Talleres infantiles.<\/li>\n<li>Exposiciones.<\/li>\n<li>Concurso de coplas al M\u00e1laga CF.<\/li>\n<li>Concurso juvenil.<\/li>\n<li>Actuaciones de agrupaciones infantiles.<\/li>\n<li>Desfile infantil, con salida y final en la plaza de la Constituci\u00f3n a partir de las seis de la tarde.<\/li>\n<\/ul>\n<p><a href=\"https:\/\/www.malagaweb.com\/espanol\/blog\/wp-content\/uploads\/2020\/01\/mujer-carnaval.jpg\" itemprop=\"contentUrl\" data-gallery=\"\" title=\"Fechas del Carnaval de M\u00e1laga 2022 - Agenda de d\u00edas destacados\" data-wpel-link=\"internal\"><img decoding=\"async\" class=\"aligncenter wp-image-8238 size-large img-responsive\" loading=\"lazy\" src=\"https:\/\/www.malagaweb.com\/espanol\/blog\/wp-content\/uploads\/2020\/01\/mujer-carnaval-600x249.jpg\" alt=\"Mujer maquillada para el carnaval\" width=\"600\" height=\"249\" srcset=\"https:\/\/www.malagaweb.com\/espanol\/blog\/wp-content\/uploads\/2020\/01\/mujer-carnaval-600x249.jpg 600w, https:\/\/www.malagaweb.com\/espanol\/blog\/wp-content\/uploads\/2020\/01\/mujer-carnaval.jpg 1200w\" sizes=\"auto, (max-width: 600px) 100vw, 600px\" \/><\/a><\/p>\n<h3>Viernes 4 de marzo<\/h3>\n<p>Desfile de los dioses del carnaval y los grupos de animaci\u00f3n.<\/p>\n<p>El recorrido del desfile es desde la plaza de la Constituci\u00f3n por las calles Granada, plaza del Carb\u00f3n, plaza del Siglo, Duque de la Victoria, San Agust\u00edn, Echegaray, Granada, M\u00e9ndez N\u00fa\u00f1ez, plaza de Uncibay,<\/p>\n<ul>\n<li>20:30 &#8211; Batalle de las flores.<\/li>\n<li>21:30 &#8211; Gala Drag Queens.<\/li>\n<\/ul>\n<h3>Domingo 6 de marzo<\/h3>\n<p>Desfile de dioses por el Centro de M\u00e1laga.<\/p>\n<p>Concurso de presentaciones y popurr\u00eds en el escenario de la plaza de la Constituci\u00f3n<\/p>\n<p><strong>17:00 &#8211; Entierro del boquer\u00f3n<\/strong>, que pondr\u00e1 el punto final a una fiesta que se marchar\u00e1 por la calle Larios y el paseo del Muelle Uno hasta La Malagueta, a la altura del restaurante Antonio Mart\u00edn.<\/p>\n<h3>M\u00e1s informaci\u00f3n sobre el Carnaval de M\u00e1laga<\/h3>\n<p>Si quieres conocer m\u00e1s sobre el carnaval de M\u00e1laga, as\u00ed como su historia y algunas curiosidades te recomendamos visitar nuestra web sobre el <a href=\"https:\/\/www.malagaweb.com\/espanol\/vacaciones\/carnaval.php\" data-wpel-link=\"internal\">Carnaval de M\u00e1laga<\/a>.<\/p>\n<p>Adem\u00e1s puedes encontrar m\u00e1s informaci\u00f3n en la web oficial, descargas de inscripciones y autorizaci\u00f3n para la participaci\u00f3n de menores:<br \/>\n<a href=\"https:\/\/www.carnavaldemalaga.es\/\" target=\"_blank\" rel=\"noopener noreferrer nofollow\" data-wpel-link=\"external\" class=\"wpel-icon-right\">https:\/\/www.carnavaldemalaga.es\/<span class=\"wpel-icon wpel-image wpel-icon-13\"><\/span><\/a><\/p>\n<p>En su p\u00e1gina de Twitter, Facebook o Instagram.<\/p>\n<p><a href=\"https:\/\/www.facebook.com\/carnavaldemalaga\" target=\"_blank\" rel=\"noopener noreferrer\" data-wpel-link=\"exclude\">https:\/\/www.facebook.com\/carnavaldemalaga<\/a><br \/>\n<a href=\"https:\/\/twitter.com\/CarnavalMLG\" target=\"_blank\" rel=\"noopener noreferrer\" data-wpel-link=\"exclude\">https:\/\/twitter.com\/CarnavalMLG<\/a><br \/>\n<a href=\"https:\/\/www.instagram.com\/carnavalmlg\/\" target=\"_blank\" rel=\"noopener noreferrer nofollow\" data-wpel-link=\"external\" class=\"wpel-icon-right\">https:\/\/www.instagram.com\/carnavalmlg\/<span class=\"wpel-icon wpel-image wpel-icon-13\"><\/span><\/a><\/p>\n<p>Si lo deseas puedes visitar el canal oficial de los Carnavales en M\u00e1laga:<br \/>\n<a href=\"https:\/\/www.youtube.com\/user\/CarnavaldeMalagatv\" target=\"_blank\" rel=\"noopener noreferrer nofollow\" data-wpel-link=\"external\" class=\"wpel-icon-right\">https:\/\/www.youtube.com\/user\/CarnavaldeMalagatv<span class=\"wpel-icon wpel-image wpel-icon-13\"><\/span><\/a><\/p>\n<h3>Video oficial del Carnaval de M\u00e1laga 2020<\/h3>\n<p><span class=\"embed-youtube\" style=\"text-align:center; display: block;\"><iframe loading=\"lazy\" class=\"youtube-player\" width=\"660\" height=\"372\" src=\"https:\/\/www.youtube.com\/embed\/0g3oTuroKnw?version=3&#038;rel=1&#038;showsearch=0&#038;showinfo=1&#038;iv_load_policy=1&#038;fs=1&#038;hl=es-ES&#038;autohide=2&#038;wmode=transparent\" allowfullscreen=\"true\" style=\"border:0;\" sandbox=\"allow-scripts allow-same-origin allow-popups allow-presentation allow-popups-to-escape-sandbox\"><\/iframe><\/span><\/p>\n<h2 id=\"marbella\">Carnaval en Marbella<\/h2>\n<p>El Carnaval llega a la ciudad costasole\u00f1a de <a title=\"Marbella\" href=\"https:\/\/www.malagaweb.com\/espanol\/marbella.php\" data-wpel-link=\"internal\">Marbella<\/a> entre el 26 de febrero y el 1 de marzo, con mucho colorido y diversi\u00f3n en las calles, la t\u00edpicas Chirigotas, Concursos y fiestas populares.<\/p>\n<p><a href=\"https:\/\/www.malagaweb.com\/espanol\/blog\/wp-content\/uploads\/2020\/01\/marbella-banus.jpg\" itemprop=\"contentUrl\" data-gallery=\"\" title=\"Fechas del Carnaval de M\u00e1laga 2022 - Agenda de d\u00edas destacados\" data-wpel-link=\"internal\"><img decoding=\"async\" class=\"aligncenter wp-image-8039 size-large img-responsive\" loading=\"lazy\" src=\"https:\/\/www.malagaweb.com\/espanol\/blog\/wp-content\/uploads\/2020\/01\/marbella-banus-600x279.jpg\" alt=\"Puerto Ban\u00fas overview in Marbella\" width=\"600\" height=\"279\" srcset=\"https:\/\/www.malagaweb.com\/espanol\/blog\/wp-content\/uploads\/2020\/01\/marbella-banus-600x279.jpg 600w, https:\/\/www.malagaweb.com\/espanol\/blog\/wp-content\/uploads\/2020\/01\/marbella-banus.jpg 1200w\" sizes=\"auto, (max-width: 600px) 100vw, 600px\" \/><\/a><\/p>\n<p>Marbella, una de las joyas de la Costa del Sol, es el enclave perfecto para el ocio y la diversi\u00f3n, ofreciendo desde hace d\u00e9cadas una infraestructura excelente para una turismo de \u00abalto standing\u00bb internacional. No obstante, Marbella mantiene al mismo tiempo sus fiestas tradicionales durante las cuales un gran n\u00famero de la poblaci\u00f3n se lanza a la calle para disfrutar de unos d\u00edas llenos de diversi\u00f3n, como es el Carnaval.<\/p>\n<p>Sal a la calle a divertirte con los lugare\u00f1os. En la ciudad hay varias tiendas de disfraces si te apetece sumergirte de lleno en la fiesta y la diversi\u00f3n.<\/p>\n<p>Hay desfiles en Nueva Andaluc\u00eda, San Pedro de Alc\u00e1ntara y Marbella.<\/p>\n<h2 id=\"nerja\">Carnaval de Nerja<\/h2>\n<p>Este a\u00f1o el Carnaval de Nerja ser\u00e1 entre los d\u00edas 24 y 27 de febrero. Un evento con muchas actividades para todos los p\u00fablicos que se desarrolla principalmente en la Plaza de Espa\u00f1a y el Balc\u00f3n de Europa.<\/p>\n<figure id=\"attachment_6015\" aria-describedby=\"caption-attachment-6015\" style=\"width: 500px\" class=\"wp-caption aligncenter\"><a href=\"https:\/\/www.malagaweb.com\/espanol\/blog\/wp-content\/uploads\/mirador-nerja-balcon-europa.jpg\" itemprop=\"contentUrl\" data-gallery=\"\" title=\"Fechas del Carnaval de M\u00e1laga 2022 - Agenda de d\u00edas destacados\" data-wpel-link=\"internal\"><img decoding=\"async\" class=\"wp-image-6015 size-large img-responsive\" loading=\"lazy\" src=\"https:\/\/www.malagaweb.com\/espanol\/blog\/wp-content\/uploads\/mirador-nerja-balcon-europa-500x251.jpg\" alt=\"Mirador del Balc\u00f3n de Europa en Nerja\" width=\"500\" height=\"251\" \/><\/a><figcaption id=\"caption-attachment-6015\" class=\"wp-caption-text\">Vista a\u00e9rea del Balc\u00f3n de Europa en Nerja.<\/figcaption><\/figure>\n<p>Eventos destacados del Carnaval de Nerja:<\/p>\n<ul>\n<li>Preg\u00f3n en el Centro Cultural Villa de Nerja y festival de agrupaciones de Carnaval.<\/li>\n<li>Concurso de disfraces infantiles y elecci\u00f3n de Momo y Ninfa, infantil y adulto.<\/li>\n<li>Desfile de Carnaval. <strong>En pasadas ediciones<\/strong> el recorrido fue el siguiente a partir de las 17.00 horas: Plaza de Espa\u00f1a, Calle Jaen, Diputaci\u00f3n, Plaza Cavana, Calle Granada, Plaza de la Ermita, Calle San Miguel, Plaza de Cantarero, Calle Pintada, Puerta del Mar y vuelta a Plaza de Espa\u00f1a.<br \/>\nTras el desfile continuar\u00e1 el carnaval con una fiesta en la Plaza de Espa\u00f1a y donde se anunciar\u00e1n los ganadores del concurso de disfraces.<\/li>\n<li>Concurso de disfraces para mascotas en la Plaza de Espa\u00f1a seguido de un concurso infantil.<br \/>\nA partir de las 16:00 horas del \u00faltimo d\u00eda tiene inicio el Entierro del Boquer\u00f3n, un desfile o marcha f\u00fanebre por las calles de Nerja hasta la playa de Calahonda.<br \/>\nfuegos artificiales a partir de las 19:00 horas aproximadamente en la playa de Calahonda y que puede observarse desde el Balc\u00f3n de Europa.<\/li>\n<\/ul>\n<h2 id=\"tolox\">Carnaval de Tolox y el D\u00eda de los Polvos<\/h2>\n<figure id=\"attachment_8038\" aria-describedby=\"caption-attachment-8038\" style=\"width: 600px\" class=\"wp-caption aligncenter\"><a href=\"https:\/\/www.malagaweb.com\/espanol\/blog\/wp-content\/uploads\/2020\/01\/tolox-malaga.jpg\" itemprop=\"contentUrl\" data-gallery=\"\" title=\"Fechas del Carnaval de M\u00e1laga 2022 - Agenda de d\u00edas destacados\" data-wpel-link=\"internal\"><img decoding=\"async\" class=\"wp-image-8038 size-large img-responsive\" loading=\"lazy\" src=\"https:\/\/www.malagaweb.com\/espanol\/blog\/wp-content\/uploads\/2020\/01\/tolox-malaga-600x263.jpg\" alt=\"Tolox en M\u00e1laga\" width=\"600\" height=\"263\" srcset=\"https:\/\/www.malagaweb.com\/espanol\/blog\/wp-content\/uploads\/2020\/01\/tolox-malaga-600x263.jpg 600w, https:\/\/www.malagaweb.com\/espanol\/blog\/wp-content\/uploads\/2020\/01\/tolox-malaga.jpg 1200w\" sizes=\"auto, (max-width: 600px) 100vw, 600px\" \/><\/a><figcaption id=\"caption-attachment-8038\" class=\"wp-caption-text\">el origen de Tolox se remonta muy atr\u00e1s en el tiempo y ofrece al visitante una gran variedad de sensaciones.<\/figcaption><\/figure>\n<p>Tolox cuenta con uno de los carnavales m\u00e1s antiguos que se conocen de la provincia de M\u00e1laga y se le llama el &#8216;D\u00eda de los Polvos&#8217;. Se celebra el tradicional mi\u00e9rcoles de ceniza.<\/p>\n<p>Es una tradici\u00f3n que nos llega desde el siglo XIX y durante la cual las personas se arrojan polvos de talco unos a otros.<\/p>\n","protected":false},"excerpt":{"rendered":"<p>Toda la informaci\u00f3bn que necesitas saber sobre el pr\u00f3ximo Carnaval en M\u00e1laga, las fechas y la agenda de las actividades que tienen lugar, horarios de desfiles y concursos. \u00bfQuieres conocer lo que nos espera este a\u00f1o?<\/p>\n","protected":false},"author":1,"featured_media":8025,"comment_status":"open","ping_status":"closed","sticky":false,"template":"","format":"standard","meta":{"jetpack_post_was_ever_published":false,"_jetpack_newsletter_access":"","_jetpack_dont_email_post_to_subs":true,"_jetpack_newsletter_tier_id":0,"_jetpack_memberships_contains_paywalled_content":false,"_jetpack_memberships_contains_paid_content":false,"footnotes":"","jetpack_publicize_message":"","jetpack_publicize_feature_enabled":true,"jetpack_social_post_already_shared":false,"jetpack_social_options":{"image_generator_settings":{"template":"highway","default_image_id":0,"font":"","enabled":false},"version":2}},"categories":[77],"tags":[38,189,13,40,14],"class_list":["post-2583","post","type-post","status-publish","format-standard","has-post-thumbnail","hentry","category-eventos","tag-actividades-malaga","tag-febrero","tag-malaga","tag-marbella","tag-nerja"],"yoast_head":"<!-- This site is optimized with the Yoast SEO plugin v27.5 - https:\/\/yoast.com\/product\/yoast-seo-wordpress\/ -->\n<title>Fechas del Carnaval de M\u00e1laga 2022 - Agenda de d\u00edas destacados<\/title>\n<meta name=\"description\" content=\"Fechas del Carnaval de M\u00e1laga de este a\u00f1o, agenda de d\u00edas destacados y preparativos del carnaval. Conoce los horarios y d\u00edas de concursos y desfiles.\" \/>\n<meta name=\"robots\" content=\"index, follow, max-snippet:-1, max-image-preview:large, max-video-preview:-1\" \/>\n<link rel=\"canonical\" href=\"https:\/\/www.malagaweb.com\/espanol\/blog\/eventos\/agenda-carnaval-de-malaga\/\" \/>\n<meta property=\"og:locale\" content=\"es_ES\" \/>\n<meta property=\"og:type\" content=\"article\" \/>\n<meta property=\"og:title\" content=\"Fechas del Carnaval de M\u00e1laga 2022 - Agenda de d\u00edas destacados\" \/>\n<meta property=\"og:description\" content=\"Fechas del Carnaval de M\u00e1laga de este a\u00f1o, agenda de d\u00edas destacados y preparativos del carnaval. Conoce los horarios y d\u00edas de concursos y desfiles.\" \/>\n<meta property=\"og:url\" content=\"https:\/\/www.malagaweb.com\/espanol\/blog\/eventos\/agenda-carnaval-de-malaga\/\" \/>\n<meta property=\"og:site_name\" content=\"Blog de M\u00e1laga\" \/>\n<meta property=\"article:publisher\" content=\"https:\/\/www.facebook.com\/Malaga.CostadelSol\/\" \/>\n<meta property=\"article:published_time\" content=\"2020-01-31T13:00:26+00:00\" \/>\n<meta property=\"article:modified_time\" content=\"2022-02-03T11:20:04+00:00\" \/>\n<meta property=\"og:image\" content=\"https:\/\/www.malagaweb.com\/espanol\/blog\/wp-content\/uploads\/2016\/01\/carnaval-malaga.jpg\" \/>\n\t<meta property=\"og:image:width\" content=\"1200\" \/>\n\t<meta property=\"og:image:height\" content=\"561\" \/>\n\t<meta property=\"og:image:type\" content=\"image\/jpeg\" \/>\n<meta name=\"author\" content=\"Raul\" \/>\n<meta name=\"twitter:card\" content=\"summary_large_image\" \/>\n<meta name=\"twitter:creator\" content=\"@malagaweb\" \/>\n<meta name=\"twitter:site\" content=\"@malagaweb\" \/>\n<meta name=\"twitter:label1\" content=\"Escrito por\" \/>\n\t<meta name=\"twitter:data1\" content=\"Raul\" \/>\n\t<meta name=\"twitter:label2\" content=\"Tiempo de lectura\" \/>\n\t<meta name=\"twitter:data2\" content=\"5 minutos\" \/>\n<script type=\"application\/ld+json\" class=\"yoast-schema-graph\">{\"@context\":\"https:\\\/\\\/schema.org\",\"@graph\":[{\"@type\":\"Article\",\"@id\":\"https:\\\/\\\/www.malagaweb.com\\\/espanol\\\/blog\\\/eventos\\\/agenda-carnaval-de-malaga\\\/#article\",\"isPartOf\":{\"@id\":\"https:\\\/\\\/www.malagaweb.com\\\/espanol\\\/blog\\\/eventos\\\/agenda-carnaval-de-malaga\\\/\"},\"author\":{\"name\":\"Raul\",\"@id\":\"https:\\\/\\\/www.malagaweb.com\\\/espanol\\\/blog\\\/#\\\/schema\\\/person\\\/e7064ff7a4ff971bc5b3a6e41075ddb4\"},\"headline\":\"Fechas del Carnaval de M\u00e1laga 2022 &#8211; Agenda de d\u00edas destacados\",\"datePublished\":\"2020-01-31T13:00:26+00:00\",\"dateModified\":\"2022-02-03T11:20:04+00:00\",\"mainEntityOfPage\":{\"@id\":\"https:\\\/\\\/www.malagaweb.com\\\/espanol\\\/blog\\\/eventos\\\/agenda-carnaval-de-malaga\\\/\"},\"wordCount\":1057,\"commentCount\":0,\"publisher\":{\"@id\":\"https:\\\/\\\/www.malagaweb.com\\\/espanol\\\/blog\\\/#organization\"},\"image\":{\"@id\":\"https:\\\/\\\/www.malagaweb.com\\\/espanol\\\/blog\\\/eventos\\\/agenda-carnaval-de-malaga\\\/#primaryimage\"},\"thumbnailUrl\":\"https:\\\/\\\/www.malagaweb.com\\\/espanol\\\/blog\\\/wp-content\\\/uploads\\\/2016\\\/01\\\/carnaval-malaga.jpg\",\"keywords\":[\"Actividades\",\"Febrero\",\"M\u00e1laga\",\"Marbella\",\"Nerja\"],\"articleSection\":[\"Eventos\"],\"inLanguage\":\"es\",\"potentialAction\":[{\"@type\":\"CommentAction\",\"name\":\"Comment\",\"target\":[\"https:\\\/\\\/www.malagaweb.com\\\/espanol\\\/blog\\\/eventos\\\/agenda-carnaval-de-malaga\\\/#respond\"]}]},{\"@type\":\"WebPage\",\"@id\":\"https:\\\/\\\/www.malagaweb.com\\\/espanol\\\/blog\\\/eventos\\\/agenda-carnaval-de-malaga\\\/\",\"url\":\"https:\\\/\\\/www.malagaweb.com\\\/espanol\\\/blog\\\/eventos\\\/agenda-carnaval-de-malaga\\\/\",\"name\":\"Fechas del Carnaval de M\u00e1laga 2022 - Agenda de d\u00edas destacados\",\"isPartOf\":{\"@id\":\"https:\\\/\\\/www.malagaweb.com\\\/espanol\\\/blog\\\/#website\"},\"primaryImageOfPage\":{\"@id\":\"https:\\\/\\\/www.malagaweb.com\\\/espanol\\\/blog\\\/eventos\\\/agenda-carnaval-de-malaga\\\/#primaryimage\"},\"image\":{\"@id\":\"https:\\\/\\\/www.malagaweb.com\\\/espanol\\\/blog\\\/eventos\\\/agenda-carnaval-de-malaga\\\/#primaryimage\"},\"thumbnailUrl\":\"https:\\\/\\\/www.malagaweb.com\\\/espanol\\\/blog\\\/wp-content\\\/uploads\\\/2016\\\/01\\\/carnaval-malaga.jpg\",\"datePublished\":\"2020-01-31T13:00:26+00:00\",\"dateModified\":\"2022-02-03T11:20:04+00:00\",\"description\":\"Fechas del Carnaval de M\u00e1laga de este a\u00f1o, agenda de d\u00edas destacados y preparativos del carnaval. Conoce los horarios y d\u00edas de concursos y desfiles.\",\"breadcrumb\":{\"@id\":\"https:\\\/\\\/www.malagaweb.com\\\/espanol\\\/blog\\\/eventos\\\/agenda-carnaval-de-malaga\\\/#breadcrumb\"},\"inLanguage\":\"es\",\"potentialAction\":[{\"@type\":\"ReadAction\",\"target\":[\"https:\\\/\\\/www.malagaweb.com\\\/espanol\\\/blog\\\/eventos\\\/agenda-carnaval-de-malaga\\\/\"]}]},{\"@type\":\"ImageObject\",\"inLanguage\":\"es\",\"@id\":\"https:\\\/\\\/www.malagaweb.com\\\/espanol\\\/blog\\\/eventos\\\/agenda-carnaval-de-malaga\\\/#primaryimage\",\"url\":\"https:\\\/\\\/www.malagaweb.com\\\/espanol\\\/blog\\\/wp-content\\\/uploads\\\/2016\\\/01\\\/carnaval-malaga.jpg\",\"contentUrl\":\"https:\\\/\\\/www.malagaweb.com\\\/espanol\\\/blog\\\/wp-content\\\/uploads\\\/2016\\\/01\\\/carnaval-malaga.jpg\",\"width\":1200,\"height\":561,\"caption\":\"Carnaval de M\u00e1laga 2020\"},{\"@type\":\"BreadcrumbList\",\"@id\":\"https:\\\/\\\/www.malagaweb.com\\\/espanol\\\/blog\\\/eventos\\\/agenda-carnaval-de-malaga\\\/#breadcrumb\",\"itemListElement\":[{\"@type\":\"ListItem\",\"position\":1,\"name\":\"Blog\",\"item\":\"https:\\\/\\\/www.malagaweb.com\\\/espanol\\\/blog\\\/\"},{\"@type\":\"ListItem\",\"position\":2,\"name\":\"Eventos\",\"item\":\"https:\\\/\\\/www.malagaweb.com\\\/espanol\\\/blog\\\/eventos\\\/\"},{\"@type\":\"ListItem\",\"position\":3,\"name\":\"Fechas del Carnaval de M\u00e1laga 2022 &#8211; Agenda de d\u00edas destacados\"}]},{\"@type\":\"WebSite\",\"@id\":\"https:\\\/\\\/www.malagaweb.com\\\/espanol\\\/blog\\\/#website\",\"url\":\"https:\\\/\\\/www.malagaweb.com\\\/espanol\\\/blog\\\/\",\"name\":\"Blog de M\u00e1laga\",\"description\":\"Blog de M\u00e1laga con informaci\u00f3n \u00fatil para tus vacaciones\",\"publisher\":{\"@id\":\"https:\\\/\\\/www.malagaweb.com\\\/espanol\\\/blog\\\/#organization\"},\"potentialAction\":[{\"@type\":\"SearchAction\",\"target\":{\"@type\":\"EntryPoint\",\"urlTemplate\":\"https:\\\/\\\/www.malagaweb.com\\\/espanol\\\/blog\\\/?s={search_term_string}\"},\"query-input\":{\"@type\":\"PropertyValueSpecification\",\"valueRequired\":true,\"valueName\":\"search_term_string\"}}],\"inLanguage\":\"es\"},{\"@type\":\"Organization\",\"@id\":\"https:\\\/\\\/www.malagaweb.com\\\/espanol\\\/blog\\\/#organization\",\"name\":\"Malagaweb.com\",\"url\":\"https:\\\/\\\/www.malagaweb.com\\\/espanol\\\/blog\\\/\",\"logo\":{\"@type\":\"ImageObject\",\"inLanguage\":\"es\",\"@id\":\"https:\\\/\\\/www.malagaweb.com\\\/espanol\\\/blog\\\/#\\\/schema\\\/logo\\\/image\\\/\",\"url\":\"https:\\\/\\\/www.malagaweb.com\\\/espanol\\\/blog\\\/wp-content\\\/uploads\\\/malagaweb_logo.png\",\"contentUrl\":\"https:\\\/\\\/www.malagaweb.com\\\/espanol\\\/blog\\\/wp-content\\\/uploads\\\/malagaweb_logo.png\",\"width\":190,\"height\":36,\"caption\":\"Malagaweb.com\"},\"image\":{\"@id\":\"https:\\\/\\\/www.malagaweb.com\\\/espanol\\\/blog\\\/#\\\/schema\\\/logo\\\/image\\\/\"},\"sameAs\":[\"https:\\\/\\\/www.facebook.com\\\/Malaga.CostadelSol\\\/\",\"https:\\\/\\\/x.com\\\/malagaweb\"]},{\"@type\":\"Person\",\"@id\":\"https:\\\/\\\/www.malagaweb.com\\\/espanol\\\/blog\\\/#\\\/schema\\\/person\\\/e7064ff7a4ff971bc5b3a6e41075ddb4\",\"name\":\"Raul\",\"image\":{\"@type\":\"ImageObject\",\"inLanguage\":\"es\",\"@id\":\"https:\\\/\\\/secure.gravatar.com\\\/avatar\\\/355bb21897b371342e002159d93cc5a3dcf5add74aab5d2183293cebb23ac386?s=96&r=g\",\"url\":\"https:\\\/\\\/secure.gravatar.com\\\/avatar\\\/355bb21897b371342e002159d93cc5a3dcf5add74aab5d2183293cebb23ac386?s=96&r=g\",\"contentUrl\":\"https:\\\/\\\/secure.gravatar.com\\\/avatar\\\/355bb21897b371342e002159d93cc5a3dcf5add74aab5d2183293cebb23ac386?s=96&r=g\",\"caption\":\"Raul\"},\"description\":\"Desarrollador web y editor de contenidos, autor de muchas de las gu\u00edas tur\u00edsticas que habr\u00e1s podido leer en Internet sobre Andaluc\u00eda, M\u00e1laga y Espa\u00f1a.\"}]}<\/script>\n<!-- \/ Yoast SEO plugin. -->","yoast_head_json":{"title":"Fechas del Carnaval de M\u00e1laga 2022 - Agenda de d\u00edas destacados","description":"Fechas del Carnaval de M\u00e1laga de este a\u00f1o, agenda de d\u00edas destacados y preparativos del carnaval. Conoce los horarios y d\u00edas de concursos y desfiles.","robots":{"index":"index","follow":"follow","max-snippet":"max-snippet:-1","max-image-preview":"max-image-preview:large","max-video-preview":"max-video-preview:-1"},"canonical":"https:\/\/www.malagaweb.com\/espanol\/blog\/eventos\/agenda-carnaval-de-malaga\/","og_locale":"es_ES","og_type":"article","og_title":"Fechas del Carnaval de M\u00e1laga 2022 - Agenda de d\u00edas destacados","og_description":"Fechas del Carnaval de M\u00e1laga de este a\u00f1o, agenda de d\u00edas destacados y preparativos del carnaval. Conoce los horarios y d\u00edas de concursos y desfiles.","og_url":"https:\/\/www.malagaweb.com\/espanol\/blog\/eventos\/agenda-carnaval-de-malaga\/","og_site_name":"Blog de M\u00e1laga","article_publisher":"https:\/\/www.facebook.com\/Malaga.CostadelSol\/","article_published_time":"2020-01-31T13:00:26+00:00","article_modified_time":"2022-02-03T11:20:04+00:00","og_image":[{"width":1200,"height":561,"url":"https:\/\/www.malagaweb.com\/espanol\/blog\/wp-content\/uploads\/2016\/01\/carnaval-malaga.jpg","type":"image\/jpeg"}],"author":"Raul","twitter_card":"summary_large_image","twitter_creator":"@malagaweb","twitter_site":"@malagaweb","twitter_misc":{"Escrito por":"Raul","Tiempo de lectura":"5 minutos"},"schema":{"@context":"https:\/\/schema.org","@graph":[{"@type":"Article","@id":"https:\/\/www.malagaweb.com\/espanol\/blog\/eventos\/agenda-carnaval-de-malaga\/#article","isPartOf":{"@id":"https:\/\/www.malagaweb.com\/espanol\/blog\/eventos\/agenda-carnaval-de-malaga\/"},"author":{"name":"Raul","@id":"https:\/\/www.malagaweb.com\/espanol\/blog\/#\/schema\/person\/e7064ff7a4ff971bc5b3a6e41075ddb4"},"headline":"Fechas del Carnaval de M\u00e1laga 2022 &#8211; Agenda de d\u00edas destacados","datePublished":"2020-01-31T13:00:26+00:00","dateModified":"2022-02-03T11:20:04+00:00","mainEntityOfPage":{"@id":"https:\/\/www.malagaweb.com\/espanol\/blog\/eventos\/agenda-carnaval-de-malaga\/"},"wordCount":1057,"commentCount":0,"publisher":{"@id":"https:\/\/www.malagaweb.com\/espanol\/blog\/#organization"},"image":{"@id":"https:\/\/www.malagaweb.com\/espanol\/blog\/eventos\/agenda-carnaval-de-malaga\/#primaryimage"},"thumbnailUrl":"https:\/\/www.malagaweb.com\/espanol\/blog\/wp-content\/uploads\/2016\/01\/carnaval-malaga.jpg","keywords":["Actividades","Febrero","M\u00e1laga","Marbella","Nerja"],"articleSection":["Eventos"],"inLanguage":"es","potentialAction":[{"@type":"CommentAction","name":"Comment","target":["https:\/\/www.malagaweb.com\/espanol\/blog\/eventos\/agenda-carnaval-de-malaga\/#respond"]}]},{"@type":"WebPage","@id":"https:\/\/www.malagaweb.com\/espanol\/blog\/eventos\/agenda-carnaval-de-malaga\/","url":"https:\/\/www.malagaweb.com\/espanol\/blog\/eventos\/agenda-carnaval-de-malaga\/","name":"Fechas del Carnaval de M\u00e1laga 2022 - Agenda de d\u00edas destacados","isPartOf":{"@id":"https:\/\/www.malagaweb.com\/espanol\/blog\/#website"},"primaryImageOfPage":{"@id":"https:\/\/www.malagaweb.com\/espanol\/blog\/eventos\/agenda-carnaval-de-malaga\/#primaryimage"},"image":{"@id":"https:\/\/www.malagaweb.com\/espanol\/blog\/eventos\/agenda-carnaval-de-malaga\/#primaryimage"},"thumbnailUrl":"https:\/\/www.malagaweb.com\/espanol\/blog\/wp-content\/uploads\/2016\/01\/carnaval-malaga.jpg","datePublished":"2020-01-31T13:00:26+00:00","dateModified":"2022-02-03T11:20:04+00:00","description":"Fechas del Carnaval de M\u00e1laga de este a\u00f1o, agenda de d\u00edas destacados y preparativos del carnaval. Conoce los horarios y d\u00edas de concursos y desfiles.","breadcrumb":{"@id":"https:\/\/www.malagaweb.com\/espanol\/blog\/eventos\/agenda-carnaval-de-malaga\/#breadcrumb"},"inLanguage":"es","potentialAction":[{"@type":"ReadAction","target":["https:\/\/www.malagaweb.com\/espanol\/blog\/eventos\/agenda-carnaval-de-malaga\/"]}]},{"@type":"ImageObject","inLanguage":"es","@id":"https:\/\/www.malagaweb.com\/espanol\/blog\/eventos\/agenda-carnaval-de-malaga\/#primaryimage","url":"https:\/\/www.malagaweb.com\/espanol\/blog\/wp-content\/uploads\/2016\/01\/carnaval-malaga.jpg","contentUrl":"https:\/\/www.malagaweb.com\/espanol\/blog\/wp-content\/uploads\/2016\/01\/carnaval-malaga.jpg","width":1200,"height":561,"caption":"Carnaval de M\u00e1laga 2020"},{"@type":"BreadcrumbList","@id":"https:\/\/www.malagaweb.com\/espanol\/blog\/eventos\/agenda-carnaval-de-malaga\/#breadcrumb","itemListElement":[{"@type":"ListItem","position":1,"name":"Blog","item":"https:\/\/www.malagaweb.com\/espanol\/blog\/"},{"@type":"ListItem","position":2,"name":"Eventos","item":"https:\/\/www.malagaweb.com\/espanol\/blog\/eventos\/"},{"@type":"ListItem","position":3,"name":"Fechas del Carnaval de M\u00e1laga 2022 &#8211; Agenda de d\u00edas destacados"}]},{"@type":"WebSite","@id":"https:\/\/www.malagaweb.com\/espanol\/blog\/#website","url":"https:\/\/www.malagaweb.com\/espanol\/blog\/","name":"Blog de M\u00e1laga","description":"Blog de M\u00e1laga con informaci\u00f3n \u00fatil para tus vacaciones","publisher":{"@id":"https:\/\/www.malagaweb.com\/espanol\/blog\/#organization"},"potentialAction":[{"@type":"SearchAction","target":{"@type":"EntryPoint","urlTemplate":"https:\/\/www.malagaweb.com\/espanol\/blog\/?s={search_term_string}"},"query-input":{"@type":"PropertyValueSpecification","valueRequired":true,"valueName":"search_term_string"}}],"inLanguage":"es"},{"@type":"Organization","@id":"https:\/\/www.malagaweb.com\/espanol\/blog\/#organization","name":"Malagaweb.com","url":"https:\/\/www.malagaweb.com\/espanol\/blog\/","logo":{"@type":"ImageObject","inLanguage":"es","@id":"https:\/\/www.malagaweb.com\/espanol\/blog\/#\/schema\/logo\/image\/","url":"https:\/\/www.malagaweb.com\/espanol\/blog\/wp-content\/uploads\/malagaweb_logo.png","contentUrl":"https:\/\/www.malagaweb.com\/espanol\/blog\/wp-content\/uploads\/malagaweb_logo.png","width":190,"height":36,"caption":"Malagaweb.com"},"image":{"@id":"https:\/\/www.malagaweb.com\/espanol\/blog\/#\/schema\/logo\/image\/"},"sameAs":["https:\/\/www.facebook.com\/Malaga.CostadelSol\/","https:\/\/x.com\/malagaweb"]},{"@type":"Person","@id":"https:\/\/www.malagaweb.com\/espanol\/blog\/#\/schema\/person\/e7064ff7a4ff971bc5b3a6e41075ddb4","name":"Raul","image":{"@type":"ImageObject","inLanguage":"es","@id":"https:\/\/secure.gravatar.com\/avatar\/355bb21897b371342e002159d93cc5a3dcf5add74aab5d2183293cebb23ac386?s=96&r=g","url":"https:\/\/secure.gravatar.com\/avatar\/355bb21897b371342e002159d93cc5a3dcf5add74aab5d2183293cebb23ac386?s=96&r=g","contentUrl":"https:\/\/secure.gravatar.com\/avatar\/355bb21897b371342e002159d93cc5a3dcf5add74aab5d2183293cebb23ac386?s=96&r=g","caption":"Raul"},"description":"Desarrollador web y editor de contenidos, autor de muchas de las gu\u00edas tur\u00edsticas que habr\u00e1s podido leer en Internet sobre Andaluc\u00eda, M\u00e1laga y Espa\u00f1a."}]}},"jetpack_publicize_connections":[],"jetpack_featured_media_url":"https:\/\/www.malagaweb.com\/espanol\/blog\/wp-content\/uploads\/2016\/01\/carnaval-malaga.jpg","jetpack_shortlink":"https:\/\/wp.me\/p7riGP-FF","jetpack-related-posts":[{"id":342,"url":"https:\/\/www.malagaweb.com\/espanol\/blog\/costa-del-sol\/febrero-primavera-malaga\/","url_meta":{"origin":2583,"position":0},"title":"Febrero en M\u00e1laga &#8211; El mes de los Almendros en Flor y la Primavera","author":"Raul","date":"24 enero, 2023","format":false,"excerpt":"Con el mes de febrero decimos adi\u00f3s a enero y damos la bienvenida al buen tiempo. Aunque este mes a\u00fan nos puede regalar algunos d\u00edas lluvias no es lo com\u00fan y ya se puede comenzar a disfrutar del sol y de un ambiente templado. Es el mes perfecto para disfrutar\u2026","rel":"","context":"En \u00abCosta del Sol\u00bb","block_context":{"text":"Costa del Sol","link":"https:\/\/www.malagaweb.com\/espanol\/blog\/costa-del-sol\/"},"img":{"alt_text":"Ruta del Almendro en Flor","src":"https:\/\/i0.wp.com\/www.malagaweb.com\/espanol\/blog\/wp-content\/uploads\/ruta-almendros-malaga-e1485874815580.jpg?resize=350%2C200&ssl=1","width":350,"height":200,"srcset":"https:\/\/i0.wp.com\/www.malagaweb.com\/espanol\/blog\/wp-content\/uploads\/ruta-almendros-malaga-e1485874815580.jpg?resize=350%2C200&ssl=1 1x, https:\/\/i0.wp.com\/www.malagaweb.com\/espanol\/blog\/wp-content\/uploads\/ruta-almendros-malaga-e1485874815580.jpg?resize=525%2C300&ssl=1 1.5x"},"classes":[]},{"id":3,"url":"https:\/\/www.malagaweb.com\/espanol\/blog\/costa-del-sol\/parque-malaga-alameda\/","url_meta":{"origin":2583,"position":1},"title":"Conociendo el Parque de M\u00e1laga","author":"Raul","date":"13 septiembre, 2017","format":false,"excerpt":"El parque de M\u00e1laga, tambi\u00e9n llamado Parque de la Alameda, se encuentra en el centro de M\u00e1laga y fue construido a finales del siglo XIX.","rel":"","context":"En \u00abCosta del Sol\u00bb","block_context":{"text":"Costa del Sol","link":"https:\/\/www.malagaweb.com\/espanol\/blog\/costa-del-sol\/"},"img":{"alt_text":"Parque de la Alameda en M\u00e1laga","src":"https:\/\/i0.wp.com\/www.malagaweb.com\/espanol\/blog\/wp-content\/uploads\/2017\/09\/malaga-parque-alameda.jpg?resize=350%2C200&ssl=1","width":350,"height":200,"srcset":"https:\/\/i0.wp.com\/www.malagaweb.com\/espanol\/blog\/wp-content\/uploads\/2017\/09\/malaga-parque-alameda.jpg?resize=350%2C200&ssl=1 1x, https:\/\/i0.wp.com\/www.malagaweb.com\/espanol\/blog\/wp-content\/uploads\/2017\/09\/malaga-parque-alameda.jpg?resize=525%2C300&ssl=1 1.5x, https:\/\/i0.wp.com\/www.malagaweb.com\/espanol\/blog\/wp-content\/uploads\/2017\/09\/malaga-parque-alameda.jpg?resize=700%2C400&ssl=1 2x, https:\/\/i0.wp.com\/www.malagaweb.com\/espanol\/blog\/wp-content\/uploads\/2017\/09\/malaga-parque-alameda.jpg?resize=1050%2C600&ssl=1 3x"},"classes":[]},{"id":3177,"url":"https:\/\/www.malagaweb.com\/espanol\/blog\/eventos\/dia-san-patricio-marzo\/","url_meta":{"origin":2583,"position":2},"title":"D\u00eda de Irlanda y San Patricio en marzo","author":"Raul","date":"14 marzo, 2019","format":false,"excerpt":"Como cada a\u00f1o llega durante el mes de Marzo la celebraci\u00f3n de San Patricio en M\u00e1laga, un evento en el que tienen lugar actividades para todos los p\u00fablicos. Ven a conocer todo sobre San Patricio, sus or\u00edgenes, que municipios lo celebran y que actividades proponen para este d\u00eda te\u00f1ido de\u2026","rel":"","context":"En \u00abEventos\u00bb","block_context":{"text":"Eventos","link":"https:\/\/www.malagaweb.com\/espanol\/blog\/eventos\/"},"img":{"alt_text":"San Patricio - Todo lo que necesitas saber","src":"https:\/\/i0.wp.com\/www.malagaweb.com\/espanol\/blog\/wp-content\/uploads\/san-patricio-guia.jpg?resize=350%2C200&ssl=1","width":350,"height":200,"srcset":"https:\/\/i0.wp.com\/www.malagaweb.com\/espanol\/blog\/wp-content\/uploads\/san-patricio-guia.jpg?resize=350%2C200&ssl=1 1x, https:\/\/i0.wp.com\/www.malagaweb.com\/espanol\/blog\/wp-content\/uploads\/san-patricio-guia.jpg?resize=525%2C300&ssl=1 1.5x, https:\/\/i0.wp.com\/www.malagaweb.com\/espanol\/blog\/wp-content\/uploads\/san-patricio-guia.jpg?resize=700%2C400&ssl=1 2x"},"classes":[]},{"id":209,"url":"https:\/\/www.malagaweb.com\/espanol\/blog\/costa-del-sol\/actividades-acuaticas-malaga\/","url_meta":{"origin":2583,"position":3},"title":"Las mejores actividades acu\u00e1ticas y de ocio en las playas de M\u00e1laga","author":"Raul","date":"24 julio, 2018","format":false,"excerpt":"Todo lo que necesitas saber sobre la oferta de ocio y actividades refrescantes en las playas de M\u00e1laga. Desde alquilar un hidropedal y su precio a las siempre populares motos acu\u00e1ticas sin olvidarnos de otras actividades novedosas que podr\u00edan interesarte.","rel":"","context":"En \u00abCosta del Sol\u00bb","block_context":{"text":"Costa del Sol","link":"https:\/\/www.malagaweb.com\/espanol\/blog\/costa-del-sol\/"},"img":{"alt_text":"Moto de agua","src":"https:\/\/i0.wp.com\/www.malagaweb.com\/espanol\/blog\/wp-content\/uploads\/moto-de-agua.jpg?resize=350%2C200&ssl=1","width":350,"height":200,"srcset":"https:\/\/i0.wp.com\/www.malagaweb.com\/espanol\/blog\/wp-content\/uploads\/moto-de-agua.jpg?resize=350%2C200&ssl=1 1x, https:\/\/i0.wp.com\/www.malagaweb.com\/espanol\/blog\/wp-content\/uploads\/moto-de-agua.jpg?resize=525%2C300&ssl=1 1.5x, https:\/\/i0.wp.com\/www.malagaweb.com\/espanol\/blog\/wp-content\/uploads\/moto-de-agua.jpg?resize=700%2C400&ssl=1 2x"},"classes":[]},{"id":3775,"url":"https:\/\/www.malagaweb.com\/espanol\/blog\/eventos\/ferias-fiestas-malaga-octubre\/","url_meta":{"origin":2583,"position":4},"title":"Ferias y fiestas de M\u00e1laga en octubre","author":"Raul","date":"24 octubre, 2025","format":false,"excerpt":"Octubre en M\u00e1laga nos trae un gran n\u00famero de ferias y fiestas. La provincia tiene mucho m\u00e1s que ofrecer fuera de los meses de verano, ya lo demostramos con las actividades recomendadas en septiembre. \u00bfNos acompa\u00f1as para descubrir que puedes hacer en octubre en M\u00e1laga?","rel":"","context":"En \u00abEventos\u00bb","block_context":{"text":"Eventos","link":"https:\/\/www.malagaweb.com\/espanol\/blog\/eventos\/"},"img":{"alt_text":"M\u00e1laga en Octubre","src":"https:\/\/i0.wp.com\/www.malagaweb.com\/espanol\/blog\/wp-content\/uploads\/2017\/09\/malaga-en-octubre.jpg?resize=350%2C200&ssl=1","width":350,"height":200,"srcset":"https:\/\/i0.wp.com\/www.malagaweb.com\/espanol\/blog\/wp-content\/uploads\/2017\/09\/malaga-en-octubre.jpg?resize=350%2C200&ssl=1 1x, https:\/\/i0.wp.com\/www.malagaweb.com\/espanol\/blog\/wp-content\/uploads\/2017\/09\/malaga-en-octubre.jpg?resize=525%2C300&ssl=1 1.5x, https:\/\/i0.wp.com\/www.malagaweb.com\/espanol\/blog\/wp-content\/uploads\/2017\/09\/malaga-en-octubre.jpg?resize=700%2C400&ssl=1 2x, https:\/\/i0.wp.com\/www.malagaweb.com\/espanol\/blog\/wp-content\/uploads\/2017\/09\/malaga-en-octubre.jpg?resize=1050%2C600&ssl=1 3x"},"classes":[]},{"id":23,"url":"https:\/\/www.malagaweb.com\/espanol\/blog\/costa-del-sol\/mejores-miradores-malaga\/","url_meta":{"origin":2583,"position":5},"title":"Miradores en M\u00e1laga, los mejores desde donde sacar espectaculares fotos","author":"Raul","date":"18 enero, 2019","format":false,"excerpt":"Descubre los mejores miradores de M\u00e1laga con nuestra gu\u00eda y disfruta de las impresionantes vistas de la Costa del Sol y de sus entornos naturales. Lugares ideales desde donde tomar espectaculares fotograf\u00edas de M\u00e1laga como las que te muestro a continuaci\u00f3n. \u00bfTe animas?","rel":"","context":"En \u00abCosta del Sol\u00bb","block_context":{"text":"Costa del Sol","link":"https:\/\/www.malagaweb.com\/espanol\/blog\/costa-del-sol\/"},"img":{"alt_text":"Mejores miradores de M\u00e1laga","src":"https:\/\/i0.wp.com\/www.malagaweb.com\/espanol\/blog\/wp-content\/uploads\/miradores-malaga.jpg?resize=350%2C200&ssl=1","width":350,"height":200,"srcset":"https:\/\/i0.wp.com\/www.malagaweb.com\/espanol\/blog\/wp-content\/uploads\/miradores-malaga.jpg?resize=350%2C200&ssl=1 1x, https:\/\/i0.wp.com\/www.malagaweb.com\/espanol\/blog\/wp-content\/uploads\/miradores-malaga.jpg?resize=525%2C300&ssl=1 1.5x, https:\/\/i0.wp.com\/www.malagaweb.com\/espanol\/blog\/wp-content\/uploads\/miradores-malaga.jpg?resize=700%2C400&ssl=1 2x, https:\/\/i0.wp.com\/www.malagaweb.com\/espanol\/blog\/wp-content\/uploads\/miradores-malaga.jpg?resize=1050%2C600&ssl=1 3x, https:\/\/i0.wp.com\/www.malagaweb.com\/espanol\/blog\/wp-content\/uploads\/miradores-malaga.jpg?resize=1400%2C800&ssl=1 4x"},"classes":[]}],"jetpack_sharing_enabled":true,"amp_enabled":true,"_links":{"self":[{"href":"https:\/\/www.malagaweb.com\/espanol\/blog\/wp-json\/wp\/v2\/posts\/2583","targetHints":{"allow":["GET"]}}],"collection":[{"href":"https:\/\/www.malagaweb.com\/espanol\/blog\/wp-json\/wp\/v2\/posts"}],"about":[{"href":"https:\/\/www.malagaweb.com\/espanol\/blog\/wp-json\/wp\/v2\/types\/post"}],"author":[{"embeddable":true,"href":"https:\/\/www.malagaweb.com\/espanol\/blog\/wp-json\/wp\/v2\/users\/1"}],"replies":[{"embeddable":true,"href":"https:\/\/www.malagaweb.com\/espanol\/blog\/wp-json\/wp\/v2\/comments?post=2583"}],"version-history":[{"count":4,"href":"https:\/\/www.malagaweb.com\/espanol\/blog\/wp-json\/wp\/v2\/posts\/2583\/revisions"}],"predecessor-version":[{"id":6148,"href":"https:\/\/www.malagaweb.com\/espanol\/blog\/wp-json\/wp\/v2\/posts\/2583\/revisions\/6148"}],"wp:featuredmedia":[{"embeddable":true,"href":"https:\/\/www.malagaweb.com\/espanol\/blog\/wp-json\/wp\/v2\/media\/8025"}],"wp:attachment":[{"href":"https:\/\/www.malagaweb.com\/espanol\/blog\/wp-json\/wp\/v2\/media?parent=2583"}],"wp:term":[{"taxonomy":"category","embeddable":true,"href":"https:\/\/www.malagaweb.com\/espanol\/blog\/wp-json\/wp\/v2\/categories?post=2583"},{"taxonomy":"post_tag","embeddable":true,"href":"https:\/\/www.malagaweb.com\/espanol\/blog\/wp-json\/wp\/v2\/tags?post=2583"}],"curies":[{"name":"wp","href":"https:\/\/api.w.org\/{rel}","templated":true}]}}