{"id":116,"date":"2010-07-16T09:47:47","date_gmt":"2010-07-16T09:47:47","guid":{"rendered":"http:\/\/www.malagaweb.com\/espanol\/blog\/costa-del-sol\/cultura-129\/"},"modified":"2020-02-10T07:04:58","modified_gmt":"2020-02-10T07:04:58","slug":"cultura-129","status":"publish","type":"post","link":"https:\/\/www.malagaweb.com\/espanol\/blog\/costa-del-sol\/cultura-129\/","title":{"rendered":"Festival International de Piano en Marbella &#8211; Informaci\u00f3n y horarios"},"content":{"rendered":"<p>Todos los amantes de la m\u00fasica cl\u00e1sica pueden disfrutar de unas noches de piano en el Festival Internacional de Piano en <a title=\"Marbella\" href=\"https:\/\/www.malagaweb.com\/espanol\/marbella.php\" data-wpel-link=\"internal\">Marbella<\/a>; el que se conoce como \u00abVerano Cl\u00e1sico\u00bb.<\/p>\n<p>Este evento lo organiza la delegaci\u00f3n municipal de la cultura y es uno de los principales acontecimientos musicales en el calendario de eventos de Marbella.<\/p>\n<p>En 2019 tendr\u00e1 lugar durante las dos quincenas de septiembre.<\/p>\n<h2>Festival de piano en Marbella<\/h2>\n<p>El Festival de Piano de Marbella tambi\u00e9n da talentosos a pianistas j\u00f3venes de Espa\u00f1a y otras partes del mundo la posibilidad de mostrar su talento. En su anterior edici\u00f3n, el festival cont\u00f3 con destacados pianistas procedentes de Taiw\u00e1n y Venezuela.<\/p>\n<p>Con la presencia de m\u00fasicos talentosos de todo el mundo, se promueven la m\u00fasica y las artes en general, al mismo tiempo que a\u00f1ade otra opci\u00f3n de ocio en Marbella.<\/p>\n<p>Personas de todas las edades est\u00e1n invitadas a disfrutar de unas horas excepcionales de la m\u00fasica de artistas de talla mundial en esta localidad de la Costa del Sol.<\/p>\n<p>Durante el festival tiene lugar un concurso de piano que se divide en 2 categorias principales, adultos y j\u00f3venes.<\/p>\n<h3>Horario e informaci\u00f3n para la categor\u00eda de adultos<\/h3>\n<p>La categor\u00eda de adultos est\u00e1 a disposici\u00f3n de pianistas de hasta 35 a\u00f1os de edad que hayan nacido despu\u00e9s del 31 de agosto de 1983 sin importar su nacionalidad. Los ganadores de ediciones pasadas no pueden participar.<\/p>\n<p>El evento tendr\u00e1 lugar en el Centro Cultural Hospital Real La Misericordia, Plaza Practicante Manuel Carros, Marbella<\/p>\n<ul>\n<li>13 de septiembre a las 20.00 horas: Inauguraci\u00f3n.<\/li>\n<li>14 de septiembre: Primera ronda de piano durante la ma\u00f1ana y por la tarde.<\/li>\n<li>15 de septiembre: Semifinal.<\/li>\n<li>16 de septiembre a las 17.00 horas: Ronda final de piano.<\/li>\n<\/ul>\n<p>El repertorio incluir\u00e1 la obra de alg\u00fan compositor espa\u00f1ol y todas las piezas tocadas deber\u00e1n hacerse de memoria.<\/p>\n<p>Los premios ser\u00e1n de 5000 euros al primer puesto, 2500 euros al segundo y 1500 euros al tercer puesto.<\/p>\n<h3>Categoria juvenil del festival de piano<\/h3>\n<p>A este concurso de piano est\u00e1n invitados pianistas de cualquier nacionalidad que sea menor de 18 a\u00f1os y haya nacido antes del 30 de septiembre del a\u00f1o 2000.<\/p>\n<p><img decoding=\"async\" class=\"aligncenter size-full wp-image-6179 img-responsive\" loading=\"lazy\" src=\"https:\/\/www.malagaweb.com\/espanol\/blog\/wp-content\/uploads\/joven-tocando-piano.jpg\" alt=\"j\u00f3ven tocando el piano\" width=\"1200\" height=\"743\" srcset=\"https:\/\/www.malagaweb.com\/espanol\/blog\/wp-content\/uploads\/joven-tocando-piano.jpg 1200w, https:\/\/www.malagaweb.com\/espanol\/blog\/wp-content\/uploads\/joven-tocando-piano-600x372.jpg 600w, https:\/\/www.malagaweb.com\/espanol\/blog\/wp-content\/uploads\/joven-tocando-piano-1131x700.jpg 1131w, https:\/\/www.malagaweb.com\/espanol\/blog\/wp-content\/uploads\/joven-tocando-piano-825x510.jpg 825w\" sizes=\"auto, (max-width: 1200px) 100vw, 1200px\" \/><\/p>\n<p>Hay diferentes subcategorias dependiendo de la edad: Menores de 10 a\u00f1os, de 14 y de 18 a\u00f1os.<\/p>\n<ul>\n<li>4 de septiembre: Ceremonia de apertura<\/li>\n<li>5 de septiembre: Centro Cultural Hospital Real La Misericordia &#8211; Hospitalillo, Plaza Practicante Manuel Carros, Marbella.<\/li>\n<li>6 de septiembre: Teatro Ciudad de Marbella, Plaza de Ram\u00f3n Mart\u00ednez, 3. Marbella.<\/li>\n<\/ul>\n<p>Las obras deben incluir al menos una pieza barroca, una cl\u00e1sica de entre 1730 y 1799 y una realizada por un compositor espa\u00f1ol.<\/p>\n<p>Como en la categor\u00eda de adultos las obras deben ser tocadas de memoria sin ayuda de partituras<\/p>\n<p>Los premios son desde una escolarizaci\u00f3n para cursos, medallas, diplomas o premios en met\u00e1lico de hasta 300 euros para el primer premio.<\/p>\n<h3>Precios y otra informaci\u00f3n<\/h3>\n<p>La siguiente informaci\u00f3n es de pasadas ediciones, por lo que podr\u00eda variar ligeramente.<\/p>\n<p>Las entradas para un d\u00eda tienen un precio de 25 Euros, mientras que el bono para los 3 d\u00edas de festival es de 60 Euros.<\/p>\n<p>Las entradas se venden el FNAC en el Centro comercial La Ca\u00f1ada en Marbella.<\/p>\n<p><span class=\"embed-youtube\" style=\"text-align:center; display: block;\"><iframe loading=\"lazy\" class=\"youtube-player\" width=\"660\" height=\"372\" src=\"https:\/\/www.youtube.com\/embed\/JFHYA1n4zS0?version=3&#038;rel=1&#038;showsearch=0&#038;showinfo=1&#038;iv_load_policy=1&#038;fs=1&#038;hl=es-ES&#038;autohide=2&#038;wmode=transparent\" allowfullscreen=\"true\" style=\"border:0;\" sandbox=\"allow-scripts allow-same-origin allow-popups allow-presentation allow-popups-to-escape-sandbox\"><\/iframe><\/span><\/p>\n<p>Para m\u00e1s informaci\u00f3n e inscripciones puedes visitar la p\u00e1gina oficial del evento:<br \/>\n<a href=\"https:\/\/www.marbellainternationalmusicfest.com\/\" target=\"_blank\" rel=\"noopener nofollow\" data-wpel-link=\"external\" class=\"wpel-icon-right\">https:\/\/www.marbellainternationalmusicfest.com\/<span class=\"wpel-icon wpel-image wpel-icon-13\"><\/span><\/a><\/p>\n","protected":false},"excerpt":{"rendered":"<p>Si te gusta el piano y la m\u00fasica cl\u00e1sica tienes una cita en el Festival Internacional de Piano en Marbella. Un evento al que acuden art\u00edstas con gran talento desde todas las partes del mundo y que ofrece actuaciones en dos categorias, adultos de hasta 35 a\u00f1os y j\u00f3venes menores de 10, 14 y 18 a\u00f1os. \u00bfQuieres conocer a j\u00f3venes promesas?<\/p>\n","protected":false},"author":1,"featured_media":6178,"comment_status":"open","ping_status":"closed","sticky":false,"template":"","format":"standard","meta":{"jetpack_post_was_ever_published":false,"_jetpack_newsletter_access":"","_jetpack_dont_email_post_to_subs":false,"_jetpack_newsletter_tier_id":0,"_jetpack_memberships_contains_paywalled_content":false,"_jetpack_memberships_contains_paid_content":false,"footnotes":"","jetpack_publicize_message":"","jetpack_publicize_feature_enabled":true,"jetpack_social_post_already_shared":false,"jetpack_social_options":{"image_generator_settings":{"template":"highway","default_image_id":0,"font":"","enabled":false},"version":2}},"categories":[1],"tags":[40],"class_list":["post-116","post","type-post","status-publish","format-standard","has-post-thumbnail","hentry","category-costa-del-sol","tag-marbella"],"yoast_head":"<!-- This site is optimized with the Yoast SEO plugin v27.5 - https:\/\/yoast.com\/product\/yoast-seo-wordpress\/ -->\n<title>Festival International de Piano en Marbella - Informaci\u00f3n y horarios<\/title>\n<meta name=\"description\" content=\"El Festival de Piano en Marbella tambi\u00e9n da talentosos pianistas j\u00f3venes de Espa\u00f1a y otras partes del mundo la posibilidad de mostrar su talento.\" \/>\n<meta name=\"robots\" content=\"index, follow, max-snippet:-1, max-image-preview:large, max-video-preview:-1\" \/>\n<link rel=\"canonical\" href=\"https:\/\/www.malagaweb.com\/espanol\/blog\/costa-del-sol\/cultura-129\/\" \/>\n<meta property=\"og:locale\" content=\"es_ES\" \/>\n<meta property=\"og:type\" content=\"article\" \/>\n<meta property=\"og:title\" content=\"Festival International de Piano en Marbella - Informaci\u00f3n y horarios\" \/>\n<meta property=\"og:description\" content=\"El Festival de Piano en Marbella tambi\u00e9n da talentosos pianistas j\u00f3venes de Espa\u00f1a y otras partes del mundo la posibilidad de mostrar su talento.\" \/>\n<meta property=\"og:url\" content=\"https:\/\/www.malagaweb.com\/espanol\/blog\/costa-del-sol\/cultura-129\/\" \/>\n<meta property=\"og:site_name\" content=\"Blog de M\u00e1laga\" \/>\n<meta property=\"article:publisher\" content=\"https:\/\/www.facebook.com\/Malaga.CostadelSol\/\" \/>\n<meta property=\"article:published_time\" content=\"2010-07-16T09:47:47+00:00\" \/>\n<meta property=\"article:modified_time\" content=\"2020-02-10T07:04:58+00:00\" \/>\n<meta property=\"og:image\" content=\"https:\/\/www.malagaweb.com\/espanol\/blog\/wp-content\/uploads\/festival-piano-marbella.jpg\" \/>\n\t<meta property=\"og:image:width\" content=\"1265\" \/>\n\t<meta property=\"og:image:height\" content=\"663\" \/>\n\t<meta property=\"og:image:type\" content=\"image\/jpeg\" \/>\n<meta name=\"author\" content=\"Raul\" \/>\n<meta name=\"twitter:card\" content=\"summary_large_image\" \/>\n<meta name=\"twitter:creator\" content=\"@malagaweb\" \/>\n<meta name=\"twitter:site\" content=\"@malagaweb\" \/>\n<meta name=\"twitter:label1\" content=\"Escrito por\" \/>\n\t<meta name=\"twitter:data1\" content=\"Raul\" \/>\n\t<meta name=\"twitter:label2\" content=\"Tiempo de lectura\" \/>\n\t<meta name=\"twitter:data2\" content=\"3 minutos\" \/>\n<script type=\"application\/ld+json\" class=\"yoast-schema-graph\">{\"@context\":\"https:\\\/\\\/schema.org\",\"@graph\":[{\"@type\":\"Article\",\"@id\":\"https:\\\/\\\/www.malagaweb.com\\\/espanol\\\/blog\\\/costa-del-sol\\\/cultura-129\\\/#article\",\"isPartOf\":{\"@id\":\"https:\\\/\\\/www.malagaweb.com\\\/espanol\\\/blog\\\/costa-del-sol\\\/cultura-129\\\/\"},\"author\":{\"name\":\"Raul\",\"@id\":\"https:\\\/\\\/www.malagaweb.com\\\/espanol\\\/blog\\\/#\\\/schema\\\/person\\\/e7064ff7a4ff971bc5b3a6e41075ddb4\"},\"headline\":\"Festival International de Piano en Marbella &#8211; Informaci\u00f3n y horarios\",\"datePublished\":\"2010-07-16T09:47:47+00:00\",\"dateModified\":\"2020-02-10T07:04:58+00:00\",\"mainEntityOfPage\":{\"@id\":\"https:\\\/\\\/www.malagaweb.com\\\/espanol\\\/blog\\\/costa-del-sol\\\/cultura-129\\\/\"},\"wordCount\":582,\"commentCount\":0,\"publisher\":{\"@id\":\"https:\\\/\\\/www.malagaweb.com\\\/espanol\\\/blog\\\/#organization\"},\"image\":{\"@id\":\"https:\\\/\\\/www.malagaweb.com\\\/espanol\\\/blog\\\/costa-del-sol\\\/cultura-129\\\/#primaryimage\"},\"thumbnailUrl\":\"https:\\\/\\\/www.malagaweb.com\\\/espanol\\\/blog\\\/wp-content\\\/uploads\\\/festival-piano-marbella.jpg\",\"keywords\":[\"Marbella\"],\"articleSection\":[\"Costa del Sol\"],\"inLanguage\":\"es\",\"potentialAction\":[{\"@type\":\"CommentAction\",\"name\":\"Comment\",\"target\":[\"https:\\\/\\\/www.malagaweb.com\\\/espanol\\\/blog\\\/costa-del-sol\\\/cultura-129\\\/#respond\"]}]},{\"@type\":\"WebPage\",\"@id\":\"https:\\\/\\\/www.malagaweb.com\\\/espanol\\\/blog\\\/costa-del-sol\\\/cultura-129\\\/\",\"url\":\"https:\\\/\\\/www.malagaweb.com\\\/espanol\\\/blog\\\/costa-del-sol\\\/cultura-129\\\/\",\"name\":\"Festival International de Piano en Marbella - Informaci\u00f3n y horarios\",\"isPartOf\":{\"@id\":\"https:\\\/\\\/www.malagaweb.com\\\/espanol\\\/blog\\\/#website\"},\"primaryImageOfPage\":{\"@id\":\"https:\\\/\\\/www.malagaweb.com\\\/espanol\\\/blog\\\/costa-del-sol\\\/cultura-129\\\/#primaryimage\"},\"image\":{\"@id\":\"https:\\\/\\\/www.malagaweb.com\\\/espanol\\\/blog\\\/costa-del-sol\\\/cultura-129\\\/#primaryimage\"},\"thumbnailUrl\":\"https:\\\/\\\/www.malagaweb.com\\\/espanol\\\/blog\\\/wp-content\\\/uploads\\\/festival-piano-marbella.jpg\",\"datePublished\":\"2010-07-16T09:47:47+00:00\",\"dateModified\":\"2020-02-10T07:04:58+00:00\",\"description\":\"El Festival de Piano en Marbella tambi\u00e9n da talentosos pianistas j\u00f3venes de Espa\u00f1a y otras partes del mundo la posibilidad de mostrar su talento.\",\"breadcrumb\":{\"@id\":\"https:\\\/\\\/www.malagaweb.com\\\/espanol\\\/blog\\\/costa-del-sol\\\/cultura-129\\\/#breadcrumb\"},\"inLanguage\":\"es\",\"potentialAction\":[{\"@type\":\"ReadAction\",\"target\":[\"https:\\\/\\\/www.malagaweb.com\\\/espanol\\\/blog\\\/costa-del-sol\\\/cultura-129\\\/\"]}]},{\"@type\":\"ImageObject\",\"inLanguage\":\"es\",\"@id\":\"https:\\\/\\\/www.malagaweb.com\\\/espanol\\\/blog\\\/costa-del-sol\\\/cultura-129\\\/#primaryimage\",\"url\":\"https:\\\/\\\/www.malagaweb.com\\\/espanol\\\/blog\\\/wp-content\\\/uploads\\\/festival-piano-marbella.jpg\",\"contentUrl\":\"https:\\\/\\\/www.malagaweb.com\\\/espanol\\\/blog\\\/wp-content\\\/uploads\\\/festival-piano-marbella.jpg\",\"width\":1265,\"height\":663,\"caption\":\"Festival Internacional de Piano en Marbella\"},{\"@type\":\"BreadcrumbList\",\"@id\":\"https:\\\/\\\/www.malagaweb.com\\\/espanol\\\/blog\\\/costa-del-sol\\\/cultura-129\\\/#breadcrumb\",\"itemListElement\":[{\"@type\":\"ListItem\",\"position\":1,\"name\":\"Blog\",\"item\":\"https:\\\/\\\/www.malagaweb.com\\\/espanol\\\/blog\\\/\"},{\"@type\":\"ListItem\",\"position\":2,\"name\":\"Costa del Sol\",\"item\":\"https:\\\/\\\/www.malagaweb.com\\\/espanol\\\/blog\\\/costa-del-sol\\\/\"},{\"@type\":\"ListItem\",\"position\":3,\"name\":\"Festival International de Piano en Marbella &#8211; Informaci\u00f3n y horarios\"}]},{\"@type\":\"WebSite\",\"@id\":\"https:\\\/\\\/www.malagaweb.com\\\/espanol\\\/blog\\\/#website\",\"url\":\"https:\\\/\\\/www.malagaweb.com\\\/espanol\\\/blog\\\/\",\"name\":\"Blog de M\u00e1laga\",\"description\":\"Blog de M\u00e1laga con informaci\u00f3n \u00fatil para tus vacaciones\",\"publisher\":{\"@id\":\"https:\\\/\\\/www.malagaweb.com\\\/espanol\\\/blog\\\/#organization\"},\"potentialAction\":[{\"@type\":\"SearchAction\",\"target\":{\"@type\":\"EntryPoint\",\"urlTemplate\":\"https:\\\/\\\/www.malagaweb.com\\\/espanol\\\/blog\\\/?s={search_term_string}\"},\"query-input\":{\"@type\":\"PropertyValueSpecification\",\"valueRequired\":true,\"valueName\":\"search_term_string\"}}],\"inLanguage\":\"es\"},{\"@type\":\"Organization\",\"@id\":\"https:\\\/\\\/www.malagaweb.com\\\/espanol\\\/blog\\\/#organization\",\"name\":\"Malagaweb.com\",\"url\":\"https:\\\/\\\/www.malagaweb.com\\\/espanol\\\/blog\\\/\",\"logo\":{\"@type\":\"ImageObject\",\"inLanguage\":\"es\",\"@id\":\"https:\\\/\\\/www.malagaweb.com\\\/espanol\\\/blog\\\/#\\\/schema\\\/logo\\\/image\\\/\",\"url\":\"https:\\\/\\\/www.malagaweb.com\\\/espanol\\\/blog\\\/wp-content\\\/uploads\\\/malagaweb_logo.png\",\"contentUrl\":\"https:\\\/\\\/www.malagaweb.com\\\/espanol\\\/blog\\\/wp-content\\\/uploads\\\/malagaweb_logo.png\",\"width\":190,\"height\":36,\"caption\":\"Malagaweb.com\"},\"image\":{\"@id\":\"https:\\\/\\\/www.malagaweb.com\\\/espanol\\\/blog\\\/#\\\/schema\\\/logo\\\/image\\\/\"},\"sameAs\":[\"https:\\\/\\\/www.facebook.com\\\/Malaga.CostadelSol\\\/\",\"https:\\\/\\\/x.com\\\/malagaweb\"]},{\"@type\":\"Person\",\"@id\":\"https:\\\/\\\/www.malagaweb.com\\\/espanol\\\/blog\\\/#\\\/schema\\\/person\\\/e7064ff7a4ff971bc5b3a6e41075ddb4\",\"name\":\"Raul\",\"image\":{\"@type\":\"ImageObject\",\"inLanguage\":\"es\",\"@id\":\"https:\\\/\\\/secure.gravatar.com\\\/avatar\\\/355bb21897b371342e002159d93cc5a3dcf5add74aab5d2183293cebb23ac386?s=96&r=g\",\"url\":\"https:\\\/\\\/secure.gravatar.com\\\/avatar\\\/355bb21897b371342e002159d93cc5a3dcf5add74aab5d2183293cebb23ac386?s=96&r=g\",\"contentUrl\":\"https:\\\/\\\/secure.gravatar.com\\\/avatar\\\/355bb21897b371342e002159d93cc5a3dcf5add74aab5d2183293cebb23ac386?s=96&r=g\",\"caption\":\"Raul\"},\"description\":\"Desarrollador web y editor de contenidos, autor de muchas de las gu\u00edas tur\u00edsticas que habr\u00e1s podido leer en Internet sobre Andaluc\u00eda, M\u00e1laga y Espa\u00f1a.\"}]}<\/script>\n<!-- \/ Yoast SEO plugin. -->","yoast_head_json":{"title":"Festival International de Piano en Marbella - Informaci\u00f3n y horarios","description":"El Festival de Piano en Marbella tambi\u00e9n da talentosos pianistas j\u00f3venes de Espa\u00f1a y otras partes del mundo la posibilidad de mostrar su talento.","robots":{"index":"index","follow":"follow","max-snippet":"max-snippet:-1","max-image-preview":"max-image-preview:large","max-video-preview":"max-video-preview:-1"},"canonical":"https:\/\/www.malagaweb.com\/espanol\/blog\/costa-del-sol\/cultura-129\/","og_locale":"es_ES","og_type":"article","og_title":"Festival International de Piano en Marbella - Informaci\u00f3n y horarios","og_description":"El Festival de Piano en Marbella tambi\u00e9n da talentosos pianistas j\u00f3venes de Espa\u00f1a y otras partes del mundo la posibilidad de mostrar su talento.","og_url":"https:\/\/www.malagaweb.com\/espanol\/blog\/costa-del-sol\/cultura-129\/","og_site_name":"Blog de M\u00e1laga","article_publisher":"https:\/\/www.facebook.com\/Malaga.CostadelSol\/","article_published_time":"2010-07-16T09:47:47+00:00","article_modified_time":"2020-02-10T07:04:58+00:00","og_image":[{"width":1265,"height":663,"url":"https:\/\/www.malagaweb.com\/espanol\/blog\/wp-content\/uploads\/festival-piano-marbella.jpg","type":"image\/jpeg"}],"author":"Raul","twitter_card":"summary_large_image","twitter_creator":"@malagaweb","twitter_site":"@malagaweb","twitter_misc":{"Escrito por":"Raul","Tiempo de lectura":"3 minutos"},"schema":{"@context":"https:\/\/schema.org","@graph":[{"@type":"Article","@id":"https:\/\/www.malagaweb.com\/espanol\/blog\/costa-del-sol\/cultura-129\/#article","isPartOf":{"@id":"https:\/\/www.malagaweb.com\/espanol\/blog\/costa-del-sol\/cultura-129\/"},"author":{"name":"Raul","@id":"https:\/\/www.malagaweb.com\/espanol\/blog\/#\/schema\/person\/e7064ff7a4ff971bc5b3a6e41075ddb4"},"headline":"Festival International de Piano en Marbella &#8211; Informaci\u00f3n y horarios","datePublished":"2010-07-16T09:47:47+00:00","dateModified":"2020-02-10T07:04:58+00:00","mainEntityOfPage":{"@id":"https:\/\/www.malagaweb.com\/espanol\/blog\/costa-del-sol\/cultura-129\/"},"wordCount":582,"commentCount":0,"publisher":{"@id":"https:\/\/www.malagaweb.com\/espanol\/blog\/#organization"},"image":{"@id":"https:\/\/www.malagaweb.com\/espanol\/blog\/costa-del-sol\/cultura-129\/#primaryimage"},"thumbnailUrl":"https:\/\/www.malagaweb.com\/espanol\/blog\/wp-content\/uploads\/festival-piano-marbella.jpg","keywords":["Marbella"],"articleSection":["Costa del Sol"],"inLanguage":"es","potentialAction":[{"@type":"CommentAction","name":"Comment","target":["https:\/\/www.malagaweb.com\/espanol\/blog\/costa-del-sol\/cultura-129\/#respond"]}]},{"@type":"WebPage","@id":"https:\/\/www.malagaweb.com\/espanol\/blog\/costa-del-sol\/cultura-129\/","url":"https:\/\/www.malagaweb.com\/espanol\/blog\/costa-del-sol\/cultura-129\/","name":"Festival International de Piano en Marbella - Informaci\u00f3n y horarios","isPartOf":{"@id":"https:\/\/www.malagaweb.com\/espanol\/blog\/#website"},"primaryImageOfPage":{"@id":"https:\/\/www.malagaweb.com\/espanol\/blog\/costa-del-sol\/cultura-129\/#primaryimage"},"image":{"@id":"https:\/\/www.malagaweb.com\/espanol\/blog\/costa-del-sol\/cultura-129\/#primaryimage"},"thumbnailUrl":"https:\/\/www.malagaweb.com\/espanol\/blog\/wp-content\/uploads\/festival-piano-marbella.jpg","datePublished":"2010-07-16T09:47:47+00:00","dateModified":"2020-02-10T07:04:58+00:00","description":"El Festival de Piano en Marbella tambi\u00e9n da talentosos pianistas j\u00f3venes de Espa\u00f1a y otras partes del mundo la posibilidad de mostrar su talento.","breadcrumb":{"@id":"https:\/\/www.malagaweb.com\/espanol\/blog\/costa-del-sol\/cultura-129\/#breadcrumb"},"inLanguage":"es","potentialAction":[{"@type":"ReadAction","target":["https:\/\/www.malagaweb.com\/espanol\/blog\/costa-del-sol\/cultura-129\/"]}]},{"@type":"ImageObject","inLanguage":"es","@id":"https:\/\/www.malagaweb.com\/espanol\/blog\/costa-del-sol\/cultura-129\/#primaryimage","url":"https:\/\/www.malagaweb.com\/espanol\/blog\/wp-content\/uploads\/festival-piano-marbella.jpg","contentUrl":"https:\/\/www.malagaweb.com\/espanol\/blog\/wp-content\/uploads\/festival-piano-marbella.jpg","width":1265,"height":663,"caption":"Festival Internacional de Piano en Marbella"},{"@type":"BreadcrumbList","@id":"https:\/\/www.malagaweb.com\/espanol\/blog\/costa-del-sol\/cultura-129\/#breadcrumb","itemListElement":[{"@type":"ListItem","position":1,"name":"Blog","item":"https:\/\/www.malagaweb.com\/espanol\/blog\/"},{"@type":"ListItem","position":2,"name":"Costa del Sol","item":"https:\/\/www.malagaweb.com\/espanol\/blog\/costa-del-sol\/"},{"@type":"ListItem","position":3,"name":"Festival International de Piano en Marbella &#8211; Informaci\u00f3n y horarios"}]},{"@type":"WebSite","@id":"https:\/\/www.malagaweb.com\/espanol\/blog\/#website","url":"https:\/\/www.malagaweb.com\/espanol\/blog\/","name":"Blog de M\u00e1laga","description":"Blog de M\u00e1laga con informaci\u00f3n \u00fatil para tus vacaciones","publisher":{"@id":"https:\/\/www.malagaweb.com\/espanol\/blog\/#organization"},"potentialAction":[{"@type":"SearchAction","target":{"@type":"EntryPoint","urlTemplate":"https:\/\/www.malagaweb.com\/espanol\/blog\/?s={search_term_string}"},"query-input":{"@type":"PropertyValueSpecification","valueRequired":true,"valueName":"search_term_string"}}],"inLanguage":"es"},{"@type":"Organization","@id":"https:\/\/www.malagaweb.com\/espanol\/blog\/#organization","name":"Malagaweb.com","url":"https:\/\/www.malagaweb.com\/espanol\/blog\/","logo":{"@type":"ImageObject","inLanguage":"es","@id":"https:\/\/www.malagaweb.com\/espanol\/blog\/#\/schema\/logo\/image\/","url":"https:\/\/www.malagaweb.com\/espanol\/blog\/wp-content\/uploads\/malagaweb_logo.png","contentUrl":"https:\/\/www.malagaweb.com\/espanol\/blog\/wp-content\/uploads\/malagaweb_logo.png","width":190,"height":36,"caption":"Malagaweb.com"},"image":{"@id":"https:\/\/www.malagaweb.com\/espanol\/blog\/#\/schema\/logo\/image\/"},"sameAs":["https:\/\/www.facebook.com\/Malaga.CostadelSol\/","https:\/\/x.com\/malagaweb"]},{"@type":"Person","@id":"https:\/\/www.malagaweb.com\/espanol\/blog\/#\/schema\/person\/e7064ff7a4ff971bc5b3a6e41075ddb4","name":"Raul","image":{"@type":"ImageObject","inLanguage":"es","@id":"https:\/\/secure.gravatar.com\/avatar\/355bb21897b371342e002159d93cc5a3dcf5add74aab5d2183293cebb23ac386?s=96&r=g","url":"https:\/\/secure.gravatar.com\/avatar\/355bb21897b371342e002159d93cc5a3dcf5add74aab5d2183293cebb23ac386?s=96&r=g","contentUrl":"https:\/\/secure.gravatar.com\/avatar\/355bb21897b371342e002159d93cc5a3dcf5add74aab5d2183293cebb23ac386?s=96&r=g","caption":"Raul"},"description":"Desarrollador web y editor de contenidos, autor de muchas de las gu\u00edas tur\u00edsticas que habr\u00e1s podido leer en Internet sobre Andaluc\u00eda, M\u00e1laga y Espa\u00f1a."}]}},"jetpack_publicize_connections":[],"jetpack_featured_media_url":"https:\/\/www.malagaweb.com\/espanol\/blog\/wp-content\/uploads\/festival-piano-marbella.jpg","jetpack_shortlink":"https:\/\/wp.me\/p7riGP-1S","jetpack-related-posts":[{"id":4349,"url":"https:\/\/www.malagaweb.com\/espanol\/blog\/eventos\/starlite-festival-marbella\/","url_meta":{"origin":116,"position":0},"title":"Starlite Marbella 2021 &#8211; Festival de m\u00fasica con conciertos y gastronom\u00eda","author":"Raul","date":"21 junio, 2021","format":false,"excerpt":"Ya se pueden reservar entradas para Starlite Festival en Marbella, adem\u00e1s habr\u00e1 actividades gastron\u00f3micas y culturales. Todo esto nos viene presentado por un evento anual que tiene lugar en el Auditorio situado en la cantera de Nag\u00fceles, un espacio al aire libre donde disfrutar de las diferentes actividades y espect\u00e1culos.\u2026","rel":"","context":"En \u00abEventos\u00bb","block_context":{"text":"Eventos","link":"https:\/\/www.malagaweb.com\/espanol\/blog\/eventos\/"},"img":{"alt_text":"Starlite Festival en Marbella","src":"https:\/\/i0.wp.com\/www.malagaweb.com\/espanol\/blog\/wp-content\/uploads\/2019\/01\/starlite-festival.jpg?resize=350%2C200&ssl=1","width":350,"height":200,"srcset":"https:\/\/i0.wp.com\/www.malagaweb.com\/espanol\/blog\/wp-content\/uploads\/2019\/01\/starlite-festival.jpg?resize=350%2C200&ssl=1 1x, https:\/\/i0.wp.com\/www.malagaweb.com\/espanol\/blog\/wp-content\/uploads\/2019\/01\/starlite-festival.jpg?resize=525%2C300&ssl=1 1.5x, https:\/\/i0.wp.com\/www.malagaweb.com\/espanol\/blog\/wp-content\/uploads\/2019\/01\/starlite-festival.jpg?resize=700%2C400&ssl=1 2x, https:\/\/i0.wp.com\/www.malagaweb.com\/espanol\/blog\/wp-content\/uploads\/2019\/01\/starlite-festival.jpg?resize=1050%2C600&ssl=1 3x"},"classes":[]},{"id":447,"url":"https:\/\/www.malagaweb.com\/espanol\/blog\/eventos\/marbella-4-dias-caminando\/","url_meta":{"origin":116,"position":1},"title":"Marbella 4 D\u00edas Caminando, en octubre 2021 &#8211; \u00a1Para todas las edades!","author":"Raul","date":"6 octubre, 2019","format":false,"excerpt":"Si te gusta el senderismo y te apetece un viaje al oto\u00f1o dorado de la Costa del Sol, todav\u00eda est\u00e1s a tiempo para inscribirte en el evento Marbella 4 Days Walking 'Marbella 4 D\u00edas Caminando' que tendr\u00e1 lugar en Marbella y sus alrededores en octubre de 2020.","rel":"","context":"En \u00abEventos\u00bb","block_context":{"text":"Eventos","link":"https:\/\/www.malagaweb.com\/espanol\/blog\/eventos\/"},"img":{"alt_text":"Marbella 4 D\u00edas Caminando","src":"https:\/\/i0.wp.com\/www.malagaweb.com\/espanol\/blog\/wp-content\/uploads\/marbella-4-dias-caminando.jpg?resize=350%2C200&ssl=1","width":350,"height":200,"srcset":"https:\/\/i0.wp.com\/www.malagaweb.com\/espanol\/blog\/wp-content\/uploads\/marbella-4-dias-caminando.jpg?resize=350%2C200&ssl=1 1x, https:\/\/i0.wp.com\/www.malagaweb.com\/espanol\/blog\/wp-content\/uploads\/marbella-4-dias-caminando.jpg?resize=525%2C300&ssl=1 1.5x, https:\/\/i0.wp.com\/www.malagaweb.com\/espanol\/blog\/wp-content\/uploads\/marbella-4-dias-caminando.jpg?resize=700%2C400&ssl=1 2x, https:\/\/i0.wp.com\/www.malagaweb.com\/espanol\/blog\/wp-content\/uploads\/marbella-4-dias-caminando.jpg?resize=1050%2C600&ssl=1 3x, https:\/\/i0.wp.com\/www.malagaweb.com\/espanol\/blog\/wp-content\/uploads\/marbella-4-dias-caminando.jpg?resize=1400%2C800&ssl=1 4x"},"classes":[]},{"id":4991,"url":"https:\/\/www.malagaweb.com\/espanol\/blog\/eventos\/art-marbella-fair\/","url_meta":{"origin":116,"position":2},"title":"Art Marbella Fair &#8211; Feria del arte contempor\u00e1neo en la Costa del Sol","author":"Raul","date":"9 julio, 2018","format":false,"excerpt":"Marbella fair nos muestra galer\u00edas con artistas de diferentes pa\u00edses, Espa\u00f1a adem\u00e1s de Portugal, China, Canad\u00e1, Suecia, Uruguay, Estados Unidos, Austria, Argentina, M\u00e9xico, Eslovaquia y Suiza. Si te gusta el arte puede que te interese conocer todos los detalles de este evento anual que tiene lugar en Marbella.","rel":"","context":"En \u00abEventos\u00bb","block_context":{"text":"Eventos","link":"https:\/\/www.malagaweb.com\/espanol\/blog\/eventos\/"},"img":{"alt_text":"Galer\u00e7ia de arte en Marbella","src":"https:\/\/i0.wp.com\/www.malagaweb.com\/espanol\/blog\/wp-content\/uploads\/2018\/07\/galeria-arte.jpg?resize=350%2C200&ssl=1","width":350,"height":200,"srcset":"https:\/\/i0.wp.com\/www.malagaweb.com\/espanol\/blog\/wp-content\/uploads\/2018\/07\/galeria-arte.jpg?resize=350%2C200&ssl=1 1x, https:\/\/i0.wp.com\/www.malagaweb.com\/espanol\/blog\/wp-content\/uploads\/2018\/07\/galeria-arte.jpg?resize=525%2C300&ssl=1 1.5x, https:\/\/i0.wp.com\/www.malagaweb.com\/espanol\/blog\/wp-content\/uploads\/2018\/07\/galeria-arte.jpg?resize=700%2C400&ssl=1 2x, https:\/\/i0.wp.com\/www.malagaweb.com\/espanol\/blog\/wp-content\/uploads\/2018\/07\/galeria-arte.jpg?resize=1050%2C600&ssl=1 3x"},"classes":[]},{"id":6699,"url":"https:\/\/www.malagaweb.com\/espanol\/blog\/eventos\/nikki-beach-marbella\/","url_meta":{"origin":116,"position":3},"title":"Nikki Beach Marbella 2020 &#8211; White Opening Party, Red Party y eventos","author":"Raul","date":"2 julio, 2020","format":false,"excerpt":"Mucho glamour, la mejor m\u00fasica, mucha gente sexy y raudales de champ\u00e1n llenan cada a\u00f1o este exclusivo club que sigue siendo uno de los m\u00e1s populares de Marbella para quienes les guste ver y ser visto.\u00bfTe interesa? Contin\u00faa leyendo para conocer todos los eventos que tendr\u00e1n lugar a lo largo\u2026","rel":"","context":"En \u00abEventos\u00bb","block_context":{"text":"Eventos","link":"https:\/\/www.malagaweb.com\/espanol\/blog\/eventos\/"},"img":{"alt_text":"Nikki Beach Marbella","src":"https:\/\/i0.wp.com\/www.malagaweb.com\/espanol\/blog\/wp-content\/uploads\/2019\/04\/nikki-beach-marbella.jpg?resize=350%2C200&ssl=1","width":350,"height":200,"srcset":"https:\/\/i0.wp.com\/www.malagaweb.com\/espanol\/blog\/wp-content\/uploads\/2019\/04\/nikki-beach-marbella.jpg?resize=350%2C200&ssl=1 1x, https:\/\/i0.wp.com\/www.malagaweb.com\/espanol\/blog\/wp-content\/uploads\/2019\/04\/nikki-beach-marbella.jpg?resize=525%2C300&ssl=1 1.5x, https:\/\/i0.wp.com\/www.malagaweb.com\/espanol\/blog\/wp-content\/uploads\/2019\/04\/nikki-beach-marbella.jpg?resize=700%2C400&ssl=1 2x, https:\/\/i0.wp.com\/www.malagaweb.com\/espanol\/blog\/wp-content\/uploads\/2019\/04\/nikki-beach-marbella.jpg?resize=1050%2C600&ssl=1 3x"},"classes":[]},{"id":312,"url":"https:\/\/www.malagaweb.com\/espanol\/blog\/costa-del-sol\/cultura-327\/","url_meta":{"origin":116,"position":4},"title":"La fiesta popular del Tost\u00f3n en Marbella el 1 de Noviembre","author":"Raul","date":"28 octubre, 2011","format":false,"excerpt":"Durante el \u00faltimo fin de semana en octubre y el 1 de noviembre tiene lugar una cl\u00e1sica tradici\u00f3n en Marbella y los pueblos del Valle del Genal y la Serran\u00eda de Ronda: El Tost\u00f3n.","rel":"","context":"En \u00abCosta del Sol\u00bb","block_context":{"text":"Costa del Sol","link":"https:\/\/www.malagaweb.com\/espanol\/blog\/costa-del-sol\/"},"img":{"alt_text":"casta\u00f1as-asadas","src":"https:\/\/i0.wp.com\/www.malagaweb.com\/espanol\/blog\/wp-content\/uploads\/casta%C3%B1as-asadas.jpg?resize=350%2C200&ssl=1","width":350,"height":200,"srcset":"https:\/\/i0.wp.com\/www.malagaweb.com\/espanol\/blog\/wp-content\/uploads\/casta%C3%B1as-asadas.jpg?resize=350%2C200&ssl=1 1x, https:\/\/i0.wp.com\/www.malagaweb.com\/espanol\/blog\/wp-content\/uploads\/casta%C3%B1as-asadas.jpg?resize=525%2C300&ssl=1 1.5x, https:\/\/i0.wp.com\/www.malagaweb.com\/espanol\/blog\/wp-content\/uploads\/casta%C3%B1as-asadas.jpg?resize=700%2C400&ssl=1 2x"},"classes":[]},{"id":121,"url":"https:\/\/www.malagaweb.com\/espanol\/blog\/costa-del-sol\/vacaciones-133\/","url_meta":{"origin":116,"position":5},"title":"Famosos en Marbella y la Costa del Sol","author":"Raul","date":"28 julio, 2010","format":false,"excerpt":"Andaluc\u00eda ha cautivado a lo largo de varias d\u00e9cadas a artistas, miembros de la realeza y dignatarios de todo el mundo, algunos de ellos relacionadas a la Casa Blanca como los Clinton, los ex presidentes Jimmy Carter y George Bush o la ex primera dama de los Estados Unidos, Jacqueline\u2026","rel":"","context":"En \u00abCosta del Sol\u00bb","block_context":{"text":"Costa del Sol","link":"https:\/\/www.malagaweb.com\/espanol\/blog\/costa-del-sol\/"},"img":{"alt_text":"famosos en la Costa del Sol, Malaga","src":"https:\/\/i0.wp.com\/www.malagaweb.com\/espanol\/blog\/wp-content\/uploads\/2010\/07\/famosos-costadelsol.jpg?resize=350%2C200&ssl=1","width":350,"height":200,"srcset":"https:\/\/i0.wp.com\/www.malagaweb.com\/espanol\/blog\/wp-content\/uploads\/2010\/07\/famosos-costadelsol.jpg?resize=350%2C200&ssl=1 1x, https:\/\/i0.wp.com\/www.malagaweb.com\/espanol\/blog\/wp-content\/uploads\/2010\/07\/famosos-costadelsol.jpg?resize=525%2C300&ssl=1 1.5x, https:\/\/i0.wp.com\/www.malagaweb.com\/espanol\/blog\/wp-content\/uploads\/2010\/07\/famosos-costadelsol.jpg?resize=700%2C400&ssl=1 2x, https:\/\/i0.wp.com\/www.malagaweb.com\/espanol\/blog\/wp-content\/uploads\/2010\/07\/famosos-costadelsol.jpg?resize=1050%2C600&ssl=1 3x"},"classes":[]}],"jetpack_sharing_enabled":true,"amp_enabled":true,"_links":{"self":[{"href":"https:\/\/www.malagaweb.com\/espanol\/blog\/wp-json\/wp\/v2\/posts\/116","targetHints":{"allow":["GET"]}}],"collection":[{"href":"https:\/\/www.malagaweb.com\/espanol\/blog\/wp-json\/wp\/v2\/posts"}],"about":[{"href":"https:\/\/www.malagaweb.com\/espanol\/blog\/wp-json\/wp\/v2\/types\/post"}],"author":[{"embeddable":true,"href":"https:\/\/www.malagaweb.com\/espanol\/blog\/wp-json\/wp\/v2\/users\/1"}],"replies":[{"embeddable":true,"href":"https:\/\/www.malagaweb.com\/espanol\/blog\/wp-json\/wp\/v2\/comments?post=116"}],"version-history":[{"count":5,"href":"https:\/\/www.malagaweb.com\/espanol\/blog\/wp-json\/wp\/v2\/posts\/116\/revisions"}],"predecessor-version":[{"id":8052,"href":"https:\/\/www.malagaweb.com\/espanol\/blog\/wp-json\/wp\/v2\/posts\/116\/revisions\/8052"}],"wp:featuredmedia":[{"embeddable":true,"href":"https:\/\/www.malagaweb.com\/espanol\/blog\/wp-json\/wp\/v2\/media\/6178"}],"wp:attachment":[{"href":"https:\/\/www.malagaweb.com\/espanol\/blog\/wp-json\/wp\/v2\/media?parent=116"}],"wp:term":[{"taxonomy":"category","embeddable":true,"href":"https:\/\/www.malagaweb.com\/espanol\/blog\/wp-json\/wp\/v2\/categories?post=116"},{"taxonomy":"post_tag","embeddable":true,"href":"https:\/\/www.malagaweb.com\/espanol\/blog\/wp-json\/wp\/v2\/tags?post=116"}],"curies":[{"name":"wp","href":"https:\/\/api.w.org\/{rel}","templated":true}]}}