{"id":111,"date":"2019-07-22T08:00:34","date_gmt":"2019-07-22T08:00:34","guid":{"rendered":"http:\/\/www.malagaweb.com\/espanol\/blog\/costa-del-sol\/vacaciones-124\/"},"modified":"2019-08-12T09:47:41","modified_gmt":"2019-08-12T09:47:41","slug":"pueblos-blancos-music-festival","status":"publish","type":"post","link":"https:\/\/www.malagaweb.com\/espanol\/blog\/eventos\/pueblos-blancos-music-festival\/","title":{"rendered":"Pueblos Blancos Music Festival en Agosto 2019 &#8211; Festival de m\u00fasica"},"content":{"rendered":"<p><a href=\"https:\/\/www.malagaweb.com\/espanol\/blog\/wp-content\/uploads\/2018\/08\/festival-pueblos-blancos.jpg\" itemprop=\"contentUrl\" data-gallery=\"\" title=\"Pueblos Blancos Music Festival en Agosto 2019 - Festival de m\u00fasica\" data-wpel-link=\"internal\"><img decoding=\"async\" class=\"alignright wp-image-7257 size-large img-responsive\" loading=\"lazy\" src=\"https:\/\/www.malagaweb.com\/espanol\/blog\/wp-content\/uploads\/2018\/08\/festival-pueblos-blancos-285x400.jpg\" alt=\"\" width=\"285\" height=\"400\" srcset=\"https:\/\/www.malagaweb.com\/espanol\/blog\/wp-content\/uploads\/2018\/08\/festival-pueblos-blancos-285x400.jpg 285w, https:\/\/www.malagaweb.com\/espanol\/blog\/wp-content\/uploads\/2018\/08\/festival-pueblos-blancos-499x700.jpg 499w, https:\/\/www.malagaweb.com\/espanol\/blog\/wp-content\/uploads\/2018\/08\/festival-pueblos-blancos.jpg 581w\" sizes=\"auto, (max-width: 285px) 100vw, 285px\" \/><\/a>El Festival Musical en los pueblos blancos, llamado \u00abPBMF\u00bb o Pueblos Blancos Music Festival es una excusa perfecta para conocer el interior de Andaluc\u00eda. <strong>En 2019 se celebrar\u00e1 el 8, 9, 10 y 11 de agosto<\/strong> en Ronda, Montejaque, Grazalema y Villaluenga del Rosario.<\/p>\n<blockquote><p>En 2018 este evento tuvo lugar en septiembre, en 2019 ha sido trasladado a principios de agosto.<\/p><\/blockquote>\n<p>Parece una excusa perfecta para conocer el interior de Andalucia y disfrutar de un largo y variado fin de semana en estos emblem\u00e1ticos pueblos. Explorar el interior siempre es una actividad recomendada.<\/p>\n<h2>Festival musical y disfrutando de los pueblos blancos<\/h2>\n<p>No te olvides de que en agosto llega la excusa perfecta para salir de casa y disfrutar de un fin de semana largo y variado, conocer el interior de Andaluc\u00eda es una experiencia altamente recomendada.<\/p>\n<h3>Festival musical en Ronda<\/h3>\n<p><strong>Ronda<\/strong>, la ciudad del Tajo, situada a unos 100 km de M\u00e1laga capital y unos 60 km de Marbella es famosa no solo por su gran cantidad de monumentos hist\u00f3ricos. Su situaci\u00f3n sobre una gran meseta impresiona a todos los visitantes. Rodeada de parques naturales, definitivamente vale la pena recorrer sus calles y alrededores.<\/p>\n<p>En Ronda los conciertos tienen lugar en el <a href=\"https:\/\/goo.gl\/maps\/2KJkGT4555J2\" target=\"_blank\" rel=\"noopener noreferrer nofollow\" data-wpel-link=\"external\" class=\"wpel-icon-right\">Auditorio Blas Infante<span class=\"wpel-icon wpel-image wpel-icon-13\"><\/span><\/a>. Se encuentra situado en el balc\u00f3n del Tajo de Ronda, con espectaculares vistas y puestas de sol.<\/p>\n<p>Puedes conocer m\u00e1s de <a href=\"https:\/\/www.malagaweb.com\/espanol\/pueblos\/ronda.php\" data-wpel-link=\"internal\">Ronda<\/a> en nuestra gu\u00eda.<\/p>\n<h4>Conciertos en Ronda<\/h4>\n<p>Inauguraci\u00f3n oficial el 8 de agosto.<\/p>\n<p><strong>Del 8 al 11 de agosto<\/strong> &#8211; Conciertos diarios desde las 20.30 a las 00.30 en el Auditorio Blas Infante. (<a href=\"https:\/\/goo.gl\/maps\/QmZmsfDazdb2HXRf9\" target=\"_blank\" rel=\"noopener noreferrer nofollow\" data-wpel-link=\"external\" class=\"wpel-icon-right\">Mapa<span class=\"wpel-icon wpel-image wpel-icon-13\"><\/span><\/a>)<\/p>\n<h3>Festival musical en Montejaque<\/h3>\n<p><strong>Montejaque<\/strong>, en la Serran\u00eda de Ronda, ofrece una inigualable experiencia en el interior de la provincia. Un entorno natural\u00a0 en el que podr\u00e1s visitar la antigua iglesia g\u00f3tica de principios del siglo XVI mientras te pierdes por sus calles o conoces algunas de las rutas naturales que rodean el pueblo.<\/p>\n<p>Se organizar\u00e1n los conciertos en la <a href=\"https:\/\/goo.gl\/maps\/q1WiDi3DT9A2\" target=\"_blank\" rel=\"noopener noreferrer nofollow\" data-wpel-link=\"external\" class=\"wpel-icon-right\">Plaza de la Constituci\u00f3n<span class=\"wpel-icon wpel-image wpel-icon-13\"><\/span><\/a>, en pleno coraz\u00f3n del municipio.<\/p>\n<h4>Conciertos en Montejaque<\/h4>\n<p><strong>8 al 11 de agosto<\/strong> &#8211; Conciertos diarios desde las 20.00 hasta la 1 de la madrugada en la Plaza de la Constituci\u00f3n.<\/p>\n<p><strong>10 de agosto<\/strong> &#8211; Conciertos desde las 12.00 de la ma\u00f1ana y Paella Popular a las 14.00 horas.<\/p>\n<p><strong>11 de agosto<\/strong> &#8211; Jam Sesi\u00f3n y cierre de Pueblos Blancos Music Festival 2019 a la 1 de la madrugada.<\/p>\n<h3>Festival musical en Grazalema<\/h3>\n<p><strong>Grazalema<\/strong> se encuentra en la provincia de C\u00e1diz. Una visita a este municipio no solo ofrece un entorno natural de gran belleza sino una rica gastronom\u00eda. No os olvid\u00e9is de probar el at\u00fan encebollado y de recorrer sus m\u00e1gicas callejuelas de origen \u00e1rabe.<\/p>\n<p>En <a href=\"https:\/\/goo.gl\/maps\/Cf8FT9CTxQJaJZ657\" target=\"_blank\" rel=\"noopener noreferrer nofollow\" data-wpel-link=\"external\" class=\"wpel-icon-right\">Plaza de Espa\u00f1a<span class=\"wpel-icon wpel-image wpel-icon-13\"><\/span><\/a>, a la entrada del pueblo de Grazalema. Adem\u00e1s habr\u00e1 piscina, restaurante y un auditorio al aire libre.<\/p>\n<h4>Conciertos en Grazalema<\/h4>\n<p><strong>Del 8 al 11 de agosto<\/strong> &#8211; Conciertos desde las 19.30 hasta la medianoche en la Plaza Espa\u00f1a.<\/p>\n<h3>Festival musical en C\u00e1diz, Villaluenga del Rosario<\/h3>\n<p>Finalmente en C\u00e1diz tambi\u00e9n encontramos <strong>Villaluenga del Rosario<\/strong>, a tan solo 128 kil\u00f3metros de la capital y en pleno centro del Parque Natural de la Sierra de Grazalema. Esta localizaci\u00f3n es un para\u00edso natural con una gran diversidad de cuevas y pozos creados a lo largo del tiempo por el proceso erosivo de la roca.<\/p>\n<h4>Conciertos en Villaluenga del Rosario<\/h4>\n<p><strong>8 al 11 de agosto<\/strong> &#8211; Conciertos desde las 19.30 hasta las 23.00 horas en la Caseta Municipal.<\/p>\n<h3>El festival musical<\/h3>\n<p><img decoding=\"async\" class=\"aligncenter size-full wp-image-4342 img-responsive\" loading=\"lazy\" src=\"https:\/\/www.malagaweb.com\/espanol\/blog\/wp-content\/uploads\/pueblos-blancos-music-festival.jpg\" alt=\"pueblos-blancos-music-festival\" width=\"624\" height=\"618\" srcset=\"https:\/\/www.malagaweb.com\/espanol\/blog\/wp-content\/uploads\/pueblos-blancos-music-festival.jpg 624w, https:\/\/www.malagaweb.com\/espanol\/blog\/wp-content\/uploads\/pueblos-blancos-music-festival-404x400.jpg 404w, https:\/\/www.malagaweb.com\/espanol\/blog\/wp-content\/uploads\/pueblos-blancos-music-festival-150x150.jpg 150w\" sizes=\"auto, (max-width: 624px) 100vw, 624px\" \/><\/p>\n<p>Ya conoces un poco m\u00e1s de las localizaciones donde tendr\u00e1n lugar los conciertos. \u00bfQue tal si conocemos un poco m\u00e1s del Pueblos Blancos Music Festival?<\/p>\n<p>Un largo fin de semana de conciertos que comenzar\u00e1 el jueves 8 de agosto y finalizar\u00e1 el domingo d\u00eda 11. Al encuentro acudir\u00e1n grupos y artistas en un lazo de uni\u00f3n entre Austin en Texas y Andaluc\u00eda.<\/p>\n<p>El acceso es gratuito. \u00bfNecesitas m\u00e1s excusas para conocer el interior de <a href=\"https:\/\/www.malagaweb.com\/espanol\/andalucia\/\" data-wpel-link=\"internal\">Andaluc\u00eda<\/a>?<\/p>\n<p>Para m\u00e1s informaci\u00f3n puedes visitar la web oficial:<br \/>\n<a href=\"https:\/\/www.pueblosblancosmusicfestival.com\/\" target=\"_blank\" rel=\"noopener noreferrer nofollow\" data-wpel-link=\"external\" class=\"wpel-icon-right\">https:\/\/www.pueblosblancosmusicfestival.com\/<span class=\"wpel-icon wpel-image wpel-icon-13\"><\/span><\/a><\/p>\n<h3>Como llegar<\/h3>\n<p>Si est\u00e1s planeando llegar a cualquiera de los pueblos blancos que aparecen en este art\u00edculo, ser\u00eda una buena idea empezar a planear cu\u00e1l ser\u00e1 tu mejor opci\u00f3n como medio de transporte.<\/p>\n<p>Puedes <a href=\"https:\/\/www.malagaweb.com\/espanol\/alquiler-coches\/\" data-wpel-link=\"internal\">alquilar un coche en M\u00e1laga<\/a> antes de tu vuelo, de esta manera no s\u00f3lo dispondr\u00e1s de un medio de transporte para llegar a cualquiera de estos pueblos, sino que tambi\u00e9n podr\u00e1s disfrutar conduciendo por unos hermosos paisajes.<\/p>\n<p>Los <a href=\"https:\/\/www.malagaweb.com\/espanol\/aeropuerto-malaga\/taxis.php\" data-wpel-link=\"internal\">traslados desde el aeropuerto de M\u00e1laga<\/a> son la opci\u00f3n m\u00e1s c\u00f3moda para aquellos que no quieren alquilar un coche. Te recogen y te llevan de vuelta al aeropuerto a la hora o d\u00eda que pidas un precio fijo.<\/p>\n<p>Hay trenes entre M\u00e1laga y Ronda, pero es posible que el horario no se ajuste a sus necesidades. Puedes consultar la ubicaci\u00f3n de la estaci\u00f3n de tren de Ronda en el mapa <a href=\"https:\/\/goo.gl\/maps\/35G27c7WCazc1bv58\" target=\"_blank\" rel=\"noopener noreferrer nofollow\" data-wpel-link=\"external\" class=\"wpel-icon-right\">aqu\u00ed<span class=\"wpel-icon wpel-image wpel-icon-13\"><\/span><\/a>.<\/p>\n","protected":false},"excerpt":{"rendered":"<p>Te guste o no la m\u00fasica, es la excusa perfecta para visitar algunos de los pueblos m\u00e1s pintorescos de Andalucia. El Pueblos Blancos Music Festival llega a Ronda, Montejaque, Grazalema y Villaluenga del Rosario de la mano de artistas internacionales. Un fin de semana largo y m\u00e1gico que comenzar\u00e1 un jueves y acabar\u00e1 el domingo durante el mes de agosto. La oportunidad perfecta para despedir al verano mientras disfrutas de buena m\u00fasica y conoces estos preciosos entornos rurales cargados de historia, cultura y rodeados por la naturaleza.<\/p>\n<p>Los escenarios para los conciertos han sido seleccionados cuidadosamente, contin\u00faa leyendo para saber m\u00e1s sobre este evento anual.<\/p>\n","protected":false},"author":1,"featured_media":4342,"comment_status":"open","ping_status":"closed","sticky":false,"template":"","format":"standard","meta":{"jetpack_post_was_ever_published":false,"_jetpack_newsletter_access":"","_jetpack_dont_email_post_to_subs":false,"_jetpack_newsletter_tier_id":0,"_jetpack_memberships_contains_paywalled_content":false,"_jetpack_memberships_contains_paid_content":false,"footnotes":"","jetpack_publicize_message":"","jetpack_publicize_feature_enabled":true,"jetpack_social_post_already_shared":true,"jetpack_social_options":{"image_generator_settings":{"template":"highway","default_image_id":0,"font":"","enabled":false},"version":2}},"categories":[26,77],"tags":[38,31,87,171],"class_list":["post-111","post","type-post","status-publish","format-standard","has-post-thumbnail","hentry","category-andalucia","category-eventos","tag-actividades-malaga","tag-pueblos-blancos","tag-ronda","tag-septiembre"],"yoast_head":"<!-- This site is optimized with the Yoast SEO plugin v27.5 - https:\/\/yoast.com\/product\/yoast-seo-wordpress\/ -->\n<title>Pueblos Blancos Music Festival en Agosto 2019 - Festival de m\u00fasica<\/title>\n<meta name=\"description\" content=\"Todo lo que necesitas saber sobre el pr\u00f3ximo festival de m\u00fasica que tendr\u00e1 lugar en septiembre durante 2019, Pueblos Blancos Music Festival.\" \/>\n<meta name=\"robots\" content=\"index, follow, max-snippet:-1, max-image-preview:large, max-video-preview:-1\" \/>\n<link rel=\"canonical\" href=\"https:\/\/www.malagaweb.com\/espanol\/blog\/eventos\/pueblos-blancos-music-festival\/\" \/>\n<meta property=\"og:locale\" content=\"es_ES\" \/>\n<meta property=\"og:type\" content=\"article\" \/>\n<meta property=\"og:title\" content=\"Pueblos Blancos Music Festival en Agosto 2019 - Festival de m\u00fasica\" \/>\n<meta property=\"og:description\" content=\"Todo lo que necesitas saber sobre el pr\u00f3ximo festival de m\u00fasica que tendr\u00e1 lugar en septiembre durante 2019, Pueblos Blancos Music Festival.\" \/>\n<meta property=\"og:url\" content=\"https:\/\/www.malagaweb.com\/espanol\/blog\/eventos\/pueblos-blancos-music-festival\/\" \/>\n<meta property=\"og:site_name\" content=\"Blog de M\u00e1laga\" \/>\n<meta property=\"article:publisher\" content=\"https:\/\/www.facebook.com\/Malaga.CostadelSol\/\" \/>\n<meta property=\"article:published_time\" content=\"2019-07-22T08:00:34+00:00\" \/>\n<meta property=\"article:modified_time\" content=\"2019-08-12T09:47:41+00:00\" \/>\n<meta property=\"og:image\" content=\"https:\/\/www.malagaweb.com\/espanol\/blog\/wp-content\/uploads\/pueblos-blancos-music-festival.jpg\" \/>\n\t<meta property=\"og:image:width\" content=\"624\" \/>\n\t<meta property=\"og:image:height\" content=\"618\" \/>\n\t<meta property=\"og:image:type\" content=\"image\/jpeg\" \/>\n<meta name=\"author\" content=\"Raul\" \/>\n<meta name=\"twitter:card\" content=\"summary_large_image\" \/>\n<meta name=\"twitter:creator\" content=\"@malagaweb\" \/>\n<meta name=\"twitter:site\" content=\"@malagaweb\" \/>\n<meta name=\"twitter:label1\" content=\"Escrito por\" \/>\n\t<meta name=\"twitter:data1\" content=\"Raul\" \/>\n\t<meta name=\"twitter:label2\" content=\"Tiempo de lectura\" \/>\n\t<meta name=\"twitter:data2\" content=\"4 minutos\" \/>\n<script type=\"application\/ld+json\" class=\"yoast-schema-graph\">{\"@context\":\"https:\\\/\\\/schema.org\",\"@graph\":[{\"@type\":\"Article\",\"@id\":\"https:\\\/\\\/www.malagaweb.com\\\/espanol\\\/blog\\\/eventos\\\/pueblos-blancos-music-festival\\\/#article\",\"isPartOf\":{\"@id\":\"https:\\\/\\\/www.malagaweb.com\\\/espanol\\\/blog\\\/eventos\\\/pueblos-blancos-music-festival\\\/\"},\"author\":{\"name\":\"Raul\",\"@id\":\"https:\\\/\\\/www.malagaweb.com\\\/espanol\\\/blog\\\/#\\\/schema\\\/person\\\/e7064ff7a4ff971bc5b3a6e41075ddb4\"},\"headline\":\"Pueblos Blancos Music Festival en Agosto 2019 &#8211; Festival de m\u00fasica\",\"datePublished\":\"2019-07-22T08:00:34+00:00\",\"dateModified\":\"2019-08-12T09:47:41+00:00\",\"mainEntityOfPage\":{\"@id\":\"https:\\\/\\\/www.malagaweb.com\\\/espanol\\\/blog\\\/eventos\\\/pueblos-blancos-music-festival\\\/\"},\"wordCount\":839,\"commentCount\":0,\"publisher\":{\"@id\":\"https:\\\/\\\/www.malagaweb.com\\\/espanol\\\/blog\\\/#organization\"},\"image\":{\"@id\":\"https:\\\/\\\/www.malagaweb.com\\\/espanol\\\/blog\\\/eventos\\\/pueblos-blancos-music-festival\\\/#primaryimage\"},\"thumbnailUrl\":\"https:\\\/\\\/www.malagaweb.com\\\/espanol\\\/blog\\\/wp-content\\\/uploads\\\/pueblos-blancos-music-festival.jpg\",\"keywords\":[\"Actividades\",\"Pueblos Blancos\",\"Ronda\",\"Septiembre\"],\"articleSection\":[\"Andalucia\",\"Eventos\"],\"inLanguage\":\"es\",\"potentialAction\":[{\"@type\":\"CommentAction\",\"name\":\"Comment\",\"target\":[\"https:\\\/\\\/www.malagaweb.com\\\/espanol\\\/blog\\\/eventos\\\/pueblos-blancos-music-festival\\\/#respond\"]}]},{\"@type\":\"WebPage\",\"@id\":\"https:\\\/\\\/www.malagaweb.com\\\/espanol\\\/blog\\\/eventos\\\/pueblos-blancos-music-festival\\\/\",\"url\":\"https:\\\/\\\/www.malagaweb.com\\\/espanol\\\/blog\\\/eventos\\\/pueblos-blancos-music-festival\\\/\",\"name\":\"Pueblos Blancos Music Festival en Agosto 2019 - Festival de m\u00fasica\",\"isPartOf\":{\"@id\":\"https:\\\/\\\/www.malagaweb.com\\\/espanol\\\/blog\\\/#website\"},\"primaryImageOfPage\":{\"@id\":\"https:\\\/\\\/www.malagaweb.com\\\/espanol\\\/blog\\\/eventos\\\/pueblos-blancos-music-festival\\\/#primaryimage\"},\"image\":{\"@id\":\"https:\\\/\\\/www.malagaweb.com\\\/espanol\\\/blog\\\/eventos\\\/pueblos-blancos-music-festival\\\/#primaryimage\"},\"thumbnailUrl\":\"https:\\\/\\\/www.malagaweb.com\\\/espanol\\\/blog\\\/wp-content\\\/uploads\\\/pueblos-blancos-music-festival.jpg\",\"datePublished\":\"2019-07-22T08:00:34+00:00\",\"dateModified\":\"2019-08-12T09:47:41+00:00\",\"description\":\"Todo lo que necesitas saber sobre el pr\u00f3ximo festival de m\u00fasica que tendr\u00e1 lugar en septiembre durante 2019, Pueblos Blancos Music Festival.\",\"breadcrumb\":{\"@id\":\"https:\\\/\\\/www.malagaweb.com\\\/espanol\\\/blog\\\/eventos\\\/pueblos-blancos-music-festival\\\/#breadcrumb\"},\"inLanguage\":\"es\",\"potentialAction\":[{\"@type\":\"ReadAction\",\"target\":[\"https:\\\/\\\/www.malagaweb.com\\\/espanol\\\/blog\\\/eventos\\\/pueblos-blancos-music-festival\\\/\"]}]},{\"@type\":\"ImageObject\",\"inLanguage\":\"es\",\"@id\":\"https:\\\/\\\/www.malagaweb.com\\\/espanol\\\/blog\\\/eventos\\\/pueblos-blancos-music-festival\\\/#primaryimage\",\"url\":\"https:\\\/\\\/www.malagaweb.com\\\/espanol\\\/blog\\\/wp-content\\\/uploads\\\/pueblos-blancos-music-festival.jpg\",\"contentUrl\":\"https:\\\/\\\/www.malagaweb.com\\\/espanol\\\/blog\\\/wp-content\\\/uploads\\\/pueblos-blancos-music-festival.jpg\",\"width\":624,\"height\":618,\"caption\":\"pueblos-blancos-music-festival\"},{\"@type\":\"BreadcrumbList\",\"@id\":\"https:\\\/\\\/www.malagaweb.com\\\/espanol\\\/blog\\\/eventos\\\/pueblos-blancos-music-festival\\\/#breadcrumb\",\"itemListElement\":[{\"@type\":\"ListItem\",\"position\":1,\"name\":\"Blog\",\"item\":\"https:\\\/\\\/www.malagaweb.com\\\/espanol\\\/blog\\\/\"},{\"@type\":\"ListItem\",\"position\":2,\"name\":\"Eventos\",\"item\":\"https:\\\/\\\/www.malagaweb.com\\\/espanol\\\/blog\\\/eventos\\\/\"},{\"@type\":\"ListItem\",\"position\":3,\"name\":\"Pueblos Blancos Music Festival en Agosto 2019 &#8211; Festival de m\u00fasica\"}]},{\"@type\":\"WebSite\",\"@id\":\"https:\\\/\\\/www.malagaweb.com\\\/espanol\\\/blog\\\/#website\",\"url\":\"https:\\\/\\\/www.malagaweb.com\\\/espanol\\\/blog\\\/\",\"name\":\"Blog de M\u00e1laga\",\"description\":\"Blog de M\u00e1laga con informaci\u00f3n \u00fatil para tus vacaciones\",\"publisher\":{\"@id\":\"https:\\\/\\\/www.malagaweb.com\\\/espanol\\\/blog\\\/#organization\"},\"potentialAction\":[{\"@type\":\"SearchAction\",\"target\":{\"@type\":\"EntryPoint\",\"urlTemplate\":\"https:\\\/\\\/www.malagaweb.com\\\/espanol\\\/blog\\\/?s={search_term_string}\"},\"query-input\":{\"@type\":\"PropertyValueSpecification\",\"valueRequired\":true,\"valueName\":\"search_term_string\"}}],\"inLanguage\":\"es\"},{\"@type\":\"Organization\",\"@id\":\"https:\\\/\\\/www.malagaweb.com\\\/espanol\\\/blog\\\/#organization\",\"name\":\"Malagaweb.com\",\"url\":\"https:\\\/\\\/www.malagaweb.com\\\/espanol\\\/blog\\\/\",\"logo\":{\"@type\":\"ImageObject\",\"inLanguage\":\"es\",\"@id\":\"https:\\\/\\\/www.malagaweb.com\\\/espanol\\\/blog\\\/#\\\/schema\\\/logo\\\/image\\\/\",\"url\":\"https:\\\/\\\/www.malagaweb.com\\\/espanol\\\/blog\\\/wp-content\\\/uploads\\\/malagaweb_logo.png\",\"contentUrl\":\"https:\\\/\\\/www.malagaweb.com\\\/espanol\\\/blog\\\/wp-content\\\/uploads\\\/malagaweb_logo.png\",\"width\":190,\"height\":36,\"caption\":\"Malagaweb.com\"},\"image\":{\"@id\":\"https:\\\/\\\/www.malagaweb.com\\\/espanol\\\/blog\\\/#\\\/schema\\\/logo\\\/image\\\/\"},\"sameAs\":[\"https:\\\/\\\/www.facebook.com\\\/Malaga.CostadelSol\\\/\",\"https:\\\/\\\/x.com\\\/malagaweb\"]},{\"@type\":\"Person\",\"@id\":\"https:\\\/\\\/www.malagaweb.com\\\/espanol\\\/blog\\\/#\\\/schema\\\/person\\\/e7064ff7a4ff971bc5b3a6e41075ddb4\",\"name\":\"Raul\",\"image\":{\"@type\":\"ImageObject\",\"inLanguage\":\"es\",\"@id\":\"https:\\\/\\\/secure.gravatar.com\\\/avatar\\\/355bb21897b371342e002159d93cc5a3dcf5add74aab5d2183293cebb23ac386?s=96&r=g\",\"url\":\"https:\\\/\\\/secure.gravatar.com\\\/avatar\\\/355bb21897b371342e002159d93cc5a3dcf5add74aab5d2183293cebb23ac386?s=96&r=g\",\"contentUrl\":\"https:\\\/\\\/secure.gravatar.com\\\/avatar\\\/355bb21897b371342e002159d93cc5a3dcf5add74aab5d2183293cebb23ac386?s=96&r=g\",\"caption\":\"Raul\"},\"description\":\"Desarrollador web y editor de contenidos, autor de muchas de las gu\u00edas tur\u00edsticas que habr\u00e1s podido leer en Internet sobre Andaluc\u00eda, M\u00e1laga y Espa\u00f1a.\"}]}<\/script>\n<!-- \/ Yoast SEO plugin. -->","yoast_head_json":{"title":"Pueblos Blancos Music Festival en Agosto 2019 - Festival de m\u00fasica","description":"Todo lo que necesitas saber sobre el pr\u00f3ximo festival de m\u00fasica que tendr\u00e1 lugar en septiembre durante 2019, Pueblos Blancos Music Festival.","robots":{"index":"index","follow":"follow","max-snippet":"max-snippet:-1","max-image-preview":"max-image-preview:large","max-video-preview":"max-video-preview:-1"},"canonical":"https:\/\/www.malagaweb.com\/espanol\/blog\/eventos\/pueblos-blancos-music-festival\/","og_locale":"es_ES","og_type":"article","og_title":"Pueblos Blancos Music Festival en Agosto 2019 - Festival de m\u00fasica","og_description":"Todo lo que necesitas saber sobre el pr\u00f3ximo festival de m\u00fasica que tendr\u00e1 lugar en septiembre durante 2019, Pueblos Blancos Music Festival.","og_url":"https:\/\/www.malagaweb.com\/espanol\/blog\/eventos\/pueblos-blancos-music-festival\/","og_site_name":"Blog de M\u00e1laga","article_publisher":"https:\/\/www.facebook.com\/Malaga.CostadelSol\/","article_published_time":"2019-07-22T08:00:34+00:00","article_modified_time":"2019-08-12T09:47:41+00:00","og_image":[{"width":624,"height":618,"url":"https:\/\/www.malagaweb.com\/espanol\/blog\/wp-content\/uploads\/pueblos-blancos-music-festival.jpg","type":"image\/jpeg"}],"author":"Raul","twitter_card":"summary_large_image","twitter_creator":"@malagaweb","twitter_site":"@malagaweb","twitter_misc":{"Escrito por":"Raul","Tiempo de lectura":"4 minutos"},"schema":{"@context":"https:\/\/schema.org","@graph":[{"@type":"Article","@id":"https:\/\/www.malagaweb.com\/espanol\/blog\/eventos\/pueblos-blancos-music-festival\/#article","isPartOf":{"@id":"https:\/\/www.malagaweb.com\/espanol\/blog\/eventos\/pueblos-blancos-music-festival\/"},"author":{"name":"Raul","@id":"https:\/\/www.malagaweb.com\/espanol\/blog\/#\/schema\/person\/e7064ff7a4ff971bc5b3a6e41075ddb4"},"headline":"Pueblos Blancos Music Festival en Agosto 2019 &#8211; Festival de m\u00fasica","datePublished":"2019-07-22T08:00:34+00:00","dateModified":"2019-08-12T09:47:41+00:00","mainEntityOfPage":{"@id":"https:\/\/www.malagaweb.com\/espanol\/blog\/eventos\/pueblos-blancos-music-festival\/"},"wordCount":839,"commentCount":0,"publisher":{"@id":"https:\/\/www.malagaweb.com\/espanol\/blog\/#organization"},"image":{"@id":"https:\/\/www.malagaweb.com\/espanol\/blog\/eventos\/pueblos-blancos-music-festival\/#primaryimage"},"thumbnailUrl":"https:\/\/www.malagaweb.com\/espanol\/blog\/wp-content\/uploads\/pueblos-blancos-music-festival.jpg","keywords":["Actividades","Pueblos Blancos","Ronda","Septiembre"],"articleSection":["Andalucia","Eventos"],"inLanguage":"es","potentialAction":[{"@type":"CommentAction","name":"Comment","target":["https:\/\/www.malagaweb.com\/espanol\/blog\/eventos\/pueblos-blancos-music-festival\/#respond"]}]},{"@type":"WebPage","@id":"https:\/\/www.malagaweb.com\/espanol\/blog\/eventos\/pueblos-blancos-music-festival\/","url":"https:\/\/www.malagaweb.com\/espanol\/blog\/eventos\/pueblos-blancos-music-festival\/","name":"Pueblos Blancos Music Festival en Agosto 2019 - Festival de m\u00fasica","isPartOf":{"@id":"https:\/\/www.malagaweb.com\/espanol\/blog\/#website"},"primaryImageOfPage":{"@id":"https:\/\/www.malagaweb.com\/espanol\/blog\/eventos\/pueblos-blancos-music-festival\/#primaryimage"},"image":{"@id":"https:\/\/www.malagaweb.com\/espanol\/blog\/eventos\/pueblos-blancos-music-festival\/#primaryimage"},"thumbnailUrl":"https:\/\/www.malagaweb.com\/espanol\/blog\/wp-content\/uploads\/pueblos-blancos-music-festival.jpg","datePublished":"2019-07-22T08:00:34+00:00","dateModified":"2019-08-12T09:47:41+00:00","description":"Todo lo que necesitas saber sobre el pr\u00f3ximo festival de m\u00fasica que tendr\u00e1 lugar en septiembre durante 2019, Pueblos Blancos Music Festival.","breadcrumb":{"@id":"https:\/\/www.malagaweb.com\/espanol\/blog\/eventos\/pueblos-blancos-music-festival\/#breadcrumb"},"inLanguage":"es","potentialAction":[{"@type":"ReadAction","target":["https:\/\/www.malagaweb.com\/espanol\/blog\/eventos\/pueblos-blancos-music-festival\/"]}]},{"@type":"ImageObject","inLanguage":"es","@id":"https:\/\/www.malagaweb.com\/espanol\/blog\/eventos\/pueblos-blancos-music-festival\/#primaryimage","url":"https:\/\/www.malagaweb.com\/espanol\/blog\/wp-content\/uploads\/pueblos-blancos-music-festival.jpg","contentUrl":"https:\/\/www.malagaweb.com\/espanol\/blog\/wp-content\/uploads\/pueblos-blancos-music-festival.jpg","width":624,"height":618,"caption":"pueblos-blancos-music-festival"},{"@type":"BreadcrumbList","@id":"https:\/\/www.malagaweb.com\/espanol\/blog\/eventos\/pueblos-blancos-music-festival\/#breadcrumb","itemListElement":[{"@type":"ListItem","position":1,"name":"Blog","item":"https:\/\/www.malagaweb.com\/espanol\/blog\/"},{"@type":"ListItem","position":2,"name":"Eventos","item":"https:\/\/www.malagaweb.com\/espanol\/blog\/eventos\/"},{"@type":"ListItem","position":3,"name":"Pueblos Blancos Music Festival en Agosto 2019 &#8211; Festival de m\u00fasica"}]},{"@type":"WebSite","@id":"https:\/\/www.malagaweb.com\/espanol\/blog\/#website","url":"https:\/\/www.malagaweb.com\/espanol\/blog\/","name":"Blog de M\u00e1laga","description":"Blog de M\u00e1laga con informaci\u00f3n \u00fatil para tus vacaciones","publisher":{"@id":"https:\/\/www.malagaweb.com\/espanol\/blog\/#organization"},"potentialAction":[{"@type":"SearchAction","target":{"@type":"EntryPoint","urlTemplate":"https:\/\/www.malagaweb.com\/espanol\/blog\/?s={search_term_string}"},"query-input":{"@type":"PropertyValueSpecification","valueRequired":true,"valueName":"search_term_string"}}],"inLanguage":"es"},{"@type":"Organization","@id":"https:\/\/www.malagaweb.com\/espanol\/blog\/#organization","name":"Malagaweb.com","url":"https:\/\/www.malagaweb.com\/espanol\/blog\/","logo":{"@type":"ImageObject","inLanguage":"es","@id":"https:\/\/www.malagaweb.com\/espanol\/blog\/#\/schema\/logo\/image\/","url":"https:\/\/www.malagaweb.com\/espanol\/blog\/wp-content\/uploads\/malagaweb_logo.png","contentUrl":"https:\/\/www.malagaweb.com\/espanol\/blog\/wp-content\/uploads\/malagaweb_logo.png","width":190,"height":36,"caption":"Malagaweb.com"},"image":{"@id":"https:\/\/www.malagaweb.com\/espanol\/blog\/#\/schema\/logo\/image\/"},"sameAs":["https:\/\/www.facebook.com\/Malaga.CostadelSol\/","https:\/\/x.com\/malagaweb"]},{"@type":"Person","@id":"https:\/\/www.malagaweb.com\/espanol\/blog\/#\/schema\/person\/e7064ff7a4ff971bc5b3a6e41075ddb4","name":"Raul","image":{"@type":"ImageObject","inLanguage":"es","@id":"https:\/\/secure.gravatar.com\/avatar\/355bb21897b371342e002159d93cc5a3dcf5add74aab5d2183293cebb23ac386?s=96&r=g","url":"https:\/\/secure.gravatar.com\/avatar\/355bb21897b371342e002159d93cc5a3dcf5add74aab5d2183293cebb23ac386?s=96&r=g","contentUrl":"https:\/\/secure.gravatar.com\/avatar\/355bb21897b371342e002159d93cc5a3dcf5add74aab5d2183293cebb23ac386?s=96&r=g","caption":"Raul"},"description":"Desarrollador web y editor de contenidos, autor de muchas de las gu\u00edas tur\u00edsticas que habr\u00e1s podido leer en Internet sobre Andaluc\u00eda, M\u00e1laga y Espa\u00f1a."}]}},"jetpack_publicize_connections":[],"jetpack_featured_media_url":"https:\/\/www.malagaweb.com\/espanol\/blog\/wp-content\/uploads\/pueblos-blancos-music-festival.jpg","jetpack_shortlink":"https:\/\/wp.me\/p7riGP-1N","jetpack-related-posts":[{"id":3620,"url":"https:\/\/www.malagaweb.com\/espanol\/blog\/eventos\/ferias-fiestas-malaga-agosto\/","url_meta":{"origin":111,"position":0},"title":"Ferias y fiestas de M\u00e1laga en agosto 2019 &#8211; Todo lo que necesitas saber","author":"Raul","date":"31 julio, 2019","format":false,"excerpt":"Todo lo que necesitas saber sobre las principales ferias y eventos de M\u00e1laga durante el mes de agosto. Si tienes pensado venir o ya est\u00e1s aqu\u00ed te va a resultar \u00fatil conocer cuando y que lugares visitar a lo largo de este mes.","rel":"","context":"En \u00abEventos\u00bb","block_context":{"text":"Eventos","link":"https:\/\/www.malagaweb.com\/espanol\/blog\/eventos\/"},"img":{"alt_text":"fiestas de agosto en M\u00e1laga","src":"https:\/\/i0.wp.com\/www.malagaweb.com\/espanol\/blog\/wp-content\/uploads\/2019\/07\/fiestas-agosto-malaga.jpg?resize=350%2C200&ssl=1","width":350,"height":200,"srcset":"https:\/\/i0.wp.com\/www.malagaweb.com\/espanol\/blog\/wp-content\/uploads\/2019\/07\/fiestas-agosto-malaga.jpg?resize=350%2C200&ssl=1 1x, https:\/\/i0.wp.com\/www.malagaweb.com\/espanol\/blog\/wp-content\/uploads\/2019\/07\/fiestas-agosto-malaga.jpg?resize=525%2C300&ssl=1 1.5x, https:\/\/i0.wp.com\/www.malagaweb.com\/espanol\/blog\/wp-content\/uploads\/2019\/07\/fiestas-agosto-malaga.jpg?resize=700%2C400&ssl=1 2x, https:\/\/i0.wp.com\/www.malagaweb.com\/espanol\/blog\/wp-content\/uploads\/2019\/07\/fiestas-agosto-malaga.jpg?resize=1050%2C600&ssl=1 3x"},"classes":[]},{"id":6794,"url":"https:\/\/www.malagaweb.com\/espanol\/blog\/eventos\/ferias-mercados-medievales\/","url_meta":{"origin":111,"position":1},"title":"Mercados medievales en M\u00e1laga &#8211; Ferias, actividades y artesan\u00edas","author":"Raul","date":"7 mayo, 2019","format":false,"excerpt":"Las ferias o mercadillos medievales suelen ser eventos populares en la provincia de M\u00e1laga; una buena excusa para conocer diferentes municipios de la provincia y disfrutar de la gastronom\u00eda y de las actividades que proponen. Encontrar\u00e1s desfiles, m\u00fasica, conciertos en directo, puestos de artesan\u00edas y mucho m\u00e1s. \u00bfQuieres conjocer algunos\u2026","rel":"","context":"En \u00abEventos\u00bb","block_context":{"text":"Eventos","link":"https:\/\/www.malagaweb.com\/espanol\/blog\/eventos\/"},"img":{"alt_text":"Ferias medievales en M\u00e1laga","src":"https:\/\/i0.wp.com\/www.malagaweb.com\/espanol\/blog\/wp-content\/uploads\/2019\/05\/ferias-medievales.jpg?resize=350%2C200&ssl=1","width":350,"height":200,"srcset":"https:\/\/i0.wp.com\/www.malagaweb.com\/espanol\/blog\/wp-content\/uploads\/2019\/05\/ferias-medievales.jpg?resize=350%2C200&ssl=1 1x, https:\/\/i0.wp.com\/www.malagaweb.com\/espanol\/blog\/wp-content\/uploads\/2019\/05\/ferias-medievales.jpg?resize=525%2C300&ssl=1 1.5x, https:\/\/i0.wp.com\/www.malagaweb.com\/espanol\/blog\/wp-content\/uploads\/2019\/05\/ferias-medievales.jpg?resize=700%2C400&ssl=1 2x, https:\/\/i0.wp.com\/www.malagaweb.com\/espanol\/blog\/wp-content\/uploads\/2019\/05\/ferias-medievales.jpg?resize=1050%2C600&ssl=1 3x"},"classes":[]},{"id":3775,"url":"https:\/\/www.malagaweb.com\/espanol\/blog\/eventos\/ferias-fiestas-malaga-octubre\/","url_meta":{"origin":111,"position":2},"title":"Ferias y fiestas de M\u00e1laga en octubre","author":"Raul","date":"24 octubre, 2025","format":false,"excerpt":"Octubre en M\u00e1laga nos trae un gran n\u00famero de ferias y fiestas. La provincia tiene mucho m\u00e1s que ofrecer fuera de los meses de verano, ya lo demostramos con las actividades recomendadas en septiembre. \u00bfNos acompa\u00f1as para descubrir que puedes hacer en octubre en M\u00e1laga?","rel":"","context":"En \u00abEventos\u00bb","block_context":{"text":"Eventos","link":"https:\/\/www.malagaweb.com\/espanol\/blog\/eventos\/"},"img":{"alt_text":"M\u00e1laga en Octubre","src":"https:\/\/i0.wp.com\/www.malagaweb.com\/espanol\/blog\/wp-content\/uploads\/2017\/09\/malaga-en-octubre.jpg?resize=350%2C200&ssl=1","width":350,"height":200,"srcset":"https:\/\/i0.wp.com\/www.malagaweb.com\/espanol\/blog\/wp-content\/uploads\/2017\/09\/malaga-en-octubre.jpg?resize=350%2C200&ssl=1 1x, https:\/\/i0.wp.com\/www.malagaweb.com\/espanol\/blog\/wp-content\/uploads\/2017\/09\/malaga-en-octubre.jpg?resize=525%2C300&ssl=1 1.5x, https:\/\/i0.wp.com\/www.malagaweb.com\/espanol\/blog\/wp-content\/uploads\/2017\/09\/malaga-en-octubre.jpg?resize=700%2C400&ssl=1 2x, https:\/\/i0.wp.com\/www.malagaweb.com\/espanol\/blog\/wp-content\/uploads\/2017\/09\/malaga-en-octubre.jpg?resize=1050%2C600&ssl=1 3x"},"classes":[]},{"id":3517,"url":"https:\/\/www.malagaweb.com\/espanol\/blog\/eventos\/eventos-fin-de-semana-julio\/","url_meta":{"origin":111,"position":3},"title":"Julio en M\u00e1laga: Actividades de fin de semana y otros eventos","author":"Raul","date":"28 junio, 2019","format":false,"excerpt":"El mes de julio adem\u00e1s de una subida de temperaturas nos trae numerosas actividades que podr\u00edan interesarte. Hay actividades para todas las edades y gustos, voy a enumerar las m\u00e1s importantes aunque ir\u00e9 ampliando la lista a lo largo del mes. Muchas de las actividades propuestas se alargan hasta el\u2026","rel":"","context":"En \u00abEventos\u00bb","block_context":{"text":"Eventos","link":"https:\/\/www.malagaweb.com\/espanol\/blog\/eventos\/"},"img":{"alt_text":"Gu\u00eda de museos en M\u00e1laga","src":"https:\/\/i0.wp.com\/www.malagaweb.com\/espanol\/blog\/wp-content\/uploads\/guia-malaga-esquema.jpg?resize=350%2C200&ssl=1","width":350,"height":200,"srcset":"https:\/\/i0.wp.com\/www.malagaweb.com\/espanol\/blog\/wp-content\/uploads\/guia-malaga-esquema.jpg?resize=350%2C200&ssl=1 1x, https:\/\/i0.wp.com\/www.malagaweb.com\/espanol\/blog\/wp-content\/uploads\/guia-malaga-esquema.jpg?resize=525%2C300&ssl=1 1.5x, https:\/\/i0.wp.com\/www.malagaweb.com\/espanol\/blog\/wp-content\/uploads\/guia-malaga-esquema.jpg?resize=700%2C400&ssl=1 2x"},"classes":[]},{"id":6458,"url":"https:\/\/www.malagaweb.com\/espanol\/blog\/eventos\/28f-dia-de-andalucia\/","url_meta":{"origin":111,"position":4},"title":"D\u00eda de Andaluc\u00eda el 28 de febrero &#8211; Todo lo que necesitas saber","author":"Raul","date":"21 febrero, 2020","format":false,"excerpt":"El D\u00eda de Andaluc\u00eda durante el 28 de febrero siempre llega cargado de actividades y eventos culturales a M\u00e1laga. \u00bfTe interesa conocer m\u00e1s de este d\u00eda y los diferentes eventos que tienen lugar en la provincia? Desde un mercadillo en el Muelle Uno, a bailes tradicionales y productos andaluces en\u2026","rel":"","context":"En \u00abEventos\u00bb","block_context":{"text":"Eventos","link":"https:\/\/www.malagaweb.com\/espanol\/blog\/eventos\/"},"img":{"alt_text":"D\u00eda de Andaluc\u00eda en Mijas","src":"https:\/\/i0.wp.com\/www.malagaweb.com\/espanol\/blog\/wp-content\/uploads\/2019\/02\/dia-andalucia-mijas.jpg?resize=350%2C200&ssl=1","width":350,"height":200,"srcset":"https:\/\/i0.wp.com\/www.malagaweb.com\/espanol\/blog\/wp-content\/uploads\/2019\/02\/dia-andalucia-mijas.jpg?resize=350%2C200&ssl=1 1x, https:\/\/i0.wp.com\/www.malagaweb.com\/espanol\/blog\/wp-content\/uploads\/2019\/02\/dia-andalucia-mijas.jpg?resize=525%2C300&ssl=1 1.5x, https:\/\/i0.wp.com\/www.malagaweb.com\/espanol\/blog\/wp-content\/uploads\/2019\/02\/dia-andalucia-mijas.jpg?resize=700%2C400&ssl=1 2x, https:\/\/i0.wp.com\/www.malagaweb.com\/espanol\/blog\/wp-content\/uploads\/2019\/02\/dia-andalucia-mijas.jpg?resize=1050%2C600&ssl=1 3x"},"classes":[]},{"id":294,"url":"https:\/\/www.malagaweb.com\/espanol\/blog\/eventos\/fiestas-ferias-malaga-septiembre\/","url_meta":{"origin":111,"position":5},"title":"Fiestas y ferias de M\u00e1laga en Septiembre &#8211; Actividades para todos","author":"Raul","date":"2 septiembre, 2023","format":false,"excerpt":"Septiembre es el mes de ferias y fiestas en muchos municipios costasole\u00f1os. Son d\u00edas de alegr\u00eda donde se mezcla lo profano con lo religioso. La gente disfruta de coloridos eventos llenos de m\u00fasica, cultura y bailes. \u00bfQuieres conocer m\u00e1s sobre las principales actividades y ferias a las que puedes asistir\u2026","rel":"","context":"En \u00abEventos\u00bb","block_context":{"text":"Eventos","link":"https:\/\/www.malagaweb.com\/espanol\/blog\/eventos\/"},"img":{"alt_text":"Dia mundial del turismo en septiembre","src":"https:\/\/i0.wp.com\/www.malagaweb.com\/espanol\/blog\/wp-content\/uploads\/dia-mundial-turismo.jpg?resize=350%2C200&ssl=1","width":350,"height":200,"srcset":"https:\/\/i0.wp.com\/www.malagaweb.com\/espanol\/blog\/wp-content\/uploads\/dia-mundial-turismo.jpg?resize=350%2C200&ssl=1 1x, https:\/\/i0.wp.com\/www.malagaweb.com\/espanol\/blog\/wp-content\/uploads\/dia-mundial-turismo.jpg?resize=525%2C300&ssl=1 1.5x, https:\/\/i0.wp.com\/www.malagaweb.com\/espanol\/blog\/wp-content\/uploads\/dia-mundial-turismo.jpg?resize=700%2C400&ssl=1 2x, https:\/\/i0.wp.com\/www.malagaweb.com\/espanol\/blog\/wp-content\/uploads\/dia-mundial-turismo.jpg?resize=1050%2C600&ssl=1 3x"},"classes":[]}],"jetpack_sharing_enabled":true,"amp_enabled":true,"_links":{"self":[{"href":"https:\/\/www.malagaweb.com\/espanol\/blog\/wp-json\/wp\/v2\/posts\/111","targetHints":{"allow":["GET"]}}],"collection":[{"href":"https:\/\/www.malagaweb.com\/espanol\/blog\/wp-json\/wp\/v2\/posts"}],"about":[{"href":"https:\/\/www.malagaweb.com\/espanol\/blog\/wp-json\/wp\/v2\/types\/post"}],"author":[{"embeddable":true,"href":"https:\/\/www.malagaweb.com\/espanol\/blog\/wp-json\/wp\/v2\/users\/1"}],"replies":[{"embeddable":true,"href":"https:\/\/www.malagaweb.com\/espanol\/blog\/wp-json\/wp\/v2\/comments?post=111"}],"version-history":[{"count":4,"href":"https:\/\/www.malagaweb.com\/espanol\/blog\/wp-json\/wp\/v2\/posts\/111\/revisions"}],"predecessor-version":[{"id":7333,"href":"https:\/\/www.malagaweb.com\/espanol\/blog\/wp-json\/wp\/v2\/posts\/111\/revisions\/7333"}],"wp:featuredmedia":[{"embeddable":true,"href":"https:\/\/www.malagaweb.com\/espanol\/blog\/wp-json\/wp\/v2\/media\/4342"}],"wp:attachment":[{"href":"https:\/\/www.malagaweb.com\/espanol\/blog\/wp-json\/wp\/v2\/media?parent=111"}],"wp:term":[{"taxonomy":"category","embeddable":true,"href":"https:\/\/www.malagaweb.com\/espanol\/blog\/wp-json\/wp\/v2\/categories?post=111"},{"taxonomy":"post_tag","embeddable":true,"href":"https:\/\/www.malagaweb.com\/espanol\/blog\/wp-json\/wp\/v2\/tags?post=111"}],"curies":[{"name":"wp","href":"https:\/\/api.w.org\/{rel}","templated":true}]}}