{"id":1065,"date":"2013-01-09T10:02:37","date_gmt":"2013-01-09T10:02:37","guid":{"rendered":"http:\/\/www.malagaweb.com\/espanol\/blog\/?p=1065"},"modified":"2015-11-11T11:44:16","modified_gmt":"2015-11-11T11:44:16","slug":"multas-coches-alquiler","status":"publish","type":"post","link":"https:\/\/www.malagaweb.com\/espanol\/blog\/andalucia\/granada\/multas-coches-alquiler\/","title":{"rendered":"Multas de tr\u00e1fico y coches de alquiler"},"content":{"rendered":"<p><img decoding=\"async\" class=\"alignright size-thumbnail wp-image-1066 img-responsive\" loading=\"lazy\" src=\"https:\/\/www.malagaweb.com\/espanol\/blog\/wp-content\/uploads\/multa-trafico-andalucia-150x150.jpg\" alt=\"multa trafico andalucia\" width=\"150\" height=\"150\" \/>Siempre recomendamos <a href=\"https:\/\/www.malagaweb.com\/espanol\/andalucia\/\" data-wpel-link=\"internal\">descubrir Andaluc\u00eda<\/a> en coche, es una experiencia inolvidable conducir por las carreteras comarcales y descubrir pueblos que de otro modo serian imposibles de visitar, sin embargo a menudo los conductores olvidan que pueden cometer infracciones de trafico y ser notificados por ello.<\/p>\n<p>Si conduce un <a href=\"https:\/\/www.malagaweb.com\/espanol\/alquiler-coches\/\" data-wpel-link=\"internal\">coche de alquiler<\/a>, a la multa se le sumar\u00e1 una sanci\u00f3n administrativa por parte de la empresa que le haya alquilado el coche ya que tienen que tramitar la multa e identificar al conductor, lo cual genera un coste extra que suele rondar los 25 Euros. Recomendamos tener cuidado para no recibir multas por exceso de velocidad u otras multas ya que aunque el coche no sea de su propiedad se le acabar\u00e1 notificando de la multa.<\/p>\n<p>Uno de los lugares cercanos a M\u00e1laga donde m\u00e1s conductores son sancionados sin darse ni siquiera cuenta es en el <a href=\"https:\/\/www.malagaweb.com\/espanol\/andalucia\/granada\/\" data-wpel-link=\"internal\">centro de Granada<\/a>, donde la existencia de una mala se\u00f1alizaci\u00f3n no traducida adem\u00e1s al ingl\u00e9s, c\u00e1maras de vigilancia y radares hacen que muchos conductores extranjeros sean sancionados, por lo que recomendamos que si visita Granada con su coche de alquiler conduzca con especial cuidado, prestando especial atenci\u00f3n a los limites de velocidad y se\u00f1alizaciones de tr\u00e1fico.<\/p>\n<h3>Causas m\u00e1s comunes de multas<\/h3>\n<p>Una raz\u00f3n para no recibir una multa y por su seguridad es el <strong>usar siempre los cinturones de seguridad<\/strong>, incluido los traseros&#8230;si le para la polic\u00eda y tiene pasajeros en la parte de atr\u00e1s es bastante probable que compruebe si los pasajeros llevan puesto el cintur\u00f3n de seguridad&#8230;y en caso de no llevarlo, depender\u00e1 del agente la amonestaci\u00f3n formal o no.<\/p>\n<p><strong>La velocidad<\/strong> es una de las principales causas de multas, a veces incluso creyendo que no la hemos sobrepasado nos puede llegar una multa de sorpresa. Hay carreteras en M\u00e1laga de 4 carriles para cada sentido que nos har\u00edan pensar que la velocidad m\u00e1xima es de 120 km\/h cuando realmente es de 100 km\/h, por lo que es muy recomendable siempre estar atento a la se\u00f1alizaci\u00f3n que nos indica la velocidad m\u00e1xima a la que podemos circular.<\/p>\n<p>Los radares est\u00e1n se\u00f1alizados, y pasarlos a una velocidad mayor de la permitida se traduce en una multa autom\u00e1ticamente. Hay que a\u00f1adir adem\u00e1s que existen radares m\u00f3viles (en veh\u00edculos) que no est\u00e1n se\u00f1alizados y que nos pueden dar alguna sorpresa.<\/p>\n<p>El aparcamiento en doble fila esta prohibido, puede parar para soltar o recoger pasajeros&#8230;pero no estacionar su veh\u00edculo, la multa en caso de hacerlo es alta.<\/p>\n<h3>Recomendaciones finales<\/h3>\n<p>Si conduce acorde a las normas de tr\u00e1fico no tiene por que haber ning\u00fan problema. Permanezca siempre atento a la se\u00f1alizaci\u00f3n de tr\u00e1fico y en caso de recibir una multa, no se olvide que le llegar\u00e1 con un peque\u00f1o recargo si usa un coche de alquiler debido a la gesti\u00f3n administrativa.<\/p>\n","protected":false},"excerpt":{"rendered":"<p>Granada tiene fama por tener un gran numero de c\u00e1maras de vigilancia y  radares, por lo que si conduce un coche en Granada es muy recomendable siempre conducir con especial cuidado y atenci\u00f3n a las se\u00f1ales de tr\u00e1fico. Las multas para aquellos que utilizan un coche de alquiler y cometan alguna infracci\u00f3n le llegaran con un peque\u00f1o recargo por gastos de gesti\u00f3n.<\/p>\n<p>Lea m\u00e1s sobre las multas de tr\u00e1fico no solo en Granada sino en Espa\u00f1a para conocer las principales causas y como evitarlas.<\/p>\n","protected":false},"author":1,"featured_media":1066,"comment_status":"open","ping_status":"closed","sticky":false,"template":"","format":"standard","meta":{"jetpack_post_was_ever_published":false,"_jetpack_newsletter_access":"","_jetpack_dont_email_post_to_subs":false,"_jetpack_newsletter_tier_id":0,"_jetpack_memberships_contains_paywalled_content":false,"_jetpack_memberships_contains_paid_content":false,"footnotes":"","jetpack_publicize_message":"","jetpack_publicize_feature_enabled":true,"jetpack_social_post_already_shared":false,"jetpack_social_options":{"image_generator_settings":{"template":"highway","default_image_id":0,"font":"","enabled":false},"version":2}},"categories":[28,27],"tags":[149],"class_list":["post-1065","post","type-post","status-publish","format-standard","has-post-thumbnail","hentry","category-excursiones","category-granada","tag-transporte-malaga"],"yoast_head":"<!-- This site is optimized with the Yoast SEO plugin v27.5 - https:\/\/yoast.com\/product\/yoast-seo-wordpress\/ -->\n<title>Multas de tr\u00e1fico y coches de alquiler<\/title>\n<meta name=\"description\" content=\"Lea m\u00e1s sobre las multas de tr\u00e1fico no solo en Granada sino en Espa\u00f1a para conocer las principales causas y como evitarlas.\" \/>\n<meta name=\"robots\" content=\"index, follow, max-snippet:-1, max-image-preview:large, max-video-preview:-1\" \/>\n<link rel=\"canonical\" href=\"https:\/\/www.malagaweb.com\/espanol\/blog\/andalucia\/granada\/multas-coches-alquiler\/\" \/>\n<meta property=\"og:locale\" content=\"es_ES\" \/>\n<meta property=\"og:type\" content=\"article\" \/>\n<meta property=\"og:title\" content=\"Multas de tr\u00e1fico y coches de alquiler\" \/>\n<meta property=\"og:description\" content=\"Lea m\u00e1s sobre las multas de tr\u00e1fico no solo en Granada sino en Espa\u00f1a para conocer las principales causas y como evitarlas.\" \/>\n<meta property=\"og:url\" content=\"https:\/\/www.malagaweb.com\/espanol\/blog\/andalucia\/granada\/multas-coches-alquiler\/\" \/>\n<meta property=\"og:site_name\" content=\"Blog de M\u00e1laga\" \/>\n<meta property=\"article:publisher\" content=\"https:\/\/www.facebook.com\/Malaga.CostadelSol\/\" \/>\n<meta property=\"article:published_time\" content=\"2013-01-09T10:02:37+00:00\" \/>\n<meta property=\"article:modified_time\" content=\"2015-11-11T11:44:16+00:00\" \/>\n<meta property=\"og:image\" content=\"https:\/\/www.malagaweb.com\/espanol\/blog\/wp-content\/uploads\/multa-trafico-andalucia.jpg\" \/>\n\t<meta property=\"og:image:width\" content=\"644\" \/>\n\t<meta property=\"og:image:height\" content=\"362\" \/>\n\t<meta property=\"og:image:type\" content=\"image\/jpeg\" \/>\n<meta name=\"author\" content=\"Raul\" \/>\n<meta name=\"twitter:card\" content=\"summary_large_image\" \/>\n<meta name=\"twitter:creator\" content=\"@malagaweb\" \/>\n<meta name=\"twitter:site\" content=\"@malagaweb\" \/>\n<meta name=\"twitter:label1\" content=\"Escrito por\" \/>\n\t<meta name=\"twitter:data1\" content=\"Raul\" \/>\n\t<meta name=\"twitter:label2\" content=\"Tiempo de lectura\" \/>\n\t<meta name=\"twitter:data2\" content=\"3 minutos\" \/>\n<script type=\"application\/ld+json\" class=\"yoast-schema-graph\">{\"@context\":\"https:\\\/\\\/schema.org\",\"@graph\":[{\"@type\":\"Article\",\"@id\":\"https:\\\/\\\/www.malagaweb.com\\\/espanol\\\/blog\\\/andalucia\\\/granada\\\/multas-coches-alquiler\\\/#article\",\"isPartOf\":{\"@id\":\"https:\\\/\\\/www.malagaweb.com\\\/espanol\\\/blog\\\/andalucia\\\/granada\\\/multas-coches-alquiler\\\/\"},\"author\":{\"name\":\"Raul\",\"@id\":\"https:\\\/\\\/www.malagaweb.com\\\/espanol\\\/blog\\\/#\\\/schema\\\/person\\\/e7064ff7a4ff971bc5b3a6e41075ddb4\"},\"headline\":\"Multas de tr\u00e1fico y coches de alquiler\",\"datePublished\":\"2013-01-09T10:02:37+00:00\",\"dateModified\":\"2015-11-11T11:44:16+00:00\",\"mainEntityOfPage\":{\"@id\":\"https:\\\/\\\/www.malagaweb.com\\\/espanol\\\/blog\\\/andalucia\\\/granada\\\/multas-coches-alquiler\\\/\"},\"wordCount\":512,\"commentCount\":0,\"publisher\":{\"@id\":\"https:\\\/\\\/www.malagaweb.com\\\/espanol\\\/blog\\\/#organization\"},\"image\":{\"@id\":\"https:\\\/\\\/www.malagaweb.com\\\/espanol\\\/blog\\\/andalucia\\\/granada\\\/multas-coches-alquiler\\\/#primaryimage\"},\"thumbnailUrl\":\"https:\\\/\\\/www.malagaweb.com\\\/espanol\\\/blog\\\/wp-content\\\/uploads\\\/multa-trafico-andalucia.jpg\",\"keywords\":[\"Transporte en Malaga\"],\"articleSection\":[\"Excursiones\",\"Granada\"],\"inLanguage\":\"es\",\"potentialAction\":[{\"@type\":\"CommentAction\",\"name\":\"Comment\",\"target\":[\"https:\\\/\\\/www.malagaweb.com\\\/espanol\\\/blog\\\/andalucia\\\/granada\\\/multas-coches-alquiler\\\/#respond\"]}]},{\"@type\":\"WebPage\",\"@id\":\"https:\\\/\\\/www.malagaweb.com\\\/espanol\\\/blog\\\/andalucia\\\/granada\\\/multas-coches-alquiler\\\/\",\"url\":\"https:\\\/\\\/www.malagaweb.com\\\/espanol\\\/blog\\\/andalucia\\\/granada\\\/multas-coches-alquiler\\\/\",\"name\":\"Multas de tr\u00e1fico y coches de alquiler\",\"isPartOf\":{\"@id\":\"https:\\\/\\\/www.malagaweb.com\\\/espanol\\\/blog\\\/#website\"},\"primaryImageOfPage\":{\"@id\":\"https:\\\/\\\/www.malagaweb.com\\\/espanol\\\/blog\\\/andalucia\\\/granada\\\/multas-coches-alquiler\\\/#primaryimage\"},\"image\":{\"@id\":\"https:\\\/\\\/www.malagaweb.com\\\/espanol\\\/blog\\\/andalucia\\\/granada\\\/multas-coches-alquiler\\\/#primaryimage\"},\"thumbnailUrl\":\"https:\\\/\\\/www.malagaweb.com\\\/espanol\\\/blog\\\/wp-content\\\/uploads\\\/multa-trafico-andalucia.jpg\",\"datePublished\":\"2013-01-09T10:02:37+00:00\",\"dateModified\":\"2015-11-11T11:44:16+00:00\",\"description\":\"Lea m\u00e1s sobre las multas de tr\u00e1fico no solo en Granada sino en Espa\u00f1a para conocer las principales causas y como evitarlas.\",\"breadcrumb\":{\"@id\":\"https:\\\/\\\/www.malagaweb.com\\\/espanol\\\/blog\\\/andalucia\\\/granada\\\/multas-coches-alquiler\\\/#breadcrumb\"},\"inLanguage\":\"es\",\"potentialAction\":[{\"@type\":\"ReadAction\",\"target\":[\"https:\\\/\\\/www.malagaweb.com\\\/espanol\\\/blog\\\/andalucia\\\/granada\\\/multas-coches-alquiler\\\/\"]}]},{\"@type\":\"ImageObject\",\"inLanguage\":\"es\",\"@id\":\"https:\\\/\\\/www.malagaweb.com\\\/espanol\\\/blog\\\/andalucia\\\/granada\\\/multas-coches-alquiler\\\/#primaryimage\",\"url\":\"https:\\\/\\\/www.malagaweb.com\\\/espanol\\\/blog\\\/wp-content\\\/uploads\\\/multa-trafico-andalucia.jpg\",\"contentUrl\":\"https:\\\/\\\/www.malagaweb.com\\\/espanol\\\/blog\\\/wp-content\\\/uploads\\\/multa-trafico-andalucia.jpg\",\"width\":644,\"height\":362,\"caption\":\"multa trafico andalucia\"},{\"@type\":\"BreadcrumbList\",\"@id\":\"https:\\\/\\\/www.malagaweb.com\\\/espanol\\\/blog\\\/andalucia\\\/granada\\\/multas-coches-alquiler\\\/#breadcrumb\",\"itemListElement\":[{\"@type\":\"ListItem\",\"position\":1,\"name\":\"Blog\",\"item\":\"https:\\\/\\\/www.malagaweb.com\\\/espanol\\\/blog\\\/\"},{\"@type\":\"ListItem\",\"position\":2,\"name\":\"Andalucia\",\"item\":\"https:\\\/\\\/www.malagaweb.com\\\/espanol\\\/blog\\\/andalucia\\\/\"},{\"@type\":\"ListItem\",\"position\":3,\"name\":\"Granada\",\"item\":\"https:\\\/\\\/www.malagaweb.com\\\/espanol\\\/blog\\\/andalucia\\\/granada\\\/\"},{\"@type\":\"ListItem\",\"position\":4,\"name\":\"Multas de tr\u00e1fico y coches de alquiler\"}]},{\"@type\":\"WebSite\",\"@id\":\"https:\\\/\\\/www.malagaweb.com\\\/espanol\\\/blog\\\/#website\",\"url\":\"https:\\\/\\\/www.malagaweb.com\\\/espanol\\\/blog\\\/\",\"name\":\"Blog de M\u00e1laga\",\"description\":\"Blog de M\u00e1laga con informaci\u00f3n \u00fatil para tus vacaciones\",\"publisher\":{\"@id\":\"https:\\\/\\\/www.malagaweb.com\\\/espanol\\\/blog\\\/#organization\"},\"potentialAction\":[{\"@type\":\"SearchAction\",\"target\":{\"@type\":\"EntryPoint\",\"urlTemplate\":\"https:\\\/\\\/www.malagaweb.com\\\/espanol\\\/blog\\\/?s={search_term_string}\"},\"query-input\":{\"@type\":\"PropertyValueSpecification\",\"valueRequired\":true,\"valueName\":\"search_term_string\"}}],\"inLanguage\":\"es\"},{\"@type\":\"Organization\",\"@id\":\"https:\\\/\\\/www.malagaweb.com\\\/espanol\\\/blog\\\/#organization\",\"name\":\"Malagaweb.com\",\"url\":\"https:\\\/\\\/www.malagaweb.com\\\/espanol\\\/blog\\\/\",\"logo\":{\"@type\":\"ImageObject\",\"inLanguage\":\"es\",\"@id\":\"https:\\\/\\\/www.malagaweb.com\\\/espanol\\\/blog\\\/#\\\/schema\\\/logo\\\/image\\\/\",\"url\":\"https:\\\/\\\/www.malagaweb.com\\\/espanol\\\/blog\\\/wp-content\\\/uploads\\\/malagaweb_logo.png\",\"contentUrl\":\"https:\\\/\\\/www.malagaweb.com\\\/espanol\\\/blog\\\/wp-content\\\/uploads\\\/malagaweb_logo.png\",\"width\":190,\"height\":36,\"caption\":\"Malagaweb.com\"},\"image\":{\"@id\":\"https:\\\/\\\/www.malagaweb.com\\\/espanol\\\/blog\\\/#\\\/schema\\\/logo\\\/image\\\/\"},\"sameAs\":[\"https:\\\/\\\/www.facebook.com\\\/Malaga.CostadelSol\\\/\",\"https:\\\/\\\/x.com\\\/malagaweb\"]},{\"@type\":\"Person\",\"@id\":\"https:\\\/\\\/www.malagaweb.com\\\/espanol\\\/blog\\\/#\\\/schema\\\/person\\\/e7064ff7a4ff971bc5b3a6e41075ddb4\",\"name\":\"Raul\",\"image\":{\"@type\":\"ImageObject\",\"inLanguage\":\"es\",\"@id\":\"https:\\\/\\\/secure.gravatar.com\\\/avatar\\\/355bb21897b371342e002159d93cc5a3dcf5add74aab5d2183293cebb23ac386?s=96&r=g\",\"url\":\"https:\\\/\\\/secure.gravatar.com\\\/avatar\\\/355bb21897b371342e002159d93cc5a3dcf5add74aab5d2183293cebb23ac386?s=96&r=g\",\"contentUrl\":\"https:\\\/\\\/secure.gravatar.com\\\/avatar\\\/355bb21897b371342e002159d93cc5a3dcf5add74aab5d2183293cebb23ac386?s=96&r=g\",\"caption\":\"Raul\"},\"description\":\"Desarrollador web y editor de contenidos, autor de muchas de las gu\u00edas tur\u00edsticas que habr\u00e1s podido leer en Internet sobre Andaluc\u00eda, M\u00e1laga y Espa\u00f1a.\"}]}<\/script>\n<!-- \/ Yoast SEO plugin. -->","yoast_head_json":{"title":"Multas de tr\u00e1fico y coches de alquiler","description":"Lea m\u00e1s sobre las multas de tr\u00e1fico no solo en Granada sino en Espa\u00f1a para conocer las principales causas y como evitarlas.","robots":{"index":"index","follow":"follow","max-snippet":"max-snippet:-1","max-image-preview":"max-image-preview:large","max-video-preview":"max-video-preview:-1"},"canonical":"https:\/\/www.malagaweb.com\/espanol\/blog\/andalucia\/granada\/multas-coches-alquiler\/","og_locale":"es_ES","og_type":"article","og_title":"Multas de tr\u00e1fico y coches de alquiler","og_description":"Lea m\u00e1s sobre las multas de tr\u00e1fico no solo en Granada sino en Espa\u00f1a para conocer las principales causas y como evitarlas.","og_url":"https:\/\/www.malagaweb.com\/espanol\/blog\/andalucia\/granada\/multas-coches-alquiler\/","og_site_name":"Blog de M\u00e1laga","article_publisher":"https:\/\/www.facebook.com\/Malaga.CostadelSol\/","article_published_time":"2013-01-09T10:02:37+00:00","article_modified_time":"2015-11-11T11:44:16+00:00","og_image":[{"width":644,"height":362,"url":"https:\/\/www.malagaweb.com\/espanol\/blog\/wp-content\/uploads\/multa-trafico-andalucia.jpg","type":"image\/jpeg"}],"author":"Raul","twitter_card":"summary_large_image","twitter_creator":"@malagaweb","twitter_site":"@malagaweb","twitter_misc":{"Escrito por":"Raul","Tiempo de lectura":"3 minutos"},"schema":{"@context":"https:\/\/schema.org","@graph":[{"@type":"Article","@id":"https:\/\/www.malagaweb.com\/espanol\/blog\/andalucia\/granada\/multas-coches-alquiler\/#article","isPartOf":{"@id":"https:\/\/www.malagaweb.com\/espanol\/blog\/andalucia\/granada\/multas-coches-alquiler\/"},"author":{"name":"Raul","@id":"https:\/\/www.malagaweb.com\/espanol\/blog\/#\/schema\/person\/e7064ff7a4ff971bc5b3a6e41075ddb4"},"headline":"Multas de tr\u00e1fico y coches de alquiler","datePublished":"2013-01-09T10:02:37+00:00","dateModified":"2015-11-11T11:44:16+00:00","mainEntityOfPage":{"@id":"https:\/\/www.malagaweb.com\/espanol\/blog\/andalucia\/granada\/multas-coches-alquiler\/"},"wordCount":512,"commentCount":0,"publisher":{"@id":"https:\/\/www.malagaweb.com\/espanol\/blog\/#organization"},"image":{"@id":"https:\/\/www.malagaweb.com\/espanol\/blog\/andalucia\/granada\/multas-coches-alquiler\/#primaryimage"},"thumbnailUrl":"https:\/\/www.malagaweb.com\/espanol\/blog\/wp-content\/uploads\/multa-trafico-andalucia.jpg","keywords":["Transporte en Malaga"],"articleSection":["Excursiones","Granada"],"inLanguage":"es","potentialAction":[{"@type":"CommentAction","name":"Comment","target":["https:\/\/www.malagaweb.com\/espanol\/blog\/andalucia\/granada\/multas-coches-alquiler\/#respond"]}]},{"@type":"WebPage","@id":"https:\/\/www.malagaweb.com\/espanol\/blog\/andalucia\/granada\/multas-coches-alquiler\/","url":"https:\/\/www.malagaweb.com\/espanol\/blog\/andalucia\/granada\/multas-coches-alquiler\/","name":"Multas de tr\u00e1fico y coches de alquiler","isPartOf":{"@id":"https:\/\/www.malagaweb.com\/espanol\/blog\/#website"},"primaryImageOfPage":{"@id":"https:\/\/www.malagaweb.com\/espanol\/blog\/andalucia\/granada\/multas-coches-alquiler\/#primaryimage"},"image":{"@id":"https:\/\/www.malagaweb.com\/espanol\/blog\/andalucia\/granada\/multas-coches-alquiler\/#primaryimage"},"thumbnailUrl":"https:\/\/www.malagaweb.com\/espanol\/blog\/wp-content\/uploads\/multa-trafico-andalucia.jpg","datePublished":"2013-01-09T10:02:37+00:00","dateModified":"2015-11-11T11:44:16+00:00","description":"Lea m\u00e1s sobre las multas de tr\u00e1fico no solo en Granada sino en Espa\u00f1a para conocer las principales causas y como evitarlas.","breadcrumb":{"@id":"https:\/\/www.malagaweb.com\/espanol\/blog\/andalucia\/granada\/multas-coches-alquiler\/#breadcrumb"},"inLanguage":"es","potentialAction":[{"@type":"ReadAction","target":["https:\/\/www.malagaweb.com\/espanol\/blog\/andalucia\/granada\/multas-coches-alquiler\/"]}]},{"@type":"ImageObject","inLanguage":"es","@id":"https:\/\/www.malagaweb.com\/espanol\/blog\/andalucia\/granada\/multas-coches-alquiler\/#primaryimage","url":"https:\/\/www.malagaweb.com\/espanol\/blog\/wp-content\/uploads\/multa-trafico-andalucia.jpg","contentUrl":"https:\/\/www.malagaweb.com\/espanol\/blog\/wp-content\/uploads\/multa-trafico-andalucia.jpg","width":644,"height":362,"caption":"multa trafico andalucia"},{"@type":"BreadcrumbList","@id":"https:\/\/www.malagaweb.com\/espanol\/blog\/andalucia\/granada\/multas-coches-alquiler\/#breadcrumb","itemListElement":[{"@type":"ListItem","position":1,"name":"Blog","item":"https:\/\/www.malagaweb.com\/espanol\/blog\/"},{"@type":"ListItem","position":2,"name":"Andalucia","item":"https:\/\/www.malagaweb.com\/espanol\/blog\/andalucia\/"},{"@type":"ListItem","position":3,"name":"Granada","item":"https:\/\/www.malagaweb.com\/espanol\/blog\/andalucia\/granada\/"},{"@type":"ListItem","position":4,"name":"Multas de tr\u00e1fico y coches de alquiler"}]},{"@type":"WebSite","@id":"https:\/\/www.malagaweb.com\/espanol\/blog\/#website","url":"https:\/\/www.malagaweb.com\/espanol\/blog\/","name":"Blog de M\u00e1laga","description":"Blog de M\u00e1laga con informaci\u00f3n \u00fatil para tus vacaciones","publisher":{"@id":"https:\/\/www.malagaweb.com\/espanol\/blog\/#organization"},"potentialAction":[{"@type":"SearchAction","target":{"@type":"EntryPoint","urlTemplate":"https:\/\/www.malagaweb.com\/espanol\/blog\/?s={search_term_string}"},"query-input":{"@type":"PropertyValueSpecification","valueRequired":true,"valueName":"search_term_string"}}],"inLanguage":"es"},{"@type":"Organization","@id":"https:\/\/www.malagaweb.com\/espanol\/blog\/#organization","name":"Malagaweb.com","url":"https:\/\/www.malagaweb.com\/espanol\/blog\/","logo":{"@type":"ImageObject","inLanguage":"es","@id":"https:\/\/www.malagaweb.com\/espanol\/blog\/#\/schema\/logo\/image\/","url":"https:\/\/www.malagaweb.com\/espanol\/blog\/wp-content\/uploads\/malagaweb_logo.png","contentUrl":"https:\/\/www.malagaweb.com\/espanol\/blog\/wp-content\/uploads\/malagaweb_logo.png","width":190,"height":36,"caption":"Malagaweb.com"},"image":{"@id":"https:\/\/www.malagaweb.com\/espanol\/blog\/#\/schema\/logo\/image\/"},"sameAs":["https:\/\/www.facebook.com\/Malaga.CostadelSol\/","https:\/\/x.com\/malagaweb"]},{"@type":"Person","@id":"https:\/\/www.malagaweb.com\/espanol\/blog\/#\/schema\/person\/e7064ff7a4ff971bc5b3a6e41075ddb4","name":"Raul","image":{"@type":"ImageObject","inLanguage":"es","@id":"https:\/\/secure.gravatar.com\/avatar\/355bb21897b371342e002159d93cc5a3dcf5add74aab5d2183293cebb23ac386?s=96&r=g","url":"https:\/\/secure.gravatar.com\/avatar\/355bb21897b371342e002159d93cc5a3dcf5add74aab5d2183293cebb23ac386?s=96&r=g","contentUrl":"https:\/\/secure.gravatar.com\/avatar\/355bb21897b371342e002159d93cc5a3dcf5add74aab5d2183293cebb23ac386?s=96&r=g","caption":"Raul"},"description":"Desarrollador web y editor de contenidos, autor de muchas de las gu\u00edas tur\u00edsticas que habr\u00e1s podido leer en Internet sobre Andaluc\u00eda, M\u00e1laga y Espa\u00f1a."}]}},"jetpack_publicize_connections":[],"jetpack_featured_media_url":"https:\/\/www.malagaweb.com\/espanol\/blog\/wp-content\/uploads\/multa-trafico-andalucia.jpg","jetpack_shortlink":"https:\/\/wp.me\/p7riGP-hb","jetpack-related-posts":[{"id":2304,"url":"https:\/\/www.malagaweb.com\/espanol\/blog\/costa-del-sol\/radares-en-malaga-2015\/","url_meta":{"origin":1065,"position":0},"title":"Cuidado con los radares en M\u00e1laga","author":"Raul","date":"23 julio, 2015","format":false,"excerpt":"Hay varios radares en la Costa del Sol con los que debes tener cuidado si alquilas un coche en M\u00e1laga; entre estos radares se encuentran los de velocidad, de tramo y los m\u00f3viles...aunque estos \u00faltimos no se encuentran se\u00f1alizados.","rel":"","context":"En \u00abCosta del Sol\u00bb","block_context":{"text":"Costa del Sol","link":"https:\/\/www.malagaweb.com\/espanol\/blog\/costa-del-sol\/"},"img":{"alt_text":"radares-malaga","src":"https:\/\/i0.wp.com\/www.malagaweb.com\/espanol\/blog\/wp-content\/uploads\/2015\/07\/radares-malaga.jpg?resize=350%2C200&ssl=1","width":350,"height":200,"srcset":"https:\/\/i0.wp.com\/www.malagaweb.com\/espanol\/blog\/wp-content\/uploads\/2015\/07\/radares-malaga.jpg?resize=350%2C200&ssl=1 1x, https:\/\/i0.wp.com\/www.malagaweb.com\/espanol\/blog\/wp-content\/uploads\/2015\/07\/radares-malaga.jpg?resize=525%2C300&ssl=1 1.5x, https:\/\/i0.wp.com\/www.malagaweb.com\/espanol\/blog\/wp-content\/uploads\/2015\/07\/radares-malaga.jpg?resize=700%2C400&ssl=1 2x, https:\/\/i0.wp.com\/www.malagaweb.com\/espanol\/blog\/wp-content\/uploads\/2015\/07\/radares-malaga.jpg?resize=1050%2C600&ssl=1 3x"},"classes":[]},{"id":9150,"url":"https:\/\/www.malagaweb.com\/espanol\/blog\/costa-del-sol\/alquiler-autocaravana-malaga\/","url_meta":{"origin":1065,"position":1},"title":"Alquiler de autocaravanas en M\u00e1laga &#8211; Consejos y lugares de acampada","author":"Raul","date":"21 septiembre, 2020","format":false,"excerpt":"\u00bfHas pensado alguna vez en irte de vacaciones en una autocaravana? Si nunca lo has pensado, espero poder tentarte; tener una ofrece infinitas posibilidades de hacer tus vacaciones memorables. Te dar\u00e9 informaci\u00f3n sobre lo que necesitas saber y lugares para acampar bajo las estrellas. \u00bfTe animas?","rel":"","context":"En \u00abCosta del Sol\u00bb","block_context":{"text":"Costa del Sol","link":"https:\/\/www.malagaweb.com\/espanol\/blog\/costa-del-sol\/"},"img":{"alt_text":"Alquiler de autocaravana en M\u00e1laga","src":"https:\/\/i0.wp.com\/www.malagaweb.com\/espanol\/blog\/wp-content\/uploads\/2020\/09\/autocaravana-alquiler.jpg?resize=350%2C200&ssl=1","width":350,"height":200,"srcset":"https:\/\/i0.wp.com\/www.malagaweb.com\/espanol\/blog\/wp-content\/uploads\/2020\/09\/autocaravana-alquiler.jpg?resize=350%2C200&ssl=1 1x, https:\/\/i0.wp.com\/www.malagaweb.com\/espanol\/blog\/wp-content\/uploads\/2020\/09\/autocaravana-alquiler.jpg?resize=525%2C300&ssl=1 1.5x, https:\/\/i0.wp.com\/www.malagaweb.com\/espanol\/blog\/wp-content\/uploads\/2020\/09\/autocaravana-alquiler.jpg?resize=700%2C400&ssl=1 2x, https:\/\/i0.wp.com\/www.malagaweb.com\/espanol\/blog\/wp-content\/uploads\/2020\/09\/autocaravana-alquiler.jpg?resize=1050%2C600&ssl=1 3x"},"classes":[]},{"id":68,"url":"https:\/\/www.malagaweb.com\/espanol\/blog\/aeropuerto-malaga\/transporte-80\/","url_meta":{"origin":1065,"position":2},"title":"\u00bfSe puede alquilar un coche sin tarjeta de cr\u00e9dito en M\u00e1laga?","author":"Raul","date":"30 julio, 2010","format":false,"excerpt":"Preguntas y respuestas para quien se plantea alquilar un coche y se pregunta los diferentes m\u00e9todos de pago y las diferentes opciones al realizar la reserva. Hay variedad de opciones, \u00bfcual prefieres?","rel":"","context":"En \u00abAeropuerto Malaga\u00bb","block_context":{"text":"Aeropuerto Malaga","link":"https:\/\/www.malagaweb.com\/espanol\/blog\/aeropuerto-malaga\/"},"img":{"alt_text":"Alquiler con o sin tarjeta de cr\u00e9dito","src":"https:\/\/i0.wp.com\/www.malagaweb.com\/espanol\/blog\/wp-content\/uploads\/bmw-rental.jpg?resize=350%2C200&ssl=1","width":350,"height":200,"srcset":"https:\/\/i0.wp.com\/www.malagaweb.com\/espanol\/blog\/wp-content\/uploads\/bmw-rental.jpg?resize=350%2C200&ssl=1 1x, https:\/\/i0.wp.com\/www.malagaweb.com\/espanol\/blog\/wp-content\/uploads\/bmw-rental.jpg?resize=525%2C300&ssl=1 1.5x, https:\/\/i0.wp.com\/www.malagaweb.com\/espanol\/blog\/wp-content\/uploads\/bmw-rental.jpg?resize=700%2C400&ssl=1 2x, https:\/\/i0.wp.com\/www.malagaweb.com\/espanol\/blog\/wp-content\/uploads\/bmw-rental.jpg?resize=1050%2C600&ssl=1 3x"},"classes":[]},{"id":2294,"url":"https:\/\/www.malagaweb.com\/espanol\/blog\/aeropuerto-malaga\/que-opcion-de-transporte-escoger\/","url_meta":{"origin":1065,"position":3},"title":"\u00bfQu\u00e9 opci\u00f3n de transporte escoger en M\u00e1laga?","author":"Raul","date":"11 junio, 2015","format":false,"excerpt":"\u00bfVienes a M\u00e1laga por primera vez y desconoces cual es el mejor medio de transporte? Adem\u00e1s de poder utilizar el tren y el autob\u00fas desde el aeropuerto, muchos visitantes ya sea por la cantidad de equipaje o por comodidad buscan otras opciones de transporte, veamos a continuaci\u00f3n cual es la\u2026","rel":"","context":"En \u00abAeropuerto Malaga\u00bb","block_context":{"text":"Aeropuerto Malaga","link":"https:\/\/www.malagaweb.com\/espanol\/blog\/aeropuerto-malaga\/"},"img":{"alt_text":"Opciones de transporte en M\u00e1laga","src":"https:\/\/i0.wp.com\/www.malagaweb.com\/espanol\/blog\/wp-content\/uploads\/2015\/06\/opciones-transporte-malaga.jpg?resize=350%2C200&ssl=1","width":350,"height":200,"srcset":"https:\/\/i0.wp.com\/www.malagaweb.com\/espanol\/blog\/wp-content\/uploads\/2015\/06\/opciones-transporte-malaga.jpg?resize=350%2C200&ssl=1 1x, https:\/\/i0.wp.com\/www.malagaweb.com\/espanol\/blog\/wp-content\/uploads\/2015\/06\/opciones-transporte-malaga.jpg?resize=525%2C300&ssl=1 1.5x, https:\/\/i0.wp.com\/www.malagaweb.com\/espanol\/blog\/wp-content\/uploads\/2015\/06\/opciones-transporte-malaga.jpg?resize=700%2C400&ssl=1 2x, https:\/\/i0.wp.com\/www.malagaweb.com\/espanol\/blog\/wp-content\/uploads\/2015\/06\/opciones-transporte-malaga.jpg?resize=1050%2C600&ssl=1 3x"},"classes":[]},{"id":25,"url":"https:\/\/www.malagaweb.com\/espanol\/blog\/costa-del-sol\/actualidad-28\/","url_meta":{"origin":1065,"position":4},"title":"Linea de autobus 110 de M\u00e1laga, Torremolinos, Benalm\u00e1dena","author":"Raul","date":"27 agosto, 2009","format":false,"excerpt":"Experiencia de uso e informaci\u00f3n de utilidad sobre la l\u00ednea de autobuses M-110 que une el centro de M\u00e1laga con Torremolinos y Benalm\u00e1dena.","rel":"","context":"En \u00abCosta del Sol\u00bb","block_context":{"text":"Costa del Sol","link":"https:\/\/www.malagaweb.com\/espanol\/blog\/costa-del-sol\/"},"img":{"alt_text":"Esperando autob\u00fas","src":"https:\/\/i0.wp.com\/www.malagaweb.com\/espanol\/blog\/wp-content\/uploads\/2009\/08\/esperando-autobus.jpg?resize=350%2C200&ssl=1","width":350,"height":200,"srcset":"https:\/\/i0.wp.com\/www.malagaweb.com\/espanol\/blog\/wp-content\/uploads\/2009\/08\/esperando-autobus.jpg?resize=350%2C200&ssl=1 1x, https:\/\/i0.wp.com\/www.malagaweb.com\/espanol\/blog\/wp-content\/uploads\/2009\/08\/esperando-autobus.jpg?resize=525%2C300&ssl=1 1.5x, https:\/\/i0.wp.com\/www.malagaweb.com\/espanol\/blog\/wp-content\/uploads\/2009\/08\/esperando-autobus.jpg?resize=700%2C400&ssl=1 2x, https:\/\/i0.wp.com\/www.malagaweb.com\/espanol\/blog\/wp-content\/uploads\/2009\/08\/esperando-autobus.jpg?resize=1050%2C600&ssl=1 3x"},"classes":[]},{"id":8884,"url":"https:\/\/www.malagaweb.com\/espanol\/blog\/costa-del-sol\/vacaciones-tras-covid-19-malaga\/","url_meta":{"origin":1065,"position":5},"title":"Vacaciones tras Covid 19 en M\u00e1laga, viajar, horarios y actividades","author":"Raul","date":"24 febrero, 2021","format":false,"excerpt":"\u00bfCuando podr\u00e1s ir a la playa o al campo? Te respondo a esta y a otras muchas preguntas en esta gu\u00eda b\u00e1sica para planear tus pr\u00f3ximas vacaciones este verano. Conoce los horarios para realizar actividades y cuando son las fechas de las diferentes Fases de la desescalada.","rel":"","context":"En \u00abCosta del Sol\u00bb","block_context":{"text":"Costa del Sol","link":"https:\/\/www.malagaweb.com\/espanol\/blog\/costa-del-sol\/"},"img":{"alt_text":"Vacaciones tras el Covid-19 o Coronavirus","src":"https:\/\/i0.wp.com\/www.malagaweb.com\/espanol\/blog\/wp-content\/uploads\/2020\/05\/vacaciones-tras-covid19.jpg?resize=350%2C200&ssl=1","width":350,"height":200,"srcset":"https:\/\/i0.wp.com\/www.malagaweb.com\/espanol\/blog\/wp-content\/uploads\/2020\/05\/vacaciones-tras-covid19.jpg?resize=350%2C200&ssl=1 1x, https:\/\/i0.wp.com\/www.malagaweb.com\/espanol\/blog\/wp-content\/uploads\/2020\/05\/vacaciones-tras-covid19.jpg?resize=525%2C300&ssl=1 1.5x, https:\/\/i0.wp.com\/www.malagaweb.com\/espanol\/blog\/wp-content\/uploads\/2020\/05\/vacaciones-tras-covid19.jpg?resize=700%2C400&ssl=1 2x, https:\/\/i0.wp.com\/www.malagaweb.com\/espanol\/blog\/wp-content\/uploads\/2020\/05\/vacaciones-tras-covid19.jpg?resize=1050%2C600&ssl=1 3x"},"classes":[]}],"jetpack_sharing_enabled":true,"amp_enabled":true,"_links":{"self":[{"href":"https:\/\/www.malagaweb.com\/espanol\/blog\/wp-json\/wp\/v2\/posts\/1065","targetHints":{"allow":["GET"]}}],"collection":[{"href":"https:\/\/www.malagaweb.com\/espanol\/blog\/wp-json\/wp\/v2\/posts"}],"about":[{"href":"https:\/\/www.malagaweb.com\/espanol\/blog\/wp-json\/wp\/v2\/types\/post"}],"author":[{"embeddable":true,"href":"https:\/\/www.malagaweb.com\/espanol\/blog\/wp-json\/wp\/v2\/users\/1"}],"replies":[{"embeddable":true,"href":"https:\/\/www.malagaweb.com\/espanol\/blog\/wp-json\/wp\/v2\/comments?post=1065"}],"version-history":[{"count":0,"href":"https:\/\/www.malagaweb.com\/espanol\/blog\/wp-json\/wp\/v2\/posts\/1065\/revisions"}],"wp:featuredmedia":[{"embeddable":true,"href":"https:\/\/www.malagaweb.com\/espanol\/blog\/wp-json\/wp\/v2\/media\/1066"}],"wp:attachment":[{"href":"https:\/\/www.malagaweb.com\/espanol\/blog\/wp-json\/wp\/v2\/media?parent=1065"}],"wp:term":[{"taxonomy":"category","embeddable":true,"href":"https:\/\/www.malagaweb.com\/espanol\/blog\/wp-json\/wp\/v2\/categories?post=1065"},{"taxonomy":"post_tag","embeddable":true,"href":"https:\/\/www.malagaweb.com\/espanol\/blog\/wp-json\/wp\/v2\/tags?post=1065"}],"curies":[{"name":"wp","href":"https:\/\/api.w.org\/{rel}","templated":true}]}}