{"id":4227,"date":"2024-07-02T10:39:14","date_gmt":"2024-07-02T10:39:14","guid":{"rendered":"https:\/\/www.malagaweb.com\/deutsch\/blog\/?p=4227"},"modified":"2024-07-03T11:44:20","modified_gmt":"2024-07-03T11:44:20","slug":"malaga-im-juli","status":"publish","type":"post","link":"https:\/\/www.malagaweb.com\/deutsch\/blog\/costa-del-sol\/malaga-im-juli\/","title":{"rendered":"M\u00e1laga im Juli &#8211; Temperatur, Strand und Sonnenbaden"},"content":{"rendered":"<p>Sie planen einen Besuch in M\u00e1laga im Juli und fragen sich, wie das Wetter sein wird? In diesem Artikel erf\u00e4hrst du alles, was du wissen musst, um das Beste aus deinem Urlaub zu machen.<\/p>\n<blockquote><p>Der Monat Juli hat normalerweise hei\u00dfe Tage, was in M\u00e1laga als &#8222;Terral&#8220; bezeichnet wird. Dies sind ideale Tage, um sie im Schwimmbad oder am Strand zu verbringen.<\/p><\/blockquote>\n<h2>Malaga im Juli genie\u00dfen<\/h2>\n<p>Es gibt viele Gr\u00fcnde, <a href=\"https:\/\/www.malagaweb.com\/deutsch\/\">M\u00e1laga<\/a> im Juli zu besuchen, einer davon ist das gute Wetter und nat\u00fcrlich der Strand.<\/p>\n<figure id=\"attachment_7864\" aria-describedby=\"caption-attachment-7864\" style=\"width: 1200px\" class=\"wp-caption aligncenter\"><a href=\"https:\/\/www.malagaweb.com\/blog\/wp-content\/uploads\/2020\/05\/dean-torremolinos-beach.jpg\" itemprop=\"contentUrl\"  data-gallery title=\"M\u00e1laga im Juli - Temperatur, Strand und Sonnenbaden\"><img decoding=\"async\" class=\"wp-image-7864 size-full img-responsive\" loading=\"lazy\" src=\"https:\/\/www.malagaweb.com\/blog\/wp-content\/uploads\/2020\/05\/dean-torremolinos-beach.jpg\" alt=\"Strand in Torremolinos im Juli\" width=\"1200\" height=\"673\" \/><\/a><figcaption id=\"caption-attachment-7864\" class=\"wp-caption-text\">Im Juli ging ich mit meinem Kind an den Strand von <a href=\"https:\/\/www.malagaweb.com\/deutsch\/torremolinos.php\">Torremolinos<\/a>. Das Wasser hat eine perfekte Temperatur und wir haben es beide genossen.<\/figcaption><\/figure>\n<p>Der Juli entwickelt sich bereits zu einer gro\u00dfen Touristenattraktion, so dass immer mehr Menschen an den Str\u00e4nden anzutreffen sind. Wenn Sie die gr\u00f6\u00dften Menschenmassen vermeiden wollen, aber den Sommer m\u00f6gen, ist dies der perfekte Monat. Wenn Sie hingegen den Sommer in seiner ganzen Pracht erleben m\u00f6chten, sollten Sie <a href=\"https:\/\/www.malagaweb.com\/deutsch\/blog\/costa-del-sol\/malaga-im-august\/\">M\u00e1laga im August<\/a> besuchen.<\/p>\n<h2>Das Wetter in M\u00e1laga im Juli<\/h2>\n<p>Das Wetter in M\u00e1laga ist im Juli durch steigende Temperaturen gekennzeichnet; das Meerwasser hat in der Regel bereits eine angenehme Badetemperatur, und die Sonne kann bereits zu Verbrennungen f\u00fchren, wenn wir nicht achtgeben; ich kann Ihnen empfehlen, einen Blick auf unseren Artikel \u00fcber Tipps zum Sonnenbaden zu werfen.<\/p>\n<h3>Temperatur<\/h3>\n<p>Die H\u00f6chsttemperaturen neigen nicht mehr dazu, unter 30 Grad zu fallen, w\u00e4hrend die Mindesttemperaturen 20 Grad erreichen, normalerweise nachts.<\/p>\n<figure id=\"attachment_9010\" aria-describedby=\"caption-attachment-9010\" style=\"width: 614px\" class=\"wp-caption aligncenter\"><a href=\"https:\/\/www.malagaweb.com\/espanol\/blog\/wp-content\/uploads\/2020\/07\/temperatura-malaga-julio.jpg\" itemprop=\"contentUrl\"  data-gallery title=\"M\u00e1laga im Juli - Temperatur, Strand und Sonnenbaden\"><img decoding=\"async\" class=\"wp-image-9010 size-full img-responsive\" loading=\"lazy\" src=\"https:\/\/www.malagaweb.com\/espanol\/blog\/wp-content\/uploads\/2020\/07\/temperatura-malaga-julio.jpg\" alt=\"Temperatur in M\u00e1laga im Juli\" width=\"614\" height=\"381\" \/><\/a><figcaption id=\"caption-attachment-9010\" class=\"wp-caption-text\">Temperatur in M\u00e1laga im Juli<\/figcaption><\/figure>\n<p>In diesem Monat kann man bereits besonders hohe Temperaturen vorfinden; 2019 wurden in der Monatsmitte ein Maximum von 39\u00baC erreicht, obwohl die Normaltemperatur um die 30\u00baC lag. Die Mindesttemperaturen fallen in der Nacht normalerweise nicht unter 20\u00ba C oder weniger, so dass es m\u00f6glich ist, bei Sonnenuntergang einen sch\u00f6nen Spaziergang am Strandufer zu machen.<\/p>\n<p>Weitere Informationen \u00fcber das Wetter und die Temperaturen finden Sie hier:<br \/>\n<a href=\"https:\/\/weather.com\/de-DE\/weather\/today\/l\/b97c223e05bba7da93634e738566de2443f2d7c8a244c3466ede2f19544b09ab\" target=\"_blank\" rel=\"noopener\">https:\/\/weather.com\/de-DE\/weather\/today\/l\/b97c223e05bba7da93634e738566de2443f2d7c8a244c3466ede2f19544b09ab<\/a><\/p>\n<h3>Regnet es im Juli in Malaga?<\/h3>\n<p>Im Juli regnet es in Malaga normalerweise nicht. Die durchschnittliche Niederschlagsmenge der letzten Jahre liegt bei 0, so dass wir davon ausgehen k\u00f6nnen, dass es an keinem Tag regnen wird, und wenn doch, dann auf sehr lockere Art und Weise.<\/p>\n<p>Sie brauchen keinen Regenschirm und keine Regenausr\u00fcstung, im Juli wird es in Malaga nicht regnen.<\/p>\n<h2>Ist es sicher, am Strand zu schwimmen?<\/h2>\n<figure id=\"attachment_7866\" aria-describedby=\"caption-attachment-7866\" style=\"width: 1200px\" class=\"wp-caption aligncenter\"><a href=\"https:\/\/www.malagaweb.com\/blog\/wp-content\/uploads\/2020\/05\/playing-beach.jpg\" itemprop=\"contentUrl\"  data-gallery title=\"M\u00e1laga im Juli - Temperatur, Strand und Sonnenbaden\"><img decoding=\"async\" class=\"wp-image-7866 size-full img-responsive\" loading=\"lazy\" src=\"https:\/\/www.malagaweb.com\/blog\/wp-content\/uploads\/2020\/05\/playing-beach.jpg\" alt=\"Dean spielt an der K\u00fcste\" width=\"1200\" height=\"684\" \/><\/a><figcaption id=\"caption-attachment-7866\" class=\"wp-caption-text\">Mein Sohn hatte im Juli Spa\u00df beim Spielen am Strand.<\/figcaption><\/figure>\n<p>Es ist absolut sicher, am Strand zu schwimmen. Neulich war ich mit meinem Sohn dort, und wir hatten einen tollen Tag am Strand von M\u00e1laga. Die Temperatur war perfekt und ich konnte meine eigenen F\u00fc\u00dfe sehen, das Wasser war kristallklar.<\/p>\n<h3>Meerestemperatur im Juli in Malaga<\/h3>\n<p>Das Meer hat bereits eine angenehme Temperatur von etwa 22 oder 23 Grad erreicht, es wird nur im <a href=\"https:\/\/www.malagaweb.com\/deutsch\/blog\/costa-del-sol\/malaga-im-august\/\">August in M\u00e1laga<\/a> \u00fcbertroffen, aber nicht viel mehr. \u00bfWie f\u00fchlt es sich bei dieser Temperatur an? F\u00fcr mich f\u00fchlt es sich am Anfang etwas kalt an, aber man akklimatisiert sich sehr leicht, und am Ende will man nicht mehr aus dem Wasser.<\/p>\n<p>Wenn Sie daran denken, den Strand zu genie\u00dfen und im Meer zu schwimmen, ist dieser Monat ideal daf\u00fcr geeignet.<\/p>\n<h2>Welche Kleidung brauchen Sie im Juli in M\u00e1laga?<\/h2>\n<p>Der Juli ist der Monat mit der h\u00f6chsten Konzentration an ultravioletten Strahlen. Wir empfehlen, immer eine Schutzcreme und eine Sonnenbrille bereitzuhalten.<\/p>\n<p><a href=\"https:\/\/www.malagaweb.com\/blog\/wp-content\/uploads\/2012\/06\/sunbathing-1207930_1280.jpg\" itemprop=\"contentUrl\"  data-gallery title=\"M\u00e1laga im Juli - Temperatur, Strand und Sonnenbaden\"><img decoding=\"async\" class=\"aligncenter wp-image-2806 size-full img-responsive\" loading=\"lazy\" src=\"https:\/\/www.malagaweb.com\/blog\/wp-content\/uploads\/2012\/06\/sunbathing-1207930_1280.jpg\" alt=\"Sonnenbaden\" width=\"1280\" height=\"716\" \/><\/a><\/p>\n<p>Ich werde nicht empfehlen, Handt\u00fccher, Matten oder andere Utensilien f\u00fcr den Strand mitzubringen. Sie k\u00f6nnen alles in jedem Gesch\u00e4ft in Strandn\u00e4he zu einem guten Preis kaufen und etwas Platz in Ihrem Gep\u00e4ck sparen.<\/p>\n<ul>\n<li>Mehr als einen Badeanzug; besonders n\u00fctzlich, um ihn zu benutzen, w\u00e4hrend ein anderer trocknet.<\/li>\n<li>Shorts.<\/li>\n<li>T-Shirts und kurz\u00e4rmelige Hemden.<\/li>\n<li>Sommer-Pyjamas.<\/li>\n<li>Sonnenbrille<\/li>\n<li>Sonnencreme mit einem angemessenen Schutzfaktor. Sie k\u00f6nnen unseren Leitfaden zum <a href=\"https:\/\/www.malagaweb.com\/deutsch\/blog\/costa-del-sol\/sonne-satt-tipps-zum-richtigen-sonnenbaden-hitzewellen-und-hitzeschlag\/\">Sonnenbaden<\/a> lesen, wenn Sie Zweifel haben, welchen Sie ben\u00f6tigen werden.<\/li>\n<\/ul>\n<h2>Empfohlene Aktivit\u00e4ten im Juli<\/h2>\n<p>Normalerweise gibt es im Juli viele Veranstaltungen und Aktivit\u00e4ten. In diesem Jahr kann es aufgrund der Situation mit dem Coronavirus und zur Vermeidung von \u00dcberf\u00fcllung zu Einschr\u00e4nkungen kommen.<\/p>\n<ul>\n<li>Die <a href=\"https:\/\/www.malagaweb.com\/deutsch\/blog\/ausfluge\/seilbahn-benalmadena\/\">Benalmadena-Seilbahn<\/a> ist w\u00e4hrend des gesamten Monats.<\/li>\n<li>Es ist auch ein perfekter Monat, um die <a href=\"https:\/\/www.malagaweb.com\/deutsch\/blog\/ausfluge\/naturlichen-wasserbecken-malaga\/\" target=\"_blank\" rel=\"noopener\">Naturschwimmbecken in M\u00e1laga<\/a> zu geniessen; allerdings immer unter Einhaltung des Sicherheitsabstandes zu anderen Menschen.<\/li>\n<li>Ich habe einige Dinge geschrieben, die man <a href=\"https:\/\/www.malagaweb.com\/deutsch\/blog\/costa-del-sol\/besuch-marbella\/\">in Marbella<\/a> und auch <a href=\"https:\/\/www.malagaweb.com\/deutsch\/blog\/costa-del-sol\/besuch-benalmadena\/\">in Benalmadena unternehmen<\/a> kann; falls Sie einige Ideen lesen m\u00f6chten.<\/li>\n<li>Es gibt <strong>Konzerte im Jahr 2022<\/strong>; wenn Sie daran interessiert sind, k\u00f6nnen Sie sich die K\u00fcnstler ansehen, die uns im Monat Juli sowohl im <a href=\"https:\/\/www.malagaweb.com\/deutsch\/blog\/veranstaltungen\/live-konzerte-fuengirola\/\">Marenostrum Fuengirola<\/a> als auch im <a href=\"https:\/\/www.malagaweb.com\/deutsch\/blog\/veranstaltungen\/starlite-festival-marbella\/\">Starlite Marbella<\/a> besuchen.<\/li>\n<li>Die <strong>Prozessionen der Virgen del Carmen am 16. Juli<\/strong> sind eine der spektakul\u00e4rsten Traditionen M\u00e1lagas, die Sie sich nicht entgehen lassen sollten. Sie werden auf besondere Weise in den K\u00fcstenbezirken gefeiert.<\/li>\n<li>Das <strong>Antequera Light Festival 2024<\/strong> findet am 12. und 13. Juli statt, um die Erkl\u00e4rung der Dolmen als Weltkulturerbe zu gedenken. Es findet im Auditorium des Museums ab 20.30 Uhr statt.<\/li>\n<\/ul>\n","protected":false},"excerpt":{"rendered":"<p>Alles, was Sie wissen m\u00fcssen, wenn Sie planen, M\u00e1laga im Juli zu besuchen. An den Strand gehen, einkaufen oder Aktivit\u00e4ten im Freien genie\u00dfen. Erfahren Sie alles zur notwendigen Kleidung, zum Wetter und ob es eine gute Idee ist, in diesem Monat an den Strand zu gehen.<\/p>\n","protected":false},"author":1,"featured_media":4228,"comment_status":"open","ping_status":"closed","sticky":false,"template":"","format":"standard","meta":{"jetpack_post_was_ever_published":false,"_jetpack_newsletter_access":"","_jetpack_dont_email_post_to_subs":false,"_jetpack_newsletter_tier_id":0,"_jetpack_memberships_contains_paywalled_content":false,"_jetpack_memberships_contains_paid_content":false,"footnotes":"","jetpack_publicize_message":"","jetpack_publicize_feature_enabled":true,"jetpack_social_post_already_shared":true,"jetpack_social_options":{"image_generator_settings":{"template":"highway","default_image_id":0,"font":"","enabled":false},"version":2}},"categories":[1],"tags":[29,6,126,7,19,16],"class_list":["post-4227","post","type-post","status-publish","format-standard","has-post-thumbnail","hentry","category-costa-del-sol","tag-aktivitaeten-malaga","tag-benalmadena","tag-juli","tag-malaga","tag-marbella","tag-torremolinos"],"yoast_head":"<!-- This site is optimized with the Yoast SEO plugin v27.5 - https:\/\/yoast.com\/product\/yoast-seo-wordpress\/ -->\n<title>M\u00e1laga im Juli - Temperatur, Strand und Sonnenbaden<\/title>\n<meta name=\"description\" content=\"Sie besuchen M\u00e1laga im Juli und fragen sich \u00fcber das Wetter, den Strand oder die Situation nach Covid-19. Ich hoffe, dass ich Ihre Zweifel ausr\u00e4umen kann.\" \/>\n<meta name=\"robots\" content=\"index, follow, max-snippet:-1, max-image-preview:large, max-video-preview:-1\" \/>\n<link rel=\"canonical\" href=\"https:\/\/www.malagaweb.com\/deutsch\/blog\/costa-del-sol\/malaga-im-juli\/\" \/>\n<meta property=\"og:locale\" content=\"de_DE\" \/>\n<meta property=\"og:type\" content=\"article\" \/>\n<meta property=\"og:title\" content=\"M\u00e1laga im Juli - Temperatur, Strand und Sonnenbaden\" \/>\n<meta property=\"og:description\" content=\"Sie besuchen M\u00e1laga im Juli und fragen sich \u00fcber das Wetter, den Strand oder die Situation nach Covid-19. Ich hoffe, dass ich Ihre Zweifel ausr\u00e4umen kann.\" \/>\n<meta property=\"og:url\" content=\"https:\/\/www.malagaweb.com\/deutsch\/blog\/costa-del-sol\/malaga-im-juli\/\" \/>\n<meta property=\"og:site_name\" content=\"M\u00e1laga Reiseblog\" \/>\n<meta property=\"article:publisher\" content=\"https:\/\/www.facebook.com\/Malaga.CostadelSol\/\" \/>\n<meta property=\"article:author\" content=\"https:\/\/www.facebook.com\/Malaga.CostadelSol\/\" \/>\n<meta property=\"article:published_time\" content=\"2024-07-02T10:39:14+00:00\" \/>\n<meta property=\"article:modified_time\" content=\"2024-07-03T11:44:20+00:00\" \/>\n<meta property=\"og:image\" content=\"https:\/\/www.malagaweb.com\/deutsch\/blog\/wp-content\/uploads\/2020\/07\/juli-malaga.jpg\" \/>\n\t<meta property=\"og:image:width\" content=\"1200\" \/>\n\t<meta property=\"og:image:height\" content=\"673\" \/>\n\t<meta property=\"og:image:type\" content=\"image\/jpeg\" \/>\n<meta name=\"author\" content=\"Raul GT\" \/>\n<meta name=\"twitter:card\" content=\"summary_large_image\" \/>\n<meta name=\"twitter:creator\" content=\"@Raul_GT\" \/>\n<meta name=\"twitter:site\" content=\"@malagaweb\" \/>\n<meta name=\"twitter:label1\" content=\"Verfasst von\" \/>\n\t<meta name=\"twitter:data1\" content=\"Raul GT\" \/>\n\t<meta name=\"twitter:label2\" content=\"Gesch\u00e4tzte Lesezeit\" \/>\n\t<meta name=\"twitter:data2\" content=\"6\u00a0Minuten\" \/>\n<script type=\"application\/ld+json\" class=\"yoast-schema-graph\">{\"@context\":\"https:\\\/\\\/schema.org\",\"@graph\":[{\"@type\":\"Article\",\"@id\":\"https:\\\/\\\/www.malagaweb.com\\\/deutsch\\\/blog\\\/costa-del-sol\\\/malaga-im-juli\\\/#article\",\"isPartOf\":{\"@id\":\"https:\\\/\\\/www.malagaweb.com\\\/deutsch\\\/blog\\\/costa-del-sol\\\/malaga-im-juli\\\/\"},\"author\":{\"name\":\"Raul GT\",\"@id\":\"https:\\\/\\\/www.malagaweb.com\\\/deutsch\\\/blog\\\/#\\\/schema\\\/person\\\/76d0077c0c576973f982afbdb09a6653\"},\"headline\":\"M\u00e1laga im Juli &#8211; Temperatur, Strand und Sonnenbaden\",\"datePublished\":\"2024-07-02T10:39:14+00:00\",\"dateModified\":\"2024-07-03T11:44:20+00:00\",\"mainEntityOfPage\":{\"@id\":\"https:\\\/\\\/www.malagaweb.com\\\/deutsch\\\/blog\\\/costa-del-sol\\\/malaga-im-juli\\\/\"},\"wordCount\":883,\"commentCount\":0,\"image\":{\"@id\":\"https:\\\/\\\/www.malagaweb.com\\\/deutsch\\\/blog\\\/costa-del-sol\\\/malaga-im-juli\\\/#primaryimage\"},\"thumbnailUrl\":\"https:\\\/\\\/www.malagaweb.com\\\/deutsch\\\/blog\\\/wp-content\\\/uploads\\\/2020\\\/07\\\/juli-malaga.jpg\",\"keywords\":[\"Aktivit\u00e4ten\",\"Benalmadena\",\"Juli\",\"Malaga\",\"Marbella\",\"Torremolinos\"],\"articleSection\":[\"Costa del Sol\"],\"inLanguage\":\"de\",\"potentialAction\":[{\"@type\":\"CommentAction\",\"name\":\"Comment\",\"target\":[\"https:\\\/\\\/www.malagaweb.com\\\/deutsch\\\/blog\\\/costa-del-sol\\\/malaga-im-juli\\\/#respond\"]}]},{\"@type\":\"WebPage\",\"@id\":\"https:\\\/\\\/www.malagaweb.com\\\/deutsch\\\/blog\\\/costa-del-sol\\\/malaga-im-juli\\\/\",\"url\":\"https:\\\/\\\/www.malagaweb.com\\\/deutsch\\\/blog\\\/costa-del-sol\\\/malaga-im-juli\\\/\",\"name\":\"M\u00e1laga im Juli - Temperatur, Strand und Sonnenbaden\",\"isPartOf\":{\"@id\":\"https:\\\/\\\/www.malagaweb.com\\\/deutsch\\\/blog\\\/#website\"},\"primaryImageOfPage\":{\"@id\":\"https:\\\/\\\/www.malagaweb.com\\\/deutsch\\\/blog\\\/costa-del-sol\\\/malaga-im-juli\\\/#primaryimage\"},\"image\":{\"@id\":\"https:\\\/\\\/www.malagaweb.com\\\/deutsch\\\/blog\\\/costa-del-sol\\\/malaga-im-juli\\\/#primaryimage\"},\"thumbnailUrl\":\"https:\\\/\\\/www.malagaweb.com\\\/deutsch\\\/blog\\\/wp-content\\\/uploads\\\/2020\\\/07\\\/juli-malaga.jpg\",\"datePublished\":\"2024-07-02T10:39:14+00:00\",\"dateModified\":\"2024-07-03T11:44:20+00:00\",\"author\":{\"@id\":\"https:\\\/\\\/www.malagaweb.com\\\/deutsch\\\/blog\\\/#\\\/schema\\\/person\\\/76d0077c0c576973f982afbdb09a6653\"},\"description\":\"Sie besuchen M\u00e1laga im Juli und fragen sich \u00fcber das Wetter, den Strand oder die Situation nach Covid-19. Ich hoffe, dass ich Ihre Zweifel ausr\u00e4umen kann.\",\"breadcrumb\":{\"@id\":\"https:\\\/\\\/www.malagaweb.com\\\/deutsch\\\/blog\\\/costa-del-sol\\\/malaga-im-juli\\\/#breadcrumb\"},\"inLanguage\":\"de\",\"potentialAction\":[{\"@type\":\"ReadAction\",\"target\":[\"https:\\\/\\\/www.malagaweb.com\\\/deutsch\\\/blog\\\/costa-del-sol\\\/malaga-im-juli\\\/\"]}]},{\"@type\":\"ImageObject\",\"inLanguage\":\"de\",\"@id\":\"https:\\\/\\\/www.malagaweb.com\\\/deutsch\\\/blog\\\/costa-del-sol\\\/malaga-im-juli\\\/#primaryimage\",\"url\":\"https:\\\/\\\/www.malagaweb.com\\\/deutsch\\\/blog\\\/wp-content\\\/uploads\\\/2020\\\/07\\\/juli-malaga.jpg\",\"contentUrl\":\"https:\\\/\\\/www.malagaweb.com\\\/deutsch\\\/blog\\\/wp-content\\\/uploads\\\/2020\\\/07\\\/juli-malaga.jpg\",\"width\":1200,\"height\":673,\"caption\":\"Malaga im Juli\"},{\"@type\":\"BreadcrumbList\",\"@id\":\"https:\\\/\\\/www.malagaweb.com\\\/deutsch\\\/blog\\\/costa-del-sol\\\/malaga-im-juli\\\/#breadcrumb\",\"itemListElement\":[{\"@type\":\"ListItem\",\"position\":1,\"name\":\"Blog\",\"item\":\"https:\\\/\\\/www.malagaweb.com\\\/deutsch\\\/blog\\\/\"},{\"@type\":\"ListItem\",\"position\":2,\"name\":\"M\u00e1laga im Juli &#8211; Temperatur, Strand und Sonnenbaden\"}]},{\"@type\":\"WebSite\",\"@id\":\"https:\\\/\\\/www.malagaweb.com\\\/deutsch\\\/blog\\\/#website\",\"url\":\"https:\\\/\\\/www.malagaweb.com\\\/deutsch\\\/blog\\\/\",\"name\":\"M\u00e1laga Reiseblog\",\"description\":\"Reise und Tourismusratgeber, Tipps, Ausfl\u00fcge und vieles mehr\",\"potentialAction\":[{\"@type\":\"SearchAction\",\"target\":{\"@type\":\"EntryPoint\",\"urlTemplate\":\"https:\\\/\\\/www.malagaweb.com\\\/deutsch\\\/blog\\\/?s={search_term_string}\"},\"query-input\":{\"@type\":\"PropertyValueSpecification\",\"valueRequired\":true,\"valueName\":\"search_term_string\"}}],\"inLanguage\":\"de\"},{\"@type\":\"Person\",\"@id\":\"https:\\\/\\\/www.malagaweb.com\\\/deutsch\\\/blog\\\/#\\\/schema\\\/person\\\/76d0077c0c576973f982afbdb09a6653\",\"name\":\"Raul GT\",\"image\":{\"@type\":\"ImageObject\",\"inLanguage\":\"de\",\"@id\":\"https:\\\/\\\/secure.gravatar.com\\\/avatar\\\/355bb21897b371342e002159d93cc5a3dcf5add74aab5d2183293cebb23ac386?s=96&r=g\",\"url\":\"https:\\\/\\\/secure.gravatar.com\\\/avatar\\\/355bb21897b371342e002159d93cc5a3dcf5add74aab5d2183293cebb23ac386?s=96&r=g\",\"contentUrl\":\"https:\\\/\\\/secure.gravatar.com\\\/avatar\\\/355bb21897b371342e002159d93cc5a3dcf5add74aab5d2183293cebb23ac386?s=96&r=g\",\"caption\":\"Raul GT\"},\"description\":\"Reiseblogger, Webentwickler und Content-Editor. Autor vieler Reisef\u00fchrer und Tipps \u00fcber Andalusien, Malaga und Spanien.\",\"sameAs\":[\"https:\\\/\\\/www.facebook.com\\\/Malaga.CostadelSol\\\/\",\"https:\\\/\\\/x.com\\\/Raul_GT\"]}]}<\/script>\n<!-- \/ Yoast SEO plugin. -->","yoast_head_json":{"title":"M\u00e1laga im Juli - Temperatur, Strand und Sonnenbaden","description":"Sie besuchen M\u00e1laga im Juli und fragen sich \u00fcber das Wetter, den Strand oder die Situation nach Covid-19. Ich hoffe, dass ich Ihre Zweifel ausr\u00e4umen kann.","robots":{"index":"index","follow":"follow","max-snippet":"max-snippet:-1","max-image-preview":"max-image-preview:large","max-video-preview":"max-video-preview:-1"},"canonical":"https:\/\/www.malagaweb.com\/deutsch\/blog\/costa-del-sol\/malaga-im-juli\/","og_locale":"de_DE","og_type":"article","og_title":"M\u00e1laga im Juli - Temperatur, Strand und Sonnenbaden","og_description":"Sie besuchen M\u00e1laga im Juli und fragen sich \u00fcber das Wetter, den Strand oder die Situation nach Covid-19. Ich hoffe, dass ich Ihre Zweifel ausr\u00e4umen kann.","og_url":"https:\/\/www.malagaweb.com\/deutsch\/blog\/costa-del-sol\/malaga-im-juli\/","og_site_name":"M\u00e1laga Reiseblog","article_publisher":"https:\/\/www.facebook.com\/Malaga.CostadelSol\/","article_author":"https:\/\/www.facebook.com\/Malaga.CostadelSol\/","article_published_time":"2024-07-02T10:39:14+00:00","article_modified_time":"2024-07-03T11:44:20+00:00","og_image":[{"width":1200,"height":673,"url":"https:\/\/www.malagaweb.com\/deutsch\/blog\/wp-content\/uploads\/2020\/07\/juli-malaga.jpg","type":"image\/jpeg"}],"author":"Raul GT","twitter_card":"summary_large_image","twitter_creator":"@Raul_GT","twitter_site":"@malagaweb","twitter_misc":{"Verfasst von":"Raul GT","Gesch\u00e4tzte Lesezeit":"6\u00a0Minuten"},"schema":{"@context":"https:\/\/schema.org","@graph":[{"@type":"Article","@id":"https:\/\/www.malagaweb.com\/deutsch\/blog\/costa-del-sol\/malaga-im-juli\/#article","isPartOf":{"@id":"https:\/\/www.malagaweb.com\/deutsch\/blog\/costa-del-sol\/malaga-im-juli\/"},"author":{"name":"Raul GT","@id":"https:\/\/www.malagaweb.com\/deutsch\/blog\/#\/schema\/person\/76d0077c0c576973f982afbdb09a6653"},"headline":"M\u00e1laga im Juli &#8211; Temperatur, Strand und Sonnenbaden","datePublished":"2024-07-02T10:39:14+00:00","dateModified":"2024-07-03T11:44:20+00:00","mainEntityOfPage":{"@id":"https:\/\/www.malagaweb.com\/deutsch\/blog\/costa-del-sol\/malaga-im-juli\/"},"wordCount":883,"commentCount":0,"image":{"@id":"https:\/\/www.malagaweb.com\/deutsch\/blog\/costa-del-sol\/malaga-im-juli\/#primaryimage"},"thumbnailUrl":"https:\/\/www.malagaweb.com\/deutsch\/blog\/wp-content\/uploads\/2020\/07\/juli-malaga.jpg","keywords":["Aktivit\u00e4ten","Benalmadena","Juli","Malaga","Marbella","Torremolinos"],"articleSection":["Costa del Sol"],"inLanguage":"de","potentialAction":[{"@type":"CommentAction","name":"Comment","target":["https:\/\/www.malagaweb.com\/deutsch\/blog\/costa-del-sol\/malaga-im-juli\/#respond"]}]},{"@type":"WebPage","@id":"https:\/\/www.malagaweb.com\/deutsch\/blog\/costa-del-sol\/malaga-im-juli\/","url":"https:\/\/www.malagaweb.com\/deutsch\/blog\/costa-del-sol\/malaga-im-juli\/","name":"M\u00e1laga im Juli - Temperatur, Strand und Sonnenbaden","isPartOf":{"@id":"https:\/\/www.malagaweb.com\/deutsch\/blog\/#website"},"primaryImageOfPage":{"@id":"https:\/\/www.malagaweb.com\/deutsch\/blog\/costa-del-sol\/malaga-im-juli\/#primaryimage"},"image":{"@id":"https:\/\/www.malagaweb.com\/deutsch\/blog\/costa-del-sol\/malaga-im-juli\/#primaryimage"},"thumbnailUrl":"https:\/\/www.malagaweb.com\/deutsch\/blog\/wp-content\/uploads\/2020\/07\/juli-malaga.jpg","datePublished":"2024-07-02T10:39:14+00:00","dateModified":"2024-07-03T11:44:20+00:00","author":{"@id":"https:\/\/www.malagaweb.com\/deutsch\/blog\/#\/schema\/person\/76d0077c0c576973f982afbdb09a6653"},"description":"Sie besuchen M\u00e1laga im Juli und fragen sich \u00fcber das Wetter, den Strand oder die Situation nach Covid-19. Ich hoffe, dass ich Ihre Zweifel ausr\u00e4umen kann.","breadcrumb":{"@id":"https:\/\/www.malagaweb.com\/deutsch\/blog\/costa-del-sol\/malaga-im-juli\/#breadcrumb"},"inLanguage":"de","potentialAction":[{"@type":"ReadAction","target":["https:\/\/www.malagaweb.com\/deutsch\/blog\/costa-del-sol\/malaga-im-juli\/"]}]},{"@type":"ImageObject","inLanguage":"de","@id":"https:\/\/www.malagaweb.com\/deutsch\/blog\/costa-del-sol\/malaga-im-juli\/#primaryimage","url":"https:\/\/www.malagaweb.com\/deutsch\/blog\/wp-content\/uploads\/2020\/07\/juli-malaga.jpg","contentUrl":"https:\/\/www.malagaweb.com\/deutsch\/blog\/wp-content\/uploads\/2020\/07\/juli-malaga.jpg","width":1200,"height":673,"caption":"Malaga im Juli"},{"@type":"BreadcrumbList","@id":"https:\/\/www.malagaweb.com\/deutsch\/blog\/costa-del-sol\/malaga-im-juli\/#breadcrumb","itemListElement":[{"@type":"ListItem","position":1,"name":"Blog","item":"https:\/\/www.malagaweb.com\/deutsch\/blog\/"},{"@type":"ListItem","position":2,"name":"M\u00e1laga im Juli &#8211; Temperatur, Strand und Sonnenbaden"}]},{"@type":"WebSite","@id":"https:\/\/www.malagaweb.com\/deutsch\/blog\/#website","url":"https:\/\/www.malagaweb.com\/deutsch\/blog\/","name":"M\u00e1laga Reiseblog","description":"Reise und Tourismusratgeber, Tipps, Ausfl\u00fcge und vieles mehr","potentialAction":[{"@type":"SearchAction","target":{"@type":"EntryPoint","urlTemplate":"https:\/\/www.malagaweb.com\/deutsch\/blog\/?s={search_term_string}"},"query-input":{"@type":"PropertyValueSpecification","valueRequired":true,"valueName":"search_term_string"}}],"inLanguage":"de"},{"@type":"Person","@id":"https:\/\/www.malagaweb.com\/deutsch\/blog\/#\/schema\/person\/76d0077c0c576973f982afbdb09a6653","name":"Raul GT","image":{"@type":"ImageObject","inLanguage":"de","@id":"https:\/\/secure.gravatar.com\/avatar\/355bb21897b371342e002159d93cc5a3dcf5add74aab5d2183293cebb23ac386?s=96&r=g","url":"https:\/\/secure.gravatar.com\/avatar\/355bb21897b371342e002159d93cc5a3dcf5add74aab5d2183293cebb23ac386?s=96&r=g","contentUrl":"https:\/\/secure.gravatar.com\/avatar\/355bb21897b371342e002159d93cc5a3dcf5add74aab5d2183293cebb23ac386?s=96&r=g","caption":"Raul GT"},"description":"Reiseblogger, Webentwickler und Content-Editor. Autor vieler Reisef\u00fchrer und Tipps \u00fcber Andalusien, Malaga und Spanien.","sameAs":["https:\/\/www.facebook.com\/Malaga.CostadelSol\/","https:\/\/x.com\/Raul_GT"]}]}},"jetpack_publicize_connections":[],"jetpack_featured_media_url":"https:\/\/www.malagaweb.com\/deutsch\/blog\/wp-content\/uploads\/2020\/07\/juli-malaga.jpg","jetpack_shortlink":"https:\/\/wp.me\/p7sigs-16b","jetpack-related-posts":[{"id":3070,"url":"https:\/\/www.malagaweb.com\/deutsch\/blog\/veranstaltungen\/wochenendaktivitaeten-juli-malaga\/","url_meta":{"origin":4227,"position":0},"title":"Juli in M\u00e1laga: Wochenendaktivit\u00e4ten, Volksfeste und andere Veranstaltungen","author":"Raul GT","date":"Juni 28, 2019","format":false,"excerpt":"Der Monat Juli, zus\u00e4tzlich zu einem Anstieg der Temperaturen, bringt uns viele Aktivit\u00e4ten, die von Interesse sein k\u00f6nnten. Es wird Aktivit\u00e4ten f\u00fcr jedes Alter und f\u00fcr jeden Geschmack geben. Ich werde die wichtigsten Ereignisse auflisten, denn ich werde die Liste im Laufe des Monats erweitern.","rel":"","context":"In &quot;Veranstaltungen&quot;","block_context":{"text":"Veranstaltungen","link":"https:\/\/www.malagaweb.com\/deutsch\/blog\/veranstaltungen\/"},"img":{"alt_text":"Internationales Flug-Festival in Torre del Mar","src":"https:\/\/i0.wp.com\/www.malagaweb.com\/deutsch\/blog\/wp-content\/uploads\/air-show-torredelmar.jpg?resize=350%2C200&ssl=1","width":350,"height":200,"srcset":"https:\/\/i0.wp.com\/www.malagaweb.com\/deutsch\/blog\/wp-content\/uploads\/air-show-torredelmar.jpg?resize=350%2C200&ssl=1 1x, https:\/\/i0.wp.com\/www.malagaweb.com\/deutsch\/blog\/wp-content\/uploads\/air-show-torredelmar.jpg?resize=525%2C300&ssl=1 1.5x, https:\/\/i0.wp.com\/www.malagaweb.com\/deutsch\/blog\/wp-content\/uploads\/air-show-torredelmar.jpg?resize=700%2C400&ssl=1 2x"},"classes":[]},{"id":2916,"url":"https:\/\/www.malagaweb.com\/deutsch\/blog\/costa-del-sol\/malaga-im-juni\/","url_meta":{"origin":4227,"position":1},"title":"Ein Besuch in M\u00e1laga im Juni und Aktivit\u00e4ten &#8211; Wie ist das Wetter?","author":"Raul GT","date":"Mai 19, 2025","format":false,"excerpt":"Wenn Sie planen, im Juni nach M\u00e1laga zu kommen, sollten Sie diesen Beitrag lesen. Ich werde Ihnen die 5 Hauptgr\u00fcnde sagen, warum es eine gute Idee ist, sowie das Wetter und die Kleidung, die Sie mitbringen sollten, als auch was f\u00fcr Aktivit\u00e4ten in diesem Monat stattfinden.","rel":"","context":"In &quot;Costa del Sol&quot;","block_context":{"text":"Costa del Sol","link":"https:\/\/www.malagaweb.com\/deutsch\/blog\/costa-del-sol\/"},"img":{"alt_text":"Juni in M\u00e1laga","src":"https:\/\/i0.wp.com\/www.malagaweb.com\/deutsch\/blog\/wp-content\/uploads\/2018\/04\/juni-malaga.jpg?resize=350%2C200&ssl=1","width":350,"height":200,"srcset":"https:\/\/i0.wp.com\/www.malagaweb.com\/deutsch\/blog\/wp-content\/uploads\/2018\/04\/juni-malaga.jpg?resize=350%2C200&ssl=1 1x, https:\/\/i0.wp.com\/www.malagaweb.com\/deutsch\/blog\/wp-content\/uploads\/2018\/04\/juni-malaga.jpg?resize=525%2C300&ssl=1 1.5x, https:\/\/i0.wp.com\/www.malagaweb.com\/deutsch\/blog\/wp-content\/uploads\/2018\/04\/juni-malaga.jpg?resize=700%2C400&ssl=1 2x, https:\/\/i0.wp.com\/www.malagaweb.com\/deutsch\/blog\/wp-content\/uploads\/2018\/04\/juni-malaga.jpg?resize=1050%2C600&ssl=1 3x"},"classes":[]},{"id":2900,"url":"https:\/\/www.malagaweb.com\/deutsch\/blog\/costa-del-sol\/wohin-in-den-urlaub\/","url_meta":{"origin":4227,"position":2},"title":"Wohin in den Urlaub im Jahr 2018? Torremolinos und Spanien sind in Mode","author":"Raul GT","date":"April 17, 2018","format":false,"excerpt":"Wenn Sie immer noch nicht wissen, wo Sie in den Urlaub fahren sollen, finden Sie in diesem Blog-Post Inspiration. Egal, ob Sie Ihren Winter- oder Sommerurlaub planen, einige Touristenziele sind das ganze Jahr \u00fcber beliebt. M\u00f6chten Sie mehr dar\u00fcber erfahren, wo Sie Urlaub machen k\u00f6nnen?","rel":"","context":"In &quot;Costa del Sol&quot;","block_context":{"text":"Costa del Sol","link":"https:\/\/www.malagaweb.com\/deutsch\/blog\/costa-del-sol\/"},"img":{"alt_text":"Wohin in den Urlaub im Jahr 2018?","src":"https:\/\/i0.wp.com\/www.malagaweb.com\/deutsch\/blog\/wp-content\/uploads\/wohin-in-den-urlaub-im-2018.jpg?resize=350%2C200&ssl=1","width":350,"height":200,"srcset":"https:\/\/i0.wp.com\/www.malagaweb.com\/deutsch\/blog\/wp-content\/uploads\/wohin-in-den-urlaub-im-2018.jpg?resize=350%2C200&ssl=1 1x, https:\/\/i0.wp.com\/www.malagaweb.com\/deutsch\/blog\/wp-content\/uploads\/wohin-in-den-urlaub-im-2018.jpg?resize=525%2C300&ssl=1 1.5x, https:\/\/i0.wp.com\/www.malagaweb.com\/deutsch\/blog\/wp-content\/uploads\/wohin-in-den-urlaub-im-2018.jpg?resize=700%2C400&ssl=1 2x, https:\/\/i0.wp.com\/www.malagaweb.com\/deutsch\/blog\/wp-content\/uploads\/wohin-in-den-urlaub-im-2018.jpg?resize=1050%2C600&ssl=1 3x"},"classes":[]},{"id":2612,"url":"https:\/\/www.malagaweb.com\/deutsch\/blog\/costa-del-sol\/malaga-im-august\/","url_meta":{"origin":4227,"position":3},"title":"M\u00e1laga im August \u2013 das Wetter und alles Wissenswerte zum Sommer","author":"Raul GT","date":"August 1, 2024","format":false,"excerpt":"Wie ist das Wetter in M\u00e1laga im August? Ben\u00f6tigt man warme Kleidung wenn man abends ausgeht? Regnet es oder ist es bew\u00f6lkt? Viele weitere Fragen werden sie besch\u00e4ftigen, w\u00e4hrend Sie Ihre Reise planen. Ich versuche, alle Fragen zu beantworten, die Sie vielleicht zum Wetter und einem Besuch in M\u00e1laga im\u2026","rel":"","context":"In &quot;Costa del Sol&quot;","block_context":{"text":"Costa del Sol","link":"https:\/\/www.malagaweb.com\/deutsch\/blog\/costa-del-sol\/"},"img":{"alt_text":"M\u00e1laga im August","src":"https:\/\/i0.wp.com\/www.malagaweb.com\/deutsch\/blog\/wp-content\/uploads\/weather-august.jpg?resize=350%2C200&ssl=1","width":350,"height":200,"srcset":"https:\/\/i0.wp.com\/www.malagaweb.com\/deutsch\/blog\/wp-content\/uploads\/weather-august.jpg?resize=350%2C200&ssl=1 1x, https:\/\/i0.wp.com\/www.malagaweb.com\/deutsch\/blog\/wp-content\/uploads\/weather-august.jpg?resize=525%2C300&ssl=1 1.5x, https:\/\/i0.wp.com\/www.malagaweb.com\/deutsch\/blog\/wp-content\/uploads\/weather-august.jpg?resize=700%2C400&ssl=1 2x"},"classes":[]},{"id":2622,"url":"https:\/\/www.malagaweb.com\/deutsch\/blog\/costa-del-sol\/malaga-im-september\/","url_meta":{"origin":4227,"position":4},"title":"M\u00e1laga im September \u2013 Alles Wissenswerte","author":"Raul GT","date":"September 1, 2025","format":false,"excerpt":"Nun, gegen Ende August, w\u00e4hrend sich viele von Ihnen bereits wieder auf der Heimreise und zur\u00fcck zur Arbeit befinden, packen andere ihre Kofler f\u00fcr ihren Urlaub in M\u00e1laga. Viele Touristen bevorzugen September statt August f\u00fcr ihren Urlaub. Gegen Ende August nimmt die Zahl der Badet\u00fccher am Strand bereits ab, ein\u2026","rel":"","context":"In &quot;Costa del Sol&quot;","block_context":{"text":"Costa del Sol","link":"https:\/\/www.malagaweb.com\/deutsch\/blog\/costa-del-sol\/"},"img":{"alt_text":"Malaga im September","src":"https:\/\/i0.wp.com\/www.malagaweb.com\/deutsch\/blog\/wp-content\/uploads\/2024\/09\/malaga-costadelsol-september.jpg?resize=350%2C200&ssl=1","width":350,"height":200,"srcset":"https:\/\/i0.wp.com\/www.malagaweb.com\/deutsch\/blog\/wp-content\/uploads\/2024\/09\/malaga-costadelsol-september.jpg?resize=350%2C200&ssl=1 1x, https:\/\/i0.wp.com\/www.malagaweb.com\/deutsch\/blog\/wp-content\/uploads\/2024\/09\/malaga-costadelsol-september.jpg?resize=525%2C300&ssl=1 1.5x, https:\/\/i0.wp.com\/www.malagaweb.com\/deutsch\/blog\/wp-content\/uploads\/2024\/09\/malaga-costadelsol-september.jpg?resize=700%2C400&ssl=1 2x, https:\/\/i0.wp.com\/www.malagaweb.com\/deutsch\/blog\/wp-content\/uploads\/2024\/09\/malaga-costadelsol-september.jpg?resize=1050%2C600&ssl=1 3x"},"classes":[]},{"id":2451,"url":"https:\/\/www.malagaweb.com\/deutsch\/blog\/costa-del-sol\/maerz-in-malaga\/","url_meta":{"origin":4227,"position":5},"title":"Ein Besuch in M\u00e1laga im M\u00e4rz \u2013 wie ist das Wetter?","author":"Raul GT","date":"M\u00e4rz 3, 2022","format":false,"excerpt":"M\u00e4rz ist der \u00dcbergangsmonat, ein \u00dcbergang zwischen Winter und Fr\u00fchling. Obwohl der Fr\u00fchling offiziell am 20. M\u00e4rz beginnt, ist M\u00e1laga in der Regel voraus und zu Beginn des Monats k\u00f6nnen Sie eine starken Temperaturanstieg feststellen. Fragen sind zum Beispiel, ob wir am Strand baden k\u00f6nnen oder das Wasser noch kalt\u2026","rel":"","context":"In &quot;Costa del Sol&quot;","block_context":{"text":"Costa del Sol","link":"https:\/\/www.malagaweb.com\/deutsch\/blog\/costa-del-sol\/"},"img":{"alt_text":"Wettervorhersage-maerz","src":"https:\/\/i0.wp.com\/www.malagaweb.com\/deutsch\/blog\/wp-content\/uploads\/Wettervorhersage-maerz.jpg?resize=350%2C200&ssl=1","width":350,"height":200,"srcset":"https:\/\/i0.wp.com\/www.malagaweb.com\/deutsch\/blog\/wp-content\/uploads\/Wettervorhersage-maerz.jpg?resize=350%2C200&ssl=1 1x, https:\/\/i0.wp.com\/www.malagaweb.com\/deutsch\/blog\/wp-content\/uploads\/Wettervorhersage-maerz.jpg?resize=525%2C300&ssl=1 1.5x"},"classes":[]}],"jetpack_sharing_enabled":true,"_links":{"self":[{"href":"https:\/\/www.malagaweb.com\/deutsch\/blog\/wp-json\/wp\/v2\/posts\/4227","targetHints":{"allow":["GET"]}}],"collection":[{"href":"https:\/\/www.malagaweb.com\/deutsch\/blog\/wp-json\/wp\/v2\/posts"}],"about":[{"href":"https:\/\/www.malagaweb.com\/deutsch\/blog\/wp-json\/wp\/v2\/types\/post"}],"author":[{"embeddable":true,"href":"https:\/\/www.malagaweb.com\/deutsch\/blog\/wp-json\/wp\/v2\/users\/1"}],"replies":[{"embeddable":true,"href":"https:\/\/www.malagaweb.com\/deutsch\/blog\/wp-json\/wp\/v2\/comments?post=4227"}],"version-history":[{"count":12,"href":"https:\/\/www.malagaweb.com\/deutsch\/blog\/wp-json\/wp\/v2\/posts\/4227\/revisions"}],"predecessor-version":[{"id":4673,"href":"https:\/\/www.malagaweb.com\/deutsch\/blog\/wp-json\/wp\/v2\/posts\/4227\/revisions\/4673"}],"wp:featuredmedia":[{"embeddable":true,"href":"https:\/\/www.malagaweb.com\/deutsch\/blog\/wp-json\/wp\/v2\/media\/4228"}],"wp:attachment":[{"href":"https:\/\/www.malagaweb.com\/deutsch\/blog\/wp-json\/wp\/v2\/media?parent=4227"}],"wp:term":[{"taxonomy":"category","embeddable":true,"href":"https:\/\/www.malagaweb.com\/deutsch\/blog\/wp-json\/wp\/v2\/categories?post=4227"},{"taxonomy":"post_tag","embeddable":true,"href":"https:\/\/www.malagaweb.com\/deutsch\/blog\/wp-json\/wp\/v2\/tags?post=4227"}],"curies":[{"name":"wp","href":"https:\/\/api.w.org\/{rel}","templated":true}]}}