{"id":342,"date":"2023-01-24T11:00:01","date_gmt":"2023-01-24T11:00:01","guid":{"rendered":"http:\/\/www.malagaweb.com\/deutsch\/blog\/costa-del-sol\/aktivitaeten-358\/"},"modified":"2023-01-25T08:23:54","modified_gmt":"2023-01-25T08:23:54","slug":"februar-fruehlingszeit-malaga","status":"publish","type":"post","link":"https:\/\/www.malagaweb.com\/deutsch\/blog\/costa-del-sol\/februar-fruehlingszeit-malaga\/","title":{"rendered":"Februar\u00a0\u2013 Der Monat der Mandelbl\u00fcte und Fr\u00fchlingszeit in M\u00e1laga"},"content":{"rendered":"<p>Die kalte Jahreszeit liegt fast hinter uns, man merkt bereits den Anstieg der Temperaturen kurz vor Beginn des Monats Februar.<\/p>\n<p><img decoding=\"async\" class=\"aligncenter size-large wp-image-3231 img-responsive\" loading=\"lazy\" src=\"https:\/\/www.malagaweb.com\/blog\/wp-content\/uploads\/2012\/02\/almond-blossom-ronda-500x375.jpg\" alt=\"almond-blossom-ronda\" width=\"500\" height=\"375\" \/><\/p>\n<blockquote><p>Eines der ersten Anzeichen, das uns den unmittelbar bevorstehenden Beginn des Fr\u00fchlings anzeigt ist, die Mandelbl\u00fcte.<\/p><\/blockquote>\n<h2>Fr\u00fchling in M\u00e1laga: Wie ist das Wetter im Februar?<\/h2>\n<p>Die <a href=\"https:\/\/www.malagaweb.com\/deutsch\/blog\/nachrichten\/kaltewelle-schnee-malaga\/\">K\u00e4ltewelle die wir Mitte Januar<\/a> erlebt hattenist untypisch f\u00fcr die Costa del Sol. In der Provinz M\u00e1laga, deren K\u00fcsten vom Mittelmeer und dem ganzj\u00e4hrig wohltuenden Klima umgeben sind, ist der Winter praktisch nicht existent und dauert im schlimmsten Fall einige Tage.<\/p>\n<p>W\u00e4hrend sogar ein gro\u00dfer Teil der Halbinsel mit einer wei\u00dfen Decke bedeckt ist, wandelt sich der Herbst fast unmerklich in den Fr\u00fchling; ein Fr\u00fchling, der Anfang Februar in M\u00e1laga Gestalt annimmt.<\/p>\n<p>Eines der ersten Zeichen, das uns \u00fcber das bevorstehende Fr\u00fchlingswetter informiert, ist die Mandelbl\u00fcte.<\/p>\n<p>Ein Wanderweg zeigt dem Spazierg\u00e4nger Landschaften, in denen sich die Farben rosa und wei\u00df der Mandelb\u00e4ume hervorheben. Ein wahrer Genuss f\u00fcr Ihre Sinne.<\/p>\n<h3>Regnet es im Februar in Malaga? Wie ist die Temperatur?<\/h3>\n<p>Die Temperatur liegt normalerweise tags\u00fcber bei etwa 18\/20\u00b0C, obwohl sie morgens oder nachts 8\u00b0C oder weniger erreichen kann. Der Februar k\u00f6nnte mit dem kalten Wetter von Ende Januar beginnen. Es ist der Monat, in dem die Temperatur steigt.<\/p>\n<p>Es k\u00f6nnte in diesem Monat laut historischem Register etwa 5 Tage regnen, aber es wird im Allgemeinen nicht l\u00e4nger als 1 oder 2 Tage dauern.<\/p>\n<p>Im Jahr 2018, am 9. Februar, war die Temperatur um 7 Uhr morgens noch 3\u00b0C, um 9 Uhr 9\u00b0C und am Nachmittag um 18\u00b0C. Diese Situation wird jedoch nicht lange anhalten und die Temperaturen werden noch steigen, bevor der Monat endet.<\/p>\n<h3>Schwimmen im Meer im Februar<\/h3>\n<p>Wenn Sie Ende Februar anreisen, sollten Sie Ihre Badesachen nicht vergessen. Das Wasser ist f\u00fcr viele noch kalt, aber es gibt auch diejenigen, die einen sch\u00f6nen Tag am Strand genie\u00dfen, und sei es nur, um sich zu sonnen und die F\u00fc\u00dfe nass zu machen. Es ist nicht ungew\u00f6hnlich, Ausl\u00e4nder zu sehen, die im Februar baden und einen Tag am Strand genie\u00dfen.<\/p>\n<figure id=\"attachment_9469\" aria-describedby=\"caption-attachment-9469\" style=\"width: 1200px\" class=\"wp-caption aligncenter\"><a href=\"https:\/\/www.malagaweb.com\/espanol\/blog\/wp-content\/uploads\/2020\/01\/windsurf-playa-torremolinos.jpg\" itemprop=\"contentUrl\"  data-gallery title=\"Februar\u00a0\u2013 Der Monat der Mandelbl\u00fcte und Fr\u00fchlingszeit in M\u00e1laga\"><img decoding=\"async\" class=\"wp-image-9469 size-full img-responsive\" loading=\"lazy\" src=\"https:\/\/www.malagaweb.com\/espanol\/blog\/wp-content\/uploads\/2020\/01\/windsurf-playa-torremolinos.jpg\" alt=\"Windsurf en la playa de Torremolinos\" width=\"1200\" height=\"540\" \/><\/a><figcaption id=\"caption-attachment-9469\" class=\"wp-caption-text\">Windsurfen Ende Januar in Torremolinos.<\/figcaption><\/figure>\n<p>Die Wassertemperatur liegt w\u00e4hrend des gesamten Monats zwischen 14\u00baC und 15\u00baC. Der Wind ist k\u00fchl, aber man kann am Ufer spazieren gehen und die Mutigeren k\u00f6nnen ein schnelles, erfrischendes Bad nehmen.<\/p>\n<h3>Welche Kleidung sollte man im Februar f\u00fcr Malaga mitnehmen?<\/h3>\n<p>Vor dem Packen \u00fcberpr\u00fcfen Sie das Wetter am Morgen, Mittag und Abend in Malaga. Der Fr\u00fchling k\u00f6nnte fr\u00fcher oder sp\u00e4ter in diesem Monat ankommen, gehen Sie lieber sicher und so k\u00f6nnen Sie Platz in Ihrem Gep\u00e4ck sparen.<\/p>\n<p>Wenn Sie Ende Februar kommen, vergessen Sie nicht Ihren Badeanzug. Das Wasser ist immer noch kalt f\u00fcr die Einheimischen, aber nicht f\u00fcr diejenigen von euch, die im Norden leben. Es ist nicht au\u00dfergew\u00f6hnlich, dass Ausl\u00e4nder im Februar einen.<\/p>\n<p><strong>Strandtag genie\u00dfen<\/strong><\/p>\n<ul>\n<li>Geschlossene Schuhe<\/li>\n<li>Jacke und lang\u00e4rmelige Hemden f\u00fcr den Abend.<\/li>\n<li>Shorts und T-Shirts.<\/li>\n<li>Lange Hosen.<\/li>\n<li>Badeanzug und Sandalen, wenn Sie vorhaben, an den Strand zu gehen.<\/li>\n<\/ul>\n<h2>Fr\u00fchlingswanderungen bei einem Besuch von M\u00e1laga im Februar<\/h2>\n<p>Das kalte Wetter, das wir Mitte Januar erlebt haben ist untypisch f\u00fcr die Costa del Sol. In der der Provinz M\u00e1laga, deren K\u00fcsten vom Mittelmeer umsp\u00fclt werden und mit einem milden Klima das ganze Jahr \u00fcber, existiert der Winter praktisch nicht und dauert im schlimmsten Fall nur ein paar Tage.<\/p>\n<p>W\u00e4hrend sogar ein guter Teil der Halbinsel mit einem wei\u00dfen Tuch bedeck ist, geht der Herbst fast unbemerkt in der Fr\u00fchling \u00fcber, ein Fr\u00fchling der zu Beginn des Februars langsam Gestalt annimmt.<\/p>\n<p><span id=\"result_box\" class=\"\" lang=\"en\"><span class=\"\">Eines der ersten Anzeichen, das uns\u00a0 den unmittelbar bevorstehenden Beginn des Fr\u00fchlings anzeigt ist, die Mandelbl\u00fcte. <\/span><\/span><\/p>\n<p>Entlang eines Wanderweges entdeckt der Spazierg\u00e4nger Landschaften mit den herausragenden T\u00f6nen in zartem rosa und wei\u00df der Mandelb\u00e4ume. Ein wahrer Genuss f\u00fcr die Sinne.<\/p>\n<h3>Wanderungen im Fr\u00fchling<\/h3>\n<p>Wenn du M\u00e1laga besuchst, sei es zum <a href=\"https:\/\/www.malagaweb.com\/deutsch\/blog\/veranstaltungen\/valentinstag\/\">Valentinstag<\/a>, dem <a href=\"https:\/\/www.malagaweb.com\/deutsch\/urlaub\/karneval.php\">Karneval<\/a> oder einfach um ein paar Tage dem eisigen Griff des Winters in deinem Heimatland zu entfliehen, empfehle ich einen Besuch der Wei\u00dfen D\u00f6rfer um die Mandelbl\u00fcte zu genie\u00dfen.<\/p>\n<p>Besonders zu empfehlen sind die Regionen der Axarqu\u00eda, das Guadalhorce Tal, die <a href=\"https:\/\/www.malagaweb.com\/deutsch\/andalusien\/naturparks\/sierra-de-las-nieves\/\">Sierra de las Nieve<\/a>s und <a href=\"https:\/\/www.malagaweb.com\/deutsch\/andalusien\/naturparks\/berge-malaga\/\">Montes de M\u00e1laga<\/a>, nur wenige Kilometer von der K\u00fcste entfernt.<\/p>\n<p>Die sogenannte Ruta de los Almendros (Mandel Route) f\u00fchrt entlang einiger malerischer Landschaften und D\u00f6rfer des Guadalhorce Tales, das auch als Obstgarten von M\u00e1laga bekannt ist. Orte entlang dieser Route sind Almog\u00eda, Alora (<a href=\"https:\/\/www.malagaweb.com\/deutsch\/andalusien\/naturparks\/desfiladero-gaitanes\/\">Naturgegend Desfiladero de los Gaitanes<\/a>) und C\u00e1rtama, wo man auch aus Mandeln hergestellte Produkte kaufen kann.<\/p>\n<p><img decoding=\"async\" class=\"aligncenter size-large wp-image-3232 img-responsive\" loading=\"lazy\" src=\"https:\/\/www.malagaweb.com\/blog\/wp-content\/uploads\/2012\/02\/ruta-almendros-malaga-500x375.jpg\" alt=\"Almond route in Malaga\" width=\"500\" height=\"375\" \/><\/p>\n<p>Eine weitere Route f\u00fchrt uns durch das sch\u00f6ne Tal und die Berge des Guadalteba, zu den Orten Carratraca oder Ardales; oder die Sierra de las Nieves (n\u00f6rdlich von Marbella und die Orte Tolox und Guaro.<\/p>\n<p>Auch die \u00f6stliche Costa del Sol mit den h\u00f6chsten Bergen in der Provinz bietet zu dieser Jahreszeit eine <a href=\"https:\/\/www.malagaweb.com\/deutsch\/orte\/weissen-doerfer.php\">sch\u00f6ne Landschaft<\/a> in Wei\u00df und Rosa. In der sogenannten Axarqu\u00eda gibt es ganze Felder mit Mandelb\u00e4umen in den D\u00f6rfern Arenas und Daimalos (nord\u00f6stlich von V\u00e9lez-M\u00e1laga) oder Total\u00e1n (\u00f6stlich von M\u00e1laga).<\/p>\n<p>Also the easternmost Costa del Sol, with its highest mountains in the province offers at this time of year<a href=\"https:\/\/www.malagaweb.com\/towns\/white-villages.php\"> beautiful countryside<\/a> in white and pink. In the so-called Axarquia, we can see fields of almond trees in the villages of Arenas and Daimalos (northeast of Velez-Malaga) or Totalan(east of Malaga capital).<\/p>\n<p>Andere Orte in der Axarqu\u00eda in denen man eine sch\u00f6ne Aussicht auf Mandelbl\u00fcten hat sind Moclinejo, Macharaviaya, Comares, Riogordo, Periana, Alfarnate, Colmenar (in Richtung Norden zischen M\u00e1laga und V\u00e9lez-M\u00e1laga) und Algarrobo oder Sayalonga (\u00f6stlich von Velez-M\u00e1laga).<\/p>\n<p><span class=\"embed-youtube\" style=\"text-align:center; display: block;\"><iframe loading=\"lazy\" class=\"youtube-player\" width=\"660\" height=\"372\" src=\"https:\/\/www.youtube.com\/embed\/CxbbH8xNISw?version=3&#038;rel=1&#038;showsearch=0&#038;showinfo=1&#038;iv_load_policy=1&#038;fs=1&#038;hl=de-DE&#038;autohide=2&#038;wmode=transparent\" allowfullscreen=\"true\" style=\"border:0;\" sandbox=\"allow-scripts allow-same-origin allow-popups allow-presentation allow-popups-to-escape-sandbox\"><\/iframe><\/span><\/p>\n<h2>Veranstaltungen im Februar in M\u00e1laga<\/h2>\n<p>Diejenigen, die nach M\u00e1laga kommen, finden einige interessante Aktivit\u00e4ten:<\/p>\n<h3>Suppe 7 Ramales in El Burgo am 28. Februar<\/h3>\n<p>Am 28. Februar findet eine Veranstaltung im Rahmen des Andalusien Tages in El Burgo statt. Die traditionelle Veranstaltung &#8218;Sopa de los 7 Ramales&#8216; ist sehr interessant f\u00fcr alle, die gerne die typische Gastronomie dieses Wei\u00dfen Dorfes kosten m\u00f6chten. Das Fest wurde zur touristischen Singularit\u00e4t der Provinz M\u00e1laga erkl\u00e4rt.<\/p>\n<p>Dieses typische Gericht von El Burgo diente in der Vergangenheit als Nahrung f\u00fcr die Bauern und wird mit den folgenden Produkten der Gemeinde gemacht: traditionelles Brot, Knoblauch, Kartoffeln, Tomaten, Spargel, Ei und Paprika.<\/p>\n<p>Der Name dieser Suppe stammt aus den 7 frischen Zutaten, die bei der Zubereitung verwendet werden.<\/p>\n<p>Au\u00dfer der Verk\u00f6stigung der Suppe gibt es auch diverse Aktivit\u00e4ten f\u00fcr alle Altersgruppen. Gef\u00fchrte Touren oder Musik , als auch einen Handwerks Markt; alles Notwendige f\u00fcr einen sch\u00f6nen Tag mit der Familie und Kindern oder mit Freunden in diesem malerischen Ort von M\u00e1laga.<\/p>\n<p>Das in der Sierra de las Nieves gelegene Dorf ist ideal zum Wandern. Einige der Orte, deren Besuch besonders zu empfehlen ist, sind der Wasserfall an Fluss Turon und das Erholungsgebiet von La Fuensanta.<\/p>\n<h3>Andalusien Tag am 28. Februar<\/h3>\n<p>Au\u00dfer dem Festival in El Burgo gibt es viele Veranstaltungen und Aktivit\u00e4ten am 28. Februar, den Andalusien Tag und Feiertag in dieser autonomen Region.<\/p>\n<p>Torremolinos, Marbella, M\u00e1laga und viele weitere Orte feiern den Andalusien Tag mit Gastronomie und St\u00e4nden mit Kunsthandwerk sowie Live Musik und traditionellen T\u00e4nzen.<\/p>\n","protected":false},"excerpt":{"rendered":"<p>Dieses widrige Klima ist unbekannt an der Costa del Sol von M\u00e1laga in S\u00fcdspanien. In dieser Provinz, deren K\u00fcsten vom Mittelmeer und einem ganzj\u00e4hrig milden Klima liebkost werden, ist der Winter praktisch nicht existent.<\/p>\n","protected":false},"author":1,"featured_media":2410,"comment_status":"open","ping_status":"closed","sticky":false,"template":"","format":"standard","meta":{"jetpack_post_was_ever_published":false,"_jetpack_newsletter_access":"","_jetpack_dont_email_post_to_subs":true,"_jetpack_newsletter_tier_id":0,"_jetpack_memberships_contains_paywalled_content":false,"_jetpack_memberships_contains_paid_content":false,"footnotes":"","jetpack_publicize_message":"","jetpack_publicize_feature_enabled":true,"jetpack_social_post_already_shared":true,"jetpack_social_options":{"image_generator_settings":{"template":"highway","default_image_id":0,"font":"","enabled":false},"version":2}},"categories":[1],"tags":[74,116,7,115],"class_list":["post-342","post","type-post","status-publish","format-standard","has-post-thumbnail","hentry","category-costa-del-sol","tag-dorfer-von-malaga","tag-februar","tag-malaga","tag-wanderungen"],"yoast_head":"<!-- This site is optimized with the Yoast SEO plugin v27.5 - https:\/\/yoast.com\/product\/yoast-seo-wordpress\/ -->\n<title>Februar - Monat der Mandelbl\u00fcte in der Provinz M\u00e1laga<\/title>\n<meta name=\"description\" content=\"W\u00e4hrend die Autorin diesen Blog verfasst, zittert fast ganz Europa unter dem eisigen Einfluss von K\u00e4ltemassen aus Sibirien...\" \/>\n<meta name=\"robots\" content=\"index, follow, max-snippet:-1, max-image-preview:large, max-video-preview:-1\" \/>\n<link rel=\"canonical\" href=\"https:\/\/www.malagaweb.com\/deutsch\/blog\/ausfluge\/februar-fruehlingszeit-malaga\/\" \/>\n<meta property=\"og:locale\" content=\"de_DE\" \/>\n<meta property=\"og:type\" content=\"article\" \/>\n<meta property=\"og:title\" content=\"Februar - Monat der Mandelbl\u00fcte in der Provinz M\u00e1laga\" \/>\n<meta property=\"og:description\" content=\"W\u00e4hrend die Autorin diesen Blog verfasst, zittert fast ganz Europa unter dem eisigen Einfluss von K\u00e4ltemassen aus Sibirien...\" \/>\n<meta property=\"og:url\" content=\"https:\/\/www.malagaweb.com\/deutsch\/blog\/ausfluge\/februar-fruehlingszeit-malaga\/\" \/>\n<meta property=\"og:site_name\" content=\"M\u00e1laga Reiseblog\" \/>\n<meta property=\"article:publisher\" content=\"https:\/\/www.facebook.com\/Malaga.CostadelSol\/\" \/>\n<meta property=\"article:author\" content=\"https:\/\/www.facebook.com\/Malaga.CostadelSol\/\" \/>\n<meta property=\"article:published_time\" content=\"2023-01-24T11:00:01+00:00\" \/>\n<meta property=\"article:modified_time\" content=\"2023-01-25T08:23:54+00:00\" \/>\n<meta property=\"og:image\" content=\"https:\/\/www.malagaweb.com\/deutsch\/blog\/wp-content\/uploads\/ruta-almendros-malaga.jpg\" \/>\n\t<meta property=\"og:image:width\" content=\"960\" \/>\n\t<meta property=\"og:image:height\" content=\"720\" \/>\n\t<meta property=\"og:image:type\" content=\"image\/jpeg\" \/>\n<meta name=\"author\" content=\"Raul GT\" \/>\n<meta name=\"twitter:card\" content=\"summary_large_image\" \/>\n<meta name=\"twitter:creator\" content=\"@Raul_GT\" \/>\n<meta name=\"twitter:site\" content=\"@malagaweb\" \/>\n<meta name=\"twitter:label1\" content=\"Verfasst von\" \/>\n\t<meta name=\"twitter:data1\" content=\"Raul GT\" \/>\n\t<meta name=\"twitter:label2\" content=\"Gesch\u00e4tzte Lesezeit\" \/>\n\t<meta name=\"twitter:data2\" content=\"8\u00a0Minuten\" \/>\n<script type=\"application\/ld+json\" class=\"yoast-schema-graph\">{\"@context\":\"https:\\\/\\\/schema.org\",\"@graph\":[{\"@type\":\"Article\",\"@id\":\"https:\\\/\\\/www.malagaweb.com\\\/deutsch\\\/blog\\\/ausfluge\\\/februar-fruehlingszeit-malaga\\\/#article\",\"isPartOf\":{\"@id\":\"https:\\\/\\\/www.malagaweb.com\\\/deutsch\\\/blog\\\/costa-del-sol\\\/februar-fruehlingszeit-malaga\\\/\"},\"author\":{\"name\":\"Raul GT\",\"@id\":\"https:\\\/\\\/www.malagaweb.com\\\/deutsch\\\/blog\\\/#\\\/schema\\\/person\\\/76d0077c0c576973f982afbdb09a6653\"},\"headline\":\"Februar\u00a0\u2013 Der Monat der Mandelbl\u00fcte und Fr\u00fchlingszeit in M\u00e1laga\",\"datePublished\":\"2023-01-24T11:00:01+00:00\",\"dateModified\":\"2023-01-25T08:23:54+00:00\",\"mainEntityOfPage\":{\"@id\":\"https:\\\/\\\/www.malagaweb.com\\\/deutsch\\\/blog\\\/costa-del-sol\\\/februar-fruehlingszeit-malaga\\\/\"},\"wordCount\":1284,\"commentCount\":0,\"image\":{\"@id\":\"https:\\\/\\\/www.malagaweb.com\\\/deutsch\\\/blog\\\/ausfluge\\\/februar-fruehlingszeit-malaga\\\/#primaryimage\"},\"thumbnailUrl\":\"https:\\\/\\\/www.malagaweb.com\\\/deutsch\\\/blog\\\/wp-content\\\/uploads\\\/ruta-almendros-malaga.jpg\",\"keywords\":[\"D\u00f6rfer von M\u00e1laga\",\"Februar\",\"Malaga\",\"Wanderungen\"],\"articleSection\":[\"Costa del Sol\"],\"inLanguage\":\"de\",\"potentialAction\":[{\"@type\":\"CommentAction\",\"name\":\"Comment\",\"target\":[\"https:\\\/\\\/www.malagaweb.com\\\/deutsch\\\/blog\\\/ausfluge\\\/februar-fruehlingszeit-malaga\\\/#respond\"]}]},{\"@type\":\"WebPage\",\"@id\":\"https:\\\/\\\/www.malagaweb.com\\\/deutsch\\\/blog\\\/costa-del-sol\\\/februar-fruehlingszeit-malaga\\\/\",\"url\":\"https:\\\/\\\/www.malagaweb.com\\\/deutsch\\\/blog\\\/ausfluge\\\/februar-fruehlingszeit-malaga\\\/\",\"name\":\"Februar - Monat der Mandelbl\u00fcte in der Provinz M\u00e1laga\",\"isPartOf\":{\"@id\":\"https:\\\/\\\/www.malagaweb.com\\\/deutsch\\\/blog\\\/#website\"},\"primaryImageOfPage\":{\"@id\":\"https:\\\/\\\/www.malagaweb.com\\\/deutsch\\\/blog\\\/ausfluge\\\/februar-fruehlingszeit-malaga\\\/#primaryimage\"},\"image\":{\"@id\":\"https:\\\/\\\/www.malagaweb.com\\\/deutsch\\\/blog\\\/ausfluge\\\/februar-fruehlingszeit-malaga\\\/#primaryimage\"},\"thumbnailUrl\":\"https:\\\/\\\/www.malagaweb.com\\\/deutsch\\\/blog\\\/wp-content\\\/uploads\\\/ruta-almendros-malaga.jpg\",\"datePublished\":\"2023-01-24T11:00:01+00:00\",\"dateModified\":\"2023-01-25T08:23:54+00:00\",\"author\":{\"@id\":\"https:\\\/\\\/www.malagaweb.com\\\/deutsch\\\/blog\\\/#\\\/schema\\\/person\\\/76d0077c0c576973f982afbdb09a6653\"},\"description\":\"W\u00e4hrend die Autorin diesen Blog verfasst, zittert fast ganz Europa unter dem eisigen Einfluss von K\u00e4ltemassen aus Sibirien...\",\"breadcrumb\":{\"@id\":\"https:\\\/\\\/www.malagaweb.com\\\/deutsch\\\/blog\\\/ausfluge\\\/februar-fruehlingszeit-malaga\\\/#breadcrumb\"},\"inLanguage\":\"de\",\"potentialAction\":[{\"@type\":\"ReadAction\",\"target\":[\"https:\\\/\\\/www.malagaweb.com\\\/deutsch\\\/blog\\\/ausfluge\\\/februar-fruehlingszeit-malaga\\\/\"]}]},{\"@type\":\"ImageObject\",\"inLanguage\":\"de\",\"@id\":\"https:\\\/\\\/www.malagaweb.com\\\/deutsch\\\/blog\\\/ausfluge\\\/februar-fruehlingszeit-malaga\\\/#primaryimage\",\"url\":\"https:\\\/\\\/www.malagaweb.com\\\/deutsch\\\/blog\\\/wp-content\\\/uploads\\\/ruta-almendros-malaga.jpg\",\"contentUrl\":\"https:\\\/\\\/www.malagaweb.com\\\/deutsch\\\/blog\\\/wp-content\\\/uploads\\\/ruta-almendros-malaga.jpg\",\"width\":960,\"height\":720,\"caption\":\"Februar - Monat der Mandelbl\u00fcte\"},{\"@type\":\"BreadcrumbList\",\"@id\":\"https:\\\/\\\/www.malagaweb.com\\\/deutsch\\\/blog\\\/ausfluge\\\/februar-fruehlingszeit-malaga\\\/#breadcrumb\",\"itemListElement\":[{\"@type\":\"ListItem\",\"position\":1,\"name\":\"Blog\",\"item\":\"https:\\\/\\\/www.malagaweb.com\\\/deutsch\\\/blog\\\/\"},{\"@type\":\"ListItem\",\"position\":2,\"name\":\"Februar\u00a0\u2013 Der Monat der Mandelbl\u00fcte und Fr\u00fchlingszeit in M\u00e1laga\"}]},{\"@type\":\"WebSite\",\"@id\":\"https:\\\/\\\/www.malagaweb.com\\\/deutsch\\\/blog\\\/#website\",\"url\":\"https:\\\/\\\/www.malagaweb.com\\\/deutsch\\\/blog\\\/\",\"name\":\"M\u00e1laga Reiseblog\",\"description\":\"Reise und Tourismusratgeber, Tipps, Ausfl\u00fcge und vieles mehr\",\"potentialAction\":[{\"@type\":\"SearchAction\",\"target\":{\"@type\":\"EntryPoint\",\"urlTemplate\":\"https:\\\/\\\/www.malagaweb.com\\\/deutsch\\\/blog\\\/?s={search_term_string}\"},\"query-input\":{\"@type\":\"PropertyValueSpecification\",\"valueRequired\":true,\"valueName\":\"search_term_string\"}}],\"inLanguage\":\"de\"},{\"@type\":\"Person\",\"@id\":\"https:\\\/\\\/www.malagaweb.com\\\/deutsch\\\/blog\\\/#\\\/schema\\\/person\\\/76d0077c0c576973f982afbdb09a6653\",\"name\":\"Raul GT\",\"image\":{\"@type\":\"ImageObject\",\"inLanguage\":\"de\",\"@id\":\"https:\\\/\\\/secure.gravatar.com\\\/avatar\\\/355bb21897b371342e002159d93cc5a3dcf5add74aab5d2183293cebb23ac386?s=96&r=g\",\"url\":\"https:\\\/\\\/secure.gravatar.com\\\/avatar\\\/355bb21897b371342e002159d93cc5a3dcf5add74aab5d2183293cebb23ac386?s=96&r=g\",\"contentUrl\":\"https:\\\/\\\/secure.gravatar.com\\\/avatar\\\/355bb21897b371342e002159d93cc5a3dcf5add74aab5d2183293cebb23ac386?s=96&r=g\",\"caption\":\"Raul GT\"},\"description\":\"Reiseblogger, Webentwickler und Content-Editor. Autor vieler Reisef\u00fchrer und Tipps \u00fcber Andalusien, Malaga und Spanien.\",\"sameAs\":[\"https:\\\/\\\/www.facebook.com\\\/Malaga.CostadelSol\\\/\",\"https:\\\/\\\/x.com\\\/Raul_GT\"]}]}<\/script>\n<!-- \/ Yoast SEO plugin. -->","yoast_head_json":{"title":"Februar - Monat der Mandelbl\u00fcte in der Provinz M\u00e1laga","description":"W\u00e4hrend die Autorin diesen Blog verfasst, zittert fast ganz Europa unter dem eisigen Einfluss von K\u00e4ltemassen aus Sibirien...","robots":{"index":"index","follow":"follow","max-snippet":"max-snippet:-1","max-image-preview":"max-image-preview:large","max-video-preview":"max-video-preview:-1"},"canonical":"https:\/\/www.malagaweb.com\/deutsch\/blog\/ausfluge\/februar-fruehlingszeit-malaga\/","og_locale":"de_DE","og_type":"article","og_title":"Februar - Monat der Mandelbl\u00fcte in der Provinz M\u00e1laga","og_description":"W\u00e4hrend die Autorin diesen Blog verfasst, zittert fast ganz Europa unter dem eisigen Einfluss von K\u00e4ltemassen aus Sibirien...","og_url":"https:\/\/www.malagaweb.com\/deutsch\/blog\/ausfluge\/februar-fruehlingszeit-malaga\/","og_site_name":"M\u00e1laga Reiseblog","article_publisher":"https:\/\/www.facebook.com\/Malaga.CostadelSol\/","article_author":"https:\/\/www.facebook.com\/Malaga.CostadelSol\/","article_published_time":"2023-01-24T11:00:01+00:00","article_modified_time":"2023-01-25T08:23:54+00:00","og_image":[{"width":960,"height":720,"url":"https:\/\/www.malagaweb.com\/deutsch\/blog\/wp-content\/uploads\/ruta-almendros-malaga.jpg","type":"image\/jpeg"}],"author":"Raul GT","twitter_card":"summary_large_image","twitter_creator":"@Raul_GT","twitter_site":"@malagaweb","twitter_misc":{"Verfasst von":"Raul GT","Gesch\u00e4tzte Lesezeit":"8\u00a0Minuten"},"schema":{"@context":"https:\/\/schema.org","@graph":[{"@type":"Article","@id":"https:\/\/www.malagaweb.com\/deutsch\/blog\/ausfluge\/februar-fruehlingszeit-malaga\/#article","isPartOf":{"@id":"https:\/\/www.malagaweb.com\/deutsch\/blog\/costa-del-sol\/februar-fruehlingszeit-malaga\/"},"author":{"name":"Raul GT","@id":"https:\/\/www.malagaweb.com\/deutsch\/blog\/#\/schema\/person\/76d0077c0c576973f982afbdb09a6653"},"headline":"Februar\u00a0\u2013 Der Monat der Mandelbl\u00fcte und Fr\u00fchlingszeit in M\u00e1laga","datePublished":"2023-01-24T11:00:01+00:00","dateModified":"2023-01-25T08:23:54+00:00","mainEntityOfPage":{"@id":"https:\/\/www.malagaweb.com\/deutsch\/blog\/costa-del-sol\/februar-fruehlingszeit-malaga\/"},"wordCount":1284,"commentCount":0,"image":{"@id":"https:\/\/www.malagaweb.com\/deutsch\/blog\/ausfluge\/februar-fruehlingszeit-malaga\/#primaryimage"},"thumbnailUrl":"https:\/\/www.malagaweb.com\/deutsch\/blog\/wp-content\/uploads\/ruta-almendros-malaga.jpg","keywords":["D\u00f6rfer von M\u00e1laga","Februar","Malaga","Wanderungen"],"articleSection":["Costa del Sol"],"inLanguage":"de","potentialAction":[{"@type":"CommentAction","name":"Comment","target":["https:\/\/www.malagaweb.com\/deutsch\/blog\/ausfluge\/februar-fruehlingszeit-malaga\/#respond"]}]},{"@type":"WebPage","@id":"https:\/\/www.malagaweb.com\/deutsch\/blog\/costa-del-sol\/februar-fruehlingszeit-malaga\/","url":"https:\/\/www.malagaweb.com\/deutsch\/blog\/ausfluge\/februar-fruehlingszeit-malaga\/","name":"Februar - Monat der Mandelbl\u00fcte in der Provinz M\u00e1laga","isPartOf":{"@id":"https:\/\/www.malagaweb.com\/deutsch\/blog\/#website"},"primaryImageOfPage":{"@id":"https:\/\/www.malagaweb.com\/deutsch\/blog\/ausfluge\/februar-fruehlingszeit-malaga\/#primaryimage"},"image":{"@id":"https:\/\/www.malagaweb.com\/deutsch\/blog\/ausfluge\/februar-fruehlingszeit-malaga\/#primaryimage"},"thumbnailUrl":"https:\/\/www.malagaweb.com\/deutsch\/blog\/wp-content\/uploads\/ruta-almendros-malaga.jpg","datePublished":"2023-01-24T11:00:01+00:00","dateModified":"2023-01-25T08:23:54+00:00","author":{"@id":"https:\/\/www.malagaweb.com\/deutsch\/blog\/#\/schema\/person\/76d0077c0c576973f982afbdb09a6653"},"description":"W\u00e4hrend die Autorin diesen Blog verfasst, zittert fast ganz Europa unter dem eisigen Einfluss von K\u00e4ltemassen aus Sibirien...","breadcrumb":{"@id":"https:\/\/www.malagaweb.com\/deutsch\/blog\/ausfluge\/februar-fruehlingszeit-malaga\/#breadcrumb"},"inLanguage":"de","potentialAction":[{"@type":"ReadAction","target":["https:\/\/www.malagaweb.com\/deutsch\/blog\/ausfluge\/februar-fruehlingszeit-malaga\/"]}]},{"@type":"ImageObject","inLanguage":"de","@id":"https:\/\/www.malagaweb.com\/deutsch\/blog\/ausfluge\/februar-fruehlingszeit-malaga\/#primaryimage","url":"https:\/\/www.malagaweb.com\/deutsch\/blog\/wp-content\/uploads\/ruta-almendros-malaga.jpg","contentUrl":"https:\/\/www.malagaweb.com\/deutsch\/blog\/wp-content\/uploads\/ruta-almendros-malaga.jpg","width":960,"height":720,"caption":"Februar - Monat der Mandelbl\u00fcte"},{"@type":"BreadcrumbList","@id":"https:\/\/www.malagaweb.com\/deutsch\/blog\/ausfluge\/februar-fruehlingszeit-malaga\/#breadcrumb","itemListElement":[{"@type":"ListItem","position":1,"name":"Blog","item":"https:\/\/www.malagaweb.com\/deutsch\/blog\/"},{"@type":"ListItem","position":2,"name":"Februar\u00a0\u2013 Der Monat der Mandelbl\u00fcte und Fr\u00fchlingszeit in M\u00e1laga"}]},{"@type":"WebSite","@id":"https:\/\/www.malagaweb.com\/deutsch\/blog\/#website","url":"https:\/\/www.malagaweb.com\/deutsch\/blog\/","name":"M\u00e1laga Reiseblog","description":"Reise und Tourismusratgeber, Tipps, Ausfl\u00fcge und vieles mehr","potentialAction":[{"@type":"SearchAction","target":{"@type":"EntryPoint","urlTemplate":"https:\/\/www.malagaweb.com\/deutsch\/blog\/?s={search_term_string}"},"query-input":{"@type":"PropertyValueSpecification","valueRequired":true,"valueName":"search_term_string"}}],"inLanguage":"de"},{"@type":"Person","@id":"https:\/\/www.malagaweb.com\/deutsch\/blog\/#\/schema\/person\/76d0077c0c576973f982afbdb09a6653","name":"Raul GT","image":{"@type":"ImageObject","inLanguage":"de","@id":"https:\/\/secure.gravatar.com\/avatar\/355bb21897b371342e002159d93cc5a3dcf5add74aab5d2183293cebb23ac386?s=96&r=g","url":"https:\/\/secure.gravatar.com\/avatar\/355bb21897b371342e002159d93cc5a3dcf5add74aab5d2183293cebb23ac386?s=96&r=g","contentUrl":"https:\/\/secure.gravatar.com\/avatar\/355bb21897b371342e002159d93cc5a3dcf5add74aab5d2183293cebb23ac386?s=96&r=g","caption":"Raul GT"},"description":"Reiseblogger, Webentwickler und Content-Editor. Autor vieler Reisef\u00fchrer und Tipps \u00fcber Andalusien, Malaga und Spanien.","sameAs":["https:\/\/www.facebook.com\/Malaga.CostadelSol\/","https:\/\/x.com\/Raul_GT"]}]}},"jetpack_publicize_connections":[],"jetpack_featured_media_url":"https:\/\/www.malagaweb.com\/deutsch\/blog\/wp-content\/uploads\/ruta-almendros-malaga.jpg","jetpack_shortlink":"https:\/\/wp.me\/p7sigs-5w","jetpack-related-posts":[{"id":3353,"url":"https:\/\/www.malagaweb.com\/deutsch\/blog\/costa-del-sol\/fruehlingsaequinoktium\/","url_meta":{"origin":342,"position":0},"title":"Interessante Fakten \u00fcber das Fr\u00fchlings\u00e4quinoktium in Malaga","author":"Raul GT","date":"Januar 15, 2019","format":false,"excerpt":"Der Fr\u00fchling bringt uns eine Explosion von Farben und D\u00fcften, begleitet von gutem Wetter und Festen wie Ostern. M\u00f6chten Sie wissen, wann diese Jahreszeit in M\u00e1laga ankommt, einige gesunde Rituale kennenlernen oder etwas mehr \u00fcber die Fr\u00fchlings-Tagundnachtgleiche wissen?","rel":"","context":"In &quot;Costa del Sol&quot;","block_context":{"text":"Costa del Sol","link":"https:\/\/www.malagaweb.com\/deutsch\/blog\/costa-del-sol\/"},"img":{"alt_text":"Fakten \u00fcber das Fr\u00fchlings\u00e4quinoktium","src":"https:\/\/i0.wp.com\/www.malagaweb.com\/deutsch\/blog\/wp-content\/uploads\/fruehlingsaequinoktium.jpg?resize=350%2C200&ssl=1","width":350,"height":200,"srcset":"https:\/\/i0.wp.com\/www.malagaweb.com\/deutsch\/blog\/wp-content\/uploads\/fruehlingsaequinoktium.jpg?resize=350%2C200&ssl=1 1x, https:\/\/i0.wp.com\/www.malagaweb.com\/deutsch\/blog\/wp-content\/uploads\/fruehlingsaequinoktium.jpg?resize=525%2C300&ssl=1 1.5x, https:\/\/i0.wp.com\/www.malagaweb.com\/deutsch\/blog\/wp-content\/uploads\/fruehlingsaequinoktium.jpg?resize=700%2C400&ssl=1 2x"},"classes":[]},{"id":301,"url":"https:\/\/www.malagaweb.com\/deutsch\/blog\/costa-del-sol\/herbst-in-malaga\/","url_meta":{"origin":342,"position":1},"title":"Herbst in M\u00e1laga: Wetter im Oktober, November und Dezember","author":"Raul GT","date":"September 26, 2011","format":false,"excerpt":"Der Herbst steht bevor, eine Jahreszeit, die an der Costa del Sol keine kalten, sondern angenehme Temperaturen bringt, die Sie dazu einladen, die Provinz besser kennenzulernen. Finden Sie heraus, wie das Wetter in M\u00e1laga im Herbst ist, welche Kleidung Sie f\u00fcr Ihren Urlaub mitbringen sollten und ob es in diesen\u2026","rel":"","context":"In &quot;Costa del Sol&quot;","block_context":{"text":"Costa del Sol","link":"https:\/\/www.malagaweb.com\/deutsch\/blog\/costa-del-sol\/"},"img":{"alt_text":"herbst-malaga","src":"https:\/\/i0.wp.com\/www.malagaweb.com\/deutsch\/blog\/wp-content\/uploads\/2011\/09\/herbst-malaga.jpg?resize=350%2C200&ssl=1","width":350,"height":200,"srcset":"https:\/\/i0.wp.com\/www.malagaweb.com\/deutsch\/blog\/wp-content\/uploads\/2011\/09\/herbst-malaga.jpg?resize=350%2C200&ssl=1 1x, https:\/\/i0.wp.com\/www.malagaweb.com\/deutsch\/blog\/wp-content\/uploads\/2011\/09\/herbst-malaga.jpg?resize=525%2C300&ssl=1 1.5x, https:\/\/i0.wp.com\/www.malagaweb.com\/deutsch\/blog\/wp-content\/uploads\/2011\/09\/herbst-malaga.jpg?resize=700%2C400&ssl=1 2x, https:\/\/i0.wp.com\/www.malagaweb.com\/deutsch\/blog\/wp-content\/uploads\/2011\/09\/herbst-malaga.jpg?resize=1050%2C600&ssl=1 3x"},"classes":[]},{"id":4360,"url":"https:\/\/www.malagaweb.com\/deutsch\/blog\/costa-del-sol\/malaga-im-januar\/","url_meta":{"origin":342,"position":2},"title":"M\u00e1laga im Januar: Aktivit\u00e4ten, Veranstaltungen im Jahr 2026","author":"Raul GT","date":"Januar 10, 2026","format":false,"excerpt":"\u00dcberlegen Sie, M\u00e1laga im Januar zu besuchen und fragen sich, welche Kleidung Sie mitbringen sollten oder ob die Meerestemperatur gut genug zum Schwimmen ist? Normalerweise ist dieser Monat gut f\u00fcr den Besuch von D\u00f6rfern im Landesinneren, aber es gibt viele Aktivit\u00e4ten, die man unternehmen kann. Egal, ob Sie dar\u00fcber nachdenken,\u2026","rel":"","context":"In &quot;Costa del Sol&quot;","block_context":{"text":"Costa del Sol","link":"https:\/\/www.malagaweb.com\/deutsch\/blog\/costa-del-sol\/"},"img":{"alt_text":"Malaga im Januar","src":"https:\/\/i0.wp.com\/www.malagaweb.com\/deutsch\/blog\/wp-content\/uploads\/2021\/01\/malaga-januar.jpg?resize=350%2C200&ssl=1","width":350,"height":200,"srcset":"https:\/\/i0.wp.com\/www.malagaweb.com\/deutsch\/blog\/wp-content\/uploads\/2021\/01\/malaga-januar.jpg?resize=350%2C200&ssl=1 1x, https:\/\/i0.wp.com\/www.malagaweb.com\/deutsch\/blog\/wp-content\/uploads\/2021\/01\/malaga-januar.jpg?resize=525%2C300&ssl=1 1.5x, https:\/\/i0.wp.com\/www.malagaweb.com\/deutsch\/blog\/wp-content\/uploads\/2021\/01\/malaga-januar.jpg?resize=700%2C400&ssl=1 2x, https:\/\/i0.wp.com\/www.malagaweb.com\/deutsch\/blog\/wp-content\/uploads\/2021\/01\/malaga-januar.jpg?resize=1050%2C600&ssl=1 3x"},"classes":[]},{"id":556,"url":"https:\/\/www.malagaweb.com\/deutsch\/blog\/costa-del-sol\/malaga-im-april-und-mai\/","url_meta":{"origin":342,"position":3},"title":"Malaga und Costa del Sol im April und Mai","author":"Raul GT","date":"April 2, 2026","format":false,"excerpt":"Betrachtet man die aktuellen Temperaturen in den meisten europ\u00e4ischen L\u00e4ndern, die um die 10 Grad Celsius liegen, ist es verst\u00e4ndlich, dass viele schon Kataloge und Reiseangebote f\u00fcr einen kurzen Sonnenausflug bei angenehmen Temperaturen und blauem Himmel betrachten. Entdecken Sie mit uns die Monate April und Mai in M\u00e1laga, die Temperatur\u2026","rel":"","context":"In &quot;Costa del Sol&quot;","block_context":{"text":"Costa del Sol","link":"https:\/\/www.malagaweb.com\/deutsch\/blog\/costa-del-sol\/"},"img":{"alt_text":"Malaga und sea","src":"https:\/\/i0.wp.com\/www.malagaweb.com\/deutsch\/blog\/wp-content\/uploads\/sea-1205023_960_720.jpg?resize=350%2C200&ssl=1","width":350,"height":200,"srcset":"https:\/\/i0.wp.com\/www.malagaweb.com\/deutsch\/blog\/wp-content\/uploads\/sea-1205023_960_720.jpg?resize=350%2C200&ssl=1 1x, https:\/\/i0.wp.com\/www.malagaweb.com\/deutsch\/blog\/wp-content\/uploads\/sea-1205023_960_720.jpg?resize=525%2C300&ssl=1 1.5x, https:\/\/i0.wp.com\/www.malagaweb.com\/deutsch\/blog\/wp-content\/uploads\/sea-1205023_960_720.jpg?resize=700%2C400&ssl=1 2x"},"classes":[]},{"id":884,"url":"https:\/\/www.malagaweb.com\/deutsch\/blog\/ausfluge\/malaga-ist-weit-mehr-als-strand-tourismus\/","url_meta":{"origin":342,"position":4},"title":"M\u00e1laga ist weit mehr als Strand-Tourismus","author":"Raul GT","date":"September 18, 2012","format":false,"excerpt":"Wenn man an Urlaub in M\u00e1laga denkt, denkt man unweigerlich an Strandhotels, Sonne, Meer, Strandbars, Nachtclubs\u2026 und w\u00e4hrend der Monate der Hauptsaison vermischen sich h\u00e4ufig L\u00e4rm und Menschenmassen mit einem vergn\u00fcgten und Alkohol-getr\u00e4nkten Party-Holterdiepolter. Nat\u00fcrlich kann jeder seine Ferien verbringen wie er m\u00f6chte\u2026 und somit richtet sich dieser Artikel an\u2026","rel":"","context":"In &quot;Ausfl\u00fcge&quot;","block_context":{"text":"Ausfl\u00fcge","link":"https:\/\/www.malagaweb.com\/deutsch\/blog\/ausfluge\/"},"img":{"alt_text":"Sierra de las Nieves M\u00e1laga","src":"https:\/\/i0.wp.com\/www.malagaweb.com\/deutsch\/blog\/wp-content\/uploads\/sierra-de-las-nieves-malaga.jpg?resize=350%2C200&ssl=1","width":350,"height":200,"srcset":"https:\/\/i0.wp.com\/www.malagaweb.com\/deutsch\/blog\/wp-content\/uploads\/sierra-de-las-nieves-malaga.jpg?resize=350%2C200&ssl=1 1x, https:\/\/i0.wp.com\/www.malagaweb.com\/deutsch\/blog\/wp-content\/uploads\/sierra-de-las-nieves-malaga.jpg?resize=525%2C300&ssl=1 1.5x, https:\/\/i0.wp.com\/www.malagaweb.com\/deutsch\/blog\/wp-content\/uploads\/sierra-de-las-nieves-malaga.jpg?resize=700%2C400&ssl=1 2x"},"classes":[]},{"id":2989,"url":"https:\/\/www.malagaweb.com\/deutsch\/blog\/ausfluge\/inland-malaga-nicht-nur-strandtourismus\/","url_meta":{"origin":342,"position":5},"title":"Inland M\u00e1laga, nicht nur Strandtourismus-Orte die es zu entdecken gibt","author":"Raul GT","date":"Juni 11, 2018","format":false,"excerpt":"Malaga und die Costa del Sol waren schon immer ein Synonym f\u00fcr Strand und gutes Wetter, aber es gibt noch viel mehr. Die D\u00f6rfer und Regionen der Provinz M\u00e1laga bieten ein interessantes Angebot f\u00fcr unruhige Touristen, die sich nicht damit zufrieden geben, Urlaub zu haben, sondern ihren Urlaub genie\u00dfen m\u00f6chten.\u2026","rel":"","context":"In &quot;Ausfl\u00fcge&quot;","block_context":{"text":"Ausfl\u00fcge","link":"https:\/\/www.malagaweb.com\/deutsch\/blog\/ausfluge\/"},"img":{"alt_text":"Sierra de las Nieves M\u00e1laga","src":"https:\/\/i0.wp.com\/www.malagaweb.com\/deutsch\/blog\/wp-content\/uploads\/sierra-de-las-nieves-malaga.jpg?resize=350%2C200&ssl=1","width":350,"height":200,"srcset":"https:\/\/i0.wp.com\/www.malagaweb.com\/deutsch\/blog\/wp-content\/uploads\/sierra-de-las-nieves-malaga.jpg?resize=350%2C200&ssl=1 1x, https:\/\/i0.wp.com\/www.malagaweb.com\/deutsch\/blog\/wp-content\/uploads\/sierra-de-las-nieves-malaga.jpg?resize=525%2C300&ssl=1 1.5x, https:\/\/i0.wp.com\/www.malagaweb.com\/deutsch\/blog\/wp-content\/uploads\/sierra-de-las-nieves-malaga.jpg?resize=700%2C400&ssl=1 2x"},"classes":[]}],"jetpack_sharing_enabled":true,"_links":{"self":[{"href":"https:\/\/www.malagaweb.com\/deutsch\/blog\/wp-json\/wp\/v2\/posts\/342","targetHints":{"allow":["GET"]}}],"collection":[{"href":"https:\/\/www.malagaweb.com\/deutsch\/blog\/wp-json\/wp\/v2\/posts"}],"about":[{"href":"https:\/\/www.malagaweb.com\/deutsch\/blog\/wp-json\/wp\/v2\/types\/post"}],"author":[{"embeddable":true,"href":"https:\/\/www.malagaweb.com\/deutsch\/blog\/wp-json\/wp\/v2\/users\/1"}],"replies":[{"embeddable":true,"href":"https:\/\/www.malagaweb.com\/deutsch\/blog\/wp-json\/wp\/v2\/comments?post=342"}],"version-history":[{"count":10,"href":"https:\/\/www.malagaweb.com\/deutsch\/blog\/wp-json\/wp\/v2\/posts\/342\/revisions"}],"predecessor-version":[{"id":4531,"href":"https:\/\/www.malagaweb.com\/deutsch\/blog\/wp-json\/wp\/v2\/posts\/342\/revisions\/4531"}],"wp:featuredmedia":[{"embeddable":true,"href":"https:\/\/www.malagaweb.com\/deutsch\/blog\/wp-json\/wp\/v2\/media\/2410"}],"wp:attachment":[{"href":"https:\/\/www.malagaweb.com\/deutsch\/blog\/wp-json\/wp\/v2\/media?parent=342"}],"wp:term":[{"taxonomy":"category","embeddable":true,"href":"https:\/\/www.malagaweb.com\/deutsch\/blog\/wp-json\/wp\/v2\/categories?post=342"},{"taxonomy":"post_tag","embeddable":true,"href":"https:\/\/www.malagaweb.com\/deutsch\/blog\/wp-json\/wp\/v2\/tags?post=342"}],"curies":[{"name":"wp","href":"https:\/\/api.w.org\/{rel}","templated":true}]}}