{"id":2655,"date":"2025-10-24T09:26:29","date_gmt":"2025-10-24T09:26:29","guid":{"rendered":"http:\/\/www.malagaweb.com\/deutsch\/blog\/?p=2655"},"modified":"2025-10-24T13:31:36","modified_gmt":"2025-10-24T13:31:36","slug":"malaga-volksfeste-festivals-oktober","status":"publish","type":"post","link":"https:\/\/www.malagaweb.com\/deutsch\/blog\/veranstaltungen\/malaga-volksfeste-festivals-oktober\/","title":{"rendered":"M\u00e1laga volksfeste und Festivals im Oktober &#8211; Unternehmungen im Herbst"},"content":{"rendered":"<p>Oktober in M\u00e1laga bringt uns eine gro\u00dfe Anzahl von Volksfesten und Festivals. Die Provinz hat viel \u00fcber die Sommermonate hinaus zu bieten, wie wir schon mit den vorgeschlagenen <a href=\"https:\/\/www.malagaweb.com\/deutsch\/blog\/veranstaltungen\/festivals-volksfeste-malaga-september\/\">Aktivit\u00e4ten im September<\/a> gezeigt haben.<\/p>\n<p>Begleiten Sie uns um zu entdecken, was Sie im Oktober in M\u00e1laga unternehmen k\u00f6nnen.<\/p>\n<p><img decoding=\"async\" class=\"aligncenter size-large wp-image-2656 img-responsive\" loading=\"lazy\" src=\"https:\/\/www.malagaweb.com\/deutsch\/blog\/wp-content\/uploads\/welcome-october-500x250.gif\" alt=\"Festivals und Volksfeste im Oktober\" width=\"500\" height=\"250\" \/><\/p>\n<h2>Die wichtigsten Veranstaltungen in M\u00e1laga im Oktober<\/h2>\n<p>Wenn Sie zu denen geh\u00f6ren, die die D\u00f6rfer w\u00e4hrend der Feiern ihrer traditionellen Aktivit\u00e4ten kennen lernen m\u00f6chten, lesen Sie weiter.<\/p>\n<h3>Perota Suppen-Tag<\/h3>\n<p>Diese wichtige kulinarische Veranstaltung in \u00c1lora hat einen eigenen Blog-Eintrag, hier k\u00f6nnen Sie mehr \u00fcber den <a href=\"https:\/\/www.malagaweb.com\/deutsch\/blog\/veranstaltungen\/perota-suppen-tag-alora\/\">Perota Suppen-Tag in \u00c1lora<\/a> erfahren.<\/p>\n<p><strong>Der erste Samstag im Oktober<\/strong>, werden kostenlose Rationen verteilt in einer Stadt mit eigenem Charakter, wer w\u00fcrde das wohl vers\u00e4umen? Es gibt viele Dinge, die man nach dem Genuss dieses gastronomischen Tages unternehmen kann.<\/p>\n<p><img decoding=\"async\" class=\"aligncenter wp-image-2894 size-large img-responsive\" loading=\"lazy\" src=\"https:\/\/www.malagaweb.com\/espanol\/blog\/wp-content\/uploads\/sopa-perota-alora-500x333.jpg\" alt=\"Traditionelle Suppe in \u00c1lora\" width=\"500\" height=\"333\" \/><\/p>\n<h3>Torrox Volksfest<\/h3>\n<p>Das Volksfest in Torrox beginnt am <strong>ersten Wochenende im Oktober<\/strong> mit einem Umzug, mit riesigen Puppen mit gro\u00dfen K\u00f6pfen, der von dem Einschalten der Festbeleuchtung stattfindet.<\/p>\n<p>Die Messe dauert 5 Tage, in denen Sie essen, trinken und Spa\u00df haben k\u00f6nnen. Es gibt musikalische Darbietungen, St\u00e4nde und Fahrgesch\u00e4fte f\u00fcr die Kleinen.<\/p>\n<p>Das Tages-Volksfest findet an der Plaza de la Constituci\u00f3n statt. Um zu erfahren, wie man dorthin kommt, konsultieren Sie die <a href=\"https:\/\/goo.gl\/maps\/TWL2EJEGDzy\" target=\"_blank\" rel=\"noopener noreferrer\">folgende Karte<\/a>.<\/p>\n<p><strong>Wann:<\/strong> Vom 3. bis 7. Oktober 2025.<\/p>\n<h3>Algatoc\u00edn Volksfest<\/h3>\n<p>W\u00e4hrend der <strong>ersten Oktoberwoche<\/strong> findet das Volksfest in Algatoc\u00edn statt. Dieses Volksfest bietet dem Besucher typische Gerichte der Region sowie Workshops und sportliche Aktivit\u00e4ten.<\/p>\n<p>Am 4. Oktober veranstaltet die st\u00e4dtische Musikband einen Umzug durch die Stadt von Haus zu Haus und sie erhalten typische S\u00fc\u00dfigkeiten und Getr\u00e4nke zur Belohnung.<\/p>\n<p>Um Ihre Stra\u00dfen-Route nach Algatoc\u00edn zu planen, k\u00f6nnen Sie diese <a href=\"https:\/\/goo.gl\/maps\/MHex47oJvtr\" target=\"_blank\" rel=\"noopener noreferrer\">Karte<\/a> abrufen.<\/p>\n<p><strong>Wann:<\/strong> Vom 4. bis 7. Oktober.<\/p>\n<h3>Fuengirola Volksfest<\/h3>\n<p>Das Fuengirola-Volksfest, eine der beliebtesten Veranstaltungen der Provinz, findet <strong>vom 6. bis 12. Oktober<\/strong> statt.<\/p>\n<p>Die Hauptaktivit\u00e4t des Volksfestes, sowohl tags\u00fcber als auch nachts, befindet sich auf dem Volksfestgel\u00e4nde mit k\u00fcnstlerischen Darbietungen und verschiedenen St\u00e4nden und Fahrgesch\u00e4ften.<\/p>\n<p><img decoding=\"async\" class=\"aligncenter size-full wp-image-5372 img-responsive\" loading=\"lazy\" src=\"https:\/\/www.malagaweb.com\/espanol\/blog\/wp-content\/uploads\/feria-fuengirola.jpg\" alt=\"Volksfest Fuengirola\" width=\"1024\" height=\"558\" \/><\/p>\n<p>In den Volksfestst\u00e4nden k\u00f6nnen Sie gute Gerichte, Getr\u00e4nke und T\u00e4nze genie\u00dfen. Die Plaza de la Constituci\u00f3n ist ein weiterer Ort, wo es die festliche Atmosph\u00e4re des Volksfestes mit T\u00e4nzen und anderen Aktivit\u00e4ten gibt.<\/p>\n<p><a href=\"https:\/\/www.malagaweb.com\/deutsch\/flughafen-malaga\/anfahrt\/malaga-nach-fuengirola.php\">Um nach Fuengirola zu gelangen, k\u00f6nnen Sie einen Blick in unseren Reisef\u00fchrer werfen.<\/a><\/p>\n<h3>Yunquera Volksfest<\/h3>\n<p>Nach der Traubengabe gibt es eine Veranstaltung, an der Sie teilnehmen k\u00f6nnen, indem Sie auf Trauben treten, um die Produktion des typischen Weines von Yunquera zu gedenken.<\/p>\n<p>Der Besuch von Yunquera w\u00e4hrend des Volksfestes ist eine Gelegenheit, die reichhaltige typische Gastronomie in einigen Restaurants zu probieren.<\/p>\n<p><strong>Vom 4. bis 7. Oktober.<\/strong><\/p>\n<p><a href=\"https:\/\/goo.gl\/maps\/U9oiPSWy2fJ2\" target=\"_blank\" rel=\"noopener noreferrer\">Zur Anreise nach Yunquera k\u00f6nnen Sie diese Karte konsultieren<\/a>.<\/p>\n<h3>Nerja Volksfest<\/h3>\n<p><strong>Zwischen dem 9. und 13. Oktober<\/strong>, wird das Volksfest von Nerja gefeiert. Das Volksfest zeichnet sich durch ihre Flamenco-Gesang-Festivals, Sportaktivit\u00e4ten, Reiten und Verbenen aus.<\/p>\n<p>W\u00e4hrend des Volksfests von Nerja findet die Wahl der K\u00f6nigin der Fiestas sowie Mister und Miss Nerja statt.<\/p>\n<p>Wenn Sie wissen m\u00f6chten wie man <a href=\"https:\/\/www.malagaweb.com\/deutsch\/flughafen-malaga\/anfahrt\/malaga-nach-nerja.php\">nach Nerja<\/a> kommt k\u00f6nnen Sie unseren Reisef\u00fchrer lesen.<\/p>\n<p><img decoding=\"async\" class=\"aligncenter wp-image-3788 size-large img-responsive\" loading=\"lazy\" src=\"https:\/\/www.malagaweb.com\/espanol\/blog\/wp-content\/uploads\/feria-nerja-500x283.jpg\" alt=\"Volksfest Nerja\" width=\"500\" height=\"283\" \/><\/p>\n<p><strong>Wann:<\/strong> Vom 9. bis 13. Oktober.<\/p>\n<h3>Oj\u00e9n Volksfest<\/h3>\n<p>Das Volksfest von Oj\u00e9n findet zwischen dem <strong>8. und 12. Oktober<\/strong> statt. Es beginnt mit einer Prozession durch die Stra\u00dfen und endet auf dem Platz; danach beginnt das Tages-Volksfest.<\/p>\n<p>Das Volksfest bietet Live-Konzerte und die Kr\u00f6nung der K\u00f6nigin und Brautjungfern des Volksfests. Unter den Aktivit\u00e4ten gibt es Familienspiele und Fahrgesch\u00e4fte ein paar Meter vom Platz entfernt f\u00fcr die Kleinen.<\/p>\n<p><img decoding=\"async\" class=\"aligncenter wp-image-3793 size-full img-responsive\" loading=\"lazy\" src=\"https:\/\/www.malagaweb.com\/espanol\/blog\/wp-content\/uploads\/feria-ojen.jpg\" alt=\"Volksfest Oj\u00e9n\" width=\"465\" height=\"264\" \/><\/p>\n<ul>\n<li><strong>Wann:<\/strong> Vom 8. bis 12. Oktober.<\/li>\n<li><strong>Weitere Informationen: <\/strong><a href=\"https:\/\/www.ojen.es\/5314\/com1_md-3\/com1_md3_cd-74411\/programa-feria-y-fiestas-de-ojen-2024\" target=\"_blank\" rel=\"noopener noreferrer\">https:\/\/www.ojen.es\/5314\/com1_md-3\/com1_md3_cd-74411\/programa-feria-y-fiestas-de-ojen-2024<\/a><\/li>\n<\/ul>\n<h3>Feier des Monfi in C\u00fatar<\/h3>\n<p><img decoding=\"async\" class=\"alignright wp-image-3790 size-thumbnail img-responsive\" loading=\"lazy\" src=\"https:\/\/www.malagaweb.com\/espanol\/blog\/wp-content\/uploads\/fiesta-monfi-cutar-150x150.jpg\" alt=\"C\u00fatar festival\" width=\"150\" height=\"150\" \/><\/p>\n<p>Am <strong>ersten Wochenende im Oktober<\/strong> wird das Monfi Festival in C\u00fatar gefeiert, am 4. und 5. Oktober dieses Jahres. Diese Veranstaltung pr\u00e4sentiert den Besucher kulturelle, gastronomische und Freizeitaktivit\u00e4ten.<\/p>\n<p>Die Fiesta del Monfi wurde von touristischem Interesse erkl\u00e4rt. W\u00e4hrend dieses Wochenendes sind die schmalen wei\u00dfen Stra\u00dfen dieser Gemeinde f\u00fcr die Gelegenheit mit Ornamenten und handgefertigten Souks geschm\u00fcckt, um ihre maurische Vergangenheit neu zu erleben und dem Widerstand derer zu gedenken, die sich weigerten, aus ihren L\u00e4ndereien vertrieben zu werden.<\/p>\n<p>Im Ort gibt es Workshops aller Art, vom Tanz bis zum Schmieden oder M\u00fcnzen herstellen. Unter den Veranstaltungen finden Sie Live-Musik, Umz\u00fcge, Esel-Reiten, Feuershows und vieles mehr.<\/p>\n<p>Das Fest eignet sich f\u00fcr Familien wegen der Vielfalt an Attraktionen. Neben den kulturellen Aktivit\u00e4ten des Ortes C\u00fatar k\u00f6nnen Sie auch die Architektur des Ortes aus den ersten Jahrhunderten der muslimischen Herrschaft genie\u00dfen.<\/p>\n<p><strong>Wann:<\/strong> 4. und 5. Oktober.<\/p>\n<h3>Villanueva de Tapia Rindermesse<\/h3>\n<p>Diese traditionelle Rindermesse findet am <strong>10., 11. und 12. Oktober<\/strong> statt. Der Ursprung der Messe stammt aus dem Jahr 1860 und konzentrierte sich auf eine gro\u00dfe Anzahl von Nutztieren.<\/p>\n<p>Wenn Sie sie besuchen m\u00f6chten, dies ist eine der \u00e4ltesten Ferias in Andalusien und bietet auch eine gro\u00dfartige Gelegenheit, um typische Produkte der Gegend zu kaufen. Es gibt kulturelle Aktivit\u00e4ten und diverse Auff\u00fchrungen, eine gastronomische Messe, Verkostungen und eine Ausstellung von Pferden.<\/p>\n<p>Diese Messe findet im kommunalen Sportpavillon und der &#8218;Explanada del Nacimiento&#8216; statt. Wenn Sie wissen m\u00f6chten, wie Sie nach Villanueva de Tapia kommen, werfen Sie einen Blick auf <a href=\"https:\/\/goo.gl\/maps\/Mc4DBtyJJWx\" target=\"_blank\" rel=\"noopener noreferrer\">diese Karte<\/a>.<\/p>\n<h3>Fiesta en el Aire in Arriate<\/h3>\n<p>W\u00e4hrend des <strong>zweiten oder dritten Wochenendes im Oktober, von Freitag bis Sonntag<\/strong>. Die Daten sind der <strong>10., 11. und 12. Oktober<\/strong>. Die Stra\u00dfen dieser Stadt von M\u00e1laga sind f\u00fcr den Anlass dekoriert und pr\u00e4sentieren zahlreiche Aktivit\u00e4ten f\u00fcr alle Zuschauer.<\/p>\n<p>Die j\u00fcngsten Kinder finden in manchen Stra\u00dfen handgemachte Spiele, obwohl sie auch von \u00e4lteren genutzt werden k\u00f6nnen. Eine Veranstaltung, die Kunst, Kultur, musikalische Shows und eine abwechslungsreiche K\u00fcche jedem bietet, der Arriate an diesem Wochenende besucht.<\/p>\n<p>Die Bem\u00fchungen der Bewohner, an diesem Ereignis von k\u00fcnstlerischen Ausdr\u00fccken und gastronomischen Traditionen teilzunehmen, sind bemerkenswert. Die Stra\u00dfen sind mit Flohm\u00e4rkten gef\u00fcllt, wo man eine Vielzahl von typischen Produkten finden kann.<\/p>\n<p><img decoding=\"async\" class=\"aligncenter wp-image-3794 size-large img-responsive\" loading=\"lazy\" src=\"https:\/\/www.malagaweb.com\/espanol\/blog\/wp-content\/uploads\/arriate-500x110.jpg\" alt=\"Das Dorf von Arriate\" width=\"500\" height=\"110\" \/><\/p>\n<p>Wenn Sie an den Aktivit\u00e4ten teilnehmen m\u00f6chten, die in dieser Gemeinde stattfinden, empfehle ich Ihnen, mit dem Auto zu fahren. Sie k\u00f6nnen sich die <a href=\"https:\/\/goo.gl\/maps\/uvf5B2mUSNt\" target=\"_blank\" rel=\"noopener noreferrer\">Karte von Arriate<\/a> anschauen um die beste Route zu planen.<\/p>\n<p><strong>Wann:<\/strong> 10., 11. und 12. Oktober.<\/p>\n<h3>San Pedro de Alc\u00e1ntara Volksfest<\/h3>\n<p>Jeden <strong>Oktober um den 19.<\/strong> wird in San Pedro de Alc\u00e1ntara das Volksfest gefeiert. Ein Volksfest, das w\u00e4hrend der Nacht auf dem Volksfestgel\u00e4nde stattfindet (der Ort, an dem jeden Donnerstag der Flohmarkt stattfindet). Das Volksfest tags\u00fcber findet auf den Stra\u00dfen des Dorfes statt.<\/p>\n<p>W\u00e4hrend des Volksfestes gibt es die typische Er\u00f6ffnungsprozession, St\u00e4nde, wo Sie essen und trinken oder tanzen k\u00f6nnen, verschiedene Arten von Veranstaltungen und Aktivit\u00e4ten im Freien.<\/p>\n<p>Jedes Jahr gibt es auf dem Volksfest einen Gastk\u00fcnstler mit Live-Konzert.<\/p>\n<p><img decoding=\"async\" class=\"aligncenter wp-image-3796 size-large img-responsive\" loading=\"lazy\" src=\"https:\/\/www.malagaweb.com\/espanol\/blog\/wp-content\/uploads\/feria-san-pedro-alcantara-500x221.jpg\" alt=\"San Pedro de Alc\u00e1ntara Volksfest\" width=\"500\" height=\"221\" \/><\/p>\n<p>Zur Anreise k\u00f6nnen Sie einen Blick auf <a href=\"https:\/\/goo.gl\/maps\/iVRfW3HkPtF2\" target=\"_blank\" rel=\"noopener noreferrer\">die Karte<\/a> werfen. Wenn Sie mit dem Auto zum Volksfest fahren, ist es ratsam in Marbella zu parken und mit dem Bus nach San Pedro de Alc\u00e1ntara zu fahren.<\/p>\n<p><strong>Wann:<\/strong> Vom 15. bis 20. Oktober.<\/p>\n<h3>Yunquera Wein und Kastanien Fest<\/h3>\n<p>Am <strong>letzten Wochenende im Oktober<\/strong> k\u00f6nnen Sie das Dorf Yunquera besuchen und das Wein und Kastanien Fest entdecken. Das Datum dieses Festivals ist der 25. und 26. Oktober.<\/p>\n<p>Das Fest bietet dem Besucher einen Bereich mit Handwerk und Gewerbe, Sie k\u00f6nnen lokale Produkte kaufen und an Wettbewerben und Verkostungen teilnehmen.<\/p>\n<p>Es ist ein Festival, das von Touristischem Interesse deklariert ist. Wenn Sie also nach Yunquera kommen m\u00f6chten, k\u00f6nnen Sie sich diese Karte ansehen, um Ihre <a href=\"https:\/\/goo.gl\/maps\/BcRkyYvrjvo\" target=\"_blank\" rel=\"noopener noreferrer\">Route mit dem Auto zu planen.<\/a><\/p>\n<h3>Kastanienfest in Pujerra<\/h3>\n<p><strong>Am 31. Oktober<\/strong> findet das Kastanienfest in Pujerra statt. Dort gibt es allerlei Produkte und Gerichte aus Kastanien, gefolgt von der Prozession der Virgen de F\u00e1tima am 1. November.<\/p>\n<p>In der Nacht vom 31. Oktober gibt es eine Verbena und ger\u00f6stete Kastanien bis 1 Uhr. Es ist eine Nacht mit Musik und Tanz, und w\u00e4hrend des Tages k\u00f6nnen Sie alles \u00fcber Kastanienernte lernen.<\/p>\n<p>Wenn Sie Pujerra besuchen m\u00f6chten, empfehle ich Ihnen, Ihre Route mit dieser <a href=\"https:\/\/goo.gl\/maps\/qipKNu4NqsN2\" target=\"_blank\" rel=\"noopener noreferrer\">Karte zu planen<\/a>.<\/p>\n<h3>Halloween Nacht<\/h3>\n<p><img decoding=\"async\" class=\"alignright wp-image-2917 size-thumbnail img-responsive\" loading=\"lazy\" src=\"https:\/\/www.malagaweb.com\/espanol\/blog\/wp-content\/uploads\/costume-halloween-150x150.jpg\" alt=\"kost\u00fcm-halloween\" width=\"150\" height=\"150\" \/><\/p>\n<p>Eine Menge Gemeinden in M\u00e1laga werden in der Nacht vom 31. Oktober an Halloween von Geistern und Spukgestalten heimgesucht.<\/p>\n<p>Es gibt besondere Veranstaltungen und Aktivit\u00e4ten w\u00e4hrend des Abends f\u00fcr alle Altersgruppen. Einige Einrichtungen und andere Orte, darunter Zoos oder botanische G\u00e4rten bieten Rabatte oder Preise f\u00fcr diejenigen mit Verkleidung an.<\/p>\n<p>Um mehr \u00fcber <a href=\"https:\/\/www.malagaweb.com\/deutsch\/blog\/veranstaltungen\/halloween-in-malaga\/\">Halloween Veranstaltungen und Aktivit\u00e4ten in M\u00e1laga<\/a> zu erfahren, empfehle ich Ihnen unseren anderen Blog Eintrag.<\/p>\n<p><strong>Wann:<\/strong> Nacht des 31. Oktober.<\/p>\n","protected":false},"excerpt":{"rendered":"<p>Oktober in M\u00e1laga bringt uns eine gro\u00dfe Anzahl von Volksfesten und Festivals. Die Provinz hat viel \u00fcber die Sommermonate hinaus zu bieten, wie wir schon mit den vorgeschlagenen <a href=\"http:\/\/www.malagaweb.com\/deutsch\/blog\/veranstaltungen\/kultur-309\/\">Aktivit\u00e4ten im September<\/a> gezeigt haben.<\/p>\n<p>Begleiten Sie uns um zu entdecken, was Sie im Oktober in M\u00e1laga unternehmen k\u00f6nnen.<\/p>\n<p><img loading=\"lazy\" decoding=\"async\" class=\"aligncenter size-large wp-image-2656\" src=\"http:\/\/www.malagaweb.com\/deutsch\/blog\/wp-content\/uploads\/welcome-october-500x250.gif\" alt=\"Festivals und Volksfeste im Oktober \" width=\"500\" height=\"250\" \/><\/p>\n","protected":false},"author":1,"featured_media":3850,"comment_status":"open","ping_status":"closed","sticky":false,"template":"","format":"standard","meta":{"jetpack_post_was_ever_published":false,"_jetpack_newsletter_access":"","_jetpack_dont_email_post_to_subs":false,"_jetpack_newsletter_tier_id":0,"_jetpack_memberships_contains_paywalled_content":false,"_jetpack_memberships_contains_paid_content":false,"footnotes":"","jetpack_publicize_message":"","jetpack_publicize_feature_enabled":true,"jetpack_social_post_already_shared":true,"jetpack_social_options":{"image_generator_settings":{"template":"highway","default_image_id":0,"font":"","enabled":false},"version":2}},"categories":[49],"tags":[29,74,7,13,114],"class_list":["post-2655","post","type-post","status-publish","format-standard","has-post-thumbnail","hentry","category-veranstaltungen","tag-aktivitaeten-malaga","tag-dorfer-von-malaga","tag-malaga","tag-nerja","tag-oktober"],"yoast_head":"<!-- This site is optimized with the Yoast SEO plugin v27.5 - https:\/\/yoast.com\/product\/yoast-seo-wordpress\/ -->\n<title>M\u00e1laga volksfeste und Festivals im Oktober - Unternehmungen im Herbst<\/title>\n<meta name=\"description\" content=\"Oktober in M\u00e1laga bringt uns eine gro\u00dfe Anzahl von Volksfesten und Festivals. Die Provinz hat viel \u00fcber die Sommermonate hinaus zu bieten.\" \/>\n<meta name=\"robots\" content=\"index, follow, max-snippet:-1, max-image-preview:large, max-video-preview:-1\" \/>\n<link rel=\"canonical\" href=\"https:\/\/www.malagaweb.com\/deutsch\/blog\/veranstaltungen\/malaga-volksfeste-festivals-oktober\/\" \/>\n<meta property=\"og:locale\" content=\"de_DE\" \/>\n<meta property=\"og:type\" content=\"article\" \/>\n<meta property=\"og:title\" content=\"M\u00e1laga volksfeste und Festivals im Oktober - Unternehmungen im Herbst\" \/>\n<meta property=\"og:description\" content=\"Oktober in M\u00e1laga bringt uns eine gro\u00dfe Anzahl von Volksfesten und Festivals. Die Provinz hat viel \u00fcber die Sommermonate hinaus zu bieten.\" \/>\n<meta property=\"og:url\" content=\"https:\/\/www.malagaweb.com\/deutsch\/blog\/veranstaltungen\/malaga-volksfeste-festivals-oktober\/\" \/>\n<meta property=\"og:site_name\" content=\"M\u00e1laga Reiseblog\" \/>\n<meta property=\"article:publisher\" content=\"https:\/\/www.facebook.com\/Malaga.CostadelSol\/\" \/>\n<meta property=\"article:author\" content=\"https:\/\/www.facebook.com\/Malaga.CostadelSol\/\" \/>\n<meta property=\"article:published_time\" content=\"2025-10-24T09:26:29+00:00\" \/>\n<meta property=\"article:modified_time\" content=\"2025-10-24T13:31:36+00:00\" \/>\n<meta property=\"og:image\" content=\"https:\/\/www.malagaweb.com\/deutsch\/blog\/wp-content\/uploads\/2019\/09\/malaga-im-oktober.jpg\" \/>\n\t<meta property=\"og:image:width\" content=\"1200\" \/>\n\t<meta property=\"og:image:height\" content=\"698\" \/>\n\t<meta property=\"og:image:type\" content=\"image\/jpeg\" \/>\n<meta name=\"author\" content=\"Raul GT\" \/>\n<meta name=\"twitter:card\" content=\"summary_large_image\" \/>\n<meta name=\"twitter:creator\" content=\"@Raul_GT\" \/>\n<meta name=\"twitter:site\" content=\"@malagaweb\" \/>\n<meta name=\"twitter:label1\" content=\"Verfasst von\" \/>\n\t<meta name=\"twitter:data1\" content=\"Raul GT\" \/>\n\t<meta name=\"twitter:label2\" content=\"Gesch\u00e4tzte Lesezeit\" \/>\n\t<meta name=\"twitter:data2\" content=\"10\u00a0Minuten\" \/>\n<script type=\"application\/ld+json\" class=\"yoast-schema-graph\">{\"@context\":\"https:\\\/\\\/schema.org\",\"@graph\":[{\"@type\":\"Article\",\"@id\":\"https:\\\/\\\/www.malagaweb.com\\\/deutsch\\\/blog\\\/veranstaltungen\\\/malaga-volksfeste-festivals-oktober\\\/#article\",\"isPartOf\":{\"@id\":\"https:\\\/\\\/www.malagaweb.com\\\/deutsch\\\/blog\\\/veranstaltungen\\\/malaga-volksfeste-festivals-oktober\\\/\"},\"author\":{\"name\":\"Raul GT\",\"@id\":\"https:\\\/\\\/www.malagaweb.com\\\/deutsch\\\/blog\\\/#\\\/schema\\\/person\\\/76d0077c0c576973f982afbdb09a6653\"},\"headline\":\"M\u00e1laga volksfeste und Festivals im Oktober &#8211; Unternehmungen im Herbst\",\"datePublished\":\"2025-10-24T09:26:29+00:00\",\"dateModified\":\"2025-10-24T13:31:36+00:00\",\"mainEntityOfPage\":{\"@id\":\"https:\\\/\\\/www.malagaweb.com\\\/deutsch\\\/blog\\\/veranstaltungen\\\/malaga-volksfeste-festivals-oktober\\\/\"},\"wordCount\":1451,\"commentCount\":0,\"image\":{\"@id\":\"https:\\\/\\\/www.malagaweb.com\\\/deutsch\\\/blog\\\/veranstaltungen\\\/malaga-volksfeste-festivals-oktober\\\/#primaryimage\"},\"thumbnailUrl\":\"https:\\\/\\\/www.malagaweb.com\\\/deutsch\\\/blog\\\/wp-content\\\/uploads\\\/2019\\\/09\\\/malaga-im-oktober.jpg\",\"keywords\":[\"Aktivit\u00e4ten\",\"D\u00f6rfer von M\u00e1laga\",\"Malaga\",\"Nerja\",\"Oktober\"],\"articleSection\":[\"Veranstaltungen\"],\"inLanguage\":\"de\",\"potentialAction\":[{\"@type\":\"CommentAction\",\"name\":\"Comment\",\"target\":[\"https:\\\/\\\/www.malagaweb.com\\\/deutsch\\\/blog\\\/veranstaltungen\\\/malaga-volksfeste-festivals-oktober\\\/#respond\"]}]},{\"@type\":\"WebPage\",\"@id\":\"https:\\\/\\\/www.malagaweb.com\\\/deutsch\\\/blog\\\/veranstaltungen\\\/malaga-volksfeste-festivals-oktober\\\/\",\"url\":\"https:\\\/\\\/www.malagaweb.com\\\/deutsch\\\/blog\\\/veranstaltungen\\\/malaga-volksfeste-festivals-oktober\\\/\",\"name\":\"M\u00e1laga volksfeste und Festivals im Oktober - Unternehmungen im Herbst\",\"isPartOf\":{\"@id\":\"https:\\\/\\\/www.malagaweb.com\\\/deutsch\\\/blog\\\/#website\"},\"primaryImageOfPage\":{\"@id\":\"https:\\\/\\\/www.malagaweb.com\\\/deutsch\\\/blog\\\/veranstaltungen\\\/malaga-volksfeste-festivals-oktober\\\/#primaryimage\"},\"image\":{\"@id\":\"https:\\\/\\\/www.malagaweb.com\\\/deutsch\\\/blog\\\/veranstaltungen\\\/malaga-volksfeste-festivals-oktober\\\/#primaryimage\"},\"thumbnailUrl\":\"https:\\\/\\\/www.malagaweb.com\\\/deutsch\\\/blog\\\/wp-content\\\/uploads\\\/2019\\\/09\\\/malaga-im-oktober.jpg\",\"datePublished\":\"2025-10-24T09:26:29+00:00\",\"dateModified\":\"2025-10-24T13:31:36+00:00\",\"author\":{\"@id\":\"https:\\\/\\\/www.malagaweb.com\\\/deutsch\\\/blog\\\/#\\\/schema\\\/person\\\/76d0077c0c576973f982afbdb09a6653\"},\"description\":\"Oktober in M\u00e1laga bringt uns eine gro\u00dfe Anzahl von Volksfesten und Festivals. Die Provinz hat viel \u00fcber die Sommermonate hinaus zu bieten.\",\"breadcrumb\":{\"@id\":\"https:\\\/\\\/www.malagaweb.com\\\/deutsch\\\/blog\\\/veranstaltungen\\\/malaga-volksfeste-festivals-oktober\\\/#breadcrumb\"},\"inLanguage\":\"de\",\"potentialAction\":[{\"@type\":\"ReadAction\",\"target\":[\"https:\\\/\\\/www.malagaweb.com\\\/deutsch\\\/blog\\\/veranstaltungen\\\/malaga-volksfeste-festivals-oktober\\\/\"]}]},{\"@type\":\"ImageObject\",\"inLanguage\":\"de\",\"@id\":\"https:\\\/\\\/www.malagaweb.com\\\/deutsch\\\/blog\\\/veranstaltungen\\\/malaga-volksfeste-festivals-oktober\\\/#primaryimage\",\"url\":\"https:\\\/\\\/www.malagaweb.com\\\/deutsch\\\/blog\\\/wp-content\\\/uploads\\\/2019\\\/09\\\/malaga-im-oktober.jpg\",\"contentUrl\":\"https:\\\/\\\/www.malagaweb.com\\\/deutsch\\\/blog\\\/wp-content\\\/uploads\\\/2019\\\/09\\\/malaga-im-oktober.jpg\",\"width\":1200,\"height\":698,\"caption\":\"Malaga im Oktober\"},{\"@type\":\"BreadcrumbList\",\"@id\":\"https:\\\/\\\/www.malagaweb.com\\\/deutsch\\\/blog\\\/veranstaltungen\\\/malaga-volksfeste-festivals-oktober\\\/#breadcrumb\",\"itemListElement\":[{\"@type\":\"ListItem\",\"position\":1,\"name\":\"Blog\",\"item\":\"https:\\\/\\\/www.malagaweb.com\\\/deutsch\\\/blog\\\/\"},{\"@type\":\"ListItem\",\"position\":2,\"name\":\"M\u00e1laga volksfeste und Festivals im Oktober &#8211; Unternehmungen im Herbst\"}]},{\"@type\":\"WebSite\",\"@id\":\"https:\\\/\\\/www.malagaweb.com\\\/deutsch\\\/blog\\\/#website\",\"url\":\"https:\\\/\\\/www.malagaweb.com\\\/deutsch\\\/blog\\\/\",\"name\":\"M\u00e1laga Reiseblog\",\"description\":\"Reise und Tourismusratgeber, Tipps, Ausfl\u00fcge und vieles mehr\",\"potentialAction\":[{\"@type\":\"SearchAction\",\"target\":{\"@type\":\"EntryPoint\",\"urlTemplate\":\"https:\\\/\\\/www.malagaweb.com\\\/deutsch\\\/blog\\\/?s={search_term_string}\"},\"query-input\":{\"@type\":\"PropertyValueSpecification\",\"valueRequired\":true,\"valueName\":\"search_term_string\"}}],\"inLanguage\":\"de\"},{\"@type\":\"Person\",\"@id\":\"https:\\\/\\\/www.malagaweb.com\\\/deutsch\\\/blog\\\/#\\\/schema\\\/person\\\/76d0077c0c576973f982afbdb09a6653\",\"name\":\"Raul GT\",\"image\":{\"@type\":\"ImageObject\",\"inLanguage\":\"de\",\"@id\":\"https:\\\/\\\/secure.gravatar.com\\\/avatar\\\/355bb21897b371342e002159d93cc5a3dcf5add74aab5d2183293cebb23ac386?s=96&r=g\",\"url\":\"https:\\\/\\\/secure.gravatar.com\\\/avatar\\\/355bb21897b371342e002159d93cc5a3dcf5add74aab5d2183293cebb23ac386?s=96&r=g\",\"contentUrl\":\"https:\\\/\\\/secure.gravatar.com\\\/avatar\\\/355bb21897b371342e002159d93cc5a3dcf5add74aab5d2183293cebb23ac386?s=96&r=g\",\"caption\":\"Raul GT\"},\"description\":\"Reiseblogger, Webentwickler und Content-Editor. Autor vieler Reisef\u00fchrer und Tipps \u00fcber Andalusien, Malaga und Spanien.\",\"sameAs\":[\"https:\\\/\\\/www.facebook.com\\\/Malaga.CostadelSol\\\/\",\"https:\\\/\\\/x.com\\\/Raul_GT\"]}]}<\/script>\n<!-- \/ Yoast SEO plugin. -->","yoast_head_json":{"title":"M\u00e1laga volksfeste und Festivals im Oktober - Unternehmungen im Herbst","description":"Oktober in M\u00e1laga bringt uns eine gro\u00dfe Anzahl von Volksfesten und Festivals. Die Provinz hat viel \u00fcber die Sommermonate hinaus zu bieten.","robots":{"index":"index","follow":"follow","max-snippet":"max-snippet:-1","max-image-preview":"max-image-preview:large","max-video-preview":"max-video-preview:-1"},"canonical":"https:\/\/www.malagaweb.com\/deutsch\/blog\/veranstaltungen\/malaga-volksfeste-festivals-oktober\/","og_locale":"de_DE","og_type":"article","og_title":"M\u00e1laga volksfeste und Festivals im Oktober - Unternehmungen im Herbst","og_description":"Oktober in M\u00e1laga bringt uns eine gro\u00dfe Anzahl von Volksfesten und Festivals. Die Provinz hat viel \u00fcber die Sommermonate hinaus zu bieten.","og_url":"https:\/\/www.malagaweb.com\/deutsch\/blog\/veranstaltungen\/malaga-volksfeste-festivals-oktober\/","og_site_name":"M\u00e1laga Reiseblog","article_publisher":"https:\/\/www.facebook.com\/Malaga.CostadelSol\/","article_author":"https:\/\/www.facebook.com\/Malaga.CostadelSol\/","article_published_time":"2025-10-24T09:26:29+00:00","article_modified_time":"2025-10-24T13:31:36+00:00","og_image":[{"width":1200,"height":698,"url":"https:\/\/www.malagaweb.com\/deutsch\/blog\/wp-content\/uploads\/2019\/09\/malaga-im-oktober.jpg","type":"image\/jpeg"}],"author":"Raul GT","twitter_card":"summary_large_image","twitter_creator":"@Raul_GT","twitter_site":"@malagaweb","twitter_misc":{"Verfasst von":"Raul GT","Gesch\u00e4tzte Lesezeit":"10\u00a0Minuten"},"schema":{"@context":"https:\/\/schema.org","@graph":[{"@type":"Article","@id":"https:\/\/www.malagaweb.com\/deutsch\/blog\/veranstaltungen\/malaga-volksfeste-festivals-oktober\/#article","isPartOf":{"@id":"https:\/\/www.malagaweb.com\/deutsch\/blog\/veranstaltungen\/malaga-volksfeste-festivals-oktober\/"},"author":{"name":"Raul GT","@id":"https:\/\/www.malagaweb.com\/deutsch\/blog\/#\/schema\/person\/76d0077c0c576973f982afbdb09a6653"},"headline":"M\u00e1laga volksfeste und Festivals im Oktober &#8211; Unternehmungen im Herbst","datePublished":"2025-10-24T09:26:29+00:00","dateModified":"2025-10-24T13:31:36+00:00","mainEntityOfPage":{"@id":"https:\/\/www.malagaweb.com\/deutsch\/blog\/veranstaltungen\/malaga-volksfeste-festivals-oktober\/"},"wordCount":1451,"commentCount":0,"image":{"@id":"https:\/\/www.malagaweb.com\/deutsch\/blog\/veranstaltungen\/malaga-volksfeste-festivals-oktober\/#primaryimage"},"thumbnailUrl":"https:\/\/www.malagaweb.com\/deutsch\/blog\/wp-content\/uploads\/2019\/09\/malaga-im-oktober.jpg","keywords":["Aktivit\u00e4ten","D\u00f6rfer von M\u00e1laga","Malaga","Nerja","Oktober"],"articleSection":["Veranstaltungen"],"inLanguage":"de","potentialAction":[{"@type":"CommentAction","name":"Comment","target":["https:\/\/www.malagaweb.com\/deutsch\/blog\/veranstaltungen\/malaga-volksfeste-festivals-oktober\/#respond"]}]},{"@type":"WebPage","@id":"https:\/\/www.malagaweb.com\/deutsch\/blog\/veranstaltungen\/malaga-volksfeste-festivals-oktober\/","url":"https:\/\/www.malagaweb.com\/deutsch\/blog\/veranstaltungen\/malaga-volksfeste-festivals-oktober\/","name":"M\u00e1laga volksfeste und Festivals im Oktober - Unternehmungen im Herbst","isPartOf":{"@id":"https:\/\/www.malagaweb.com\/deutsch\/blog\/#website"},"primaryImageOfPage":{"@id":"https:\/\/www.malagaweb.com\/deutsch\/blog\/veranstaltungen\/malaga-volksfeste-festivals-oktober\/#primaryimage"},"image":{"@id":"https:\/\/www.malagaweb.com\/deutsch\/blog\/veranstaltungen\/malaga-volksfeste-festivals-oktober\/#primaryimage"},"thumbnailUrl":"https:\/\/www.malagaweb.com\/deutsch\/blog\/wp-content\/uploads\/2019\/09\/malaga-im-oktober.jpg","datePublished":"2025-10-24T09:26:29+00:00","dateModified":"2025-10-24T13:31:36+00:00","author":{"@id":"https:\/\/www.malagaweb.com\/deutsch\/blog\/#\/schema\/person\/76d0077c0c576973f982afbdb09a6653"},"description":"Oktober in M\u00e1laga bringt uns eine gro\u00dfe Anzahl von Volksfesten und Festivals. Die Provinz hat viel \u00fcber die Sommermonate hinaus zu bieten.","breadcrumb":{"@id":"https:\/\/www.malagaweb.com\/deutsch\/blog\/veranstaltungen\/malaga-volksfeste-festivals-oktober\/#breadcrumb"},"inLanguage":"de","potentialAction":[{"@type":"ReadAction","target":["https:\/\/www.malagaweb.com\/deutsch\/blog\/veranstaltungen\/malaga-volksfeste-festivals-oktober\/"]}]},{"@type":"ImageObject","inLanguage":"de","@id":"https:\/\/www.malagaweb.com\/deutsch\/blog\/veranstaltungen\/malaga-volksfeste-festivals-oktober\/#primaryimage","url":"https:\/\/www.malagaweb.com\/deutsch\/blog\/wp-content\/uploads\/2019\/09\/malaga-im-oktober.jpg","contentUrl":"https:\/\/www.malagaweb.com\/deutsch\/blog\/wp-content\/uploads\/2019\/09\/malaga-im-oktober.jpg","width":1200,"height":698,"caption":"Malaga im Oktober"},{"@type":"BreadcrumbList","@id":"https:\/\/www.malagaweb.com\/deutsch\/blog\/veranstaltungen\/malaga-volksfeste-festivals-oktober\/#breadcrumb","itemListElement":[{"@type":"ListItem","position":1,"name":"Blog","item":"https:\/\/www.malagaweb.com\/deutsch\/blog\/"},{"@type":"ListItem","position":2,"name":"M\u00e1laga volksfeste und Festivals im Oktober &#8211; Unternehmungen im Herbst"}]},{"@type":"WebSite","@id":"https:\/\/www.malagaweb.com\/deutsch\/blog\/#website","url":"https:\/\/www.malagaweb.com\/deutsch\/blog\/","name":"M\u00e1laga Reiseblog","description":"Reise und Tourismusratgeber, Tipps, Ausfl\u00fcge und vieles mehr","potentialAction":[{"@type":"SearchAction","target":{"@type":"EntryPoint","urlTemplate":"https:\/\/www.malagaweb.com\/deutsch\/blog\/?s={search_term_string}"},"query-input":{"@type":"PropertyValueSpecification","valueRequired":true,"valueName":"search_term_string"}}],"inLanguage":"de"},{"@type":"Person","@id":"https:\/\/www.malagaweb.com\/deutsch\/blog\/#\/schema\/person\/76d0077c0c576973f982afbdb09a6653","name":"Raul GT","image":{"@type":"ImageObject","inLanguage":"de","@id":"https:\/\/secure.gravatar.com\/avatar\/355bb21897b371342e002159d93cc5a3dcf5add74aab5d2183293cebb23ac386?s=96&r=g","url":"https:\/\/secure.gravatar.com\/avatar\/355bb21897b371342e002159d93cc5a3dcf5add74aab5d2183293cebb23ac386?s=96&r=g","contentUrl":"https:\/\/secure.gravatar.com\/avatar\/355bb21897b371342e002159d93cc5a3dcf5add74aab5d2183293cebb23ac386?s=96&r=g","caption":"Raul GT"},"description":"Reiseblogger, Webentwickler und Content-Editor. Autor vieler Reisef\u00fchrer und Tipps \u00fcber Andalusien, Malaga und Spanien.","sameAs":["https:\/\/www.facebook.com\/Malaga.CostadelSol\/","https:\/\/x.com\/Raul_GT"]}]}},"jetpack_publicize_connections":[],"jetpack_featured_media_url":"https:\/\/www.malagaweb.com\/deutsch\/blog\/wp-content\/uploads\/2019\/09\/malaga-im-oktober.jpg","jetpack_shortlink":"https:\/\/wp.me\/p7sigs-GP","jetpack-related-posts":[{"id":147,"url":"https:\/\/www.malagaweb.com\/deutsch\/blog\/veranstaltungen\/perota-suppen-tag-alora\/","url_meta":{"origin":2655,"position":0},"title":"Perota Suppen-Tag in Alora am 5. Oktoberwochenende","author":"Raul GT","date":"Oktober 2, 2019","format":false,"excerpt":"Der Perota Suppen-Tag ist eine der Veranstaltungen, die im kulinarischen und kulturellen Kalender der Provinz M\u00e1laga markiert sind und die Sie nicht vers\u00e4umen sollten. Sie findet am ersten Wochenende im Oktober statt und neben der typischen Suppe der Gemeinde gibt es viele Aktivit\u00e4ten. M\u00f6chten Sie mehr dar\u00fcber erfahren?","rel":"","context":"In &quot;Veranstaltungen&quot;","block_context":{"text":"Veranstaltungen","link":"https:\/\/www.malagaweb.com\/deutsch\/blog\/veranstaltungen\/"},"img":{"alt_text":"Perota suppen","src":"https:\/\/i0.wp.com\/www.malagaweb.com\/deutsch\/blog\/wp-content\/uploads\/2018\/09\/perota-suppen.jpg?resize=350%2C200&ssl=1","width":350,"height":200,"srcset":"https:\/\/i0.wp.com\/www.malagaweb.com\/deutsch\/blog\/wp-content\/uploads\/2018\/09\/perota-suppen.jpg?resize=350%2C200&ssl=1 1x, https:\/\/i0.wp.com\/www.malagaweb.com\/deutsch\/blog\/wp-content\/uploads\/2018\/09\/perota-suppen.jpg?resize=525%2C300&ssl=1 1.5x, https:\/\/i0.wp.com\/www.malagaweb.com\/deutsch\/blog\/wp-content\/uploads\/2018\/09\/perota-suppen.jpg?resize=700%2C400&ssl=1 2x"},"classes":[]},{"id":2680,"url":"https:\/\/www.malagaweb.com\/deutsch\/blog\/veranstaltungen\/festivals-volksfeste-malaga-november\/","url_meta":{"origin":2655,"position":1},"title":"Festivals und Volksfeste in M\u00e1laga im November &#8211; Aktivit\u00e4ten und Veranstaltungen","author":"Raul GT","date":"Oktober 16, 2024","format":false,"excerpt":"Haben Sie vor, M\u00e1laga im November besuchen? Dann sind Sie vielleicht daran interessiert, mehr \u00fcber die wichtigsten Festivals und Volksfeste M\u00e1lagas in diesem Monat zu erfahren. Wir informieren Sie \u00fcber die wichtigsten Aktivit\u00e4ten im November in M\u00e1laga und wie Sie auf die einfachste Weise dorthin gelangen.","rel":"","context":"In &quot;Veranstaltungen&quot;","block_context":{"text":"Veranstaltungen","link":"https:\/\/www.malagaweb.com\/deutsch\/blog\/veranstaltungen\/"},"img":{"alt_text":"M\u00e1laga im November","src":"https:\/\/i0.wp.com\/www.malagaweb.com\/deutsch\/blog\/wp-content\/uploads\/2017\/10\/malaga-im-november.jpg?resize=350%2C200&ssl=1","width":350,"height":200,"srcset":"https:\/\/i0.wp.com\/www.malagaweb.com\/deutsch\/blog\/wp-content\/uploads\/2017\/10\/malaga-im-november.jpg?resize=350%2C200&ssl=1 1x, https:\/\/i0.wp.com\/www.malagaweb.com\/deutsch\/blog\/wp-content\/uploads\/2017\/10\/malaga-im-november.jpg?resize=525%2C300&ssl=1 1.5x, https:\/\/i0.wp.com\/www.malagaweb.com\/deutsch\/blog\/wp-content\/uploads\/2017\/10\/malaga-im-november.jpg?resize=700%2C400&ssl=1 2x, https:\/\/i0.wp.com\/www.malagaweb.com\/deutsch\/blog\/wp-content\/uploads\/2017\/10\/malaga-im-november.jpg?resize=1050%2C600&ssl=1 3x"},"classes":[]},{"id":2616,"url":"https:\/\/www.malagaweb.com\/deutsch\/blog\/veranstaltungen\/festivals-volksfeste-august-malaga\/","url_meta":{"origin":2655,"position":2},"title":"Festivals und Volksfeste im August in M\u00e1laga 2019 \u2013 Alles Wissenswerte","author":"Raul GT","date":"Juli 31, 2019","format":false,"excerpt":"Alles, was Sie \u00fcber die wichtigsten Volksfeste und Veranstaltungen in M\u00e1laga im August wissen m\u00fcssen. Wenn Sie planen zu kommen oder bereits hier sind, wird es n\u00fctzlich sein, zu wissen, was Sie wo im August besuchen k\u00f6nnen.","rel":"","context":"In &quot;Veranstaltungen&quot;","block_context":{"text":"Veranstaltungen","link":"https:\/\/www.malagaweb.com\/deutsch\/blog\/veranstaltungen\/"},"img":{"alt_text":"volksfeste-august-malaga","src":"https:\/\/i0.wp.com\/www.malagaweb.com\/deutsch\/blog\/wp-content\/uploads\/2019\/07\/volksfeste-august-malaga.jpg?resize=350%2C200&ssl=1","width":350,"height":200,"srcset":"https:\/\/i0.wp.com\/www.malagaweb.com\/deutsch\/blog\/wp-content\/uploads\/2019\/07\/volksfeste-august-malaga.jpg?resize=350%2C200&ssl=1 1x, https:\/\/i0.wp.com\/www.malagaweb.com\/deutsch\/blog\/wp-content\/uploads\/2019\/07\/volksfeste-august-malaga.jpg?resize=525%2C300&ssl=1 1.5x, https:\/\/i0.wp.com\/www.malagaweb.com\/deutsch\/blog\/wp-content\/uploads\/2019\/07\/volksfeste-august-malaga.jpg?resize=700%2C400&ssl=1 2x, https:\/\/i0.wp.com\/www.malagaweb.com\/deutsch\/blog\/wp-content\/uploads\/2019\/07\/volksfeste-august-malaga.jpg?resize=1050%2C600&ssl=1 3x"},"classes":[]},{"id":3823,"url":"https:\/\/www.malagaweb.com\/deutsch\/blog\/costa-del-sol\/malaga-im-oktober\/","url_meta":{"origin":2655,"position":3},"title":"Besuchen Sie M\u00e1laga im Oktober &#8211; Empfehlungen, Wetter und Temperatur","author":"Raul GT","date":"September 19, 2024","format":false,"excerpt":"Planen Sie, M\u00e1laga im Oktober zu besuchen? In diesem Fall k\u00f6nnten Sie an diesem Artikel \u00fcber M\u00e1laga im Oktober interessiert sein, mit Details wie der Wassertemperatur, dem Wetter, der Kleidung, die wir Ihnen empfehlen und nat\u00fcrlich den beliebtesten Festivals und Volksfesten im Oktober.","rel":"","context":"In &quot;Costa del Sol&quot;","block_context":{"text":"Costa del Sol","link":"https:\/\/www.malagaweb.com\/deutsch\/blog\/costa-del-sol\/"},"img":{"alt_text":"Malaga im Oktober","src":"https:\/\/i0.wp.com\/www.malagaweb.com\/deutsch\/blog\/wp-content\/uploads\/2019\/09\/malaga-im-oktober.jpg?resize=350%2C200&ssl=1","width":350,"height":200,"srcset":"https:\/\/i0.wp.com\/www.malagaweb.com\/deutsch\/blog\/wp-content\/uploads\/2019\/09\/malaga-im-oktober.jpg?resize=350%2C200&ssl=1 1x, https:\/\/i0.wp.com\/www.malagaweb.com\/deutsch\/blog\/wp-content\/uploads\/2019\/09\/malaga-im-oktober.jpg?resize=525%2C300&ssl=1 1.5x, https:\/\/i0.wp.com\/www.malagaweb.com\/deutsch\/blog\/wp-content\/uploads\/2019\/09\/malaga-im-oktober.jpg?resize=700%2C400&ssl=1 2x, https:\/\/i0.wp.com\/www.malagaweb.com\/deutsch\/blog\/wp-content\/uploads\/2019\/09\/malaga-im-oktober.jpg?resize=1050%2C600&ssl=1 3x"},"classes":[]},{"id":161,"url":"https:\/\/www.malagaweb.com\/deutsch\/blog\/veranstaltungen\/yunquera-volksfest-festivals\/","url_meta":{"origin":2655,"position":4},"title":"Yunquera Volksfest, Festivals und Aktivit\u00e4ten im Juni und Oktober","author":"Raul GT","date":"Mai 9, 2019","format":false,"excerpt":"Planen Sie, M\u00e1laga im Juni oder Oktober zu besuchen? Wir haben einige Aktivit\u00e4ten und Veranstaltungen zusammengetragen, die w\u00e4hrend dieser Monate in Yunquera, einem kleinen und charmanten wei\u00dfen Dorf, stattfinden. Erfahren Sie, wann und wie der Wein- und Kastanientag, die Nacht von San Juan und das Volksfest von Yunquera stattfinden.","rel":"","context":"In &quot;Veranstaltungen&quot;","block_context":{"text":"Veranstaltungen","link":"https:\/\/www.malagaweb.com\/deutsch\/blog\/veranstaltungen\/"},"img":{"alt_text":"Yunkera volksfest","src":"https:\/\/i0.wp.com\/www.malagaweb.com\/deutsch\/blog\/wp-content\/uploads\/yunquera-malaga.jpg?resize=350%2C200&ssl=1","width":350,"height":200,"srcset":"https:\/\/i0.wp.com\/www.malagaweb.com\/deutsch\/blog\/wp-content\/uploads\/yunquera-malaga.jpg?resize=350%2C200&ssl=1 1x, https:\/\/i0.wp.com\/www.malagaweb.com\/deutsch\/blog\/wp-content\/uploads\/yunquera-malaga.jpg?resize=525%2C300&ssl=1 1.5x, https:\/\/i0.wp.com\/www.malagaweb.com\/deutsch\/blog\/wp-content\/uploads\/yunquera-malaga.jpg?resize=700%2C400&ssl=1 2x, https:\/\/i0.wp.com\/www.malagaweb.com\/deutsch\/blog\/wp-content\/uploads\/yunquera-malaga.jpg?resize=1050%2C600&ssl=1 3x"},"classes":[]},{"id":294,"url":"https:\/\/www.malagaweb.com\/deutsch\/blog\/veranstaltungen\/festivals-volksfeste-malaga-september\/","url_meta":{"origin":2655,"position":5},"title":"Festivals und Volksfeste in Malaga im September","author":"Raul GT","date":"September 2, 2023","format":false,"excerpt":"September ist der Monat der Volksfeste und Festivit\u00e4ten in vielen Orten der Costa del Sol, bei denen Wallfahrten, Ernten, Schutzheilige und vieles mehr gefeiert werden.","rel":"","context":"In &quot;Veranstaltungen&quot;","block_context":{"text":"Veranstaltungen","link":"https:\/\/www.malagaweb.com\/deutsch\/blog\/veranstaltungen\/"},"img":{"alt_text":"Luna Mora in Guaro","src":"https:\/\/i0.wp.com\/www.malagaweb.com\/deutsch\/blog\/wp-content\/uploads\/2018\/08\/luna-mora-guaro.jpg?resize=350%2C200&ssl=1","width":350,"height":200,"srcset":"https:\/\/i0.wp.com\/www.malagaweb.com\/deutsch\/blog\/wp-content\/uploads\/2018\/08\/luna-mora-guaro.jpg?resize=350%2C200&ssl=1 1x, https:\/\/i0.wp.com\/www.malagaweb.com\/deutsch\/blog\/wp-content\/uploads\/2018\/08\/luna-mora-guaro.jpg?resize=525%2C300&ssl=1 1.5x"},"classes":[]}],"jetpack_sharing_enabled":true,"_links":{"self":[{"href":"https:\/\/www.malagaweb.com\/deutsch\/blog\/wp-json\/wp\/v2\/posts\/2655","targetHints":{"allow":["GET"]}}],"collection":[{"href":"https:\/\/www.malagaweb.com\/deutsch\/blog\/wp-json\/wp\/v2\/posts"}],"about":[{"href":"https:\/\/www.malagaweb.com\/deutsch\/blog\/wp-json\/wp\/v2\/types\/post"}],"author":[{"embeddable":true,"href":"https:\/\/www.malagaweb.com\/deutsch\/blog\/wp-json\/wp\/v2\/users\/1"}],"replies":[{"embeddable":true,"href":"https:\/\/www.malagaweb.com\/deutsch\/blog\/wp-json\/wp\/v2\/comments?post=2655"}],"version-history":[{"count":9,"href":"https:\/\/www.malagaweb.com\/deutsch\/blog\/wp-json\/wp\/v2\/posts\/2655\/revisions"}],"predecessor-version":[{"id":4697,"href":"https:\/\/www.malagaweb.com\/deutsch\/blog\/wp-json\/wp\/v2\/posts\/2655\/revisions\/4697"}],"wp:featuredmedia":[{"embeddable":true,"href":"https:\/\/www.malagaweb.com\/deutsch\/blog\/wp-json\/wp\/v2\/media\/3850"}],"wp:attachment":[{"href":"https:\/\/www.malagaweb.com\/deutsch\/blog\/wp-json\/wp\/v2\/media?parent=2655"}],"wp:term":[{"taxonomy":"category","embeddable":true,"href":"https:\/\/www.malagaweb.com\/deutsch\/blog\/wp-json\/wp\/v2\/categories?post=2655"},{"taxonomy":"post_tag","embeddable":true,"href":"https:\/\/www.malagaweb.com\/deutsch\/blog\/wp-json\/wp\/v2\/tags?post=2655"}],"curies":[{"name":"wp","href":"https:\/\/api.w.org\/{rel}","templated":true}]}}