{"id":2465,"date":"2020-03-16T12:48:55","date_gmt":"2020-03-16T12:48:55","guid":{"rendered":"http:\/\/www.malagaweb.com\/deutsch\/blog\/?p=2465"},"modified":"2023-02-01T14:08:36","modified_gmt":"2023-02-01T14:08:36","slug":"streiks-verspatungen-stornierungen-flugen","status":"publish","type":"post","link":"https:\/\/www.malagaweb.com\/deutsch\/blog\/flughafen-malaga\/streiks-verspatungen-stornierungen-flugen\/","title":{"rendered":"Neueste Nachrichten zu Streiks, Versp\u00e4tungen und Stornierungen von Fl\u00fcgen"},"content":{"rendered":"<p>Suchen Sie nach Informationen \u00fcber Flugversp\u00e4tungen oder -ausf\u00e4lle am Flughafen M\u00e1laga? Hier finden Sie die neuesten Nachrichten \u00fcber Versp\u00e4tungen, Streiks und Flugstreichungen. Ich werde Ihnen auch sagen, welche Rechte Sie haben und wie Sie vorgehen m\u00fcssen.<\/p>\n<p><img decoding=\"async\" class=\"aligncenter size-large wp-image-2297 img-responsive\" loading=\"lazy\" src=\"https:\/\/www.malagaweb.com\/deutsch\/blog\/wp-content\/uploads\/holiday-flight-500x333.jpg\" alt=\"Fl\u00fcge nach M\u00e1laga\" width=\"500\" height=\"333\" \/><\/p>\n<h2>Die neuesten Nachrichten von AENA f\u00fcr Fl\u00fcge von und nach Spanien<\/h2>\n<p>Nachfolgend finden Sie die neuesten Informationen der AENA f\u00fcr das Fliegen und den Transport zum und vom Flughafen:<\/p>\n<ul>\n<li>Einschr\u00e4nkungen der Mobilit\u00e4t<\/li>\n<li>Was Sie tun m\u00fcssen, bevor Sie zum Flughafen kommen<\/li>\n<li>Bei Abfl\u00fcgen<\/li>\n<li>Im Flugzeug<\/li>\n<li>Am Zielort<\/li>\n<\/ul>\n<p><a class=\"ext-link wpel-icon-right\" href=\"http:\/\/aena.es\/en\/informationcovid19coronavirusairportsandflights.html\" target=\"_blank\" rel=\"noopener nofollow sponsored\" data-wpel-link=\"external\">http:\/\/aena.es\/en\/informationcovid19coronavirusairportsandflights.html<\/a><\/p>\n<p>Vom 22. Dezember bis zum 2. Februar sind ankommende Fl\u00fcge aus dem Vereinigten K\u00f6nigreich eingeschr\u00e4nkt, au\u00dfer f\u00fcr Staatsangeh\u00f6rige oder Einwohner unseres Landes und Andorras.<\/p>\n<p>Deutschland verlangt einen PCR-Test sp\u00e4testens 48 Stunden vor der Einreise.<\/p>\n<p>Informationen: <a href=\"https:\/\/www.munich-airport.de\/\" target=\"_blank\" rel=\"noopener\">https:\/\/www.munich-airport.de\/<\/a><\/p>\n<h2>Neue Regelungen f\u00fcr Fl\u00fcge nach Spanien nach dem Covid-19<\/h2>\n<p>Die spanische Regierung hat eine Reihe von Ma\u00dfnahmen zum Schutz der \u00f6ffentlichen Gesundheit der Menschen ergriffen, darunter Gesundheitskontrollen bei der Ankunft in Spanien. Von Spain Travel Health oder dem offiziellen Antrag aus k\u00f6nnen Sie das Gesundheitskontrollformular ausf\u00fcllen und Ihren QR-Code erhalten, der bei Ihrer Ankunft in Spanien bei den Kontrollen angezeigt wird.<\/p>\n<p>Offizielle Website: <a href=\"https:\/\/www.spth.gob.es\/\" target=\"_blank\" rel=\"noopener\">https:\/\/www.spth.gob.es\/<\/a><\/p>\n<p><strong>Laden Sie die Anwendung herunter:<\/strong><\/p>\n<ul>\n<li>Android &#8211; https:\/\/play.google.com\/store\/apps\/details?id=com.atos.spain.th<\/li>\n<li>Ios: <a href=\"https:\/\/apps.apple.com\/us\/app\/spth\/id1521156190\" target=\"_blank\" rel=\"noopener\">https:\/\/apps.apple.com\/us\/app\/spth\/id1521156190<\/a><\/li>\n<\/ul>\n<h2>Ist Ihr Flug wegen des Coronavirus gestrichen worden?<\/h2>\n<ul>\n<li><strong>25. August:<\/strong> Ryanair f\u00fchrt die Fl\u00fcge von Gro\u00dfbritannien nach Spanien an, da die Touristen nicht auf ihren Urlaub verzichten wollen.<\/li>\n<li><strong>24. August:<\/strong> Easyjet k\u00fcndigte an, dass sie ihre St\u00fctzpunkte auf den Flugh\u00e4fen Stansted, Southend und Newcastle schlie\u00dfen wird.<\/li>\n<li><strong>6. August:<\/strong> Turkish Airlines nimmt den Betrieb vom Flughafen Malaga mit Direktfl\u00fcgen nach Istanbul wieder auf.<\/li>\n<li><strong>27. Juli:<\/strong> Ryanair wird die Fl\u00fcge zwischen Gro\u00dfbritannien und Spanien nicht k\u00fcrzen.<\/li>\n<li><strong>27. Juli:<\/strong> Tui streicht Fl\u00fcge nach Spanien, ausgenommen Fl\u00fcge zu den Balearen bis zum 9. August.<\/li>\n<\/ul>\n<figure id=\"attachment_8688\" aria-describedby=\"caption-attachment-8688\" style=\"width: 660px\" class=\"wp-caption aligncenter\"><a href=\"https:\/\/www.malagaweb.com\/espanol\/blog\/wp-content\/uploads\/2020\/03\/parked-planes.jpg\" itemprop=\"contentUrl\"  data-gallery title=\"Neueste Nachrichten zu Streiks, Versp\u00e4tungen und Stornierungen von Fl\u00fcgen\"><img decoding=\"async\" class=\"size-large wp-image-8688 img-responsive\" loading=\"lazy\" src=\"https:\/\/www.malagaweb.com\/espanol\/blog\/wp-content\/uploads\/2020\/03\/parked-planes-1200x405.jpg\" alt=\"Aviones aparcados en el aeropuerto de M\u00e1laga\" width=\"660\" height=\"223\" \/><\/a><figcaption id=\"caption-attachment-8688\" class=\"wp-caption-text\">Geparkte Flugzeuge am Flughafen M\u00e1laga aufgrund des Coronavirus in M\u00e1laga.<\/figcaption><\/figure>\n<p>Der Flughafen funktioniert jetzt normal, obwohl einige Fluggesellschaften ihre Dienste streichen. Reisenden wird empfohlen, einen Sicherheitsabstand von 1 Meter einzuhalten.<\/p>\n<p>Es ist ratsam, extreme hygienische Ma\u00dfnahmen zu ergreifen, wie h\u00e4ufiges H\u00e4ndewaschen, wof\u00fcr Sie die in den Einrichtungen vorhandenen Spender f\u00fcr hydroalkoholische Gele benutzen k\u00f6nnen.<\/p>\n<p>Am Flughafen von M\u00e1laga werden h\u00e4ufig Desinfektionen durchgef\u00fchrt.<\/p>\n<p>Schlie\u00dflich ist es ratsam, sich mit der Fluggesellschaft in Verbindung zu setzen, um den Status des Fluges zu erfahren.<\/p>\n<h2>Wie kann ich herausfinden, ob mein Flug gestrichen wurde oder sich versp\u00e4tet hat?<\/h2>\n<p>Um alle Informationen \u00fcber den Flug in Echtzeit zu erfahren, empfehle ich, sie auf der untenstehenden Website zu \u00fcberpr\u00fcfen:<\/p>\n<p><a href=\"https:\/\/www.flightstats.com\/v2\/airport-conditions\/AGP\/\" target=\"_blank\" rel=\"noopener\">https:\/\/www.flightstats.com\/v2\/airport-conditions\/AGP\/<\/a><\/p>\n<p>W\u00e4hlen Sie, ob es sich um einen Abflug oder eine Ankunft handelt und \u00fcberpr\u00fcfen Sie, ob es zu einer Versp\u00e4tung kommt oder der Flug gestrichen wird.<\/p>\n<h2>Was tun, wenn sie Ihren Flug stornieren?<\/h2>\n<p>Es gibt zwei M\u00f6glichkeiten, eine davon ist, eine R\u00fcckerstattung online zu beantragen, um das Geld wiederzubekommen. Eine weitere M\u00f6glichkeit ist, einen Flugwechsel kostenlos anzufordern.<\/p>\n<p>Wenn Sie Ihren Flug gebucht haben, k\u00f6nnen Sie nichts tun, bis er von der Firma storniert wird.<\/p>\n<h3>K\u00f6nnen Sie reklamieren wenn Ihr Flug storniert wurde?<\/h3>\n<p>Sie k\u00f6nnen auch einen finanziellen Ausgleich verlangen, wenn Ihr Flug storniert wird, die Anforderungen sind wie folgt:<\/p>\n<ul>\n<li><strong>125 \u20ac Entsch\u00e4digung<\/strong>: Wenn die Verz\u00f6gerung der Umleitung bis zu 2 Stunden betr\u00e4gt oder storniert wurde und der Flug weniger als 1500 km betr\u00e4gt.<\/li>\n<li><strong>250\u20ac Entsch\u00e4digung<\/strong>: Wenn die Verz\u00f6gerung der Umleitung mehr als 2 Stunden betr\u00e4gt oder storniert wurde und der Flug weniger als 1500 km betr\u00e4gt.<\/li>\n<li><strong>300\u20ac Entsch\u00e4digung<\/strong>: Wenn die Verz\u00f6gerung der Umleitung bis zu 4 Stunden betr\u00e4gt oder storniert wurde und die Flugstrecke mehr als 3500 km betr\u00e4gt.<\/li>\n<li><strong>400\u20ac Entsch\u00e4digung<\/strong>: Wenn die Verz\u00f6gerung der Umleitung mehr als 3 Stunden betr\u00e4gt oder storniert wurde und die Flugstrecke zwischen 1500 und 3500km liegt und der Flug t in der EU abfliegt oder landet.<\/li>\n<li><strong>600\u20ac Entsch\u00e4digung<\/strong>: Wenn die Verz\u00f6gerung der Umleitung mehr als 4 Stunden betr\u00e4gt oder storniert wurde und die Flugstrecke mehr als 3500 km betr\u00e4gt und der Flug nicht in der EU abfliegt oder landet.<\/li>\n<\/ul>\n<p>* Die Airline muss auch Getr\u00e4nk, Essen, Unterkunft, Transport vom und zum Flughafen f\u00fcr den neuen Flug und kostenloses Telefongespr\u00e4ch anbieten.<\/p>\n<p>Die volle Entsch\u00e4digung gilt nur, wenn Sie eine R\u00fcckerstattung des Fahrpreises verlangen. Wenn Sie damit einverstanden sind, mit einer Verz\u00f6gerung von 2 bis 4 Stunden zu reisen, wird die Entsch\u00e4digung um 50% reduziert.<\/p>\n<p>Es besteht kein Anspruch auf Entsch\u00e4digung, wenn Sie irgendeine Art von Kommunikation erhalten haben, die Sie \u00fcber die Stornierung des Fluges mehr als 14 Tage im Voraus mitteilt, wenn die Stornierung aufgrund h\u00f6here Gewalt vorliegt oder wenn Ihnen ein Flug mit einem \u00e4hnlichen Zeitplan angeboten wird wie der den Sie urspr\u00fcnglich hatten.<\/p>\n<p>Es besteht auch ein Anspruch auf Schadensersatz, den Sie beweisen k\u00f6nnen, wie Transport oder bereits bezahlte Unterkunft.<\/p>\n<h4>Wo k\u00f6nnen Sie reklamieren?<\/h4>\n<p>Sie k\u00f6nnen zu den Schaltern des Unternehmens am Flughafen gehen oder das Europ\u00e4ische Verbraucherzentrum kontaktieren.<\/p>\n<h2>Alte Nachrichten \u00fcber Stornierungen<\/h2>\n<p>Streiks, Flugstreichungen und alle Informationen, die alt sind, werden von der Spitze dieses Postens unter diese Zeile verschoben:<\/p>\n<ul>\n<li><strong>28. Mai:<\/strong> Vueling bietet ab sofort Fl\u00fcge zwischen der Costa del Sol und 14 Destinationen an, darunter Amsterdam, Paris, Rom und Br\u00fcssel. Die Aktivit\u00e4t soll zwischen Mitte Juni und Juli beginnen.<\/li>\n<li class=\"v1MsoNormal\"><span lang=\"DE\"><strong>20. Mai<\/strong>: Wenn die Gesundheitsbeh\u00f6rden dies erlauben, wird Air Europa ab der Woche vom 22. Juni Inlandsfl\u00fcge anbieten. Der europ\u00e4ische Flugbetrieb k\u00f6nnte Anfang Juli und die internationalen Fl\u00fcge in der zweiten Monatsh\u00e4lfte reaktiviert werden.<\/span><\/li>\n<li class=\"v1MsoNormal\"><span lang=\"DE\"><strong>12<\/strong>. <strong>Mai<\/strong>: Ryanair plant, ab dem 1. Juli Fl\u00fcge anzubieten, wenn die Gesundheitsbeh\u00f6rden der einzelnen L\u00e4nder dies erlauben.<\/span><\/li>\n<li><strong>29, April:<\/strong> Wizz Air wird ab 1. Mai einige Fl\u00fcge vom Flughafen Luton in Gro\u00dfbritannien wieder aufnehmen.<\/li>\n<li><strong>16. April:<\/strong> Ryanair best\u00e4tigt, dass die Fluggesellschaft wieder kontinuierlich Fl\u00fcge anbieten wird, sobald das Coronavirus besiegt ist. Man hofft, laut Worten des Sprechers, dass es eher fr\u00fcher als sp\u00e4ter sein wird. Derzeit werden Mindestfl\u00fcge f\u00fcr Notsituationen angeboten.<\/li>\n<li><strong>30. M\u00e4rz<\/strong>: Von den durchschnittlich 290 t\u00e4glichen Fl\u00fcgen finden wir am 30. M\u00e4rz nur 10. Es wird daruf hingewiesen, dass vor Juni keine Fl\u00fcge geplant sind.<\/li>\n<li><strong>25. M\u00e4rz:<\/strong> Terminal 3 ist geschlossen und nur noch der Terminal 2 in Betrieb. Ziel ist es, den Transit der Passagiere zu beschleunigen.<\/li>\n<li><strong>24. M\u00e4rz:<\/strong> Der Flughafen ist fast leer und es gibt nur noch wenige Fl\u00fcge, die in den n\u00e4chsten Tagen abfliegen.<\/li>\n<\/ul>\n<h3>Thomas Cook geht bankrott<\/h3>\n<p>Das Unternehmen stellte sofort den Betrieb ein und lie\u00df weltweit mehr als 600.000 Menschen stranden. Alle Buchungen wurden storniert und es wird erwartet, dass die britische Zivilluftfahrtbeh\u00f6rde mit der R\u00fcckf\u00fchrung von mehr als 150.000 Briten beginnt.<\/p>\n<p>In Spanien wird der R\u00fcckf\u00fchrungsprozess von den St\u00e4dten Almeria, Alicante, Girona, Reus, Ibiza, Palma, Menorca, Fuerteventura, Gran Canaria, Lanzarote und Teneriffa durchgef\u00fchrt. In M\u00e1laga hat der Konkurs wenig Folgen, da die Stadt nicht zu den ersten Zielen dieses Unternehmens in Spanien geh\u00f6rt.<\/p>\n<p>Die Kosten f\u00fcr die Unterkunft werden auch von der Regierung getragen, da alle Flug- und Urlaubsbuchungen storniert wurden.<\/p>\n<p>Wer seinen Urlaub noch nicht begonnen hat, kann eine R\u00fcckerstattung verlangen.<\/p>\n<p>Wer seinen Urlaub noch nicht begonnen hat, kann eine R\u00fcckerstattung verlangen.<br \/>\n<a href=\"https:\/\/www.caa.co.uk\/ATOL-protection\/Thomas-Cook-has-ceased-trading\/\" target=\"_blank\" rel=\"noopener\">https:\/\/thomascook.caa.co.uk\/<\/a><\/p>\n<h3>Alte Nachrichten<\/h3>\n<p>Der<strong> Konkurs von Monarch<\/strong> hat zur Annullierung von 6 Fl\u00fcgen aus Malaga gef\u00fchrt.<\/p>\n<p>Bis zu <strong>2000 Fl\u00fcge von Ryanair<\/strong> wurden im September und Oktober f\u00fcr bis zu 50 Fl\u00fcge pro Tag abgesagt. Sie k\u00f6nnen die Liste der annullierten Fl\u00fcge von Ryanair und weitere Informationen einsehen.<\/p>\n<p>Der Streik der Fluglotsen der Lufth\u00e4fen in Frankreich hat f\u00fcr einige Versp\u00e4tungen in Fl\u00fcgen \u00fcber das gallische Territorium verursacht. Die Fl\u00fcge waren diejenigen die die Costa del Sol mit Edinburgh, London-Stransted und Dublin verbanden.<\/p>\n<p>Als Resultat des Streiks wurden bis zu vier Fl\u00fcge zum Flughafen M\u00e1laga storniert.<\/p>\n<p>Die franz\u00f6sischen Fluglotsen beendeten den Streil am Freitag den 10. M\u00e4rz, und daher sollte es keine Probleme bei zuk\u00fcnftigen Fl\u00fcgen geben.<\/p>\n<h3>Streik und Flugstornierungen bei Berliner Flugh\u00e4fen<\/h3>\n<p>Der Streik des Bodenpersonals an den Berliner Flugh\u00e4fen betrifft Fl\u00fcge zum Flughafen M\u00e1laga.<\/p>\n<p>Ab vier Uhr morgens das 13. M\u00e4rz begann der zweite Streiktag.<\/p>\n<p>Der Streik wird bis Dienstagmorgen um 5 Uhr fortgesetzt. Wenn Sie einen Flug zur\u00fcck nach Deutschland oder f\u00fcr einen Besuch in M\u00e1laga gebucht haben, bitten Sie Ihre Fluggesellschaft um weitere Information.<\/p>\n<p>Das ist der zweite Streik nach dem am letzten Freitag. Scheinbar wurden die Forderungen der Arbeiterverb\u00e4nde nach einem Lohnanstieg nicht erf\u00fcllt.<\/p>\n<h3>Alternativen wenn Ihr Flug storniert wurde<\/h3>\n<p>Wenn Sie der Streik an den Flugh\u00e4fen in Berlin betrifft, bieten einige Fluggesellschaften alternative Fl\u00fcge von den Flugh\u00e4fen Dresden und Leipzig an.<\/p>\n<p>Die vorgeschlagenen Fl\u00fcge bieten auch kostenlose Shuttle-Busse um die Passagiere vom Flughafen Berlin dorthin zu bringen. Dies k\u00f6nnte eine L\u00f6sung sein wenn, Sie nach M\u00e1laga fliegen oder Sie Urlaub gemacht haben und vorhaben, heute nach Deutschland\u00a0 zur\u00fcckzufliegen. Fragen Sie besser Ihre Fluggesellschaft zur Situation und nach m\u00f6glichen Alternativen wenn Ihr Flug storniert wurde.<\/p>\n<p>Abschlie\u00dfend, wenn die Fluggesellschaft Ihnen keinen anderen Flug zu Ihrem Reiseziel anbieten kann, sollte Sie kostenlose Unterkunft und Transport-Service anbieten, doch Sie werden vielleicht nachfragen m\u00fcssen.<\/p>\n","protected":false},"excerpt":{"rendered":"<p>Betreffen einer der Streiks oder die Versp\u00e4tungen Ihren Flug von oder zum Flughafen M\u00e1laga? Hier gibt es die neusten Nachrichten zu Streiks, Versp\u00e4tungen und Stornierungen von Fl\u00fcgen.<\/p>\n<p><img loading=\"lazy\" decoding=\"async\" class=\"aligncenter size-large wp-image-2297\" src=\"https:\/\/www.malagaweb.com\/deutsch\/blog\/wp-content\/uploads\/holiday-flight-500x333.jpg\" alt=\"Fl\u00fcge nach M\u00e1laga\" width=\"500\" height=\"333\" \/><\/p>\n","protected":false},"author":1,"featured_media":3629,"comment_status":"open","ping_status":"closed","sticky":false,"template":"","format":"standard","meta":{"jetpack_post_was_ever_published":false,"_jetpack_newsletter_access":"","_jetpack_dont_email_post_to_subs":false,"_jetpack_newsletter_tier_id":0,"_jetpack_memberships_contains_paywalled_content":false,"_jetpack_memberships_contains_paid_content":false,"footnotes":"","jetpack_publicize_message":"","jetpack_publicize_feature_enabled":true,"jetpack_social_post_already_shared":true,"jetpack_social_options":{"image_generator_settings":{"template":"highway","default_image_id":0,"font":"","enabled":false},"version":2}},"categories":[11],"tags":[],"class_list":["post-2465","post","type-post","status-publish","format-standard","has-post-thumbnail","hentry","category-flughafen-malaga"],"yoast_head":"<!-- This site is optimized with the Yoast SEO plugin v27.5 - https:\/\/yoast.com\/product\/yoast-seo-wordpress\/ -->\n<title>Neueste Nachrichten zu Streiks, Versp\u00e4tungen und Stornierungen von Fl\u00fcgen<\/title>\n<meta name=\"robots\" content=\"index, follow, max-snippet:-1, max-image-preview:large, max-video-preview:-1\" \/>\n<link rel=\"canonical\" href=\"https:\/\/www.malagaweb.com\/deutsch\/blog\/flughafen-malaga\/streiks-verspatungen-stornierungen-flugen\/\" \/>\n<meta property=\"og:locale\" content=\"de_DE\" \/>\n<meta property=\"og:type\" content=\"article\" \/>\n<meta property=\"og:title\" content=\"Neueste Nachrichten zu Streiks, Versp\u00e4tungen und Stornierungen von Fl\u00fcgen\" \/>\n<meta property=\"og:description\" content=\"Betreffen einer der Streiks oder die Versp\u00e4tungen Ihren Flug von oder zum Flughafen M\u00e1laga? Hier gibt es die neusten Nachrichten zu Streiks, Versp\u00e4tungen und Stornierungen von Fl\u00fcgen.\" \/>\n<meta property=\"og:url\" content=\"https:\/\/www.malagaweb.com\/deutsch\/blog\/flughafen-malaga\/streiks-verspatungen-stornierungen-flugen\/\" \/>\n<meta property=\"og:site_name\" content=\"M\u00e1laga Reiseblog\" \/>\n<meta property=\"article:publisher\" content=\"https:\/\/www.facebook.com\/Malaga.CostadelSol\/\" \/>\n<meta property=\"article:author\" content=\"https:\/\/www.facebook.com\/Malaga.CostadelSol\/\" \/>\n<meta property=\"article:published_time\" content=\"2020-03-16T12:48:55+00:00\" \/>\n<meta property=\"article:modified_time\" content=\"2023-02-01T14:08:36+00:00\" \/>\n<meta property=\"og:image\" content=\"https:\/\/www.malagaweb.com\/deutsch\/blog\/wp-content\/uploads\/einkaufen-flughafen.jpg\" \/>\n\t<meta property=\"og:image:width\" content=\"1200\" \/>\n\t<meta property=\"og:image:height\" content=\"635\" \/>\n\t<meta property=\"og:image:type\" content=\"image\/jpeg\" \/>\n<meta name=\"author\" content=\"Raul GT\" \/>\n<meta name=\"twitter:card\" content=\"summary_large_image\" \/>\n<meta name=\"twitter:creator\" content=\"@Raul_GT\" \/>\n<meta name=\"twitter:site\" content=\"@malagaweb\" \/>\n<meta name=\"twitter:label1\" content=\"Verfasst von\" \/>\n\t<meta name=\"twitter:data1\" content=\"Raul GT\" \/>\n\t<meta name=\"twitter:label2\" content=\"Gesch\u00e4tzte Lesezeit\" \/>\n\t<meta name=\"twitter:data2\" content=\"7\u00a0Minuten\" \/>\n<script type=\"application\/ld+json\" class=\"yoast-schema-graph\">{\"@context\":\"https:\\\/\\\/schema.org\",\"@graph\":[{\"@type\":\"Article\",\"@id\":\"https:\\\/\\\/www.malagaweb.com\\\/deutsch\\\/blog\\\/flughafen-malaga\\\/streiks-verspatungen-stornierungen-flugen\\\/#article\",\"isPartOf\":{\"@id\":\"https:\\\/\\\/www.malagaweb.com\\\/deutsch\\\/blog\\\/flughafen-malaga\\\/streiks-verspatungen-stornierungen-flugen\\\/\"},\"author\":{\"name\":\"Raul GT\",\"@id\":\"https:\\\/\\\/www.malagaweb.com\\\/deutsch\\\/blog\\\/#\\\/schema\\\/person\\\/76d0077c0c576973f982afbdb09a6653\"},\"headline\":\"Neueste Nachrichten zu Streiks, Versp\u00e4tungen und Stornierungen von Fl\u00fcgen\",\"datePublished\":\"2020-03-16T12:48:55+00:00\",\"dateModified\":\"2023-02-01T14:08:36+00:00\",\"mainEntityOfPage\":{\"@id\":\"https:\\\/\\\/www.malagaweb.com\\\/deutsch\\\/blog\\\/flughafen-malaga\\\/streiks-verspatungen-stornierungen-flugen\\\/\"},\"wordCount\":1606,\"commentCount\":0,\"image\":{\"@id\":\"https:\\\/\\\/www.malagaweb.com\\\/deutsch\\\/blog\\\/flughafen-malaga\\\/streiks-verspatungen-stornierungen-flugen\\\/#primaryimage\"},\"thumbnailUrl\":\"https:\\\/\\\/www.malagaweb.com\\\/deutsch\\\/blog\\\/wp-content\\\/uploads\\\/einkaufen-flughafen.jpg\",\"articleSection\":[\"Flughafen Malaga\"],\"inLanguage\":\"de\",\"potentialAction\":[{\"@type\":\"CommentAction\",\"name\":\"Comment\",\"target\":[\"https:\\\/\\\/www.malagaweb.com\\\/deutsch\\\/blog\\\/flughafen-malaga\\\/streiks-verspatungen-stornierungen-flugen\\\/#respond\"]}]},{\"@type\":\"WebPage\",\"@id\":\"https:\\\/\\\/www.malagaweb.com\\\/deutsch\\\/blog\\\/flughafen-malaga\\\/streiks-verspatungen-stornierungen-flugen\\\/\",\"url\":\"https:\\\/\\\/www.malagaweb.com\\\/deutsch\\\/blog\\\/flughafen-malaga\\\/streiks-verspatungen-stornierungen-flugen\\\/\",\"name\":\"Neueste Nachrichten zu Streiks, Versp\u00e4tungen und Stornierungen von Fl\u00fcgen\",\"isPartOf\":{\"@id\":\"https:\\\/\\\/www.malagaweb.com\\\/deutsch\\\/blog\\\/#website\"},\"primaryImageOfPage\":{\"@id\":\"https:\\\/\\\/www.malagaweb.com\\\/deutsch\\\/blog\\\/flughafen-malaga\\\/streiks-verspatungen-stornierungen-flugen\\\/#primaryimage\"},\"image\":{\"@id\":\"https:\\\/\\\/www.malagaweb.com\\\/deutsch\\\/blog\\\/flughafen-malaga\\\/streiks-verspatungen-stornierungen-flugen\\\/#primaryimage\"},\"thumbnailUrl\":\"https:\\\/\\\/www.malagaweb.com\\\/deutsch\\\/blog\\\/wp-content\\\/uploads\\\/einkaufen-flughafen.jpg\",\"datePublished\":\"2020-03-16T12:48:55+00:00\",\"dateModified\":\"2023-02-01T14:08:36+00:00\",\"author\":{\"@id\":\"https:\\\/\\\/www.malagaweb.com\\\/deutsch\\\/blog\\\/#\\\/schema\\\/person\\\/76d0077c0c576973f982afbdb09a6653\"},\"breadcrumb\":{\"@id\":\"https:\\\/\\\/www.malagaweb.com\\\/deutsch\\\/blog\\\/flughafen-malaga\\\/streiks-verspatungen-stornierungen-flugen\\\/#breadcrumb\"},\"inLanguage\":\"de\",\"potentialAction\":[{\"@type\":\"ReadAction\",\"target\":[\"https:\\\/\\\/www.malagaweb.com\\\/deutsch\\\/blog\\\/flughafen-malaga\\\/streiks-verspatungen-stornierungen-flugen\\\/\"]}]},{\"@type\":\"ImageObject\",\"inLanguage\":\"de\",\"@id\":\"https:\\\/\\\/www.malagaweb.com\\\/deutsch\\\/blog\\\/flughafen-malaga\\\/streiks-verspatungen-stornierungen-flugen\\\/#primaryimage\",\"url\":\"https:\\\/\\\/www.malagaweb.com\\\/deutsch\\\/blog\\\/wp-content\\\/uploads\\\/einkaufen-flughafen.jpg\",\"contentUrl\":\"https:\\\/\\\/www.malagaweb.com\\\/deutsch\\\/blog\\\/wp-content\\\/uploads\\\/einkaufen-flughafen.jpg\",\"width\":1200,\"height\":635,\"caption\":\"einkaufen-flughafen\"},{\"@type\":\"BreadcrumbList\",\"@id\":\"https:\\\/\\\/www.malagaweb.com\\\/deutsch\\\/blog\\\/flughafen-malaga\\\/streiks-verspatungen-stornierungen-flugen\\\/#breadcrumb\",\"itemListElement\":[{\"@type\":\"ListItem\",\"position\":1,\"name\":\"Blog\",\"item\":\"https:\\\/\\\/www.malagaweb.com\\\/deutsch\\\/blog\\\/\"},{\"@type\":\"ListItem\",\"position\":2,\"name\":\"Neueste Nachrichten zu Streiks, Versp\u00e4tungen und Stornierungen von Fl\u00fcgen\"}]},{\"@type\":\"WebSite\",\"@id\":\"https:\\\/\\\/www.malagaweb.com\\\/deutsch\\\/blog\\\/#website\",\"url\":\"https:\\\/\\\/www.malagaweb.com\\\/deutsch\\\/blog\\\/\",\"name\":\"M\u00e1laga Reiseblog\",\"description\":\"Reise und Tourismusratgeber, Tipps, Ausfl\u00fcge und vieles mehr\",\"potentialAction\":[{\"@type\":\"SearchAction\",\"target\":{\"@type\":\"EntryPoint\",\"urlTemplate\":\"https:\\\/\\\/www.malagaweb.com\\\/deutsch\\\/blog\\\/?s={search_term_string}\"},\"query-input\":{\"@type\":\"PropertyValueSpecification\",\"valueRequired\":true,\"valueName\":\"search_term_string\"}}],\"inLanguage\":\"de\"},{\"@type\":\"Person\",\"@id\":\"https:\\\/\\\/www.malagaweb.com\\\/deutsch\\\/blog\\\/#\\\/schema\\\/person\\\/76d0077c0c576973f982afbdb09a6653\",\"name\":\"Raul GT\",\"image\":{\"@type\":\"ImageObject\",\"inLanguage\":\"de\",\"@id\":\"https:\\\/\\\/secure.gravatar.com\\\/avatar\\\/355bb21897b371342e002159d93cc5a3dcf5add74aab5d2183293cebb23ac386?s=96&r=g\",\"url\":\"https:\\\/\\\/secure.gravatar.com\\\/avatar\\\/355bb21897b371342e002159d93cc5a3dcf5add74aab5d2183293cebb23ac386?s=96&r=g\",\"contentUrl\":\"https:\\\/\\\/secure.gravatar.com\\\/avatar\\\/355bb21897b371342e002159d93cc5a3dcf5add74aab5d2183293cebb23ac386?s=96&r=g\",\"caption\":\"Raul GT\"},\"description\":\"Reiseblogger, Webentwickler und Content-Editor. Autor vieler Reisef\u00fchrer und Tipps \u00fcber Andalusien, Malaga und Spanien.\",\"sameAs\":[\"https:\\\/\\\/www.facebook.com\\\/Malaga.CostadelSol\\\/\",\"https:\\\/\\\/x.com\\\/Raul_GT\"]}]}<\/script>\n<!-- \/ Yoast SEO plugin. -->","yoast_head_json":{"title":"Neueste Nachrichten zu Streiks, Versp\u00e4tungen und Stornierungen von Fl\u00fcgen","robots":{"index":"index","follow":"follow","max-snippet":"max-snippet:-1","max-image-preview":"max-image-preview:large","max-video-preview":"max-video-preview:-1"},"canonical":"https:\/\/www.malagaweb.com\/deutsch\/blog\/flughafen-malaga\/streiks-verspatungen-stornierungen-flugen\/","og_locale":"de_DE","og_type":"article","og_title":"Neueste Nachrichten zu Streiks, Versp\u00e4tungen und Stornierungen von Fl\u00fcgen","og_description":"Betreffen einer der Streiks oder die Versp\u00e4tungen Ihren Flug von oder zum Flughafen M\u00e1laga? Hier gibt es die neusten Nachrichten zu Streiks, Versp\u00e4tungen und Stornierungen von Fl\u00fcgen.","og_url":"https:\/\/www.malagaweb.com\/deutsch\/blog\/flughafen-malaga\/streiks-verspatungen-stornierungen-flugen\/","og_site_name":"M\u00e1laga Reiseblog","article_publisher":"https:\/\/www.facebook.com\/Malaga.CostadelSol\/","article_author":"https:\/\/www.facebook.com\/Malaga.CostadelSol\/","article_published_time":"2020-03-16T12:48:55+00:00","article_modified_time":"2023-02-01T14:08:36+00:00","og_image":[{"width":1200,"height":635,"url":"https:\/\/www.malagaweb.com\/deutsch\/blog\/wp-content\/uploads\/einkaufen-flughafen.jpg","type":"image\/jpeg"}],"author":"Raul GT","twitter_card":"summary_large_image","twitter_creator":"@Raul_GT","twitter_site":"@malagaweb","twitter_misc":{"Verfasst von":"Raul GT","Gesch\u00e4tzte Lesezeit":"7\u00a0Minuten"},"schema":{"@context":"https:\/\/schema.org","@graph":[{"@type":"Article","@id":"https:\/\/www.malagaweb.com\/deutsch\/blog\/flughafen-malaga\/streiks-verspatungen-stornierungen-flugen\/#article","isPartOf":{"@id":"https:\/\/www.malagaweb.com\/deutsch\/blog\/flughafen-malaga\/streiks-verspatungen-stornierungen-flugen\/"},"author":{"name":"Raul GT","@id":"https:\/\/www.malagaweb.com\/deutsch\/blog\/#\/schema\/person\/76d0077c0c576973f982afbdb09a6653"},"headline":"Neueste Nachrichten zu Streiks, Versp\u00e4tungen und Stornierungen von Fl\u00fcgen","datePublished":"2020-03-16T12:48:55+00:00","dateModified":"2023-02-01T14:08:36+00:00","mainEntityOfPage":{"@id":"https:\/\/www.malagaweb.com\/deutsch\/blog\/flughafen-malaga\/streiks-verspatungen-stornierungen-flugen\/"},"wordCount":1606,"commentCount":0,"image":{"@id":"https:\/\/www.malagaweb.com\/deutsch\/blog\/flughafen-malaga\/streiks-verspatungen-stornierungen-flugen\/#primaryimage"},"thumbnailUrl":"https:\/\/www.malagaweb.com\/deutsch\/blog\/wp-content\/uploads\/einkaufen-flughafen.jpg","articleSection":["Flughafen Malaga"],"inLanguage":"de","potentialAction":[{"@type":"CommentAction","name":"Comment","target":["https:\/\/www.malagaweb.com\/deutsch\/blog\/flughafen-malaga\/streiks-verspatungen-stornierungen-flugen\/#respond"]}]},{"@type":"WebPage","@id":"https:\/\/www.malagaweb.com\/deutsch\/blog\/flughafen-malaga\/streiks-verspatungen-stornierungen-flugen\/","url":"https:\/\/www.malagaweb.com\/deutsch\/blog\/flughafen-malaga\/streiks-verspatungen-stornierungen-flugen\/","name":"Neueste Nachrichten zu Streiks, Versp\u00e4tungen und Stornierungen von Fl\u00fcgen","isPartOf":{"@id":"https:\/\/www.malagaweb.com\/deutsch\/blog\/#website"},"primaryImageOfPage":{"@id":"https:\/\/www.malagaweb.com\/deutsch\/blog\/flughafen-malaga\/streiks-verspatungen-stornierungen-flugen\/#primaryimage"},"image":{"@id":"https:\/\/www.malagaweb.com\/deutsch\/blog\/flughafen-malaga\/streiks-verspatungen-stornierungen-flugen\/#primaryimage"},"thumbnailUrl":"https:\/\/www.malagaweb.com\/deutsch\/blog\/wp-content\/uploads\/einkaufen-flughafen.jpg","datePublished":"2020-03-16T12:48:55+00:00","dateModified":"2023-02-01T14:08:36+00:00","author":{"@id":"https:\/\/www.malagaweb.com\/deutsch\/blog\/#\/schema\/person\/76d0077c0c576973f982afbdb09a6653"},"breadcrumb":{"@id":"https:\/\/www.malagaweb.com\/deutsch\/blog\/flughafen-malaga\/streiks-verspatungen-stornierungen-flugen\/#breadcrumb"},"inLanguage":"de","potentialAction":[{"@type":"ReadAction","target":["https:\/\/www.malagaweb.com\/deutsch\/blog\/flughafen-malaga\/streiks-verspatungen-stornierungen-flugen\/"]}]},{"@type":"ImageObject","inLanguage":"de","@id":"https:\/\/www.malagaweb.com\/deutsch\/blog\/flughafen-malaga\/streiks-verspatungen-stornierungen-flugen\/#primaryimage","url":"https:\/\/www.malagaweb.com\/deutsch\/blog\/wp-content\/uploads\/einkaufen-flughafen.jpg","contentUrl":"https:\/\/www.malagaweb.com\/deutsch\/blog\/wp-content\/uploads\/einkaufen-flughafen.jpg","width":1200,"height":635,"caption":"einkaufen-flughafen"},{"@type":"BreadcrumbList","@id":"https:\/\/www.malagaweb.com\/deutsch\/blog\/flughafen-malaga\/streiks-verspatungen-stornierungen-flugen\/#breadcrumb","itemListElement":[{"@type":"ListItem","position":1,"name":"Blog","item":"https:\/\/www.malagaweb.com\/deutsch\/blog\/"},{"@type":"ListItem","position":2,"name":"Neueste Nachrichten zu Streiks, Versp\u00e4tungen und Stornierungen von Fl\u00fcgen"}]},{"@type":"WebSite","@id":"https:\/\/www.malagaweb.com\/deutsch\/blog\/#website","url":"https:\/\/www.malagaweb.com\/deutsch\/blog\/","name":"M\u00e1laga Reiseblog","description":"Reise und Tourismusratgeber, Tipps, Ausfl\u00fcge und vieles mehr","potentialAction":[{"@type":"SearchAction","target":{"@type":"EntryPoint","urlTemplate":"https:\/\/www.malagaweb.com\/deutsch\/blog\/?s={search_term_string}"},"query-input":{"@type":"PropertyValueSpecification","valueRequired":true,"valueName":"search_term_string"}}],"inLanguage":"de"},{"@type":"Person","@id":"https:\/\/www.malagaweb.com\/deutsch\/blog\/#\/schema\/person\/76d0077c0c576973f982afbdb09a6653","name":"Raul GT","image":{"@type":"ImageObject","inLanguage":"de","@id":"https:\/\/secure.gravatar.com\/avatar\/355bb21897b371342e002159d93cc5a3dcf5add74aab5d2183293cebb23ac386?s=96&r=g","url":"https:\/\/secure.gravatar.com\/avatar\/355bb21897b371342e002159d93cc5a3dcf5add74aab5d2183293cebb23ac386?s=96&r=g","contentUrl":"https:\/\/secure.gravatar.com\/avatar\/355bb21897b371342e002159d93cc5a3dcf5add74aab5d2183293cebb23ac386?s=96&r=g","caption":"Raul GT"},"description":"Reiseblogger, Webentwickler und Content-Editor. Autor vieler Reisef\u00fchrer und Tipps \u00fcber Andalusien, Malaga und Spanien.","sameAs":["https:\/\/www.facebook.com\/Malaga.CostadelSol\/","https:\/\/x.com\/Raul_GT"]}]}},"jetpack_publicize_connections":[],"jetpack_featured_media_url":"https:\/\/www.malagaweb.com\/deutsch\/blog\/wp-content\/uploads\/einkaufen-flughafen.jpg","jetpack_shortlink":"https:\/\/wp.me\/p7sigs-DL","jetpack-related-posts":[{"id":2310,"url":"https:\/\/www.malagaweb.com\/deutsch\/blog\/flughafen-malaga\/nachrichten-flughafen-malaga\/","url_meta":{"origin":2465,"position":0},"title":"Neueste Nachrichten vom Flughafen M\u00e1laga","author":"Raul GT","date":"Februar 1, 2020","format":false,"excerpt":"Alle Neuigkeiten und Aktualisierungen vom Flughafen M\u00e1laga 2020. Informieren Sie sich \u00fcber die neuen Fl\u00fcge und Fluggesellschaften mit Verbindungen zur Costa del Sol und andere Neuigkeiten, die Sie interessieren k\u00f6nnten, wenn Sie einen Besuch in M\u00e1laga planen.","rel":"","context":"In &quot;Flughafen Malaga&quot;","block_context":{"text":"Flughafen Malaga","link":"https:\/\/www.malagaweb.com\/deutsch\/blog\/flughafen-malaga\/"},"img":{"alt_text":"Fl\u00fcge nach M\u00e1laga","src":"https:\/\/i0.wp.com\/www.malagaweb.com\/deutsch\/blog\/wp-content\/uploads\/holiday-flight.jpg?resize=350%2C200&ssl=1","width":350,"height":200,"srcset":"https:\/\/i0.wp.com\/www.malagaweb.com\/deutsch\/blog\/wp-content\/uploads\/holiday-flight.jpg?resize=350%2C200&ssl=1 1x, https:\/\/i0.wp.com\/www.malagaweb.com\/deutsch\/blog\/wp-content\/uploads\/holiday-flight.jpg?resize=525%2C300&ssl=1 1.5x, https:\/\/i0.wp.com\/www.malagaweb.com\/deutsch\/blog\/wp-content\/uploads\/holiday-flight.jpg?resize=700%2C400&ssl=1 2x"},"classes":[]},{"id":2635,"url":"https:\/\/www.malagaweb.com\/deutsch\/blog\/flughafen-malaga\/taxi-streik-malaga\/","url_meta":{"origin":2465,"position":1},"title":"Taxi Streik in M\u00e1laga \u2013 Wie \u00fcberlebt man einen Taxi Streik im Urlaub","author":"Raul GT","date":"August 14, 2017","format":false,"excerpt":"Im August findet w\u00e4hrend des Volksfestes ein Taxi Streik in M\u00e1laga statt, der 50% des Services beeintr\u00e4chtigt.","rel":"","context":"In &quot;Flughafen Malaga&quot;","block_context":{"text":"Flughafen Malaga","link":"https:\/\/www.malagaweb.com\/deutsch\/blog\/flughafen-malaga\/"},"img":{"alt_text":"Taxi Streik in M\u00e1laga","src":"https:\/\/i0.wp.com\/www.malagaweb.com\/deutsch\/blog\/wp-content\/uploads\/taxi-malaga.jpg?resize=350%2C200&ssl=1","width":350,"height":200},"classes":[]},{"id":68,"url":"https:\/\/www.malagaweb.com\/deutsch\/blog\/flughafen-malaga\/transport-80\/","url_meta":{"origin":2465,"position":2},"title":"So mieten Sie ein Auto ohne Kreditkarte, mit Debitkarte oder mit Bargeld","author":"Raul GT","date":"Juli 30, 2010","format":false,"excerpt":"Fragen und Antworten f\u00fcr diejenigen, die erw\u00e4gen, ein Auto zu mieten und die verschiedenen Zahlungsmethoden und die verschiedenen Optionen bei der Reservierung wissenm\u00f6chten. Es gibt eine Vielzahl von Optionen, welche bevorzugen Sie?","rel":"","context":"In &quot;Flughafen Malaga&quot;","block_context":{"text":"Flughafen Malaga","link":"https:\/\/www.malagaweb.com\/deutsch\/blog\/flughafen-malaga\/"},"img":{"alt_text":"BMW mietwagen am flughafen malaga","src":"https:\/\/i0.wp.com\/www.malagaweb.com\/deutsch\/blog\/wp-content\/uploads\/bmw-mietwagen.jpg?resize=350%2C200&ssl=1","width":350,"height":200,"srcset":"https:\/\/i0.wp.com\/www.malagaweb.com\/deutsch\/blog\/wp-content\/uploads\/bmw-mietwagen.jpg?resize=350%2C200&ssl=1 1x, https:\/\/i0.wp.com\/www.malagaweb.com\/deutsch\/blog\/wp-content\/uploads\/bmw-mietwagen.jpg?resize=525%2C300&ssl=1 1.5x, https:\/\/i0.wp.com\/www.malagaweb.com\/deutsch\/blog\/wp-content\/uploads\/bmw-mietwagen.jpg?resize=700%2C400&ssl=1 2x"},"classes":[]},{"id":1928,"url":"https:\/\/www.malagaweb.com\/deutsch\/blog\/nachrichten\/neue-taxipreise-fuengirola-2014\/","url_meta":{"origin":2465,"position":3},"title":"Neue Taxipreise in Fuengirola","author":"Raul GT","date":"Juni 23, 2014","format":false,"excerpt":"Seit Sonntag dem 15. gibt es Taxameter mit neuen Tarifen f\u00fcr die Nutzung der \u00f6ffentlichen Taxen in der Stadt Fuengirola, die mit den Preisen der Gemeinden Mijas, Benalmadena und Torremolinos gleichgestellt wurden.","rel":"","context":"In &quot;Nachrichten&quot;","block_context":{"text":"Nachrichten","link":"https:\/\/www.malagaweb.com\/deutsch\/blog\/nachrichten\/"},"img":{"alt_text":"taxi","src":"https:\/\/i0.wp.com\/www.malagaweb.com\/deutsch\/blog\/wp-content\/uploads\/taxi-300x200.jpg?resize=350%2C200&ssl=1","width":350,"height":200},"classes":[]},{"id":2543,"url":"https:\/\/www.malagaweb.com\/deutsch\/blog\/flughafen-malaga\/direkte-fluge-new-york-malaga\/","url_meta":{"origin":2465,"position":4},"title":"Direktfl\u00fcge Malaga &#8211; New York nonstop mit Delta Airlines","author":"Raul GT","date":"Juni 13, 2018","format":false,"excerpt":"Wenn Sie einen Flug zwischen New York und M\u00e1laga in Betracht ziehen, werden Sie daran interessiert sein, dass Delta Airlines seit dem 24. Mai (25. von M\u00e1laga) Nonstop-Direktfl\u00fcge zu wettbewerbsf\u00e4higen Preisen anbietet. Erfahren Sie alle Details \u00fcber diesen Flug, einschlie\u00dflich der verwendeten Flugzeuge, der Unterhaltung an Bord und der empfohlenen\u2026","rel":"","context":"In &quot;Flughafen Malaga&quot;","block_context":{"text":"Flughafen Malaga","link":"https:\/\/www.malagaweb.com\/deutsch\/blog\/flughafen-malaga\/"},"img":{"alt_text":"Delta Airlines direktflug","src":"https:\/\/i0.wp.com\/www.malagaweb.com\/deutsch\/blog\/wp-content\/uploads\/2018\/06\/delta-airlines-direktflug.jpg?resize=350%2C200&ssl=1","width":350,"height":200,"srcset":"https:\/\/i0.wp.com\/www.malagaweb.com\/deutsch\/blog\/wp-content\/uploads\/2018\/06\/delta-airlines-direktflug.jpg?resize=350%2C200&ssl=1 1x, https:\/\/i0.wp.com\/www.malagaweb.com\/deutsch\/blog\/wp-content\/uploads\/2018\/06\/delta-airlines-direktflug.jpg?resize=525%2C300&ssl=1 1.5x, https:\/\/i0.wp.com\/www.malagaweb.com\/deutsch\/blog\/wp-content\/uploads\/2018\/06\/delta-airlines-direktflug.jpg?resize=700%2C400&ssl=1 2x, https:\/\/i0.wp.com\/www.malagaweb.com\/deutsch\/blog\/wp-content\/uploads\/2018\/06\/delta-airlines-direktflug.jpg?resize=1050%2C600&ssl=1 3x"},"classes":[]},{"id":158,"url":"https:\/\/www.malagaweb.com\/deutsch\/blog\/flughafen-malaga\/flughafen-172\/","url_meta":{"origin":2465,"position":5},"title":"Flughafen Malaga: Einkaufen im Terminal T3","author":"Raul GT","date":"Oktober 18, 2010","format":false,"excerpt":"Viele Touristen richten bei ihrer Ankunft am Flughafen Malaga keine besondere Aufmerksamkeit auf die neue Einkaufs-Passage, was sie aber durchaus tun sollten. Die neue\u00a0 Ladenzone am Flughafen Malaga ist ein hervorragender Ort, an dem man die Zeit verbringen kann, w\u00e4hrend man auf den Flug wartet, oder einfach nur als Zeitvertreib.","rel":"","context":"In &quot;Flughafen Malaga&quot;","block_context":{"text":"Flughafen Malaga","link":"https:\/\/www.malagaweb.com\/deutsch\/blog\/flughafen-malaga\/"},"img":{"alt_text":"einkaufen-flughafen","src":"https:\/\/i0.wp.com\/www.malagaweb.com\/deutsch\/blog\/wp-content\/uploads\/einkaufen-flughafen.jpg?resize=350%2C200&ssl=1","width":350,"height":200,"srcset":"https:\/\/i0.wp.com\/www.malagaweb.com\/deutsch\/blog\/wp-content\/uploads\/einkaufen-flughafen.jpg?resize=350%2C200&ssl=1 1x, https:\/\/i0.wp.com\/www.malagaweb.com\/deutsch\/blog\/wp-content\/uploads\/einkaufen-flughafen.jpg?resize=525%2C300&ssl=1 1.5x, https:\/\/i0.wp.com\/www.malagaweb.com\/deutsch\/blog\/wp-content\/uploads\/einkaufen-flughafen.jpg?resize=700%2C400&ssl=1 2x, https:\/\/i0.wp.com\/www.malagaweb.com\/deutsch\/blog\/wp-content\/uploads\/einkaufen-flughafen.jpg?resize=1050%2C600&ssl=1 3x"},"classes":[]}],"jetpack_sharing_enabled":true,"_links":{"self":[{"href":"https:\/\/www.malagaweb.com\/deutsch\/blog\/wp-json\/wp\/v2\/posts\/2465","targetHints":{"allow":["GET"]}}],"collection":[{"href":"https:\/\/www.malagaweb.com\/deutsch\/blog\/wp-json\/wp\/v2\/posts"}],"about":[{"href":"https:\/\/www.malagaweb.com\/deutsch\/blog\/wp-json\/wp\/v2\/types\/post"}],"author":[{"embeddable":true,"href":"https:\/\/www.malagaweb.com\/deutsch\/blog\/wp-json\/wp\/v2\/users\/1"}],"replies":[{"embeddable":true,"href":"https:\/\/www.malagaweb.com\/deutsch\/blog\/wp-json\/wp\/v2\/comments?post=2465"}],"version-history":[{"count":28,"href":"https:\/\/www.malagaweb.com\/deutsch\/blog\/wp-json\/wp\/v2\/posts\/2465\/revisions"}],"predecessor-version":[{"id":4630,"href":"https:\/\/www.malagaweb.com\/deutsch\/blog\/wp-json\/wp\/v2\/posts\/2465\/revisions\/4630"}],"wp:featuredmedia":[{"embeddable":true,"href":"https:\/\/www.malagaweb.com\/deutsch\/blog\/wp-json\/wp\/v2\/media\/3629"}],"wp:attachment":[{"href":"https:\/\/www.malagaweb.com\/deutsch\/blog\/wp-json\/wp\/v2\/media?parent=2465"}],"wp:term":[{"taxonomy":"category","embeddable":true,"href":"https:\/\/www.malagaweb.com\/deutsch\/blog\/wp-json\/wp\/v2\/categories?post=2465"},{"taxonomy":"post_tag","embeddable":true,"href":"https:\/\/www.malagaweb.com\/deutsch\/blog\/wp-json\/wp\/v2\/tags?post=2465"}],"curies":[{"name":"wp","href":"https:\/\/api.w.org\/{rel}","templated":true}]}}