{"id":2283,"date":"2026-04-01T09:00:48","date_gmt":"2026-04-01T09:00:48","guid":{"rendered":"http:\/\/www.malagaweb.com\/deutsch\/blog\/?p=2283"},"modified":"2026-04-14T11:04:56","modified_gmt":"2026-04-14T11:04:56","slug":"internationales-volkerfest-fuengirola","status":"publish","type":"post","link":"https:\/\/www.malagaweb.com\/deutsch\/blog\/veranstaltungen\/internationales-volkerfest-fuengirola\/","title":{"rendered":"XXX. Internationale V\u00f6lkerfest Fuengirola (FIP 2026): 30 Jahre multikulturelle Vielfalt an der Costa del Sol"},"content":{"rendered":"<p>Das <strong>XXX. Internationale V\u00f6lkerfest Fuengirola (FIP 2026)<\/strong> \u2013 fr\u00fcher auch als \u201eFeria de los Pueblos\u201c bekannt \u2013 findet vom <strong>29. April bis 3. Mai 2026<\/strong> auf dem Festgel\u00e4nde (Recinto Ferial) in Fuengirola statt. Diese Jubil\u00e4umsausgabe zum 30-j\u00e4hrigen Bestehen verspricht eines der farbenpr\u00e4chtigsten und lebendigsten multikulturellen Ereignisse an der spanischen S\u00fcdk\u00fcste zu werden.<\/p>\n<p>Seit seiner Gr\u00fcndung 1994 hat sich das Fest zu einem echten Highlight der Costa del Sol entwickelt. Fuengirola, eine lebendige K\u00fcstenstadt mit Bewohnern aus \u00fcber 120 Nationen, feiert hier die kulturelle Vielfalt der Welt. Besucher k\u00f6nnen in nur wenigen Tagen durch Gastronomie, Musik, Tanz und Traditionen von f\u00fcnf Kontinenten reisen \u2013 und das alles kostenlos und direkt am Mittelmeer.<\/p>\n<p><img decoding=\"async\" class=\"aligncenter size-full wp-image-4552 img-responsive\" loading=\"lazy\" src=\"https:\/\/www.malagaweb.com\/espanol\/blog\/wp-content\/uploads\/desfile-feria-de-los-pueblos.jpg\" alt=\"Bunter Umzug beim Internationalen V\u00f6lkerfest Fuengirola\" width=\"700\" height=\"289\" \/><\/p>\n<h2>Die Geschichte des Internationalen V\u00f6lkerfests<\/h2>\n<p>Das Fest entstand aus dem Wunsch, die vielen ausl\u00e4ndischen Gemeinschaften in Fuengirola besser miteinander zu verbinden. Was als kleines Treffen begann, ist heute ein gro\u00dfes Volksfest mit \u00fcber 30 L\u00e4ndern, das j\u00e4hrlich Hunderttausende Besucher anzieht. Es gilt als eines der beliebtesten multikulturellen Events Spaniens und wurde bereits als touristisch interessant eingestuft. Zur 30. Ausgabe 2026 erwarten die Veranstalter wieder rund 33 teilnehmende Nationen und ein besonders festliches Programm.<\/p>\n<h2>Termine, \u00d6ffnungszeiten und Highlights 2026<\/h2>\n<p>Das V\u00f6lkerfest ist vom Mittwoch, 29. April, bis Sonntag, 3. Mai 2026 ge\u00f6ffnet. Wichtige Neuerung in diesem Jahr: Die Festbuden (Casetas) \u00f6ffnen bereits ab <strong>12:00 Uhr<\/strong> und schlie\u00dfen um <strong>2:00 Uhr<\/strong> nachts (Musik endet sp\u00e4testens um 1:30 Uhr). Damit wird der Abend fr\u00fcher ruhiger \u2013 eine willkommene Verbesserung f\u00fcr Anwohner und G\u00e4ste gleicherma\u00dfen.<\/p>\n<h3>Der gro\u00dfe Er\u00f6ffnungsumzug<\/h3>\n<p>Ein absoluter H\u00f6hepunkt ist der traditionelle **Umzug** (Desfile) am <strong>Freitag, 1. Mai um 11:00 Uhr<\/strong>. \u00dcber 1.000 Teilnehmer in farbenpr\u00e4chtigen Trachten ziehen durch die Stra\u00dfen Fuengirolas. Der Zug startet auf der Plaza de Espa\u00f1a und f\u00fchrt \u00fcber die Avenida Condes de San Isidro, Avenida Mat\u00edas S\u00e1enz de Tejada, Calle Alfonso XIII und den Paseo Jes\u00fas Santos Rein bis zum Festgel\u00e4nde. Ein beeindruckendes Spektakel aus Musik, Tanz und internationaler Lebensfreude \u2013 ideal f\u00fcr Fotos und unvergessliche Erinnerungen.<\/p>\n<p><img decoding=\"async\" class=\"aligncenter size-large wp-image-2703 img-responsive\" loading=\"lazy\" src=\"https:\/\/www.malagaweb.com\/espanol\/blog\/wp-content\/uploads\/feria-de-los-pueblos-fuengirola-500x333.jpg\" alt=\"Umzug beim Internationalen V\u00f6lkerfest in Fuengirola\" width=\"500\" height=\"333\" \/><\/p>\n<h2>Was erwartet Sie auf dem Festgel\u00e4nde?<\/h2>\n<p>Jedes Land hat seine eigene Festbude (Casetas), in der typische Speisen, Getr\u00e4nke und Handwerk angeboten werden. Dazu gibt es kostenlose Live-Musik, Tanzvorf\u00fchrungen und Mitmach-Workshops. Beliebte Klassiker sind unter anderem:<\/p>\n<ul>\n<li>Bauchtanz in der t\u00fcrkischen Bude<\/li>\n<li>Interaktive Workshops in der belgischen Bude (z. B. Hausbier brauen)<\/li>\n<li>Sevillanas-Tanzkurse in der spanischen Bude<\/li>\n<li>Folklore-Shows und Konzerte in fast allen Buden<\/li>\n<\/ul>\n<p>Die Atmosph\u00e4re ist famili\u00e4r, fr\u00f6hlich und weltoffen \u2013 perfekt f\u00fcr Paare, Familien und Gruppen, die neue Geschm\u00e4cker entdecken und fremde Kulturen hautnah erleben m\u00f6chten.<\/p>\n<h3>Die teilnehmenden L\u00e4nder 2026<\/h3>\n<p>In der 30. Jubil\u00e4umsausgabe sind folgende <strong>33 L\u00e4nder<\/strong> vertreten:<\/p>\n<ul>\n<li>Argentinien<\/li>\n<li>Australien<\/li>\n<li>Belgien<\/li>\n<li>Bolivien<\/li>\n<li>Brasilien<\/li>\n<li>Chile<\/li>\n<li>Kolumbien<\/li>\n<li>Costa Rica<\/li>\n<li>Kuba<\/li>\n<li>Ecuador<\/li>\n<li>Spanien<\/li>\n<li>Finnland<\/li>\n<li>Gro\u00dfbritannien<\/li>\n<li>Griechenland<\/li>\n<li>Hawaii (USA)<\/li>\n<li>Irland<\/li>\n<li>Island<\/li>\n<li>Italien<\/li>\n<li>Japan<\/li>\n<li>Mexiko<\/li>\n<li>Pal\u00e4stina<\/li>\n<li>Paraguay<\/li>\n<li>Peru<\/li>\n<li>Puerto Rico<\/li>\n<li>Dominikanische Republik<\/li>\n<li>Rum\u00e4nien<\/li>\n<li>Senegal<\/li>\n<li>Schweden<\/li>\n<li>Thailand<\/li>\n<li>T\u00fcrkei<\/li>\n<li>Uruguay<\/li>\n<li>Venezuela<\/li>\n<\/ul>\n<p><img decoding=\"async\" class=\"aligncenter size-full wp-image-4555 img-responsive\" loading=\"lazy\" src=\"https:\/\/www.malagaweb.com\/espanol\/blog\/wp-content\/uploads\/desfile-paises-fuengirola.jpg\" alt=\"Umzug mit Flaggen verschiedener L\u00e4nder beim V\u00f6lkerfest Fuengirola\" width=\"1200\" height=\"657\" \/><\/p>\n<h2>Praktische Tipps f\u00fcr Ihren Besuch<\/h2>\n<p>Der Eintritt zum gesamten Fest ist frei. Tragen Sie bequeme Schuhe, denn das Gel\u00e4nde ist weitl\u00e4ufig. Die App \u201eLive Fuengirola\u201c hilft mit interaktivem Lageplan und aktuellem Programm. Besonders sch\u00f6n ist ein Besuch am Nachmittag oder fr\u00fchen Abend, bevor es voller wird.<\/p>\n<h2>Anreise zum Internationalen V\u00f6lkerfest Fuengirola \u2013 So kommen Sie bequem hin<\/h2>\n<p>Das Festgel\u00e4nde liegt zentral in Fuengirola und ist gut erreichbar. Hier die besten Optionen f\u00fcr Reisende aus Deutschland und anderen L\u00e4ndern:<\/p>\n<h3>Mit der S-Bahn (Cercan\u00edas) \u2013 die empfohlene Variante<\/h3>\n<p>Die einfachste und umweltfreundlichste Anreise ist mit der <a href=\"https:\/\/www.malagaweb.com\/deutsch\/transport\/s-bahn-malaga.php\">S-Bahn M\u00e1laga (Cercan\u00edas)<\/a>. Steigen Sie an der Haltestelle <strong>Los Boliches<\/strong> aus \u2013 nur wenige Minuten Fu\u00dfweg vom Festgel\u00e4nde entfernt. Von M\u00e1laga-Flughafen, Torremolinos oder Benalm\u00e1dena fahren die Z\u00fcge regelm\u00e4\u00dfig und direkt.<\/p>\n<h3>Mit dem Bus<\/h3>\n<p>Von M\u00e1laga, Marbella, Mijas und vielen anderen Orten der Costa del Sol gibt es direkte oder umsteigefreie Busverbindungen. Die <a href=\"https:\/\/www.malagaweb.com\/deutsch\/transport\/malaga-busbahnhof.php\">Busbahnhof M\u00e1laga<\/a> ist der zentrale Ausgangspunkt.<\/p>\n<h3>Mit dem Auto oder Taxi<\/h3>\n<p>Mit dem Pkw erreichen Sie Fuengirola \u00fcber die Autobahn A-7 (Autov\u00eda del Mediterr\u00e1neo) oder die Nationalstra\u00dfe N-340. In der Umgebung des Festgel\u00e4ndes gibt es Parkpl\u00e4tze, an stark frequentierten Tagen (vor allem am 1. Mai) sollten Sie jedoch fr\u00fch ankommen. Vom Flughafen M\u00e1laga dauert die Taxifahrt etwa 25\u201330 Minuten. Aktuelle Tarife und Transferm\u00f6glichkeiten finden Sie unter <a href=\"https:\/\/www.malagaweb.com\/deutsch\/flughafen-malaga\/flughafentransfers.php\">Flughafentransfers M\u00e1laga<\/a>.<\/p>\n<h3>Mietwagen<\/h3>\n<p>Wer flexibel bleiben m\u00f6chte, leiht sich am besten einen Wagen. Auf <a href=\"https:\/\/www.malagaweb.com\/deutsch\/mietwagen\/\">Mietwagen M\u00e1laga<\/a> finden Sie g\u00fcnstige Angebote, Vergleiche und n\u00fctzliche Tipps f\u00fcr das Fahren in Andalusien.<\/p>\n<p>Hinweis: W\u00e4hrend des gro\u00dfen Umzugs am 1. Mai gibt es vor\u00fcbergehende Stra\u00dfensperrungen im Zentrum. Planen Sie Ihre Anreise entsprechend.<\/p>\n<h2>Wie kann man selbst mit einem Stand teilnehmen?<\/h2>\n<p>Wer sein Land oder seine Region pr\u00e4sentieren m\u00f6chte, kann sich beim Rathaus Fuengirola bewerben. Die Teilnahmebedingungen und das Antragsformular werden j\u00e4hrlich ver\u00f6ffentlicht. Weitere Ausk\u00fcnfte erhalten Sie direkt bei der Tourismusabteilung der Stadt.<\/p>\n<h2>N\u00fctzliche Links und weitere Informationen<\/h2>\n<p>Offizielle Website der FIP 2026: <a href=\"https:\/\/www.fipfuengirola.com\/fip2026.htm\" target=\"_blank\" rel=\"noopener\">www.fipfuengirola.com<\/a><\/p>\n<p>Das Internationale V\u00f6lkerfest Fuengirola ist weit mehr als nur ein Markt \u2013 es ist eine herzliche Einladung, die Welt zu entdecken, ohne Spanien zu verlassen. F\u00fcnf Tage voller Farben, Aromen, Rhythmen und Begegnungen warten auf Sie. Ob Sie die Costa del Sol schon kennen oder zum ersten Mal hier sind: Dieses Fest sollten Sie nicht verpassen!<\/p>\n<p><em>Aktualisiert im April 2026 mit den offiziellen Angaben des Rathauses Fuengirola und der Veranstalter.<\/em><\/p>\n","protected":false},"excerpt":{"rendered":"<p>Mit dem Ziel, Brauchtum, Folklore und Gastronomie sowie Kultur, Geschichte und Sehensw\u00fcrdigkeiten der Bewohner dieser multikulturellen Stadt bekannt zu machen, wurde 1994 das Projekt des Internationalen V\u00f6lkerfests ins Leben gerufen. In den letzten Jahren hat es sich zu einer der wichtigsten Veranstaltungen auf regionaler, nationaler und sogar internationaler Ebene entwickelt. Es findet auf dem Volksfestgel\u00e4nde von Fuengirola statt und jedes Jahr nehmen viele L\u00e4nder teil, die einen Teil ihrer Kultur und Gastronomie anbieten. M\u00f6chten Sie mehr dar\u00fcber erfahren und wann es dieses Jahr gefeiert wird?<\/p>\n","protected":false},"author":1,"featured_media":2284,"comment_status":"open","ping_status":"closed","sticky":false,"template":"","format":"standard","meta":{"jetpack_post_was_ever_published":false,"_jetpack_newsletter_access":"","_jetpack_dont_email_post_to_subs":false,"_jetpack_newsletter_tier_id":0,"_jetpack_memberships_contains_paywalled_content":false,"_jetpack_memberships_contains_paid_content":false,"footnotes":"","jetpack_publicize_message":"","jetpack_publicize_feature_enabled":true,"jetpack_social_post_already_shared":true,"jetpack_social_options":{"image_generator_settings":{"template":"highway","default_image_id":0,"font":"","enabled":false},"version":2}},"categories":[49],"tags":[29,22,95],"class_list":["post-2283","post","type-post","status-publish","format-standard","has-post-thumbnail","hentry","category-veranstaltungen","tag-aktivitaeten-malaga","tag-fuengirola","tag-volksfest"],"yoast_head":"<!-- This site is optimized with the Yoast SEO plugin v27.5 - https:\/\/yoast.com\/product\/yoast-seo-wordpress\/ -->\n<title>XXX. Internationale V\u00f6lkerfest Fuengirola (FIP 2026)<\/title>\n<meta name=\"description\" content=\"Das V\u00f6lkerfest ist eine ideale Gelegenheit um die Kultur und die Gastronomie von anderen L\u00e4ndern und Regionen kennenzulernen, schauen Sie vorbei!\" \/>\n<meta name=\"robots\" content=\"index, follow, max-snippet:-1, max-image-preview:large, max-video-preview:-1\" \/>\n<link rel=\"canonical\" href=\"https:\/\/www.malagaweb.com\/deutsch\/blog\/veranstaltungen\/internationales-volkerfest-fuengirola\/\" \/>\n<meta property=\"og:locale\" content=\"de_DE\" \/>\n<meta property=\"og:type\" content=\"article\" \/>\n<meta property=\"og:title\" content=\"XXX. Internationale V\u00f6lkerfest Fuengirola (FIP 2026)\" \/>\n<meta property=\"og:description\" content=\"Das V\u00f6lkerfest ist eine ideale Gelegenheit um die Kultur und die Gastronomie von anderen L\u00e4ndern und Regionen kennenzulernen, schauen Sie vorbei!\" \/>\n<meta property=\"og:url\" content=\"https:\/\/www.malagaweb.com\/deutsch\/blog\/veranstaltungen\/internationales-volkerfest-fuengirola\/\" \/>\n<meta property=\"og:site_name\" content=\"M\u00e1laga Reiseblog\" \/>\n<meta property=\"article:publisher\" content=\"https:\/\/www.facebook.com\/Malaga.CostadelSol\/\" \/>\n<meta property=\"article:author\" content=\"https:\/\/www.facebook.com\/Malaga.CostadelSol\/\" \/>\n<meta property=\"article:published_time\" content=\"2026-04-01T09:00:48+00:00\" \/>\n<meta property=\"article:modified_time\" content=\"2026-04-14T11:04:56+00:00\" \/>\n<meta property=\"og:image\" content=\"https:\/\/www.malagaweb.com\/deutsch\/blog\/wp-content\/uploads\/internationales-voelkerfest.jpg\" \/>\n\t<meta property=\"og:image:width\" content=\"525\" \/>\n\t<meta property=\"og:image:height\" content=\"350\" \/>\n\t<meta property=\"og:image:type\" content=\"image\/jpeg\" \/>\n<meta name=\"author\" content=\"Raul GT\" \/>\n<meta name=\"twitter:card\" content=\"summary_large_image\" \/>\n<meta name=\"twitter:creator\" content=\"@Raul_GT\" \/>\n<meta name=\"twitter:site\" content=\"@malagaweb\" \/>\n<meta name=\"twitter:label1\" content=\"Verfasst von\" \/>\n\t<meta name=\"twitter:data1\" content=\"Raul GT\" \/>\n\t<meta name=\"twitter:label2\" content=\"Gesch\u00e4tzte Lesezeit\" \/>\n\t<meta name=\"twitter:data2\" content=\"6\u00a0Minuten\" \/>\n<script type=\"application\/ld+json\" class=\"yoast-schema-graph\">{\"@context\":\"https:\\\/\\\/schema.org\",\"@graph\":[{\"@type\":\"Article\",\"@id\":\"https:\\\/\\\/www.malagaweb.com\\\/deutsch\\\/blog\\\/veranstaltungen\\\/internationales-volkerfest-fuengirola\\\/#article\",\"isPartOf\":{\"@id\":\"https:\\\/\\\/www.malagaweb.com\\\/deutsch\\\/blog\\\/veranstaltungen\\\/internationales-volkerfest-fuengirola\\\/\"},\"author\":{\"name\":\"Raul GT\",\"@id\":\"https:\\\/\\\/www.malagaweb.com\\\/deutsch\\\/blog\\\/#\\\/schema\\\/person\\\/76d0077c0c576973f982afbdb09a6653\"},\"headline\":\"XXX. Internationale V\u00f6lkerfest Fuengirola (FIP 2026): 30 Jahre multikulturelle Vielfalt an der Costa del Sol\",\"datePublished\":\"2026-04-01T09:00:48+00:00\",\"dateModified\":\"2026-04-14T11:04:56+00:00\",\"mainEntityOfPage\":{\"@id\":\"https:\\\/\\\/www.malagaweb.com\\\/deutsch\\\/blog\\\/veranstaltungen\\\/internationales-volkerfest-fuengirola\\\/\"},\"wordCount\":915,\"commentCount\":0,\"image\":{\"@id\":\"https:\\\/\\\/www.malagaweb.com\\\/deutsch\\\/blog\\\/veranstaltungen\\\/internationales-volkerfest-fuengirola\\\/#primaryimage\"},\"thumbnailUrl\":\"https:\\\/\\\/www.malagaweb.com\\\/deutsch\\\/blog\\\/wp-content\\\/uploads\\\/internationales-voelkerfest.jpg\",\"keywords\":[\"Aktivit\u00e4ten\",\"Fuengirola\",\"Volksfest\"],\"articleSection\":[\"Veranstaltungen\"],\"inLanguage\":\"de\",\"potentialAction\":[{\"@type\":\"CommentAction\",\"name\":\"Comment\",\"target\":[\"https:\\\/\\\/www.malagaweb.com\\\/deutsch\\\/blog\\\/veranstaltungen\\\/internationales-volkerfest-fuengirola\\\/#respond\"]}]},{\"@type\":\"WebPage\",\"@id\":\"https:\\\/\\\/www.malagaweb.com\\\/deutsch\\\/blog\\\/veranstaltungen\\\/internationales-volkerfest-fuengirola\\\/\",\"url\":\"https:\\\/\\\/www.malagaweb.com\\\/deutsch\\\/blog\\\/veranstaltungen\\\/internationales-volkerfest-fuengirola\\\/\",\"name\":\"XXX. Internationale V\u00f6lkerfest Fuengirola (FIP 2026)\",\"isPartOf\":{\"@id\":\"https:\\\/\\\/www.malagaweb.com\\\/deutsch\\\/blog\\\/#website\"},\"primaryImageOfPage\":{\"@id\":\"https:\\\/\\\/www.malagaweb.com\\\/deutsch\\\/blog\\\/veranstaltungen\\\/internationales-volkerfest-fuengirola\\\/#primaryimage\"},\"image\":{\"@id\":\"https:\\\/\\\/www.malagaweb.com\\\/deutsch\\\/blog\\\/veranstaltungen\\\/internationales-volkerfest-fuengirola\\\/#primaryimage\"},\"thumbnailUrl\":\"https:\\\/\\\/www.malagaweb.com\\\/deutsch\\\/blog\\\/wp-content\\\/uploads\\\/internationales-voelkerfest.jpg\",\"datePublished\":\"2026-04-01T09:00:48+00:00\",\"dateModified\":\"2026-04-14T11:04:56+00:00\",\"author\":{\"@id\":\"https:\\\/\\\/www.malagaweb.com\\\/deutsch\\\/blog\\\/#\\\/schema\\\/person\\\/76d0077c0c576973f982afbdb09a6653\"},\"description\":\"Das V\u00f6lkerfest ist eine ideale Gelegenheit um die Kultur und die Gastronomie von anderen L\u00e4ndern und Regionen kennenzulernen, schauen Sie vorbei!\",\"breadcrumb\":{\"@id\":\"https:\\\/\\\/www.malagaweb.com\\\/deutsch\\\/blog\\\/veranstaltungen\\\/internationales-volkerfest-fuengirola\\\/#breadcrumb\"},\"inLanguage\":\"de\",\"potentialAction\":[{\"@type\":\"ReadAction\",\"target\":[\"https:\\\/\\\/www.malagaweb.com\\\/deutsch\\\/blog\\\/veranstaltungen\\\/internationales-volkerfest-fuengirola\\\/\"]}]},{\"@type\":\"ImageObject\",\"inLanguage\":\"de\",\"@id\":\"https:\\\/\\\/www.malagaweb.com\\\/deutsch\\\/blog\\\/veranstaltungen\\\/internationales-volkerfest-fuengirola\\\/#primaryimage\",\"url\":\"https:\\\/\\\/www.malagaweb.com\\\/deutsch\\\/blog\\\/wp-content\\\/uploads\\\/internationales-voelkerfest.jpg\",\"contentUrl\":\"https:\\\/\\\/www.malagaweb.com\\\/deutsch\\\/blog\\\/wp-content\\\/uploads\\\/internationales-voelkerfest.jpg\",\"width\":525,\"height\":350,\"caption\":\"internationales voelkerfest in Fuengirola\"},{\"@type\":\"BreadcrumbList\",\"@id\":\"https:\\\/\\\/www.malagaweb.com\\\/deutsch\\\/blog\\\/veranstaltungen\\\/internationales-volkerfest-fuengirola\\\/#breadcrumb\",\"itemListElement\":[{\"@type\":\"ListItem\",\"position\":1,\"name\":\"Blog\",\"item\":\"https:\\\/\\\/www.malagaweb.com\\\/deutsch\\\/blog\\\/\"},{\"@type\":\"ListItem\",\"position\":2,\"name\":\"XXX. Internationale V\u00f6lkerfest Fuengirola (FIP 2026): 30 Jahre multikulturelle Vielfalt an der Costa del Sol\"}]},{\"@type\":\"WebSite\",\"@id\":\"https:\\\/\\\/www.malagaweb.com\\\/deutsch\\\/blog\\\/#website\",\"url\":\"https:\\\/\\\/www.malagaweb.com\\\/deutsch\\\/blog\\\/\",\"name\":\"M\u00e1laga Reiseblog\",\"description\":\"Reise und Tourismusratgeber, Tipps, Ausfl\u00fcge und vieles mehr\",\"potentialAction\":[{\"@type\":\"SearchAction\",\"target\":{\"@type\":\"EntryPoint\",\"urlTemplate\":\"https:\\\/\\\/www.malagaweb.com\\\/deutsch\\\/blog\\\/?s={search_term_string}\"},\"query-input\":{\"@type\":\"PropertyValueSpecification\",\"valueRequired\":true,\"valueName\":\"search_term_string\"}}],\"inLanguage\":\"de\"},{\"@type\":\"Person\",\"@id\":\"https:\\\/\\\/www.malagaweb.com\\\/deutsch\\\/blog\\\/#\\\/schema\\\/person\\\/76d0077c0c576973f982afbdb09a6653\",\"name\":\"Raul GT\",\"image\":{\"@type\":\"ImageObject\",\"inLanguage\":\"de\",\"@id\":\"https:\\\/\\\/secure.gravatar.com\\\/avatar\\\/355bb21897b371342e002159d93cc5a3dcf5add74aab5d2183293cebb23ac386?s=96&r=g\",\"url\":\"https:\\\/\\\/secure.gravatar.com\\\/avatar\\\/355bb21897b371342e002159d93cc5a3dcf5add74aab5d2183293cebb23ac386?s=96&r=g\",\"contentUrl\":\"https:\\\/\\\/secure.gravatar.com\\\/avatar\\\/355bb21897b371342e002159d93cc5a3dcf5add74aab5d2183293cebb23ac386?s=96&r=g\",\"caption\":\"Raul GT\"},\"description\":\"Reiseblogger, Webentwickler und Content-Editor. Autor vieler Reisef\u00fchrer und Tipps \u00fcber Andalusien, Malaga und Spanien.\",\"sameAs\":[\"https:\\\/\\\/www.facebook.com\\\/Malaga.CostadelSol\\\/\",\"https:\\\/\\\/x.com\\\/Raul_GT\"]}]}<\/script>\n<!-- \/ Yoast SEO plugin. -->","yoast_head_json":{"title":"XXX. Internationale V\u00f6lkerfest Fuengirola (FIP 2026)","description":"Das V\u00f6lkerfest ist eine ideale Gelegenheit um die Kultur und die Gastronomie von anderen L\u00e4ndern und Regionen kennenzulernen, schauen Sie vorbei!","robots":{"index":"index","follow":"follow","max-snippet":"max-snippet:-1","max-image-preview":"max-image-preview:large","max-video-preview":"max-video-preview:-1"},"canonical":"https:\/\/www.malagaweb.com\/deutsch\/blog\/veranstaltungen\/internationales-volkerfest-fuengirola\/","og_locale":"de_DE","og_type":"article","og_title":"XXX. Internationale V\u00f6lkerfest Fuengirola (FIP 2026)","og_description":"Das V\u00f6lkerfest ist eine ideale Gelegenheit um die Kultur und die Gastronomie von anderen L\u00e4ndern und Regionen kennenzulernen, schauen Sie vorbei!","og_url":"https:\/\/www.malagaweb.com\/deutsch\/blog\/veranstaltungen\/internationales-volkerfest-fuengirola\/","og_site_name":"M\u00e1laga Reiseblog","article_publisher":"https:\/\/www.facebook.com\/Malaga.CostadelSol\/","article_author":"https:\/\/www.facebook.com\/Malaga.CostadelSol\/","article_published_time":"2026-04-01T09:00:48+00:00","article_modified_time":"2026-04-14T11:04:56+00:00","og_image":[{"width":525,"height":350,"url":"https:\/\/www.malagaweb.com\/deutsch\/blog\/wp-content\/uploads\/internationales-voelkerfest.jpg","type":"image\/jpeg"}],"author":"Raul GT","twitter_card":"summary_large_image","twitter_creator":"@Raul_GT","twitter_site":"@malagaweb","twitter_misc":{"Verfasst von":"Raul GT","Gesch\u00e4tzte Lesezeit":"6\u00a0Minuten"},"schema":{"@context":"https:\/\/schema.org","@graph":[{"@type":"Article","@id":"https:\/\/www.malagaweb.com\/deutsch\/blog\/veranstaltungen\/internationales-volkerfest-fuengirola\/#article","isPartOf":{"@id":"https:\/\/www.malagaweb.com\/deutsch\/blog\/veranstaltungen\/internationales-volkerfest-fuengirola\/"},"author":{"name":"Raul GT","@id":"https:\/\/www.malagaweb.com\/deutsch\/blog\/#\/schema\/person\/76d0077c0c576973f982afbdb09a6653"},"headline":"XXX. Internationale V\u00f6lkerfest Fuengirola (FIP 2026): 30 Jahre multikulturelle Vielfalt an der Costa del Sol","datePublished":"2026-04-01T09:00:48+00:00","dateModified":"2026-04-14T11:04:56+00:00","mainEntityOfPage":{"@id":"https:\/\/www.malagaweb.com\/deutsch\/blog\/veranstaltungen\/internationales-volkerfest-fuengirola\/"},"wordCount":915,"commentCount":0,"image":{"@id":"https:\/\/www.malagaweb.com\/deutsch\/blog\/veranstaltungen\/internationales-volkerfest-fuengirola\/#primaryimage"},"thumbnailUrl":"https:\/\/www.malagaweb.com\/deutsch\/blog\/wp-content\/uploads\/internationales-voelkerfest.jpg","keywords":["Aktivit\u00e4ten","Fuengirola","Volksfest"],"articleSection":["Veranstaltungen"],"inLanguage":"de","potentialAction":[{"@type":"CommentAction","name":"Comment","target":["https:\/\/www.malagaweb.com\/deutsch\/blog\/veranstaltungen\/internationales-volkerfest-fuengirola\/#respond"]}]},{"@type":"WebPage","@id":"https:\/\/www.malagaweb.com\/deutsch\/blog\/veranstaltungen\/internationales-volkerfest-fuengirola\/","url":"https:\/\/www.malagaweb.com\/deutsch\/blog\/veranstaltungen\/internationales-volkerfest-fuengirola\/","name":"XXX. Internationale V\u00f6lkerfest Fuengirola (FIP 2026)","isPartOf":{"@id":"https:\/\/www.malagaweb.com\/deutsch\/blog\/#website"},"primaryImageOfPage":{"@id":"https:\/\/www.malagaweb.com\/deutsch\/blog\/veranstaltungen\/internationales-volkerfest-fuengirola\/#primaryimage"},"image":{"@id":"https:\/\/www.malagaweb.com\/deutsch\/blog\/veranstaltungen\/internationales-volkerfest-fuengirola\/#primaryimage"},"thumbnailUrl":"https:\/\/www.malagaweb.com\/deutsch\/blog\/wp-content\/uploads\/internationales-voelkerfest.jpg","datePublished":"2026-04-01T09:00:48+00:00","dateModified":"2026-04-14T11:04:56+00:00","author":{"@id":"https:\/\/www.malagaweb.com\/deutsch\/blog\/#\/schema\/person\/76d0077c0c576973f982afbdb09a6653"},"description":"Das V\u00f6lkerfest ist eine ideale Gelegenheit um die Kultur und die Gastronomie von anderen L\u00e4ndern und Regionen kennenzulernen, schauen Sie vorbei!","breadcrumb":{"@id":"https:\/\/www.malagaweb.com\/deutsch\/blog\/veranstaltungen\/internationales-volkerfest-fuengirola\/#breadcrumb"},"inLanguage":"de","potentialAction":[{"@type":"ReadAction","target":["https:\/\/www.malagaweb.com\/deutsch\/blog\/veranstaltungen\/internationales-volkerfest-fuengirola\/"]}]},{"@type":"ImageObject","inLanguage":"de","@id":"https:\/\/www.malagaweb.com\/deutsch\/blog\/veranstaltungen\/internationales-volkerfest-fuengirola\/#primaryimage","url":"https:\/\/www.malagaweb.com\/deutsch\/blog\/wp-content\/uploads\/internationales-voelkerfest.jpg","contentUrl":"https:\/\/www.malagaweb.com\/deutsch\/blog\/wp-content\/uploads\/internationales-voelkerfest.jpg","width":525,"height":350,"caption":"internationales voelkerfest in Fuengirola"},{"@type":"BreadcrumbList","@id":"https:\/\/www.malagaweb.com\/deutsch\/blog\/veranstaltungen\/internationales-volkerfest-fuengirola\/#breadcrumb","itemListElement":[{"@type":"ListItem","position":1,"name":"Blog","item":"https:\/\/www.malagaweb.com\/deutsch\/blog\/"},{"@type":"ListItem","position":2,"name":"XXX. Internationale V\u00f6lkerfest Fuengirola (FIP 2026): 30 Jahre multikulturelle Vielfalt an der Costa del Sol"}]},{"@type":"WebSite","@id":"https:\/\/www.malagaweb.com\/deutsch\/blog\/#website","url":"https:\/\/www.malagaweb.com\/deutsch\/blog\/","name":"M\u00e1laga Reiseblog","description":"Reise und Tourismusratgeber, Tipps, Ausfl\u00fcge und vieles mehr","potentialAction":[{"@type":"SearchAction","target":{"@type":"EntryPoint","urlTemplate":"https:\/\/www.malagaweb.com\/deutsch\/blog\/?s={search_term_string}"},"query-input":{"@type":"PropertyValueSpecification","valueRequired":true,"valueName":"search_term_string"}}],"inLanguage":"de"},{"@type":"Person","@id":"https:\/\/www.malagaweb.com\/deutsch\/blog\/#\/schema\/person\/76d0077c0c576973f982afbdb09a6653","name":"Raul GT","image":{"@type":"ImageObject","inLanguage":"de","@id":"https:\/\/secure.gravatar.com\/avatar\/355bb21897b371342e002159d93cc5a3dcf5add74aab5d2183293cebb23ac386?s=96&r=g","url":"https:\/\/secure.gravatar.com\/avatar\/355bb21897b371342e002159d93cc5a3dcf5add74aab5d2183293cebb23ac386?s=96&r=g","contentUrl":"https:\/\/secure.gravatar.com\/avatar\/355bb21897b371342e002159d93cc5a3dcf5add74aab5d2183293cebb23ac386?s=96&r=g","caption":"Raul GT"},"description":"Reiseblogger, Webentwickler und Content-Editor. Autor vieler Reisef\u00fchrer und Tipps \u00fcber Andalusien, Malaga und Spanien.","sameAs":["https:\/\/www.facebook.com\/Malaga.CostadelSol\/","https:\/\/x.com\/Raul_GT"]}]}},"jetpack_publicize_connections":[],"jetpack_featured_media_url":"https:\/\/www.malagaweb.com\/deutsch\/blog\/wp-content\/uploads\/internationales-voelkerfest.jpg","jetpack_shortlink":"https:\/\/wp.me\/p7sigs-AP","jetpack-related-posts":[{"id":714,"url":"https:\/\/www.malagaweb.com\/deutsch\/blog\/veranstaltungen\/internationales-volker-festival-in-mijas-vom-8-bis-10-juni\/","url_meta":{"origin":2283,"position":0},"title":"Internationales V\u00f6lker Festival in Mijas vom 8. bis 10. Juni","author":"Raul GT","date":"Juni 1, 2012","format":false,"excerpt":"In dem wei\u00dfen Dorf Mijas findet vom 8. bis 10. Juni eine neue Auflage des mehr als konsolidierten Internationalen V\u00f6lker Festivals statt. Das multikulturelle Fest von Mijas, das seine Anf\u00e4nge im Jahr 1989 hatte, war ein Pionier in Spanien und wurde aufgrund seines Erfolgs sp\u00e4ter von anderen Kommunen kopiert. Mijas\u2026","rel":"","context":"In &quot;Veranstaltungen&quot;","block_context":{"text":"Veranstaltungen","link":"https:\/\/www.malagaweb.com\/deutsch\/blog\/veranstaltungen\/"},"img":{"alt_text":"feria de los pueblos Mijas","src":"https:\/\/i0.wp.com\/www.malagaweb.com\/deutsch\/blog\/wp-content\/uploads\/feria-de-los-pueblos-mijas.jpg?resize=350%2C200&ssl=1","width":350,"height":200},"classes":[]},{"id":1043,"url":"https:\/\/www.malagaweb.com\/deutsch\/blog\/veranstaltungen\/internationaler-tag-des-auslandischen-residenten-in-torremolinos\/","url_meta":{"origin":2283,"position":1},"title":"Internationaler Tag des ausl\u00e4ndischen Residenten in Torremolinos im April","author":"Raul GT","date":"M\u00e4rz 29, 2019","format":false,"excerpt":"M\u00f6chten Sie an einem Wochenende die Gastronomie und Kultur verschiedener L\u00e4nder in Torremolinos genie\u00dfen? Wenn die Antwort ja lautet, sollten Sie den internationalen Tag des ausl\u00e4ndischen Residenten, der am n\u00e4chsten Wochenende auf der Plaza de La Nogalera stattfindet, nicht vers\u00e4umen. Hier erfahren Sie alles Wissenswerte zur Veranstaltung.","rel":"","context":"In &quot;Veranstaltungen&quot;","block_context":{"text":"Veranstaltungen","link":"https:\/\/www.malagaweb.com\/deutsch\/blog\/veranstaltungen\/"},"img":{"alt_text":"Tag des ausl\u00e4ndischen Residenten","src":"https:\/\/i0.wp.com\/www.malagaweb.com\/deutsch\/blog\/wp-content\/uploads\/2019\/03\/tag-auslaendischen-residenten.jpg?resize=350%2C200&ssl=1","width":350,"height":200,"srcset":"https:\/\/i0.wp.com\/www.malagaweb.com\/deutsch\/blog\/wp-content\/uploads\/2019\/03\/tag-auslaendischen-residenten.jpg?resize=350%2C200&ssl=1 1x, https:\/\/i0.wp.com\/www.malagaweb.com\/deutsch\/blog\/wp-content\/uploads\/2019\/03\/tag-auslaendischen-residenten.jpg?resize=525%2C300&ssl=1 1.5x, https:\/\/i0.wp.com\/www.malagaweb.com\/deutsch\/blog\/wp-content\/uploads\/2019\/03\/tag-auslaendischen-residenten.jpg?resize=700%2C400&ssl=1 2x, https:\/\/i0.wp.com\/www.malagaweb.com\/deutsch\/blog\/wp-content\/uploads\/2019\/03\/tag-auslaendischen-residenten.jpg?resize=1050%2C600&ssl=1 3x"},"classes":[]},{"id":184,"url":"https:\/\/www.malagaweb.com\/deutsch\/blog\/costa-del-sol\/bioparc-fuengirola\/","url_meta":{"origin":2283,"position":2},"title":"Bioparc Fuengirola &#8211; Zoo, Biodiversit\u00e4t und aktivit\u00e4ten in Fuengirola","author":"Raul GT","date":"Juni 19, 2018","format":false,"excerpt":"In dieser Ferienzeit gibt es nichts Besseres als einen Tag mit Familie und Freunden zu teilen. Bioparc Fuengirola ist ein Ort, wo Menschen jeden Alters und vor allem Familien die Natur in einer einzigartigen Umgebung genie\u00dfen k\u00f6nnen. Der Bioparc Fuengirola ist ein Zoo in der Stadt Fuengirola in M\u00e1laga, der\u2026","rel":"","context":"In &quot;Costa del Sol&quot;","block_context":{"text":"Costa del Sol","link":"https:\/\/www.malagaweb.com\/deutsch\/blog\/costa-del-sol\/"},"img":{"alt_text":"Bioparc Fuengirola","src":"https:\/\/i0.wp.com\/www.malagaweb.com\/deutsch\/blog\/wp-content\/uploads\/bioparc-fuengirola-logo.jpg?resize=350%2C200&ssl=1","width":350,"height":200,"srcset":"https:\/\/i0.wp.com\/www.malagaweb.com\/deutsch\/blog\/wp-content\/uploads\/bioparc-fuengirola-logo.jpg?resize=350%2C200&ssl=1 1x, https:\/\/i0.wp.com\/www.malagaweb.com\/deutsch\/blog\/wp-content\/uploads\/bioparc-fuengirola-logo.jpg?resize=525%2C300&ssl=1 1.5x"},"classes":[]},{"id":115,"url":"https:\/\/www.malagaweb.com\/deutsch\/blog\/veranstaltungen\/virgen-del-carmen-volksfest\/","url_meta":{"origin":2283,"position":3},"title":"Feria del Carmen in Fuengirola vom 15. bis 18. Juli","author":"Raul GT","date":"Juli 16, 2010","format":false,"excerpt":"Das Fest zu Ehren der Virgen del Carmen, der Schutzheiligen der Fischer, hat eine starke Tradition entlang der gesamten Costa del Sol. Die Aktivit\u00e4ten finden auf dem Volksfest-Gel\u00e4nde von Fuengirola und dem Strand von Los Boliches statt, der den Hintergrund bildet f\u00fcr die Prozession der Jungfrau hinein in das Mittelmeer.","rel":"","context":"In &quot;Veranstaltungen&quot;","block_context":{"text":"Veranstaltungen","link":"https:\/\/www.malagaweb.com\/deutsch\/blog\/veranstaltungen\/"},"img":{"alt_text":"virgen-del-carmen-volksfest","src":"https:\/\/i0.wp.com\/www.malagaweb.com\/deutsch\/blog\/wp-content\/uploads\/2010\/07\/feria-del-carmen.jpg?resize=350%2C200&ssl=1","width":350,"height":200,"srcset":"https:\/\/i0.wp.com\/www.malagaweb.com\/deutsch\/blog\/wp-content\/uploads\/2010\/07\/feria-del-carmen.jpg?resize=350%2C200&ssl=1 1x, https:\/\/i0.wp.com\/www.malagaweb.com\/deutsch\/blog\/wp-content\/uploads\/2010\/07\/feria-del-carmen.jpg?resize=525%2C300&ssl=1 1.5x, https:\/\/i0.wp.com\/www.malagaweb.com\/deutsch\/blog\/wp-content\/uploads\/2010\/07\/feria-del-carmen.jpg?resize=700%2C400&ssl=1 2x, https:\/\/i0.wp.com\/www.malagaweb.com\/deutsch\/blog\/wp-content\/uploads\/2010\/07\/feria-del-carmen.jpg?resize=1050%2C600&ssl=1 3x"},"classes":[]},{"id":207,"url":"https:\/\/www.malagaweb.com\/deutsch\/blog\/costa-del-sol\/nachrichten-221\/","url_meta":{"origin":2283,"position":4},"title":"Kostenloses WIFI in Fuengirola &#8211; Kostenloses Internet in \u00f6ffentlichen Bereichen","author":"Raul GT","date":"Dezember 16, 2016","format":false,"excerpt":"Fuengirola bietet B\u00fcrgern und Besuchern die M\u00f6glichkeit, kostenlosen Wifi- Anschluss in diversen \u00f6ffentlichen Bereichen der Stadt zu genie\u00dfen. Es sieht so aus, als w\u00fcrden im Laufe der Zeit noch weitere Bereiche hinzugef\u00fcgt.","rel":"","context":"In &quot;Costa del Sol&quot;","block_context":{"text":"Costa del Sol","link":"https:\/\/www.malagaweb.com\/deutsch\/blog\/costa-del-sol\/"},"img":{"alt_text":"free-wifi","src":"https:\/\/i0.wp.com\/www.malagaweb.com\/deutsch\/blog\/wp-content\/uploads\/free-wifi.png?resize=350%2C200&ssl=1","width":350,"height":200,"srcset":"https:\/\/i0.wp.com\/www.malagaweb.com\/deutsch\/blog\/wp-content\/uploads\/free-wifi.png?resize=350%2C200&ssl=1 1x, https:\/\/i0.wp.com\/www.malagaweb.com\/deutsch\/blog\/wp-content\/uploads\/free-wifi.png?resize=525%2C300&ssl=1 1.5x, https:\/\/i0.wp.com\/www.malagaweb.com\/deutsch\/blog\/wp-content\/uploads\/free-wifi.png?resize=700%2C400&ssl=1 2x"},"classes":[]},{"id":4259,"url":"https:\/\/www.malagaweb.com\/deutsch\/blog\/costa-del-sol\/besuch-fuengirola\/","url_meta":{"origin":2283,"position":5},"title":"Mehr als 20 Aktivit\u00e4ten in Fuengirola das ganze Jahr \u00fcber","author":"Raul GT","date":"August 31, 2020","format":false,"excerpt":"Fuengirola ist ein Ort, der jedes Jahr von vielen Touristen gew\u00e4hlt wird, die die Costa del Sol besuchen. Sehen wir uns einige Ideen an, die diejenigen interessieren k\u00f6nnten, die diese sch\u00f6ne Stadt an der K\u00fcste M\u00e1lagas besuchen. Ich werde Ihnen Orte und Sehensw\u00fcrdigkeiten sowie Aktivit\u00e4ten f\u00fcr alle Altersgruppen empfehlen. M\u00f6chten\u2026","rel":"","context":"In &quot;Costa del Sol&quot;","block_context":{"text":"Costa del Sol","link":"https:\/\/www.malagaweb.com\/deutsch\/blog\/costa-del-sol\/"},"img":{"alt_text":"fuengirola-entdecken","src":"https:\/\/i0.wp.com\/www.malagaweb.com\/deutsch\/blog\/wp-content\/uploads\/2020\/08\/fuengirola-entdecken.jpg?resize=350%2C200&ssl=1","width":350,"height":200,"srcset":"https:\/\/i0.wp.com\/www.malagaweb.com\/deutsch\/blog\/wp-content\/uploads\/2020\/08\/fuengirola-entdecken.jpg?resize=350%2C200&ssl=1 1x, https:\/\/i0.wp.com\/www.malagaweb.com\/deutsch\/blog\/wp-content\/uploads\/2020\/08\/fuengirola-entdecken.jpg?resize=525%2C300&ssl=1 1.5x, https:\/\/i0.wp.com\/www.malagaweb.com\/deutsch\/blog\/wp-content\/uploads\/2020\/08\/fuengirola-entdecken.jpg?resize=700%2C400&ssl=1 2x, https:\/\/i0.wp.com\/www.malagaweb.com\/deutsch\/blog\/wp-content\/uploads\/2020\/08\/fuengirola-entdecken.jpg?resize=1050%2C600&ssl=1 3x, https:\/\/i0.wp.com\/www.malagaweb.com\/deutsch\/blog\/wp-content\/uploads\/2020\/08\/fuengirola-entdecken.jpg?resize=1400%2C800&ssl=1 4x"},"classes":[]}],"jetpack_sharing_enabled":true,"_links":{"self":[{"href":"https:\/\/www.malagaweb.com\/deutsch\/blog\/wp-json\/wp\/v2\/posts\/2283","targetHints":{"allow":["GET"]}}],"collection":[{"href":"https:\/\/www.malagaweb.com\/deutsch\/blog\/wp-json\/wp\/v2\/posts"}],"about":[{"href":"https:\/\/www.malagaweb.com\/deutsch\/blog\/wp-json\/wp\/v2\/types\/post"}],"author":[{"embeddable":true,"href":"https:\/\/www.malagaweb.com\/deutsch\/blog\/wp-json\/wp\/v2\/users\/1"}],"replies":[{"embeddable":true,"href":"https:\/\/www.malagaweb.com\/deutsch\/blog\/wp-json\/wp\/v2\/comments?post=2283"}],"version-history":[{"count":15,"href":"https:\/\/www.malagaweb.com\/deutsch\/blog\/wp-json\/wp\/v2\/posts\/2283\/revisions"}],"predecessor-version":[{"id":4718,"href":"https:\/\/www.malagaweb.com\/deutsch\/blog\/wp-json\/wp\/v2\/posts\/2283\/revisions\/4718"}],"wp:featuredmedia":[{"embeddable":true,"href":"https:\/\/www.malagaweb.com\/deutsch\/blog\/wp-json\/wp\/v2\/media\/2284"}],"wp:attachment":[{"href":"https:\/\/www.malagaweb.com\/deutsch\/blog\/wp-json\/wp\/v2\/media?parent=2283"}],"wp:term":[{"taxonomy":"category","embeddable":true,"href":"https:\/\/www.malagaweb.com\/deutsch\/blog\/wp-json\/wp\/v2\/categories?post=2283"},{"taxonomy":"post_tag","embeddable":true,"href":"https:\/\/www.malagaweb.com\/deutsch\/blog\/wp-json\/wp\/v2\/tags?post=2283"}],"curies":[{"name":"wp","href":"https:\/\/api.w.org\/{rel}","templated":true}]}}