{"id":1977,"date":"2025-11-11T09:00:10","date_gmt":"2025-11-11T09:00:10","guid":{"rendered":"http:\/\/www.malagaweb.com\/deutsch\/blog\/?p=1977"},"modified":"2025-12-17T14:43:40","modified_gmt":"2025-12-17T14:43:40","slug":"weihnachten-in-malaga","status":"publish","type":"post","link":"https:\/\/www.malagaweb.com\/deutsch\/blog\/veranstaltungen\/weihnachten-in-malaga\/","title":{"rendered":"Weihnachtsbeleuchtung und Silvester in M\u00e1laga 2025 \/ 2026"},"content":{"rendered":"<p>Die <strong>Weihnachtsbeleuchtung in M\u00e1laga wurde am Freitag, 28. November 2025, eingeschaltet<\/strong>. Am 17. Dezember 2025 leuchtet die Stadt in vollem Festglanz, durchflutet von \u00fcber 2,7 Millionen LEDs. Lesen Sie weiter f\u00fcr die neuesten Highlights \u2013 von atemberaubenden Lichtshows \u00fcber gem\u00fctliche M\u00e4rkte bis hin zu jahrhundertealten Traditionen, die M\u00e1laga zu einem der zauberhaftesten Winterziele Europas machen.<\/p>\n<p>Die <a href=\"https:\/\/www.malagaweb.com\/deutsch\/blog\/costa-del-sol\/calle-larios-einkaufstag\/\">Calle Larios<\/a> ist das pulsierende Herz des Weihnachtsspektakels in M\u00e1laga. In diesem Jahr wurde die Beleuchtung am <strong>Freitag, 28. November, um 18:30 Uhr<\/strong> eingeschaltet \u2013 mit Zirkus-Theater-Elementen aus der Truppe von Antonio Banderas&#8216; &#8222;Imagine&#8220;.<\/p>\n<p>Neu f\u00fcr 2025 ist <strong>&#8222;Eine Geburt der Lichter&#8220;<\/strong> auf der Calle Larios: Nach drei Jahren himmlischer Engel ersetzt der Baldachin nun 16 leuchtende Sterne, gekr\u00f6nt von Medaillons mit Szenen der Weihnachtsgeschichte, flankiert von 32 S\u00e4ulen und Lichtstrahlen. T\u00e4gliche Licht- und Musikshows finden um <strong>18:30, 20:30 und 22:00 Uhr<\/strong> vom 29. November bis zum 4. Januar statt (au\u00dfer am 24. und 31. Dezember). Der Soundtrack mischt Klassiker (&#8222;Jingle Bells&#8220; von Andr\u00e9 Rieu, &#8222;Carol of the Bells&#8220; von Pentatonix) mit spanischen Favoriten (&#8222;Los Peces en el R\u00edo&#8220; und &#8222;Mi burrito sabanero&#8220; von David Bisbal) sowie lokalen Verdiales-Rhythmen an ausgew\u00e4hlten Tagen. Die Alameda Principal bleibt ein magischer &#8222;Lichtwald&#8220; mit 270.000 LEDs, die durch die Riesenfeigenb\u00e4ume geflochten sind.<\/p>\n<figure id=\"attachment_3903\" aria-describedby=\"caption-attachment-3903\" style=\"width: 1200px\" class=\"wp-caption aligncenter\"><a href=\"https:\/\/www.malagaweb.com\/deutsch\/blog\/wp-content\/uploads\/2018\/11\/weihnachtsbeleuchtung-malaga.jpg\" itemprop=\"contentUrl\"  data-gallery title=\"Weihnachtsbeleuchtung und Silvester in M\u00e1laga 2025 \/ 2026\"><img decoding=\"async\" class=\"size-full wp-image-3903 img-responsive\" loading=\"lazy\" src=\"https:\/\/www.malagaweb.com\/deutsch\/blog\/wp-content\/uploads\/2018\/11\/weihnachtsbeleuchtung-malaga.jpg\" alt=\"Weihnachtsbeleuchtung in der Calle Larios, M\u00e1laga\" width=\"1200\" height=\"757\" srcset=\"https:\/\/www.malagaweb.com\/deutsch\/blog\/wp-content\/uploads\/2018\/11\/weihnachtsbeleuchtung-malaga.jpg 1200w, https:\/\/www.malagaweb.com\/deutsch\/blog\/wp-content\/uploads\/2018\/11\/weihnachtsbeleuchtung-malaga-300x189.jpg 300w, https:\/\/www.malagaweb.com\/deutsch\/blog\/wp-content\/uploads\/2018\/11\/weihnachtsbeleuchtung-malaga-1024x646.jpg 1024w\" sizes=\"auto, (max-width: 1200px) 100vw, 1200px\" \/><\/a><figcaption id=\"caption-attachment-3903\" class=\"wp-caption-text\">Die Calle Larios in weihnachtlichem Licht<\/figcaption><\/figure>\n<p>In vergangenen Saisons hat die Calle Larios mit bis zu 600.000 LEDs gegl\u00e4nzt und Malagas Ruf als eines der besten Weihnachtslichtziele der Welt gefestigt.<\/p>\n<blockquote><p>Das obige Foto f\u00e4ngt die Magie einer fr\u00fcheren Saison ein. Dieses Jahr ziehen die Shows n\u00e4chtlich Massen an und verbinden Spektakel mit der unbeschwerten W\u00e4rme Malagas.<\/p><\/blockquote>\n<h2>Weihnachtsbeleuchtung in ganz M\u00e1laga<\/h2>\n<p>Das Gesamtdesign ist von der M\u00e1laga-Kathedrale inspiriert und verwebt gotische Eleganz in die festlichen Stra\u00dfen. Mehr als 80 Stra\u00dfen sind beleuchtet und bleiben bis zum <strong>6. Januar 2026<\/strong> eingeschaltet.<\/p>\n<p><img decoding=\"async\" class=\"aligncenter wp-image-3993 size-large img-responsive\" loading=\"lazy\" src=\"https:\/\/www.malagaweb.com\/espanol\/blog\/wp-content\/uploads\/luces-navidad-2017-500x351.jpg\" alt=\"Weihnachtsbeleuchtung in M\u00e1laga\" width=\"500\" height=\"351\" \/><\/p>\n<p>Erwarten Sie Schneekanonen am Er\u00f6ffnungsabend und an Schl\u00fcsseldaten in der Plaza de las Flores und im Soho-Viertel \u2013 ein verspielter Hauch von Winter inmitten des ewigen Fr\u00fchlings Andalusiens.<\/p>\n<p>Das Unternehmen dahinter, <a href=\"https:\/\/www.ximenez.com\/quienes-somos#portfolio-navidad\" target=\"_blank\" rel=\"noopener\">Iluminaciones Xim\u00e9nez<\/a>, beleuchtet auch die Fifth Avenue in New York, Las Vegas, Dubai und Hongkong, unter vielen anderen.<\/p>\n<p><a href=\"https:\/\/www.malagaweb.com\/blog\/wp-content\/uploads\/2019\/11\/christmas-lights-2020.jpg\" itemprop=\"contentUrl\"  data-gallery title=\"Weihnachtsbeleuchtung und Silvester in M\u00e1laga 2025 \/ 2026\"><img decoding=\"async\" class=\"wp-image-7040 size-full img-responsive\" loading=\"lazy\" src=\"https:\/\/www.malagaweb.com\/blog\/wp-content\/uploads\/2019\/11\/christmas-lights-2020.jpg\" alt=\"Weihnachtsbeleuchtung in M\u00e1laga\" width=\"1200\" height=\"842\" \/><\/a>Ein pers\u00f6nlicher Schnappschuss aus einer fr\u00fcheren Saison[\/caption&gt;<br \/>\nAu\u00dfer der Calle Larios achten Sie auf Beleuchtungen in der Calle Marqu\u00e9s, Sagasta, Souvir\u00f3n, Plaza de Camas, Herrera del Rey, Puerta del Mar, Moreno Carbonero, Calle \u00c1lamos und Calle Granada.<\/p>\n<h3>Weihnachtsb\u00e4ume in M\u00e1laga<\/h3>\n<p>Sieben Riesenb\u00e4ume (6\u201318 m hoch) zieren die Stadt:<\/p>\n<ul>\n<li style=\"list-style-type: none;\">\n<ul>\n<li>Huelin-Park<\/li>\n<\/ul>\n<\/li>\n<\/ul>\n<p>&nbsp;<\/p>\n<ul>\n<li style=\"list-style-type: none;\">\n<ul>\n<li>Zwei 8 m beleuchtete Mandelb\u00e4ume (Plaza del Teatro Cervantes &amp; Calle Alcazabilla)<\/li>\n<\/ul>\n<\/li>\n<\/ul>\n<p>&nbsp;<\/p>\n<ul>\n<li style=\"list-style-type: none;\">\n<ul>\n<li>Plaza de la Marina (Metallstruktur)<\/li>\n<\/ul>\n<\/li>\n<\/ul>\n<p>&nbsp;<\/p>\n<ul>\n<li style=\"list-style-type: none;\">\n<ul>\n<li>Plaza de la Constituci\u00f3n \u2013 ein 18 m Baum, den Sie von innen besuchen k\u00f6nnen<\/li>\n<\/ul>\n<\/li>\n<\/ul>\n<p>&nbsp;<\/p>\n<ul>\n<li style=\"list-style-type: none;\">\n<ul>\n<li>Plaza Enrique Garc\u00eda Herrera<\/li>\n<\/ul>\n<\/li>\n<\/ul>\n<p>&nbsp;<\/p>\n<ul>\n<li style=\"list-style-type: none;\">\n<ul>\n<li>Calle Molina Lario<\/li>\n<\/ul>\n<\/li>\n<\/ul>\n<p>&nbsp;<\/p>\n<figure id=\"attachment_3042\" aria-describedby=\"caption-attachment-3042\" style=\"width: 500px\" class=\"wp-caption aligncenter\"><img decoding=\"async\" class=\"size-large wp-image-3042 img-responsive\" loading=\"lazy\" src=\"https:\/\/www.malagaweb.com\/blog\/wp-content\/uploads\/2015\/12\/malaga-at-christmas-lighting-tree-500x281.jpg\" alt=\"Weihnachtsbaum in der Plaza de la Constituci\u00f3n\" width=\"500\" height=\"281\" \/><figcaption id=\"caption-attachment-3042\" class=\"wp-caption-text\">Plaza de la Constituci\u00f3n mit begehbarem Baum (fr\u00fchere Saison)<\/p>\n<h2>Weihnachten im Muelle Uno (Pier One)<\/h2>\n<p>Das Freizeitzentrum des Hafens beherbergt <strong>Chocoland<\/strong> \u2013 die magische Schokoladenfabrik von Santa Claus \u2013 mit Workshops und festlichen Animationen. Ge\u00f6ffnet bis zum 5. Januar.<\/p>\n<p><a href=\"https:\/\/www.facebook.com\/muelleuno\/videos\/vb.206790489396390\/444753109569604\/\">Ein Vorgeschmack auf die Atmosph\u00e4re<\/a><\/p>\n<p>Weitere Veranstaltungen in der Provinz finden Sie in unserem <a href=\"https:\/\/www.malagaweb.com\/deutsch\/blog\/veranstaltungen\/weihnachts-aktivitaeten\/\">Weihnachtsaktivit\u00e4ten-Leitfaden<\/a>.<\/p>\n<h3>Einschalt-Video<\/h3>\n<p><span class=\"embed-youtube\" style=\"text-align:center; display: block;\"><iframe loading=\"lazy\" class=\"youtube-player\" width=\"660\" height=\"372\" src=\"https:\/\/www.youtube.com\/embed\/b8casA9ijdY?version=3&#038;rel=1&#038;showsearch=0&#038;showinfo=1&#038;iv_load_policy=1&#038;fs=1&#038;hl=de-DE&#038;autohide=2&#038;wmode=transparent\" allowfullscreen=\"true\" style=\"border:0;\" sandbox=\"allow-scripts allow-same-origin allow-popups allow-presentation allow-popups-to-escape-sandbox\"><\/iframe><\/span><\/p>\n<h3>Weihnachtsbeleuchtung in benachbarten St\u00e4dten<\/h3>\n<ul>\n<li><strong>Torremolinos:<\/strong> Eingeschaltet am 6. Dezember mit Luz Casal; Lichter bis Januar.<\/li>\n<li><strong>Fuengirola:<\/strong> Er\u00f6ffnet am 28. November um 19:30 Uhr, Plaza de Espa\u00f1a.<\/li>\n<li><strong>Estepona:<\/strong> Beleuchtet ab 28. November, Plaza Antonia Guerrero.<\/li>\n<li><strong>Benalm\u00e1dena:<\/strong> Alle drei Zentren beleuchtet am 28. November ab 18 Uhr.<\/li>\n<li><strong>Marbella:<\/strong> Lichter am 29. November entlang der Avenida Ram\u00f3n y Cajal.<\/li>\n<\/ul>\n<h2>Traditionelle Weihnachtskrippen (Belenes)<\/h2>\n<p><img decoding=\"async\" class=\"aligncenter size-large wp-image-3099 img-responsive\" loading=\"lazy\" src=\"https:\/\/www.malagaweb.com\/blog\/wp-content\/uploads\/2016\/11\/traditional-nativity-scenes-500x195.jpg\" alt=\"traditionelle Weihnachtskrippen\" width=\"500\" height=\"195\" \/><\/p>\n<p>Mehr als 70 Krippen sind in der Stadt verteilt. Holen Sie sich eine kostenlose Karte im Touristenb\u00fcro.<\/p>\n<p><strong>Kathedrale von M\u00e1laga<\/strong> \u2013 Monumentale Krippe der Belenistas-Vereinigung &#8222;La Alcazabilla&#8220; (fast 400 Figuren) plus das spektakul\u00e4re Video-Mapping <strong>&#8222;Der Fischer der Tr\u00e4ume&#8220;<\/strong> an der Fassade des Mocha-Turms (19:00, 20:30 &amp; 22:00 Uhr, 29. Nov. \u2013 4. Jan., au\u00dfer 24. &amp; 31. Dez.).<\/p>\n<p><strong>Provinzregierung (Diputaci\u00f3n)<\/strong> \u2013 Interaktive Krippe mit 1.900 Figuren, die Provinzlandschaften nachbildet; ge\u00f6ffnet bis 5. Januar 2026.<\/p>\n<ul>\n<li><strong>Infopunkt:<\/strong> Avda. Sor Teresa Prat n\u00ba 15 Edif. E1 (<a href=\"https:\/\/goo.gl\/maps\/RQq8AG2c4KzRsKMi7\" target=\"_blank\" rel=\"noopener\">Karte<\/a>)<\/li>\n<\/ul>\n<h2>Weihnachtsm\u00e4rkte \u2013 Offiziell Europas beste sonnige M\u00e4rkte<\/h2>\n<p>Drei Hauptm\u00e4rkte mit je rund 70 St\u00e4nden laufen bis zum Dreik\u00f6nigstag:<\/p>\n<ul>\n<li><strong>Paseo del Parque:<\/strong> 1. Dez. 2025 \u2013 7. Jan. 2026, 11:00\u201322:00 Uhr<\/li>\n<li><strong>Muelle Uno:<\/strong> 28. Nov. 2025 \u2013 6. Jan. 2026, 10:00\u201322:00 Uhr<\/li>\n<li><strong>El Corte Ingl\u00e9s:<\/strong> 28. Nov. 2025 \u2013 5. Jan. 2026, 11:00\u201322:00 Uhr<\/li>\n<\/ul>\n<p>[caption id=\"attachment_7041\" align=\"aligncenter\" width=\"1200\"]<a href=\"https:\/\/www.malagaweb.com\/blog\/wp-content\/uploads\/2019\/11\/christmas-market-plaza-marina.jpg\" itemprop=\"contentUrl\"  data-gallery title=\"Weihnachtsbeleuchtung und Silvester in M\u00e1laga 2025 \/ 2026\"><img decoding=\"async\" class=\"size-full wp-image-7041 img-responsive\" loading=\"lazy\" src=\"https:\/\/www.malagaweb.com\/blog\/wp-content\/uploads\/2019\/11\/christmas-market-plaza-marina.jpg\" alt=\"Weihnachtsmarkt in der Plaza de la Marina\" width=\"1200\" height=\"573\" \/><\/a> St\u00e4nde in der Plaza de la Marina \u2013 ideal f\u00fcr lokale Chorizo, Morcilla und Churros con Chocolate<\/figcaption><\/figure>\n<p>Vollst\u00e4ndige Liste und Updates in unserem <a href=\"https:\/\/www.malagaweb.com\/deutsch\/blog\/veranstaltungen\/weihnachts-markte-in-malaga\/\">Weihnachtsm\u00e4rkte-Leitfaden<\/a>.<\/p>\n<figure id=\"attachment_3115\" aria-describedby=\"caption-attachment-3115\" style=\"width: 500px\" class=\"wp-caption aligncenter\"><img decoding=\"async\" class=\"wp-image-3115 size-large img-responsive\" loading=\"lazy\" src=\"https:\/\/www.malagaweb.com\/blog\/wp-content\/uploads\/2016\/11\/torremolinos-christmas-lighting-500x336.jpg\" alt=\"Weihnachtsbeleuchtung und Markt in Torremolinos\" width=\"500\" height=\"336\" \/><figcaption id=\"caption-attachment-3115\" class=\"wp-caption-text\">Lichter und Markt in Torremolinos<\/figcaption><\/figure>\n<h2>Silvester in M\u00e1laga<\/h2>\n<p>Hotels bieten Galadiners, doch das klassische M\u00e1laga-Erlebnis ist das Mitfeiern in den Hauptpl\u00e4tzen mit den <em>uvas de la suerte<\/em> (12 Trauben um Mitternacht). In diesem Jahr kehren die Feiern in voller Pracht zur\u00fcck.<\/p>\n<p><strong>M\u00e1laga-Stadt:<\/strong> Plaza de la Constituci\u00f3n &amp; Calle Larios \u2013 Mitternachtstrauben, Feuerwerk \u00fcber der Bucht und Tanzen mit der Orquesta Se\u00f1or Mirinda ab 21:30 Uhr, plus Gratis-Goodie-Bags (erster kommt, erst bedient).<\/p>\n<p>Andere beliebte Spots: Torremolinos (Plaza de la Nogalera), Benalm\u00e1dena (Plaza de la Mezquita), Fuengirola (Plaza de Espa\u00f1a), Marbella (Plaza de la Iglesia).<\/p>\n<h3>Umzug der Heiligen Drei K\u00f6nige \u2013 5. Januar 2026<\/h3>\n<p><img decoding=\"async\" class=\"aligncenter size-large wp-image-2691 img-responsive\" loading=\"lazy\" src=\"https:\/\/www.malagaweb.com\/blog\/wp-content\/uploads\/2015\/12\/rey-mago-melchor-500x349.jpg\" alt=\"Umzug der Heiligen Drei K\u00f6nige in M\u00e1laga\" width=\"500\" height=\"349\" \/><\/p>\n<p>Die Heiligen Drei K\u00f6nige werden um 17:30 Uhr im Rathaus empfangen und ziehen ab 18:00 Uhr:<\/p>\n<ul>\n<li>Ayuntamiento de M\u00e1laga<\/li>\n<li>Avda. de Cervantes<\/li>\n<li>Plaza General Torrijos<\/li>\n<li>Paseo del Parque<\/li>\n<li>Plaza de la Marina<\/li>\n<li>Alameda Principal<\/li>\n<li>Puente de Tetu\u00e1n<\/li>\n<li>Calle Nazareno del Paso<\/li>\n<li>Calle Hilera<\/li>\n<li>Puente de la Esperanza<\/li>\n<li>Calle Prim<\/li>\n<li>Calle Atarazanas<\/li>\n<li>Calle Puerta del Mar<\/li>\n<li>Alameda Principal<\/li>\n<li>Plaza de la Marina<\/li>\n<li>Cortina del Muelle<\/li>\n<\/ul>\n<p>Der Abend endet mit einer Opfergabe in der Kathedrale und einer lebenden Epiphanie-Tableau.<\/p>\n<h2>Fortbewegung w\u00e4hrend der Weihnachtszeit<\/h2>\n<p>\u00d6ffentliche Verkehrsmittel fahren normal und sind der einfachste Weg ins Zentrum.<\/p>\n<blockquote><p>Abende sind viel belebter als Nachmittage \u2013 planen Sie entsprechend.<\/p><\/blockquote>\n<ul>\n<li><strong>Busse:<\/strong> 10er-Karte 8,30 \u20ac; kostenlos f\u00fcr unter 14-J\u00e4hrige mit Kinder-Karte.<\/li>\n<li><strong>S-Bahn:<\/strong> Exzellent von der Costa del Sol; letzte Haltestelle Centro-Alameda.<\/li>\n<li><strong>Fahren:<\/strong> \u00d6ffentliche Parkh\u00e4user f\u00fcllen sich schnell; das unterirdische Parking im Muelle Uno ist zuverl\u00e4ssig.<\/li>\n<li><strong>Taxis &amp; Transfers:<\/strong> Mehr Taxis am 24.\/25.\/31. Dez. &amp; 1. Jan. Vorab buchen bei <a href=\"https:\/\/www.malagatransfer.co.uk\/de\/\" target=\"_blank\" rel=\"noopener\">malagatransfer.co.uk<\/a> \u2013 immer zuverl\u00e4ssig und fair gepreist.<\/li>\n<\/ul>\n<hr \/>\n<p>Planen Sie <strong>Weihnachten in M\u00e1laga<\/strong>? Wir hoffen, dieser Leitfaden hilft Ihnen, das Beste daraus zu machen. Teilen Sie Ihre Fotos und Tipps in den Kommentaren!<\/p>\n<p><strong>Vielen Dank f\u00fcrs Lesen und frohe Weihnachten!<\/strong><\/p>\n","protected":false},"excerpt":{"rendered":"<p>Dieses Jahr ist die Er\u00f6ffnung der Weihnachtsbeleuchtung am 30. November, werden Sie sie etwa vers\u00e4umen? Keine Bange, wenn Sie weiterlesen, finden Sie ein Video Beleuchtung und n\u00fctzliche Information \u00fcber Weihnachten in M\u00e1laga. <\/p>\n","protected":false},"author":1,"featured_media":3903,"comment_status":"open","ping_status":"closed","sticky":false,"template":"","format":"standard","meta":{"jetpack_post_was_ever_published":false,"_jetpack_newsletter_access":"","_jetpack_dont_email_post_to_subs":true,"_jetpack_newsletter_tier_id":0,"_jetpack_memberships_contains_paywalled_content":false,"_jetpack_memberships_contains_paid_content":false,"footnotes":"","jetpack_publicize_message":"","jetpack_publicize_feature_enabled":true,"jetpack_social_post_already_shared":false,"jetpack_social_options":{"image_generator_settings":{"template":"highway","default_image_id":0,"font":"","enabled":false},"version":2}},"categories":[49],"tags":[29,6,22,7,19,16],"class_list":["post-1977","post","type-post","status-publish","format-standard","has-post-thumbnail","hentry","category-veranstaltungen","tag-aktivitaeten-malaga","tag-benalmadena","tag-fuengirola","tag-malaga","tag-marbella","tag-torremolinos"],"yoast_head":"<!-- This site is optimized with the Yoast SEO plugin v27.5 - https:\/\/yoast.com\/product\/yoast-seo-wordpress\/ -->\n<title>Weihnachtsbeleuchtung und Silvester in M\u00e1laga 2025 \/ 2026<\/title>\n<meta name=\"description\" content=\"Weihnachten in M\u00e1laga zu verbringen? Es wird Ihnen gefallen und vergessen Sie nicht, die Weihnachtsbeleuchtung im Stadtzentrum zu besuchen.\" \/>\n<meta name=\"robots\" content=\"index, follow, max-snippet:-1, max-image-preview:large, max-video-preview:-1\" \/>\n<link rel=\"canonical\" href=\"https:\/\/www.malagaweb.com\/deutsch\/blog\/veranstaltungen\/weihnachten-in-malaga\/\" \/>\n<meta property=\"og:locale\" content=\"de_DE\" \/>\n<meta property=\"og:type\" content=\"article\" \/>\n<meta property=\"og:title\" content=\"Weihnachtsbeleuchtung und Silvester in M\u00e1laga 2025 \/ 2026\" \/>\n<meta property=\"og:description\" content=\"Weihnachten in M\u00e1laga zu verbringen? Es wird Ihnen gefallen und vergessen Sie nicht, die Weihnachtsbeleuchtung im Stadtzentrum zu besuchen.\" \/>\n<meta property=\"og:url\" content=\"https:\/\/www.malagaweb.com\/deutsch\/blog\/veranstaltungen\/weihnachten-in-malaga\/\" \/>\n<meta property=\"og:site_name\" content=\"M\u00e1laga Reiseblog\" \/>\n<meta property=\"article:publisher\" content=\"https:\/\/www.facebook.com\/Malaga.CostadelSol\/\" \/>\n<meta property=\"article:author\" content=\"https:\/\/www.facebook.com\/Malaga.CostadelSol\/\" \/>\n<meta property=\"article:published_time\" content=\"2025-11-11T09:00:10+00:00\" \/>\n<meta property=\"article:modified_time\" content=\"2025-12-17T14:43:40+00:00\" \/>\n<meta property=\"og:image\" content=\"https:\/\/www.malagaweb.com\/deutsch\/blog\/wp-content\/uploads\/2018\/11\/weihnachtsbeleuchtung-malaga.jpg\" \/>\n\t<meta property=\"og:image:width\" content=\"1200\" \/>\n\t<meta property=\"og:image:height\" content=\"757\" \/>\n\t<meta property=\"og:image:type\" content=\"image\/jpeg\" \/>\n<meta name=\"author\" content=\"Raul GT\" \/>\n<meta name=\"twitter:card\" content=\"summary_large_image\" \/>\n<meta name=\"twitter:creator\" content=\"@Raul_GT\" \/>\n<meta name=\"twitter:site\" content=\"@malagaweb\" \/>\n<meta name=\"twitter:label1\" content=\"Verfasst von\" \/>\n\t<meta name=\"twitter:data1\" content=\"Raul GT\" \/>\n\t<meta name=\"twitter:label2\" content=\"Gesch\u00e4tzte Lesezeit\" \/>\n\t<meta name=\"twitter:data2\" content=\"8\u00a0Minuten\" \/>\n<script type=\"application\/ld+json\" class=\"yoast-schema-graph\">{\"@context\":\"https:\\\/\\\/schema.org\",\"@graph\":[{\"@type\":\"Article\",\"@id\":\"https:\\\/\\\/www.malagaweb.com\\\/deutsch\\\/blog\\\/veranstaltungen\\\/weihnachten-in-malaga\\\/#article\",\"isPartOf\":{\"@id\":\"https:\\\/\\\/www.malagaweb.com\\\/deutsch\\\/blog\\\/veranstaltungen\\\/weihnachten-in-malaga\\\/\"},\"author\":{\"name\":\"Raul GT\",\"@id\":\"https:\\\/\\\/www.malagaweb.com\\\/deutsch\\\/blog\\\/#\\\/schema\\\/person\\\/76d0077c0c576973f982afbdb09a6653\"},\"headline\":\"Weihnachtsbeleuchtung und Silvester in M\u00e1laga 2025 \\\/ 2026\",\"datePublished\":\"2025-11-11T09:00:10+00:00\",\"dateModified\":\"2025-12-17T14:43:40+00:00\",\"mainEntityOfPage\":{\"@id\":\"https:\\\/\\\/www.malagaweb.com\\\/deutsch\\\/blog\\\/veranstaltungen\\\/weihnachten-in-malaga\\\/\"},\"wordCount\":1046,\"commentCount\":0,\"image\":{\"@id\":\"https:\\\/\\\/www.malagaweb.com\\\/deutsch\\\/blog\\\/veranstaltungen\\\/weihnachten-in-malaga\\\/#primaryimage\"},\"thumbnailUrl\":\"https:\\\/\\\/www.malagaweb.com\\\/deutsch\\\/blog\\\/wp-content\\\/uploads\\\/2018\\\/11\\\/weihnachtsbeleuchtung-malaga.jpg\",\"keywords\":[\"Aktivit\u00e4ten\",\"Benalmadena\",\"Fuengirola\",\"Malaga\",\"Marbella\",\"Torremolinos\"],\"articleSection\":[\"Veranstaltungen\"],\"inLanguage\":\"de\",\"potentialAction\":[{\"@type\":\"CommentAction\",\"name\":\"Comment\",\"target\":[\"https:\\\/\\\/www.malagaweb.com\\\/deutsch\\\/blog\\\/veranstaltungen\\\/weihnachten-in-malaga\\\/#respond\"]}]},{\"@type\":\"WebPage\",\"@id\":\"https:\\\/\\\/www.malagaweb.com\\\/deutsch\\\/blog\\\/veranstaltungen\\\/weihnachten-in-malaga\\\/\",\"url\":\"https:\\\/\\\/www.malagaweb.com\\\/deutsch\\\/blog\\\/veranstaltungen\\\/weihnachten-in-malaga\\\/\",\"name\":\"Weihnachtsbeleuchtung und Silvester in M\u00e1laga 2025 \\\/ 2026\",\"isPartOf\":{\"@id\":\"https:\\\/\\\/www.malagaweb.com\\\/deutsch\\\/blog\\\/#website\"},\"primaryImageOfPage\":{\"@id\":\"https:\\\/\\\/www.malagaweb.com\\\/deutsch\\\/blog\\\/veranstaltungen\\\/weihnachten-in-malaga\\\/#primaryimage\"},\"image\":{\"@id\":\"https:\\\/\\\/www.malagaweb.com\\\/deutsch\\\/blog\\\/veranstaltungen\\\/weihnachten-in-malaga\\\/#primaryimage\"},\"thumbnailUrl\":\"https:\\\/\\\/www.malagaweb.com\\\/deutsch\\\/blog\\\/wp-content\\\/uploads\\\/2018\\\/11\\\/weihnachtsbeleuchtung-malaga.jpg\",\"datePublished\":\"2025-11-11T09:00:10+00:00\",\"dateModified\":\"2025-12-17T14:43:40+00:00\",\"author\":{\"@id\":\"https:\\\/\\\/www.malagaweb.com\\\/deutsch\\\/blog\\\/#\\\/schema\\\/person\\\/76d0077c0c576973f982afbdb09a6653\"},\"description\":\"Weihnachten in M\u00e1laga zu verbringen? Es wird Ihnen gefallen und vergessen Sie nicht, die Weihnachtsbeleuchtung im Stadtzentrum zu besuchen.\",\"breadcrumb\":{\"@id\":\"https:\\\/\\\/www.malagaweb.com\\\/deutsch\\\/blog\\\/veranstaltungen\\\/weihnachten-in-malaga\\\/#breadcrumb\"},\"inLanguage\":\"de\",\"potentialAction\":[{\"@type\":\"ReadAction\",\"target\":[\"https:\\\/\\\/www.malagaweb.com\\\/deutsch\\\/blog\\\/veranstaltungen\\\/weihnachten-in-malaga\\\/\"]}]},{\"@type\":\"ImageObject\",\"inLanguage\":\"de\",\"@id\":\"https:\\\/\\\/www.malagaweb.com\\\/deutsch\\\/blog\\\/veranstaltungen\\\/weihnachten-in-malaga\\\/#primaryimage\",\"url\":\"https:\\\/\\\/www.malagaweb.com\\\/deutsch\\\/blog\\\/wp-content\\\/uploads\\\/2018\\\/11\\\/weihnachtsbeleuchtung-malaga.jpg\",\"contentUrl\":\"https:\\\/\\\/www.malagaweb.com\\\/deutsch\\\/blog\\\/wp-content\\\/uploads\\\/2018\\\/11\\\/weihnachtsbeleuchtung-malaga.jpg\",\"width\":1200,\"height\":757,\"caption\":\"Weihnachtsbeleuchtung in Malaga in 2019\"},{\"@type\":\"BreadcrumbList\",\"@id\":\"https:\\\/\\\/www.malagaweb.com\\\/deutsch\\\/blog\\\/veranstaltungen\\\/weihnachten-in-malaga\\\/#breadcrumb\",\"itemListElement\":[{\"@type\":\"ListItem\",\"position\":1,\"name\":\"Blog\",\"item\":\"https:\\\/\\\/www.malagaweb.com\\\/deutsch\\\/blog\\\/\"},{\"@type\":\"ListItem\",\"position\":2,\"name\":\"Weihnachtsbeleuchtung und Silvester in M\u00e1laga 2025 \\\/ 2026\"}]},{\"@type\":\"WebSite\",\"@id\":\"https:\\\/\\\/www.malagaweb.com\\\/deutsch\\\/blog\\\/#website\",\"url\":\"https:\\\/\\\/www.malagaweb.com\\\/deutsch\\\/blog\\\/\",\"name\":\"M\u00e1laga Reiseblog\",\"description\":\"Reise und Tourismusratgeber, Tipps, Ausfl\u00fcge und vieles mehr\",\"potentialAction\":[{\"@type\":\"SearchAction\",\"target\":{\"@type\":\"EntryPoint\",\"urlTemplate\":\"https:\\\/\\\/www.malagaweb.com\\\/deutsch\\\/blog\\\/?s={search_term_string}\"},\"query-input\":{\"@type\":\"PropertyValueSpecification\",\"valueRequired\":true,\"valueName\":\"search_term_string\"}}],\"inLanguage\":\"de\"},{\"@type\":\"Person\",\"@id\":\"https:\\\/\\\/www.malagaweb.com\\\/deutsch\\\/blog\\\/#\\\/schema\\\/person\\\/76d0077c0c576973f982afbdb09a6653\",\"name\":\"Raul GT\",\"image\":{\"@type\":\"ImageObject\",\"inLanguage\":\"de\",\"@id\":\"https:\\\/\\\/secure.gravatar.com\\\/avatar\\\/355bb21897b371342e002159d93cc5a3dcf5add74aab5d2183293cebb23ac386?s=96&r=g\",\"url\":\"https:\\\/\\\/secure.gravatar.com\\\/avatar\\\/355bb21897b371342e002159d93cc5a3dcf5add74aab5d2183293cebb23ac386?s=96&r=g\",\"contentUrl\":\"https:\\\/\\\/secure.gravatar.com\\\/avatar\\\/355bb21897b371342e002159d93cc5a3dcf5add74aab5d2183293cebb23ac386?s=96&r=g\",\"caption\":\"Raul GT\"},\"description\":\"Reiseblogger, Webentwickler und Content-Editor. Autor vieler Reisef\u00fchrer und Tipps \u00fcber Andalusien, Malaga und Spanien.\",\"sameAs\":[\"https:\\\/\\\/www.facebook.com\\\/Malaga.CostadelSol\\\/\",\"https:\\\/\\\/x.com\\\/Raul_GT\"]}]}<\/script>\n<!-- \/ Yoast SEO plugin. -->","yoast_head_json":{"title":"Weihnachtsbeleuchtung und Silvester in M\u00e1laga 2025 \/ 2026","description":"Weihnachten in M\u00e1laga zu verbringen? Es wird Ihnen gefallen und vergessen Sie nicht, die Weihnachtsbeleuchtung im Stadtzentrum zu besuchen.","robots":{"index":"index","follow":"follow","max-snippet":"max-snippet:-1","max-image-preview":"max-image-preview:large","max-video-preview":"max-video-preview:-1"},"canonical":"https:\/\/www.malagaweb.com\/deutsch\/blog\/veranstaltungen\/weihnachten-in-malaga\/","og_locale":"de_DE","og_type":"article","og_title":"Weihnachtsbeleuchtung und Silvester in M\u00e1laga 2025 \/ 2026","og_description":"Weihnachten in M\u00e1laga zu verbringen? Es wird Ihnen gefallen und vergessen Sie nicht, die Weihnachtsbeleuchtung im Stadtzentrum zu besuchen.","og_url":"https:\/\/www.malagaweb.com\/deutsch\/blog\/veranstaltungen\/weihnachten-in-malaga\/","og_site_name":"M\u00e1laga Reiseblog","article_publisher":"https:\/\/www.facebook.com\/Malaga.CostadelSol\/","article_author":"https:\/\/www.facebook.com\/Malaga.CostadelSol\/","article_published_time":"2025-11-11T09:00:10+00:00","article_modified_time":"2025-12-17T14:43:40+00:00","og_image":[{"width":1200,"height":757,"url":"https:\/\/www.malagaweb.com\/deutsch\/blog\/wp-content\/uploads\/2018\/11\/weihnachtsbeleuchtung-malaga.jpg","type":"image\/jpeg"}],"author":"Raul GT","twitter_card":"summary_large_image","twitter_creator":"@Raul_GT","twitter_site":"@malagaweb","twitter_misc":{"Verfasst von":"Raul GT","Gesch\u00e4tzte Lesezeit":"8\u00a0Minuten"},"schema":{"@context":"https:\/\/schema.org","@graph":[{"@type":"Article","@id":"https:\/\/www.malagaweb.com\/deutsch\/blog\/veranstaltungen\/weihnachten-in-malaga\/#article","isPartOf":{"@id":"https:\/\/www.malagaweb.com\/deutsch\/blog\/veranstaltungen\/weihnachten-in-malaga\/"},"author":{"name":"Raul GT","@id":"https:\/\/www.malagaweb.com\/deutsch\/blog\/#\/schema\/person\/76d0077c0c576973f982afbdb09a6653"},"headline":"Weihnachtsbeleuchtung und Silvester in M\u00e1laga 2025 \/ 2026","datePublished":"2025-11-11T09:00:10+00:00","dateModified":"2025-12-17T14:43:40+00:00","mainEntityOfPage":{"@id":"https:\/\/www.malagaweb.com\/deutsch\/blog\/veranstaltungen\/weihnachten-in-malaga\/"},"wordCount":1046,"commentCount":0,"image":{"@id":"https:\/\/www.malagaweb.com\/deutsch\/blog\/veranstaltungen\/weihnachten-in-malaga\/#primaryimage"},"thumbnailUrl":"https:\/\/www.malagaweb.com\/deutsch\/blog\/wp-content\/uploads\/2018\/11\/weihnachtsbeleuchtung-malaga.jpg","keywords":["Aktivit\u00e4ten","Benalmadena","Fuengirola","Malaga","Marbella","Torremolinos"],"articleSection":["Veranstaltungen"],"inLanguage":"de","potentialAction":[{"@type":"CommentAction","name":"Comment","target":["https:\/\/www.malagaweb.com\/deutsch\/blog\/veranstaltungen\/weihnachten-in-malaga\/#respond"]}]},{"@type":"WebPage","@id":"https:\/\/www.malagaweb.com\/deutsch\/blog\/veranstaltungen\/weihnachten-in-malaga\/","url":"https:\/\/www.malagaweb.com\/deutsch\/blog\/veranstaltungen\/weihnachten-in-malaga\/","name":"Weihnachtsbeleuchtung und Silvester in M\u00e1laga 2025 \/ 2026","isPartOf":{"@id":"https:\/\/www.malagaweb.com\/deutsch\/blog\/#website"},"primaryImageOfPage":{"@id":"https:\/\/www.malagaweb.com\/deutsch\/blog\/veranstaltungen\/weihnachten-in-malaga\/#primaryimage"},"image":{"@id":"https:\/\/www.malagaweb.com\/deutsch\/blog\/veranstaltungen\/weihnachten-in-malaga\/#primaryimage"},"thumbnailUrl":"https:\/\/www.malagaweb.com\/deutsch\/blog\/wp-content\/uploads\/2018\/11\/weihnachtsbeleuchtung-malaga.jpg","datePublished":"2025-11-11T09:00:10+00:00","dateModified":"2025-12-17T14:43:40+00:00","author":{"@id":"https:\/\/www.malagaweb.com\/deutsch\/blog\/#\/schema\/person\/76d0077c0c576973f982afbdb09a6653"},"description":"Weihnachten in M\u00e1laga zu verbringen? Es wird Ihnen gefallen und vergessen Sie nicht, die Weihnachtsbeleuchtung im Stadtzentrum zu besuchen.","breadcrumb":{"@id":"https:\/\/www.malagaweb.com\/deutsch\/blog\/veranstaltungen\/weihnachten-in-malaga\/#breadcrumb"},"inLanguage":"de","potentialAction":[{"@type":"ReadAction","target":["https:\/\/www.malagaweb.com\/deutsch\/blog\/veranstaltungen\/weihnachten-in-malaga\/"]}]},{"@type":"ImageObject","inLanguage":"de","@id":"https:\/\/www.malagaweb.com\/deutsch\/blog\/veranstaltungen\/weihnachten-in-malaga\/#primaryimage","url":"https:\/\/www.malagaweb.com\/deutsch\/blog\/wp-content\/uploads\/2018\/11\/weihnachtsbeleuchtung-malaga.jpg","contentUrl":"https:\/\/www.malagaweb.com\/deutsch\/blog\/wp-content\/uploads\/2018\/11\/weihnachtsbeleuchtung-malaga.jpg","width":1200,"height":757,"caption":"Weihnachtsbeleuchtung in Malaga in 2019"},{"@type":"BreadcrumbList","@id":"https:\/\/www.malagaweb.com\/deutsch\/blog\/veranstaltungen\/weihnachten-in-malaga\/#breadcrumb","itemListElement":[{"@type":"ListItem","position":1,"name":"Blog","item":"https:\/\/www.malagaweb.com\/deutsch\/blog\/"},{"@type":"ListItem","position":2,"name":"Weihnachtsbeleuchtung und Silvester in M\u00e1laga 2025 \/ 2026"}]},{"@type":"WebSite","@id":"https:\/\/www.malagaweb.com\/deutsch\/blog\/#website","url":"https:\/\/www.malagaweb.com\/deutsch\/blog\/","name":"M\u00e1laga Reiseblog","description":"Reise und Tourismusratgeber, Tipps, Ausfl\u00fcge und vieles mehr","potentialAction":[{"@type":"SearchAction","target":{"@type":"EntryPoint","urlTemplate":"https:\/\/www.malagaweb.com\/deutsch\/blog\/?s={search_term_string}"},"query-input":{"@type":"PropertyValueSpecification","valueRequired":true,"valueName":"search_term_string"}}],"inLanguage":"de"},{"@type":"Person","@id":"https:\/\/www.malagaweb.com\/deutsch\/blog\/#\/schema\/person\/76d0077c0c576973f982afbdb09a6653","name":"Raul GT","image":{"@type":"ImageObject","inLanguage":"de","@id":"https:\/\/secure.gravatar.com\/avatar\/355bb21897b371342e002159d93cc5a3dcf5add74aab5d2183293cebb23ac386?s=96&r=g","url":"https:\/\/secure.gravatar.com\/avatar\/355bb21897b371342e002159d93cc5a3dcf5add74aab5d2183293cebb23ac386?s=96&r=g","contentUrl":"https:\/\/secure.gravatar.com\/avatar\/355bb21897b371342e002159d93cc5a3dcf5add74aab5d2183293cebb23ac386?s=96&r=g","caption":"Raul GT"},"description":"Reiseblogger, Webentwickler und Content-Editor. Autor vieler Reisef\u00fchrer und Tipps \u00fcber Andalusien, Malaga und Spanien.","sameAs":["https:\/\/www.facebook.com\/Malaga.CostadelSol\/","https:\/\/x.com\/Raul_GT"]}]}},"jetpack_publicize_connections":[],"jetpack_featured_media_url":"https:\/\/www.malagaweb.com\/deutsch\/blog\/wp-content\/uploads\/2018\/11\/weihnachtsbeleuchtung-malaga.jpg","jetpack_shortlink":"https:\/\/wp.me\/p7sigs-vT","jetpack-related-posts":[{"id":2581,"url":"https:\/\/www.malagaweb.com\/deutsch\/blog\/costa-del-sol\/calle-larios-einkaufstag\/","url_meta":{"origin":1977,"position":0},"title":"Calle Larios: Einkaufstag in der Innenstadt von M\u00e1laga","author":"Raul GT","date":"Juli 11, 2017","format":false,"excerpt":"Die Er\u00f6ffnung des neuen Gesch\u00e4fts von Victorias Secret in der Calle Larios nehme ich als Anlass f\u00fcr einen Leitfaden der wichtigsten Markengesch\u00e4fte im Zentrum von M\u00e1laga. Wie w\u00e4re es jedoch zuvor, etwas mehr \u00fcber die wichtigste Einkaufsstra\u00dfe der Stadt zu erfahren? In einem anderen Artikel des Blogs schrieb ich \u00fcber\u2026","rel":"","context":"In &quot;Costa del Sol&quot;","block_context":{"text":"Costa del Sol","link":"https:\/\/www.malagaweb.com\/deutsch\/blog\/costa-del-sol\/"},"img":{"alt_text":"Calle Larios in M\u00e1laga","src":"https:\/\/i0.wp.com\/www.malagaweb.com\/deutsch\/blog\/wp-content\/uploads\/2017\/07\/calle-larios-malaga.jpg?resize=350%2C200&ssl=1","width":350,"height":200,"srcset":"https:\/\/i0.wp.com\/www.malagaweb.com\/deutsch\/blog\/wp-content\/uploads\/2017\/07\/calle-larios-malaga.jpg?resize=350%2C200&ssl=1 1x, https:\/\/i0.wp.com\/www.malagaweb.com\/deutsch\/blog\/wp-content\/uploads\/2017\/07\/calle-larios-malaga.jpg?resize=525%2C300&ssl=1 1.5x, https:\/\/i0.wp.com\/www.malagaweb.com\/deutsch\/blog\/wp-content\/uploads\/2017\/07\/calle-larios-malaga.jpg?resize=700%2C400&ssl=1 2x, https:\/\/i0.wp.com\/www.malagaweb.com\/deutsch\/blog\/wp-content\/uploads\/2017\/07\/calle-larios-malaga.jpg?resize=1050%2C600&ssl=1 3x"},"classes":[]},{"id":2107,"url":"https:\/\/www.malagaweb.com\/deutsch\/blog\/veranstaltungen\/weihnachts-markte-in-malaga\/","url_meta":{"origin":1977,"position":1},"title":"Weihnachts-M\u00e4rkte in M\u00e1laga &#8211; Entdecken Sie sie!","author":"Raul GT","date":"Dezember 3, 2020","format":false,"excerpt":"Weihnachten in M\u00e1laga steht vor der T\u00fcr und wie es nicht anders sein k\u00f6nnte, gibt es zahlreiche Weihnachts - m\u00e4rkte in M\u00e1laga. Sie sind ideal f\u00fcr einen Spaziergang um die tolle Atmosph\u00e4re zwischen den Buden zu genie\u00dfen, die jedes Jahr besser werden und wo man nicht nur Buden betrachten kann\u2026","rel":"","context":"In &quot;Veranstaltungen&quot;","block_context":{"text":"Veranstaltungen","link":"https:\/\/www.malagaweb.com\/deutsch\/blog\/veranstaltungen\/"},"img":{"alt_text":"M\u00e1laga im Dezember","src":"https:\/\/i0.wp.com\/www.malagaweb.com\/deutsch\/blog\/wp-content\/uploads\/weihnachts-markte.jpg?resize=350%2C200&ssl=1","width":350,"height":200,"srcset":"https:\/\/i0.wp.com\/www.malagaweb.com\/deutsch\/blog\/wp-content\/uploads\/weihnachts-markte.jpg?resize=350%2C200&ssl=1 1x, https:\/\/i0.wp.com\/www.malagaweb.com\/deutsch\/blog\/wp-content\/uploads\/weihnachts-markte.jpg?resize=525%2C300&ssl=1 1.5x"},"classes":[]},{"id":3304,"url":"https:\/\/www.malagaweb.com\/deutsch\/blog\/veranstaltungen\/weihnachts-aktivitaeten\/","url_meta":{"origin":1977,"position":2},"title":"Weihnachts-Aktivit\u00e4ten in M\u00e1laga &#8211; Attraktionen f\u00fcr Familien und Kinder","author":"Raul GT","date":"Dezember 5, 2021","format":false,"excerpt":"M\u00f6chten Sie mehr \u00fcber Weihnachts-Aktivit\u00e4ten und Attraktionen im Dezember erfahren? Ich werde diese Liste aktualisieren, aber es gibt schon viel in M\u00e1laga zu unternehmen. Vom Besuch der typischen Weihnachtskrippen bis zu Kindermessen. Wenn Sie spezielle Weihnachtsveranstaltungen suchen, werde ich einige vorschlagen.","rel":"","context":"In &quot;Veranstaltungen&quot;","block_context":{"text":"Veranstaltungen","link":"https:\/\/www.malagaweb.com\/deutsch\/blog\/veranstaltungen\/"},"img":{"alt_text":"Weihnachts-Aktivit\u00e4ten in M\u00e1laga","src":"https:\/\/i0.wp.com\/www.malagaweb.com\/deutsch\/blog\/wp-content\/uploads\/weihnachts-aktivitaeten.jpg?resize=350%2C200&ssl=1","width":350,"height":200,"srcset":"https:\/\/i0.wp.com\/www.malagaweb.com\/deutsch\/blog\/wp-content\/uploads\/weihnachts-aktivitaeten.jpg?resize=350%2C200&ssl=1 1x, https:\/\/i0.wp.com\/www.malagaweb.com\/deutsch\/blog\/wp-content\/uploads\/weihnachts-aktivitaeten.jpg?resize=525%2C300&ssl=1 1.5x, https:\/\/i0.wp.com\/www.malagaweb.com\/deutsch\/blog\/wp-content\/uploads\/weihnachts-aktivitaeten.jpg?resize=700%2C400&ssl=1 2x"},"classes":[]},{"id":173,"url":"https:\/\/www.malagaweb.com\/deutsch\/blog\/costa-del-sol\/malaga-im-dezember\/","url_meta":{"origin":1977,"position":3},"title":"M\u00e1laga im Dezember \u2013 Niedrigere Preise, Temperatur und Aktivit\u00e4ten","author":"Raul GT","date":"November 23, 2023","format":false,"excerpt":"Ein Abstecher nach M\u00e1laga im Dezember wird jedes Jahr beliebter aufgrund des ausgezeichneten Mikroklimas in der Stadt. Dar\u00fcber hinaus sind die Preise im Vergleich zum Sommer viel g\u00fcnstiger, was die Provinz zu einem attraktiven Reiseziel f\u00fcr Touristen macht, die einen gem\u00fctlichen Ort zum \u00dcberwintern suchen. M\u00f6chten Sie mehr \u00fcber den\u2026","rel":"","context":"In &quot;Costa del Sol&quot;","block_context":{"text":"Costa del Sol","link":"https:\/\/www.malagaweb.com\/deutsch\/blog\/costa-del-sol\/"},"img":{"alt_text":"M\u00e1laga im Dezember","src":"https:\/\/i0.wp.com\/www.malagaweb.com\/deutsch\/blog\/wp-content\/uploads\/weihnachts-markte.jpg?resize=350%2C200&ssl=1","width":350,"height":200,"srcset":"https:\/\/i0.wp.com\/www.malagaweb.com\/deutsch\/blog\/wp-content\/uploads\/weihnachts-markte.jpg?resize=350%2C200&ssl=1 1x, https:\/\/i0.wp.com\/www.malagaweb.com\/deutsch\/blog\/wp-content\/uploads\/weihnachts-markte.jpg?resize=525%2C300&ssl=1 1.5x"},"classes":[]},{"id":2302,"url":"https:\/\/www.malagaweb.com\/deutsch\/blog\/veranstaltungen\/weise-nacht-malaga\/","url_meta":{"origin":1977,"position":4},"title":"Wei\u00dfe Nacht in M\u00e1laga am 18. Mai 2019 \u2013 Kulturelle Veranstaltung","author":"Raul GT","date":"Mai 10, 2018","format":false,"excerpt":"Die Wei\u00dfe Nacht ist ein kulturelles Ereignis, das zum ersten Mal in Paris im Jahr 2002 stattfand; wegen seines Erfolges wurde es schnell von mehreren europ\u00e4ischen St\u00e4dten und sp\u00e4ter auch von anderen St\u00e4dten weltweit angenommen. Die Wei\u00dfe Nacht findet nach Sonnenuntergang statt und bietet viele verschiedene k\u00fcnstlerische und kulturelle Aktivit\u00e4ten;\u2026","rel":"","context":"In &quot;Veranstaltungen&quot;","block_context":{"text":"Veranstaltungen","link":"https:\/\/www.malagaweb.com\/deutsch\/blog\/veranstaltungen\/"},"img":{"alt_text":"Wei\u00dfe Nacht","src":"https:\/\/i0.wp.com\/www.malagaweb.com\/deutsch\/blog\/wp-content\/uploads\/weisse-nacht-malaga.jpg?resize=350%2C200&ssl=1","width":350,"height":200,"srcset":"https:\/\/i0.wp.com\/www.malagaweb.com\/deutsch\/blog\/wp-content\/uploads\/weisse-nacht-malaga.jpg?resize=350%2C200&ssl=1 1x, https:\/\/i0.wp.com\/www.malagaweb.com\/deutsch\/blog\/wp-content\/uploads\/weisse-nacht-malaga.jpg?resize=525%2C300&ssl=1 1.5x, https:\/\/i0.wp.com\/www.malagaweb.com\/deutsch\/blog\/wp-content\/uploads\/weisse-nacht-malaga.jpg?resize=700%2C400&ssl=1 2x"},"classes":[]},{"id":178,"url":"https:\/\/www.malagaweb.com\/deutsch\/blog\/veranstaltungen\/eislaufen\/","url_meta":{"origin":1977,"position":5},"title":"Schlittschuhlaufen in der Innenstadt von M\u00e1laga und anderen Gemeinden","author":"Raul GT","date":"Dezember 15, 2019","format":false,"excerpt":"Kinder und Erwachsene k\u00f6nnen eine lustige Zeit auf dem Eis genie\u00dfen, mit einer neuen Eisbahn in der Avenida Andalusia, direkt am Eingang des Kaufhauses El Corte Ingles in M\u00e1laga, das w\u00e4hrend der Weihnachtsferien eine neue Form der Unterhaltung bietet.","rel":"","context":"In &quot;Veranstaltungen&quot;","block_context":{"text":"Veranstaltungen","link":"https:\/\/www.malagaweb.com\/deutsch\/blog\/veranstaltungen\/"},"img":{"alt_text":"Isbahn in M\u00e1laga","src":"https:\/\/i0.wp.com\/www.malagaweb.com\/deutsch\/blog\/wp-content\/uploads\/2015\/12\/isbahn.jpg?resize=350%2C200&ssl=1","width":350,"height":200,"srcset":"https:\/\/i0.wp.com\/www.malagaweb.com\/deutsch\/blog\/wp-content\/uploads\/2015\/12\/isbahn.jpg?resize=350%2C200&ssl=1 1x, https:\/\/i0.wp.com\/www.malagaweb.com\/deutsch\/blog\/wp-content\/uploads\/2015\/12\/isbahn.jpg?resize=525%2C300&ssl=1 1.5x, https:\/\/i0.wp.com\/www.malagaweb.com\/deutsch\/blog\/wp-content\/uploads\/2015\/12\/isbahn.jpg?resize=700%2C400&ssl=1 2x, https:\/\/i0.wp.com\/www.malagaweb.com\/deutsch\/blog\/wp-content\/uploads\/2015\/12\/isbahn.jpg?resize=1050%2C600&ssl=1 3x"},"classes":[]}],"jetpack_sharing_enabled":true,"_links":{"self":[{"href":"https:\/\/www.malagaweb.com\/deutsch\/blog\/wp-json\/wp\/v2\/posts\/1977","targetHints":{"allow":["GET"]}}],"collection":[{"href":"https:\/\/www.malagaweb.com\/deutsch\/blog\/wp-json\/wp\/v2\/posts"}],"about":[{"href":"https:\/\/www.malagaweb.com\/deutsch\/blog\/wp-json\/wp\/v2\/types\/post"}],"author":[{"embeddable":true,"href":"https:\/\/www.malagaweb.com\/deutsch\/blog\/wp-json\/wp\/v2\/users\/1"}],"replies":[{"embeddable":true,"href":"https:\/\/www.malagaweb.com\/deutsch\/blog\/wp-json\/wp\/v2\/comments?post=1977"}],"version-history":[{"count":31,"href":"https:\/\/www.malagaweb.com\/deutsch\/blog\/wp-json\/wp\/v2\/posts\/1977\/revisions"}],"predecessor-version":[{"id":4708,"href":"https:\/\/www.malagaweb.com\/deutsch\/blog\/wp-json\/wp\/v2\/posts\/1977\/revisions\/4708"}],"wp:featuredmedia":[{"embeddable":true,"href":"https:\/\/www.malagaweb.com\/deutsch\/blog\/wp-json\/wp\/v2\/media\/3903"}],"wp:attachment":[{"href":"https:\/\/www.malagaweb.com\/deutsch\/blog\/wp-json\/wp\/v2\/media?parent=1977"}],"wp:term":[{"taxonomy":"category","embeddable":true,"href":"https:\/\/www.malagaweb.com\/deutsch\/blog\/wp-json\/wp\/v2\/categories?post=1977"},{"taxonomy":"post_tag","embeddable":true,"href":"https:\/\/www.malagaweb.com\/deutsch\/blog\/wp-json\/wp\/v2\/tags?post=1977"}],"curies":[{"name":"wp","href":"https:\/\/api.w.org\/{rel}","templated":true}]}}