{"id":111,"date":"2019-08-01T08:00:34","date_gmt":"2019-08-01T08:00:34","guid":{"rendered":"http:\/\/www.malagaweb.com\/deutsch\/blog\/costa-del-sol\/urlaub-124\/"},"modified":"2019-08-01T06:42:37","modified_gmt":"2019-08-01T06:42:37","slug":"pueblos-blancos-music-festival","status":"publish","type":"post","link":"https:\/\/www.malagaweb.com\/deutsch\/blog\/veranstaltungen\/pueblos-blancos-music-festival\/","title":{"rendered":"Musik Festival in Ronda, Montejaque, Grazalema und Villaluenga del Rosario"},"content":{"rendered":"<p><a href=\"https:\/\/www.malagaweb.com\/espanol\/blog\/wp-content\/uploads\/2018\/08\/festival-pueblos-blancos.jpg\" itemprop=\"contentUrl\"  data-gallery title=\"Musik Festival in Ronda, Montejaque, Grazalema und Villaluenga del Rosario\"><img decoding=\"async\" class=\"alignright wp-image-7257 size-large img-responsive\" loading=\"lazy\" src=\"https:\/\/www.malagaweb.com\/espanol\/blog\/wp-content\/uploads\/2018\/08\/festival-pueblos-blancos-285x400.jpg\" alt=\"\" width=\"285\" height=\"400\" \/><\/a>Das Musikfestival in den wei\u00dfen D\u00f6rfern, das &#8218;PBMF&#8216; oder Pueblos Blancos Music Festival, ist ein perfekter Grund, um das Landesinnere Andalusiens zu entdecken. <strong>Im Jahr 2019 findet am 8., 9., 10. und 11. August<\/strong> in Ronda, Montejaque, Grazalema und Villaluenga del Rosario.<\/p>\n<blockquote><p>Im Jahr 2018 fand diese Veranstaltung im September statt, 2019 wurde sie auf Anfang August verschoben.<\/p><\/blockquote>\n<p>Dies k\u00f6nnte der perfekte Grund sein, um ein langes und abwechslungsreiches Wochenende zu verbringen und zus\u00e4tzlich diese emblematischen Orte zu besuchen. Die Erkundung des Landesinneren Andalusiens ist eine sehr empfehlenswerte Erfahrung.<\/p>\n<h2>Musik Festival und die Weisen D\u00f6rfer entdecken<\/h2>\n<p>Lassen Sie uns ein wenig \u00fcber die Orte lesen, in denen diese Veranstaltung stattfindet, damit Sie Ihren Besuch planen k\u00f6nnen.<\/p>\n<h3>Musik Festival in Ronda<\/h3>\n<p>Ronda, die Stadt des Tajo, etwa 100 km von der Hauptstadt M\u00e1laga und 60 km von Marbella entfernt. Diese Stadt ist ber\u00fchmt f\u00fcr ihre historischen Denkm\u00e4ler, aber auch f\u00fcr ihre Lage in einer wundersch\u00f6nen Landschaft, die von der Serrania de Ronda umgeben ist; daher ist sie definitiv einen Besuch wert f\u00fcr diejenigen, die ihren Urlaub in S\u00fcdspanien verbringen.<\/p>\n<p>Die Konzerte finden im <a href=\"https:\/\/goo.gl\/maps\/2KJkGT4555J2\" target=\"_blank\" rel=\"noopener noreferrer\">Blas Infante Auditorium<\/a> statt. Er befindet sich am dem Balkon des Tajo de Ronda mit spektakul\u00e4rer Aussicht und Sonnenunterg\u00e4ngen.<\/p>\n<p>Erfahren Sie mehr <a href=\"https:\/\/www.malagaweb.com\/deutsch\/orte\/ronda.php\">\u00fcber Ronda<\/a> in unserem Reisef\u00fchrer.<\/p>\n<h4>Konzerte in Ronda<\/h4>\n<p>Offizielle Er\u00f6ffnung am 8. August.<\/p>\n<p><strong>Vom 8. bis 11. August<\/strong> &#8211; T\u00e4gliche Konzerte von 20.30 bis 00.30 Uhr im Blas Infante Auditorium.<\/p>\n<h3>Musik Festival in Montejaque<\/h3>\n<p>Montejaque, in der Serrania de Ronda, bietet eine unvergleichliche Erfahrung im Inneren der Provinz. Eine nat\u00fcrliche Umgebung, in der Sie die alte gotische Kirche aus dem fr\u00fchen sechzehnten Jahrhundert besuchen k\u00f6nnen, w\u00e4hrend Sie durch die engen Gassen schlendern oder einige der nat\u00fcrlichen Routen, die das Dorf umgeben, besuchen.<\/p>\n<p>Die Konzerte werden an der <a href=\"https:\/\/goo.gl\/maps\/q1WiDi3DT9A2\" target=\"_blank\" rel=\"noopener noreferrer\">Plaza de la Constituci\u00f3n<\/a> im Herzen der Stadt organisiert.<\/p>\n<h4>Konzerte in Montejaque<\/h4>\n<p><strong>8. bis 11. August<\/strong> &#8211; T\u00e4gliche Konzerte von 20.00 bis 1.00 Uhr auf der Plaza de la Constituci\u00f3n.<\/p>\n<p><strong>10. August<\/strong> &#8211; Konzerte ab 12.00 Uhr morgens und Paella Popular um 14.00 Uhr.<\/p>\n<p><strong>11. August<\/strong> &#8211; Jam Session und Abschluss des Pueblos Blancos Musikfestivals 2019 um 1 Uhr.<\/p>\n<h3>Musik Festival in Grazalema<\/h3>\n<p>Grazalema befindet sich in der Provinz C\u00e1diz. Ein Besuch dieses Ortes bietet nicht nur eine nat\u00fcrliche Umgebung von gro\u00dfer Sch\u00f6nheit, sondern auch eine reiche Gastronomie. Vergessen Sie nicht, den schmackhaften Thunfisch mit Zwiebeln zu probieren und spazieren Sie durch die magischen, engen Gassen arabischen Ursprungs.<\/p>\n<p>Die Konzerte finden am <a href=\"https:\/\/goo.gl\/maps\/Cf8FT9CTxQJaJZ657\" target=\"_blank\" rel=\"noopener noreferrer\">Plaza de Espa\u00f1a<\/a> am Ortseingang von Grazalema statt. Dar\u00fcber hinaus gibt es einen Swimmingpool, ein Restaurant und ein Open-Air-Auditorium.<\/p>\n<h4>Konzerte in Grazalema<\/h4>\n<p><strong>Vom 8. bis 11. August<\/strong> &#8211; Konzerte von 19.30 Uhr bis Mitternacht auf der Plaza Espa\u00f1a.<\/p>\n<h3>Musik Festival in C\u00e1diz, Villaluenga del Rosario<\/h3>\n<p>Schlie\u00dflich finden wir in C\u00e1diz auch <strong>Villaluenga del Rosario<\/strong>, ein Ort der nur 128 Kilometer von C\u00e1diz entfernt, im Herzen des Naturparks der Sierra de Grazalema liegt. Dieser Ort ist ein Naturparadies mit einer gro\u00dfen Vielfalt an H\u00f6hlen und Quellen, die im Laufe der Zeit durch den Erosionsprozess des Felsens geschaffen wurden und ist besonders f\u00fcr Wanderer interessant.<\/p>\n<h4>Konzerte in Villaluenga del Rosario<\/h4>\n<p><strong>8. bis 11. August<\/strong> &#8211; Konzerte von 19.30 bis 23.00 Uhr auf dem st\u00e4dtischen Stand.<\/p>\n<p><img decoding=\"async\" class=\"aligncenter size-full wp-image-2827 img-responsive\" loading=\"lazy\" src=\"https:\/\/www.malagaweb.com\/deutsch\/blog\/wp-content\/uploads\/pueblos-blancos-music-festival.jpg\" alt=\"Pueblos Blancos Music Festival\" width=\"624\" height=\"618\" srcset=\"https:\/\/www.malagaweb.com\/deutsch\/blog\/wp-content\/uploads\/pueblos-blancos-music-festival.jpg 624w, https:\/\/www.malagaweb.com\/deutsch\/blog\/wp-content\/uploads\/pueblos-blancos-music-festival-300x297.jpg 300w, https:\/\/www.malagaweb.com\/deutsch\/blog\/wp-content\/uploads\/pueblos-blancos-music-festival-150x150.jpg 150w\" sizes=\"auto, (max-width: 624px) 100vw, 624px\" \/><\/p>\n<h2>Das Musik Festival<\/h2>\n<p>Sie wissen bereits ein wenig mehr \u00fcber die Standorte. M\u00f6chten Sie etwas mehr \u00fcber das Pueblos Blancos Music Festival wissen?<\/p>\n<p>Ein langes Konzertwochenende vom Donnerstag, 6. September bis Sonntag, 9. September. An der Begegnung nehmen Gruppen und K\u00fcnstler von Austin, Texas und Andalusien teil.<\/p>\n<p>Der Eintritt ist kostenlos. Brauchen Sie noch mehr Gr\u00fcnde, um das Landesinnere Andalusiens zu entdecken?<\/p>\n<p>Die offizielle Website hat die Termine f\u00fcr 2019 noch nicht aktualisiert (<a href=\"https:\/\/pueblosblancosmusicfestival.org\/\" target=\"_blank\" rel=\"noopener noreferrer\">https:\/\/pueblosblancosmusicfestival.org\/<\/a>).<\/p>\n<p><span class=\"embed-youtube\" style=\"text-align:center; display: block;\"><iframe loading=\"lazy\" class=\"youtube-player\" width=\"660\" height=\"372\" src=\"https:\/\/www.youtube.com\/embed\/WVaERacirV8?version=3&#038;rel=1&#038;showsearch=0&#038;showinfo=1&#038;iv_load_policy=1&#038;fs=1&#038;hl=de-DE&#038;autohide=2&#038;wmode=transparent&#038;listType=playlist&#038;list=PLud8z09btkpExg8ix-ALQuK4XzqUmQCM4\" allowfullscreen=\"true\" style=\"border:0;\" sandbox=\"allow-scripts allow-same-origin allow-popups allow-presentation allow-popups-to-escape-sandbox\"><\/iframe><\/span><\/p>\n","protected":false},"excerpt":{"rendered":"<p>Musik ist der perfekte Grund, um einige der malerischsten D\u00f6rfer Andalusiens zu besuchen. Das Musik Festival der Wei\u00dfen D\u00f6rfer findet mit internationalen K\u00fcnstlern in Ronda, Montejaque, Grazalema und Villaluenga del Rosario statt.<br \/>\nEin langes und magisches Wochenende, das im August an einem Donnerstag beginnt und am Sonntag endet. Die perfekte Gelegenheit, sich vom Sommer zu verabschieden, gute Musik zu genie\u00dfen und diese wundersch\u00f6ne l\u00e4ndliche Umgebung voller Geschichte, Kultur und Natur zu entdecken.<br \/>\nDie B\u00fchnen f\u00fcr die Konzerte wurden sorgf\u00e4ltig ausgew\u00e4hlt, lesen Sie weiter, um mehr \u00fcber diese j\u00e4hrliche Veranstaltung zu erfahren.<\/p>\n","protected":false},"author":1,"featured_media":2827,"comment_status":"open","ping_status":"closed","sticky":false,"template":"","format":"standard","meta":{"jetpack_post_was_ever_published":false,"_jetpack_newsletter_access":"","_jetpack_dont_email_post_to_subs":false,"_jetpack_newsletter_tier_id":0,"_jetpack_memberships_contains_paywalled_content":false,"_jetpack_memberships_contains_paid_content":false,"footnotes":"","jetpack_publicize_message":"","jetpack_publicize_feature_enabled":true,"jetpack_social_post_already_shared":true,"jetpack_social_options":{"image_generator_settings":{"template":"highway","default_image_id":0,"font":"","enabled":false},"version":2}},"categories":[5,49],"tags":[29,74,62,124],"class_list":["post-111","post","type-post","status-publish","format-standard","has-post-thumbnail","hentry","category-andalusien","category-veranstaltungen","tag-aktivitaeten-malaga","tag-dorfer-von-malaga","tag-ronda","tag-september"],"yoast_head":"<!-- This site is optimized with the Yoast SEO plugin v27.5 - https:\/\/yoast.com\/product\/yoast-seo-wordpress\/ -->\n<title>Musikfestival in den wei\u00dfen D\u00f6rfern, Pueblos Blancos Music Festival 2019<\/title>\n<meta name=\"description\" content=\"Alles Wissenswerte \u00fcber den n\u00e4chsten musikalischen Event im August 2019 in Ronda, Montejaque, Grazalema und Villaluenga del Rosario.\" \/>\n<meta name=\"robots\" content=\"index, follow, max-snippet:-1, max-image-preview:large, max-video-preview:-1\" \/>\n<link rel=\"canonical\" href=\"https:\/\/www.malagaweb.com\/deutsch\/blog\/veranstaltungen\/pueblos-blancos-music-festival\/\" \/>\n<meta property=\"og:locale\" content=\"de_DE\" \/>\n<meta property=\"og:type\" content=\"article\" \/>\n<meta property=\"og:title\" content=\"Musikfestival in den wei\u00dfen D\u00f6rfern, Pueblos Blancos Music Festival 2019\" \/>\n<meta property=\"og:description\" content=\"Alles Wissenswerte \u00fcber den n\u00e4chsten musikalischen Event im August 2019 in Ronda, Montejaque, Grazalema und Villaluenga del Rosario.\" \/>\n<meta property=\"og:url\" content=\"https:\/\/www.malagaweb.com\/deutsch\/blog\/veranstaltungen\/pueblos-blancos-music-festival\/\" \/>\n<meta property=\"og:site_name\" content=\"M\u00e1laga Reiseblog\" \/>\n<meta property=\"article:publisher\" content=\"https:\/\/www.facebook.com\/Malaga.CostadelSol\/\" \/>\n<meta property=\"article:author\" content=\"https:\/\/www.facebook.com\/Malaga.CostadelSol\/\" \/>\n<meta property=\"article:published_time\" content=\"2019-08-01T08:00:34+00:00\" \/>\n<meta property=\"og:image\" content=\"https:\/\/www.malagaweb.com\/deutsch\/blog\/wp-content\/uploads\/pueblos-blancos-music-festival.jpg\" \/>\n\t<meta property=\"og:image:width\" content=\"624\" \/>\n\t<meta property=\"og:image:height\" content=\"618\" \/>\n\t<meta property=\"og:image:type\" content=\"image\/jpeg\" \/>\n<meta name=\"author\" content=\"Raul GT\" \/>\n<meta name=\"twitter:card\" content=\"summary_large_image\" \/>\n<meta name=\"twitter:creator\" content=\"@Raul_GT\" \/>\n<meta name=\"twitter:site\" content=\"@malagaweb\" \/>\n<meta name=\"twitter:label1\" content=\"Verfasst von\" \/>\n\t<meta name=\"twitter:data1\" content=\"Raul GT\" \/>\n\t<meta name=\"twitter:label2\" content=\"Gesch\u00e4tzte Lesezeit\" \/>\n\t<meta name=\"twitter:data2\" content=\"3\u00a0Minuten\" \/>\n<script type=\"application\/ld+json\" class=\"yoast-schema-graph\">{\"@context\":\"https:\\\/\\\/schema.org\",\"@graph\":[{\"@type\":\"Article\",\"@id\":\"https:\\\/\\\/www.malagaweb.com\\\/deutsch\\\/blog\\\/veranstaltungen\\\/pueblos-blancos-music-festival\\\/#article\",\"isPartOf\":{\"@id\":\"https:\\\/\\\/www.malagaweb.com\\\/deutsch\\\/blog\\\/veranstaltungen\\\/pueblos-blancos-music-festival\\\/\"},\"author\":{\"name\":\"Raul GT\",\"@id\":\"https:\\\/\\\/www.malagaweb.com\\\/deutsch\\\/blog\\\/#\\\/schema\\\/person\\\/76d0077c0c576973f982afbdb09a6653\"},\"headline\":\"Musik Festival in Ronda, Montejaque, Grazalema und Villaluenga del Rosario\",\"datePublished\":\"2019-08-01T08:00:34+00:00\",\"mainEntityOfPage\":{\"@id\":\"https:\\\/\\\/www.malagaweb.com\\\/deutsch\\\/blog\\\/veranstaltungen\\\/pueblos-blancos-music-festival\\\/\"},\"wordCount\":637,\"commentCount\":2,\"image\":{\"@id\":\"https:\\\/\\\/www.malagaweb.com\\\/deutsch\\\/blog\\\/veranstaltungen\\\/pueblos-blancos-music-festival\\\/#primaryimage\"},\"thumbnailUrl\":\"https:\\\/\\\/www.malagaweb.com\\\/deutsch\\\/blog\\\/wp-content\\\/uploads\\\/pueblos-blancos-music-festival.jpg\",\"keywords\":[\"Aktivit\u00e4ten\",\"D\u00f6rfer von M\u00e1laga\",\"Ronda\",\"September\"],\"articleSection\":[\"Andalusien\",\"Veranstaltungen\"],\"inLanguage\":\"de\",\"potentialAction\":[{\"@type\":\"CommentAction\",\"name\":\"Comment\",\"target\":[\"https:\\\/\\\/www.malagaweb.com\\\/deutsch\\\/blog\\\/veranstaltungen\\\/pueblos-blancos-music-festival\\\/#respond\"]}]},{\"@type\":\"WebPage\",\"@id\":\"https:\\\/\\\/www.malagaweb.com\\\/deutsch\\\/blog\\\/veranstaltungen\\\/pueblos-blancos-music-festival\\\/\",\"url\":\"https:\\\/\\\/www.malagaweb.com\\\/deutsch\\\/blog\\\/veranstaltungen\\\/pueblos-blancos-music-festival\\\/\",\"name\":\"Musikfestival in den wei\u00dfen D\u00f6rfern, Pueblos Blancos Music Festival 2019\",\"isPartOf\":{\"@id\":\"https:\\\/\\\/www.malagaweb.com\\\/deutsch\\\/blog\\\/#website\"},\"primaryImageOfPage\":{\"@id\":\"https:\\\/\\\/www.malagaweb.com\\\/deutsch\\\/blog\\\/veranstaltungen\\\/pueblos-blancos-music-festival\\\/#primaryimage\"},\"image\":{\"@id\":\"https:\\\/\\\/www.malagaweb.com\\\/deutsch\\\/blog\\\/veranstaltungen\\\/pueblos-blancos-music-festival\\\/#primaryimage\"},\"thumbnailUrl\":\"https:\\\/\\\/www.malagaweb.com\\\/deutsch\\\/blog\\\/wp-content\\\/uploads\\\/pueblos-blancos-music-festival.jpg\",\"datePublished\":\"2019-08-01T08:00:34+00:00\",\"author\":{\"@id\":\"https:\\\/\\\/www.malagaweb.com\\\/deutsch\\\/blog\\\/#\\\/schema\\\/person\\\/76d0077c0c576973f982afbdb09a6653\"},\"description\":\"Alles Wissenswerte \u00fcber den n\u00e4chsten musikalischen Event im August 2019 in Ronda, Montejaque, Grazalema und Villaluenga del Rosario.\",\"breadcrumb\":{\"@id\":\"https:\\\/\\\/www.malagaweb.com\\\/deutsch\\\/blog\\\/veranstaltungen\\\/pueblos-blancos-music-festival\\\/#breadcrumb\"},\"inLanguage\":\"de\",\"potentialAction\":[{\"@type\":\"ReadAction\",\"target\":[\"https:\\\/\\\/www.malagaweb.com\\\/deutsch\\\/blog\\\/veranstaltungen\\\/pueblos-blancos-music-festival\\\/\"]}]},{\"@type\":\"ImageObject\",\"inLanguage\":\"de\",\"@id\":\"https:\\\/\\\/www.malagaweb.com\\\/deutsch\\\/blog\\\/veranstaltungen\\\/pueblos-blancos-music-festival\\\/#primaryimage\",\"url\":\"https:\\\/\\\/www.malagaweb.com\\\/deutsch\\\/blog\\\/wp-content\\\/uploads\\\/pueblos-blancos-music-festival.jpg\",\"contentUrl\":\"https:\\\/\\\/www.malagaweb.com\\\/deutsch\\\/blog\\\/wp-content\\\/uploads\\\/pueblos-blancos-music-festival.jpg\",\"width\":624,\"height\":618,\"caption\":\"Pueblos Blancos Music Festival\"},{\"@type\":\"BreadcrumbList\",\"@id\":\"https:\\\/\\\/www.malagaweb.com\\\/deutsch\\\/blog\\\/veranstaltungen\\\/pueblos-blancos-music-festival\\\/#breadcrumb\",\"itemListElement\":[{\"@type\":\"ListItem\",\"position\":1,\"name\":\"Blog\",\"item\":\"https:\\\/\\\/www.malagaweb.com\\\/deutsch\\\/blog\\\/\"},{\"@type\":\"ListItem\",\"position\":2,\"name\":\"Musik Festival in Ronda, Montejaque, Grazalema und Villaluenga del Rosario\"}]},{\"@type\":\"WebSite\",\"@id\":\"https:\\\/\\\/www.malagaweb.com\\\/deutsch\\\/blog\\\/#website\",\"url\":\"https:\\\/\\\/www.malagaweb.com\\\/deutsch\\\/blog\\\/\",\"name\":\"M\u00e1laga Reiseblog\",\"description\":\"Reise und Tourismusratgeber, Tipps, Ausfl\u00fcge und vieles mehr\",\"potentialAction\":[{\"@type\":\"SearchAction\",\"target\":{\"@type\":\"EntryPoint\",\"urlTemplate\":\"https:\\\/\\\/www.malagaweb.com\\\/deutsch\\\/blog\\\/?s={search_term_string}\"},\"query-input\":{\"@type\":\"PropertyValueSpecification\",\"valueRequired\":true,\"valueName\":\"search_term_string\"}}],\"inLanguage\":\"de\"},{\"@type\":\"Person\",\"@id\":\"https:\\\/\\\/www.malagaweb.com\\\/deutsch\\\/blog\\\/#\\\/schema\\\/person\\\/76d0077c0c576973f982afbdb09a6653\",\"name\":\"Raul GT\",\"image\":{\"@type\":\"ImageObject\",\"inLanguage\":\"de\",\"@id\":\"https:\\\/\\\/secure.gravatar.com\\\/avatar\\\/355bb21897b371342e002159d93cc5a3dcf5add74aab5d2183293cebb23ac386?s=96&r=g\",\"url\":\"https:\\\/\\\/secure.gravatar.com\\\/avatar\\\/355bb21897b371342e002159d93cc5a3dcf5add74aab5d2183293cebb23ac386?s=96&r=g\",\"contentUrl\":\"https:\\\/\\\/secure.gravatar.com\\\/avatar\\\/355bb21897b371342e002159d93cc5a3dcf5add74aab5d2183293cebb23ac386?s=96&r=g\",\"caption\":\"Raul GT\"},\"description\":\"Reiseblogger, Webentwickler und Content-Editor. Autor vieler Reisef\u00fchrer und Tipps \u00fcber Andalusien, Malaga und Spanien.\",\"sameAs\":[\"https:\\\/\\\/www.facebook.com\\\/Malaga.CostadelSol\\\/\",\"https:\\\/\\\/x.com\\\/Raul_GT\"]}]}<\/script>\n<!-- \/ Yoast SEO plugin. -->","yoast_head_json":{"title":"Musikfestival in den wei\u00dfen D\u00f6rfern, Pueblos Blancos Music Festival 2019","description":"Alles Wissenswerte \u00fcber den n\u00e4chsten musikalischen Event im August 2019 in Ronda, Montejaque, Grazalema und Villaluenga del Rosario.","robots":{"index":"index","follow":"follow","max-snippet":"max-snippet:-1","max-image-preview":"max-image-preview:large","max-video-preview":"max-video-preview:-1"},"canonical":"https:\/\/www.malagaweb.com\/deutsch\/blog\/veranstaltungen\/pueblos-blancos-music-festival\/","og_locale":"de_DE","og_type":"article","og_title":"Musikfestival in den wei\u00dfen D\u00f6rfern, Pueblos Blancos Music Festival 2019","og_description":"Alles Wissenswerte \u00fcber den n\u00e4chsten musikalischen Event im August 2019 in Ronda, Montejaque, Grazalema und Villaluenga del Rosario.","og_url":"https:\/\/www.malagaweb.com\/deutsch\/blog\/veranstaltungen\/pueblos-blancos-music-festival\/","og_site_name":"M\u00e1laga Reiseblog","article_publisher":"https:\/\/www.facebook.com\/Malaga.CostadelSol\/","article_author":"https:\/\/www.facebook.com\/Malaga.CostadelSol\/","article_published_time":"2019-08-01T08:00:34+00:00","og_image":[{"width":624,"height":618,"url":"https:\/\/www.malagaweb.com\/deutsch\/blog\/wp-content\/uploads\/pueblos-blancos-music-festival.jpg","type":"image\/jpeg"}],"author":"Raul GT","twitter_card":"summary_large_image","twitter_creator":"@Raul_GT","twitter_site":"@malagaweb","twitter_misc":{"Verfasst von":"Raul GT","Gesch\u00e4tzte Lesezeit":"3\u00a0Minuten"},"schema":{"@context":"https:\/\/schema.org","@graph":[{"@type":"Article","@id":"https:\/\/www.malagaweb.com\/deutsch\/blog\/veranstaltungen\/pueblos-blancos-music-festival\/#article","isPartOf":{"@id":"https:\/\/www.malagaweb.com\/deutsch\/blog\/veranstaltungen\/pueblos-blancos-music-festival\/"},"author":{"name":"Raul GT","@id":"https:\/\/www.malagaweb.com\/deutsch\/blog\/#\/schema\/person\/76d0077c0c576973f982afbdb09a6653"},"headline":"Musik Festival in Ronda, Montejaque, Grazalema und Villaluenga del Rosario","datePublished":"2019-08-01T08:00:34+00:00","mainEntityOfPage":{"@id":"https:\/\/www.malagaweb.com\/deutsch\/blog\/veranstaltungen\/pueblos-blancos-music-festival\/"},"wordCount":637,"commentCount":2,"image":{"@id":"https:\/\/www.malagaweb.com\/deutsch\/blog\/veranstaltungen\/pueblos-blancos-music-festival\/#primaryimage"},"thumbnailUrl":"https:\/\/www.malagaweb.com\/deutsch\/blog\/wp-content\/uploads\/pueblos-blancos-music-festival.jpg","keywords":["Aktivit\u00e4ten","D\u00f6rfer von M\u00e1laga","Ronda","September"],"articleSection":["Andalusien","Veranstaltungen"],"inLanguage":"de","potentialAction":[{"@type":"CommentAction","name":"Comment","target":["https:\/\/www.malagaweb.com\/deutsch\/blog\/veranstaltungen\/pueblos-blancos-music-festival\/#respond"]}]},{"@type":"WebPage","@id":"https:\/\/www.malagaweb.com\/deutsch\/blog\/veranstaltungen\/pueblos-blancos-music-festival\/","url":"https:\/\/www.malagaweb.com\/deutsch\/blog\/veranstaltungen\/pueblos-blancos-music-festival\/","name":"Musikfestival in den wei\u00dfen D\u00f6rfern, Pueblos Blancos Music Festival 2019","isPartOf":{"@id":"https:\/\/www.malagaweb.com\/deutsch\/blog\/#website"},"primaryImageOfPage":{"@id":"https:\/\/www.malagaweb.com\/deutsch\/blog\/veranstaltungen\/pueblos-blancos-music-festival\/#primaryimage"},"image":{"@id":"https:\/\/www.malagaweb.com\/deutsch\/blog\/veranstaltungen\/pueblos-blancos-music-festival\/#primaryimage"},"thumbnailUrl":"https:\/\/www.malagaweb.com\/deutsch\/blog\/wp-content\/uploads\/pueblos-blancos-music-festival.jpg","datePublished":"2019-08-01T08:00:34+00:00","author":{"@id":"https:\/\/www.malagaweb.com\/deutsch\/blog\/#\/schema\/person\/76d0077c0c576973f982afbdb09a6653"},"description":"Alles Wissenswerte \u00fcber den n\u00e4chsten musikalischen Event im August 2019 in Ronda, Montejaque, Grazalema und Villaluenga del Rosario.","breadcrumb":{"@id":"https:\/\/www.malagaweb.com\/deutsch\/blog\/veranstaltungen\/pueblos-blancos-music-festival\/#breadcrumb"},"inLanguage":"de","potentialAction":[{"@type":"ReadAction","target":["https:\/\/www.malagaweb.com\/deutsch\/blog\/veranstaltungen\/pueblos-blancos-music-festival\/"]}]},{"@type":"ImageObject","inLanguage":"de","@id":"https:\/\/www.malagaweb.com\/deutsch\/blog\/veranstaltungen\/pueblos-blancos-music-festival\/#primaryimage","url":"https:\/\/www.malagaweb.com\/deutsch\/blog\/wp-content\/uploads\/pueblos-blancos-music-festival.jpg","contentUrl":"https:\/\/www.malagaweb.com\/deutsch\/blog\/wp-content\/uploads\/pueblos-blancos-music-festival.jpg","width":624,"height":618,"caption":"Pueblos Blancos Music Festival"},{"@type":"BreadcrumbList","@id":"https:\/\/www.malagaweb.com\/deutsch\/blog\/veranstaltungen\/pueblos-blancos-music-festival\/#breadcrumb","itemListElement":[{"@type":"ListItem","position":1,"name":"Blog","item":"https:\/\/www.malagaweb.com\/deutsch\/blog\/"},{"@type":"ListItem","position":2,"name":"Musik Festival in Ronda, Montejaque, Grazalema und Villaluenga del Rosario"}]},{"@type":"WebSite","@id":"https:\/\/www.malagaweb.com\/deutsch\/blog\/#website","url":"https:\/\/www.malagaweb.com\/deutsch\/blog\/","name":"M\u00e1laga Reiseblog","description":"Reise und Tourismusratgeber, Tipps, Ausfl\u00fcge und vieles mehr","potentialAction":[{"@type":"SearchAction","target":{"@type":"EntryPoint","urlTemplate":"https:\/\/www.malagaweb.com\/deutsch\/blog\/?s={search_term_string}"},"query-input":{"@type":"PropertyValueSpecification","valueRequired":true,"valueName":"search_term_string"}}],"inLanguage":"de"},{"@type":"Person","@id":"https:\/\/www.malagaweb.com\/deutsch\/blog\/#\/schema\/person\/76d0077c0c576973f982afbdb09a6653","name":"Raul GT","image":{"@type":"ImageObject","inLanguage":"de","@id":"https:\/\/secure.gravatar.com\/avatar\/355bb21897b371342e002159d93cc5a3dcf5add74aab5d2183293cebb23ac386?s=96&r=g","url":"https:\/\/secure.gravatar.com\/avatar\/355bb21897b371342e002159d93cc5a3dcf5add74aab5d2183293cebb23ac386?s=96&r=g","contentUrl":"https:\/\/secure.gravatar.com\/avatar\/355bb21897b371342e002159d93cc5a3dcf5add74aab5d2183293cebb23ac386?s=96&r=g","caption":"Raul GT"},"description":"Reiseblogger, Webentwickler und Content-Editor. Autor vieler Reisef\u00fchrer und Tipps \u00fcber Andalusien, Malaga und Spanien.","sameAs":["https:\/\/www.facebook.com\/Malaga.CostadelSol\/","https:\/\/x.com\/Raul_GT"]}]}},"jetpack_publicize_connections":[],"jetpack_featured_media_url":"https:\/\/www.malagaweb.com\/deutsch\/blog\/wp-content\/uploads\/pueblos-blancos-music-festival.jpg","jetpack_shortlink":"https:\/\/wp.me\/p7sigs-1N","jetpack-related-posts":[{"id":2616,"url":"https:\/\/www.malagaweb.com\/deutsch\/blog\/veranstaltungen\/festivals-volksfeste-august-malaga\/","url_meta":{"origin":111,"position":0},"title":"Festivals und Volksfeste im August in M\u00e1laga 2019 \u2013 Alles Wissenswerte","author":"Raul GT","date":"Juli 31, 2019","format":false,"excerpt":"Alles, was Sie \u00fcber die wichtigsten Volksfeste und Veranstaltungen in M\u00e1laga im August wissen m\u00fcssen. Wenn Sie planen zu kommen oder bereits hier sind, wird es n\u00fctzlich sein, zu wissen, was Sie wo im August besuchen k\u00f6nnen.","rel":"","context":"In &quot;Veranstaltungen&quot;","block_context":{"text":"Veranstaltungen","link":"https:\/\/www.malagaweb.com\/deutsch\/blog\/veranstaltungen\/"},"img":{"alt_text":"volksfeste-august-malaga","src":"https:\/\/i0.wp.com\/www.malagaweb.com\/deutsch\/blog\/wp-content\/uploads\/2019\/07\/volksfeste-august-malaga.jpg?resize=350%2C200&ssl=1","width":350,"height":200,"srcset":"https:\/\/i0.wp.com\/www.malagaweb.com\/deutsch\/blog\/wp-content\/uploads\/2019\/07\/volksfeste-august-malaga.jpg?resize=350%2C200&ssl=1 1x, https:\/\/i0.wp.com\/www.malagaweb.com\/deutsch\/blog\/wp-content\/uploads\/2019\/07\/volksfeste-august-malaga.jpg?resize=525%2C300&ssl=1 1.5x, https:\/\/i0.wp.com\/www.malagaweb.com\/deutsch\/blog\/wp-content\/uploads\/2019\/07\/volksfeste-august-malaga.jpg?resize=700%2C400&ssl=1 2x, https:\/\/i0.wp.com\/www.malagaweb.com\/deutsch\/blog\/wp-content\/uploads\/2019\/07\/volksfeste-august-malaga.jpg?resize=1050%2C600&ssl=1 3x"},"classes":[]},{"id":294,"url":"https:\/\/www.malagaweb.com\/deutsch\/blog\/veranstaltungen\/festivals-volksfeste-malaga-september\/","url_meta":{"origin":111,"position":1},"title":"Festivals und Volksfeste in Malaga im September","author":"Raul GT","date":"September 2, 2023","format":false,"excerpt":"September ist der Monat der Volksfeste und Festivit\u00e4ten in vielen Orten der Costa del Sol, bei denen Wallfahrten, Ernten, Schutzheilige und vieles mehr gefeiert werden.","rel":"","context":"In &quot;Veranstaltungen&quot;","block_context":{"text":"Veranstaltungen","link":"https:\/\/www.malagaweb.com\/deutsch\/blog\/veranstaltungen\/"},"img":{"alt_text":"Luna Mora in Guaro","src":"https:\/\/i0.wp.com\/www.malagaweb.com\/deutsch\/blog\/wp-content\/uploads\/2018\/08\/luna-mora-guaro.jpg?resize=350%2C200&ssl=1","width":350,"height":200,"srcset":"https:\/\/i0.wp.com\/www.malagaweb.com\/deutsch\/blog\/wp-content\/uploads\/2018\/08\/luna-mora-guaro.jpg?resize=350%2C200&ssl=1 1x, https:\/\/i0.wp.com\/www.malagaweb.com\/deutsch\/blog\/wp-content\/uploads\/2018\/08\/luna-mora-guaro.jpg?resize=525%2C300&ssl=1 1.5x"},"classes":[]},{"id":2989,"url":"https:\/\/www.malagaweb.com\/deutsch\/blog\/ausfluge\/inland-malaga-nicht-nur-strandtourismus\/","url_meta":{"origin":111,"position":2},"title":"Inland M\u00e1laga, nicht nur Strandtourismus-Orte die es zu entdecken gibt","author":"Raul GT","date":"Juni 11, 2018","format":false,"excerpt":"Malaga und die Costa del Sol waren schon immer ein Synonym f\u00fcr Strand und gutes Wetter, aber es gibt noch viel mehr. Die D\u00f6rfer und Regionen der Provinz M\u00e1laga bieten ein interessantes Angebot f\u00fcr unruhige Touristen, die sich nicht damit zufrieden geben, Urlaub zu haben, sondern ihren Urlaub genie\u00dfen m\u00f6chten.\u2026","rel":"","context":"In &quot;Ausfl\u00fcge&quot;","block_context":{"text":"Ausfl\u00fcge","link":"https:\/\/www.malagaweb.com\/deutsch\/blog\/ausfluge\/"},"img":{"alt_text":"Sierra de las Nieves M\u00e1laga","src":"https:\/\/i0.wp.com\/www.malagaweb.com\/deutsch\/blog\/wp-content\/uploads\/sierra-de-las-nieves-malaga.jpg?resize=350%2C200&ssl=1","width":350,"height":200,"srcset":"https:\/\/i0.wp.com\/www.malagaweb.com\/deutsch\/blog\/wp-content\/uploads\/sierra-de-las-nieves-malaga.jpg?resize=350%2C200&ssl=1 1x, https:\/\/i0.wp.com\/www.malagaweb.com\/deutsch\/blog\/wp-content\/uploads\/sierra-de-las-nieves-malaga.jpg?resize=525%2C300&ssl=1 1.5x, https:\/\/i0.wp.com\/www.malagaweb.com\/deutsch\/blog\/wp-content\/uploads\/sierra-de-las-nieves-malaga.jpg?resize=700%2C400&ssl=1 2x"},"classes":[]},{"id":3632,"url":"https:\/\/www.malagaweb.com\/deutsch\/blog\/veranstaltungen\/mittelalterliche-feste-maerkte\/","url_meta":{"origin":111,"position":3},"title":"Mittelalterliche Feste &#038; M\u00e4rkte in M\u00e1laga &#8211; Aktivit\u00e4ten und Termine","author":"Raul GT","date":"Mai 7, 2019","format":false,"excerpt":"Mittelalterliche Feste oder M\u00e4rkte sind in der Regel beliebte Veranstaltungen in der Provinz M\u00e1laga; eine gute Ausrede, um verschiedene Gemeinden der Provinz zu entdecken und die Gastronomie und die angebotenen Aktivit\u00e4ten zu genie\u00dfen. Hier finden Sie Paraden, Musik, Live-Konzerte, Handwerksst\u00e4nde und vieles mehr. M\u00f6chten Sie einige der wichtigsten Festivals kennenlernen\u2026","rel":"","context":"In &quot;Veranstaltungen&quot;","block_context":{"text":"Veranstaltungen","link":"https:\/\/www.malagaweb.com\/deutsch\/blog\/veranstaltungen\/"},"img":{"alt_text":"Mittelalterliche Feste in M\u00e1laga","src":"https:\/\/i0.wp.com\/www.malagaweb.com\/deutsch\/blog\/wp-content\/uploads\/mittelalterliche-feste.jpg?resize=350%2C200&ssl=1","width":350,"height":200,"srcset":"https:\/\/i0.wp.com\/www.malagaweb.com\/deutsch\/blog\/wp-content\/uploads\/mittelalterliche-feste.jpg?resize=350%2C200&ssl=1 1x, https:\/\/i0.wp.com\/www.malagaweb.com\/deutsch\/blog\/wp-content\/uploads\/mittelalterliche-feste.jpg?resize=525%2C300&ssl=1 1.5x, https:\/\/i0.wp.com\/www.malagaweb.com\/deutsch\/blog\/wp-content\/uploads\/mittelalterliche-feste.jpg?resize=700%2C400&ssl=1 2x, https:\/\/i0.wp.com\/www.malagaweb.com\/deutsch\/blog\/wp-content\/uploads\/mittelalterliche-feste.jpg?resize=1050%2C600&ssl=1 3x"},"classes":[]},{"id":3533,"url":"https:\/\/www.malagaweb.com\/deutsch\/blog\/veranstaltungen\/28f-andalusien-tag\/","url_meta":{"origin":111,"position":4},"title":"Andalusien-Tag am 28. Februar \u2013 Alles Wissenswerte","author":"Raul GT","date":"Februar 24, 2020","format":false,"excerpt":"Der Andalusien-Tag am 28. Februar ist immer voller Aktivit\u00e4ten und kultureller Veranstaltungen in M\u00e1laga. M\u00f6chten Sie mehr \u00fcber diesen Tag und die verschiedenen Veranstaltungen in der Provinz erfahren? Vom Souk am Pier Eins \u00fcber traditionelle T\u00e4nze und andalusische Produkte in Torremolinos bis hin zu gastronomischen Veranstaltungen in Manilva. Wir sind\u2026","rel":"","context":"In &quot;Veranstaltungen&quot;","block_context":{"text":"Veranstaltungen","link":"https:\/\/www.malagaweb.com\/deutsch\/blog\/veranstaltungen\/"},"img":{"alt_text":"Andalusien-Tag am 28. Februar","src":"https:\/\/i0.wp.com\/www.malagaweb.com\/deutsch\/blog\/wp-content\/uploads\/28f-andalusien-tag.jpg?resize=350%2C200&ssl=1","width":350,"height":200,"srcset":"https:\/\/i0.wp.com\/www.malagaweb.com\/deutsch\/blog\/wp-content\/uploads\/28f-andalusien-tag.jpg?resize=350%2C200&ssl=1 1x, https:\/\/i0.wp.com\/www.malagaweb.com\/deutsch\/blog\/wp-content\/uploads\/28f-andalusien-tag.jpg?resize=525%2C300&ssl=1 1.5x, https:\/\/i0.wp.com\/www.malagaweb.com\/deutsch\/blog\/wp-content\/uploads\/28f-andalusien-tag.jpg?resize=700%2C400&ssl=1 2x, https:\/\/i0.wp.com\/www.malagaweb.com\/deutsch\/blog\/wp-content\/uploads\/28f-andalusien-tag.jpg?resize=1050%2C600&ssl=1 3x"},"classes":[]},{"id":2359,"url":"https:\/\/www.malagaweb.com\/deutsch\/blog\/veranstaltungen\/herbst-malaga-oktober-november\/","url_meta":{"origin":111,"position":5},"title":"Herbst in M\u00e1laga: Unternehmungen im Oktober und November","author":"Raul GT","date":"November 2, 2016","format":false,"excerpt":"W\u00e4hrend die Temperaturen diesem Monat bei 13\u00aaC in London oder 9\u00baC in M\u00fcnchen liegen, kann man heute an der Costa del Sol warme 20\u00baC genie\u00dfen. Eine angenehme Temperatur, die viele Aktivit\u00e4ten in M\u00e1laga w\u00e4hrend Oktober und November erm\u00f6glicht. Laut der Statistiken der wichtigsten Fluggesellschaften am Flughafen M\u00e1laga wird ein signifikanter\u2026","rel":"","context":"In &quot;Veranstaltungen&quot;","block_context":{"text":"Veranstaltungen","link":"https:\/\/www.malagaweb.com\/deutsch\/blog\/veranstaltungen\/"},"img":{"alt_text":"Herbst in M\u00e1laga","src":"https:\/\/i0.wp.com\/www.malagaweb.com\/deutsch\/blog\/wp-content\/uploads\/autumn-malaga.jpg?resize=350%2C200&ssl=1","width":350,"height":200,"srcset":"https:\/\/i0.wp.com\/www.malagaweb.com\/deutsch\/blog\/wp-content\/uploads\/autumn-malaga.jpg?resize=350%2C200&ssl=1 1x, https:\/\/i0.wp.com\/www.malagaweb.com\/deutsch\/blog\/wp-content\/uploads\/autumn-malaga.jpg?resize=525%2C300&ssl=1 1.5x"},"classes":[]}],"jetpack_sharing_enabled":true,"_links":{"self":[{"href":"https:\/\/www.malagaweb.com\/deutsch\/blog\/wp-json\/wp\/v2\/posts\/111","targetHints":{"allow":["GET"]}}],"collection":[{"href":"https:\/\/www.malagaweb.com\/deutsch\/blog\/wp-json\/wp\/v2\/posts"}],"about":[{"href":"https:\/\/www.malagaweb.com\/deutsch\/blog\/wp-json\/wp\/v2\/types\/post"}],"author":[{"embeddable":true,"href":"https:\/\/www.malagaweb.com\/deutsch\/blog\/wp-json\/wp\/v2\/users\/1"}],"replies":[{"embeddable":true,"href":"https:\/\/www.malagaweb.com\/deutsch\/blog\/wp-json\/wp\/v2\/comments?post=111"}],"version-history":[{"count":9,"href":"https:\/\/www.malagaweb.com\/deutsch\/blog\/wp-json\/wp\/v2\/posts\/111\/revisions"}],"predecessor-version":[{"id":3776,"href":"https:\/\/www.malagaweb.com\/deutsch\/blog\/wp-json\/wp\/v2\/posts\/111\/revisions\/3776"}],"wp:featuredmedia":[{"embeddable":true,"href":"https:\/\/www.malagaweb.com\/deutsch\/blog\/wp-json\/wp\/v2\/media\/2827"}],"wp:attachment":[{"href":"https:\/\/www.malagaweb.com\/deutsch\/blog\/wp-json\/wp\/v2\/media?parent=111"}],"wp:term":[{"taxonomy":"category","embeddable":true,"href":"https:\/\/www.malagaweb.com\/deutsch\/blog\/wp-json\/wp\/v2\/categories?post=111"},{"taxonomy":"post_tag","embeddable":true,"href":"https:\/\/www.malagaweb.com\/deutsch\/blog\/wp-json\/wp\/v2\/tags?post=111"}],"curies":[{"name":"wp","href":"https:\/\/api.w.org\/{rel}","templated":true}]}}